{"id":7620,"date":"2021-10-08T21:35:36","date_gmt":"2021-10-08T19:35:36","guid":{"rendered":"https:\/\/kulturonline.tv\/?p=7620"},"modified":"2021-10-08T21:35:37","modified_gmt":"2021-10-08T19:35:37","slug":"literaturnobelpreis-fuer-abdulrazak-gurnah","status":"publish","type":"post","link":"https:\/\/kulturonline.tv\/at\/literaturnobelpreis-fuer-abdulrazak-gurnah\/","title":{"rendered":"Literaturnobelpreis f\u00fcr Abdulrazak Gurnah"},"content":{"rendered":"\n<p>Der Literatur-Nobelpreis 2021 geht an Abdulrazak Gurnah. In Sansibar geboren und nach England ausgewandert, arbeitet er in seinen B\u00fcchern daran, die erz\u00e4hlerische Autorit\u00e4t \u00fcber Afrikas Geschichte wieder zur\u00fcckzuholen.<\/p>\n\n\n\n<figure class=\"wp-block-image size-full\"><img fetchpriority=\"high\" decoding=\"async\" width=\"939\" height=\"528\" src=\"https:\/\/kulturonline.tv\/wp-content\/uploads\/2021\/10\/Kultur-Online-Tv-Literatur-Kopie-edited.jpg\" alt=\"\" class=\"wp-image-7624\" srcset=\"https:\/\/kulturonline.tv\/wp-content\/uploads\/2021\/10\/Kultur-Online-Tv-Literatur-Kopie-edited.jpg 939w, https:\/\/kulturonline.tv\/wp-content\/uploads\/2021\/10\/Kultur-Online-Tv-Literatur-Kopie-edited-600x337.jpg 600w, https:\/\/kulturonline.tv\/wp-content\/uploads\/2021\/10\/Kultur-Online-Tv-Literatur-Kopie-edited-800x450.jpg 800w, https:\/\/kulturonline.tv\/wp-content\/uploads\/2021\/10\/Kultur-Online-Tv-Literatur-Kopie-edited-768x432.jpg 768w\" sizes=\"(max-width: 939px) 100vw, 939px\" \/><\/figure>\n\n\n\n<p>In seinen Roman &#8222;Paradise&#8220; (&#8222;Das verlorene Paradies) erz\u00e4hlt er vom jungen, in Tansania geborenen Burschen Yusuf, der als unbezahlter Diener zur Schuldenbegleichung seines Vaters  mit seinem Onkel Aziz, einem Kaufmann, in einer Karawane ins Landesinnere zieht. Dort, im Kongobecken, treffen sie auf konkurrierende afrikanische Kulturen und Religionen, auf Stammeskriege, auf gef\u00e4hrlichen Aberglauben, auf Krankheiten und Kindersklaverei. Yusuf sieht eine Welt, deren Ende nur mehr eine Frage der Zeit ist, das europ\u00e4ische Eindringen hat sie ausgeh\u00f6hlt und br\u00fcchig gemacht.<\/p>\n\n\n\n<p>Abdulrazak Gurnah wurde 1948 ins Sansibar geboren. Ende der Sechziger Jahre kam er als Fl\u00fcchtling nach Gro\u00dfbritannien. Das Ende des Kolonialismus in seiner Heimat bedeutete f\u00fcr ihn Abschied und Neubeginn: Nach der Unabh\u00e4ngigkeit von der britischen Kolonialherrschaft wurden in Sansibar B\u00fcrger arabischer Herkunft, zu denen Gurnah z\u00e4hlt, unterdr\u00fcckt und verfolgt.<\/p>\n\n\n\n<p>Kultur Online TV<\/p>\n\n\n\n<p>#literatur #b\u00fccher <\/p>\n","protected":false},"excerpt":{"rendered":"<p>Der Literatur-Nobelpreis 2021 geht an Abdulrazak Gurnah. In Sansibar geboren und nach England ausgewandert, arbeitet er in seinen B\u00fcchern daran, die erz\u00e4hlerische Autorit\u00e4t \u00fcber Afrikas Geschichte wieder zur\u00fcckzuholen. In seinen Roman &#8222;Paradise&#8220; (&#8222;Das verlorene Paradies) erz\u00e4hlt er vom jungen, in Tansania geborenen Burschen Yusuf, der als unbezahlter Diener zur Schuldenbegleichung seines Vaters mit seinem Onkel [&hellip;]<\/p>\n","protected":false},"author":2,"featured_media":7624,"comment_status":"closed","ping_status":"closed","sticky":false,"template":"","format":"standard","meta":{"_acf_changed":false,"footnotes":""},"categories":[133],"tags":[],"class_list":["post-7620","post","type-post","status-publish","format-standard","has-post-thumbnail","hentry","category-literatur"],"acf":[],"yoast_head":"<!-- This site is optimized with the Yoast SEO plugin v26.1.1 - https:\/\/yoast.com\/wordpress\/plugins\/seo\/ -->\n<title>Literaturnobelpreis f\u00fcr Abdulrazak Gurnah - Kultur Online TV &amp; FM<\/title>\n<meta name=\"description\" content=\"Kultur sehen und H\u00f6ren\" \/>\n<meta name=\"robots\" content=\"index, follow, max-snippet:-1, max-image-preview:large, max-video-preview:-1\" \/>\n<link rel=\"canonical\" href=\"https:\/\/kulturonline.tv\/at\/literaturnobelpreis-fuer-abdulrazak-gurnah\/\" \/>\n<meta property=\"og:locale\" content=\"de_DE\" \/>\n<meta property=\"og:type\" content=\"article\" \/>\n<meta property=\"og:title\" content=\"Literaturnobelpreis f\u00fcr Abdulrazak Gurnah - Kultur Online TV &amp; FM\" \/>\n<meta property=\"og:description\" content=\"Kultur sehen und H\u00f6ren\" \/>\n<meta property=\"og:url\" content=\"https:\/\/kulturonline.tv\/at\/literaturnobelpreis-fuer-abdulrazak-gurnah\/\" \/>\n<meta property=\"og:site_name\" content=\"Kultur Online TV &amp; FM\" \/>\n<meta property=\"article:publisher\" content=\"https:\/\/www.facebook.com\/kulturonline.tv\" \/>\n<meta property=\"article:published_time\" content=\"2021-10-08T19:35:36+00:00\" \/>\n<meta property=\"article:modified_time\" content=\"2021-10-08T19:35:37+00:00\" \/>\n<meta property=\"og:image\" content=\"https:\/\/kulturonline.tv\/wp-content\/uploads\/2021\/10\/Kultur-Online-Tv-Literatur-Kopie-edited.jpg\" \/>\n\t<meta property=\"og:image:width\" content=\"939\" \/>\n\t<meta property=\"og:image:height\" content=\"528\" \/>\n\t<meta property=\"og:image:type\" content=\"image\/jpeg\" \/>\n<meta name=\"author\" content=\"guenter.wolfgang\" \/>\n<meta name=\"twitter:card\" content=\"summary_large_image\" \/>\n<meta name=\"twitter:label1\" content=\"Verfasst von\" \/>\n\t<meta name=\"twitter:data1\" content=\"guenter.wolfgang\" \/>\n\t<meta name=\"twitter:label2\" content=\"Gesch\u00e4tzte Lesezeit\" \/>\n\t<meta name=\"twitter:data2\" content=\"1 Minute\" \/>\n<script type=\"application\/ld+json\" class=\"yoast-schema-graph\">{\"@context\":\"https:\/\/schema.org\",\"@graph\":[{\"@type\":\"Article\",\"@id\":\"https:\/\/kulturonline.tv\/at\/literaturnobelpreis-fuer-abdulrazak-gurnah\/#article\",\"isPartOf\":{\"@id\":\"https:\/\/kulturonline.tv\/at\/literaturnobelpreis-fuer-abdulrazak-gurnah\/\"},\"author\":{\"name\":\"guenter.wolfgang\",\"@id\":\"https:\/\/kulturonline.tv\/at\/#\/schema\/person\/b0fac729bb9a0c193fb1df23449df4fe\"},\"headline\":\"Literaturnobelpreis f\u00fcr Abdulrazak Gurnah\",\"datePublished\":\"2021-10-08T19:35:36+00:00\",\"dateModified\":\"2021-10-08T19:35:37+00:00\",\"mainEntityOfPage\":{\"@id\":\"https:\/\/kulturonline.tv\/at\/literaturnobelpreis-fuer-abdulrazak-gurnah\/\"},\"wordCount\":181,\"publisher\":{\"@id\":\"https:\/\/kulturonline.tv\/at\/#organization\"},\"image\":{\"@id\":\"https:\/\/kulturonline.tv\/at\/literaturnobelpreis-fuer-abdulrazak-gurnah\/#primaryimage\"},\"thumbnailUrl\":\"https:\/\/kulturonline.tv\/wp-content\/uploads\/2021\/10\/Kultur-Online-Tv-Literatur-Kopie-edited.jpg\",\"articleSection\":[\"Literatur\"],\"inLanguage\":\"de-AT\"},{\"@type\":\"WebPage\",\"@id\":\"https:\/\/kulturonline.tv\/at\/literaturnobelpreis-fuer-abdulrazak-gurnah\/\",\"url\":\"https:\/\/kulturonline.tv\/at\/literaturnobelpreis-fuer-abdulrazak-gurnah\/\",\"name\":\"Literaturnobelpreis f\u00fcr Abdulrazak Gurnah - Kultur Online TV &amp; FM\",\"isPartOf\":{\"@id\":\"https:\/\/kulturonline.tv\/at\/#website\"},\"primaryImageOfPage\":{\"@id\":\"https:\/\/kulturonline.tv\/at\/literaturnobelpreis-fuer-abdulrazak-gurnah\/#primaryimage\"},\"image\":{\"@id\":\"https:\/\/kulturonline.tv\/at\/literaturnobelpreis-fuer-abdulrazak-gurnah\/#primaryimage\"},\"thumbnailUrl\":\"https:\/\/kulturonline.tv\/wp-content\/uploads\/2021\/10\/Kultur-Online-Tv-Literatur-Kopie-edited.jpg\",\"datePublished\":\"2021-10-08T19:35:36+00:00\",\"dateModified\":\"2021-10-08T19:35:37+00:00\",\"description\":\"Kultur sehen und H\u00f6ren\",\"breadcrumb\":{\"@id\":\"https:\/\/kulturonline.tv\/at\/literaturnobelpreis-fuer-abdulrazak-gurnah\/#breadcrumb\"},\"inLanguage\":\"de-AT\",\"potentialAction\":[{\"@type\":\"ReadAction\",\"target\":[\"https:\/\/kulturonline.tv\/at\/literaturnobelpreis-fuer-abdulrazak-gurnah\/\"]}]},{\"@type\":\"ImageObject\",\"inLanguage\":\"de-AT\",\"@id\":\"https:\/\/kulturonline.tv\/at\/literaturnobelpreis-fuer-abdulrazak-gurnah\/#primaryimage\",\"url\":\"https:\/\/kulturonline.tv\/wp-content\/uploads\/2021\/10\/Kultur-Online-Tv-Literatur-Kopie-edited.jpg\",\"contentUrl\":\"https:\/\/kulturonline.tv\/wp-content\/uploads\/2021\/10\/Kultur-Online-Tv-Literatur-Kopie-edited.jpg\",\"width\":939,\"height\":528},{\"@type\":\"BreadcrumbList\",\"@id\":\"https:\/\/kulturonline.tv\/at\/literaturnobelpreis-fuer-abdulrazak-gurnah\/#breadcrumb\",\"itemListElement\":[{\"@type\":\"ListItem\",\"position\":1,\"name\":\"Startseite\",\"item\":\"https:\/\/kulturonline.tv\/at\/\"},{\"@type\":\"ListItem\",\"position\":2,\"name\":\"Literaturnobelpreis f\u00fcr Abdulrazak Gurnah\"}]},{\"@type\":\"WebSite\",\"@id\":\"https:\/\/kulturonline.tv\/at\/#website\",\"url\":\"https:\/\/kulturonline.tv\/at\/\",\"name\":\"Kultur Online TV &amp; FM\",\"description\":\"Wir sind Kultur 2.0 zum sehen &amp; h\u00f6ren\",\"publisher\":{\"@id\":\"https:\/\/kulturonline.tv\/at\/#organization\"},\"potentialAction\":[{\"@type\":\"SearchAction\",\"target\":{\"@type\":\"EntryPoint\",\"urlTemplate\":\"https:\/\/kulturonline.tv\/at\/?s={search_term_string}\"},\"query-input\":{\"@type\":\"PropertyValueSpecification\",\"valueRequired\":true,\"valueName\":\"search_term_string\"}}],\"inLanguage\":\"de-AT\"},{\"@type\":\"Organization\",\"@id\":\"https:\/\/kulturonline.tv\/at\/#organization\",\"name\":\"Kultur Online TV\",\"url\":\"https:\/\/kulturonline.tv\/at\/\",\"logo\":{\"@type\":\"ImageObject\",\"inLanguage\":\"de-AT\",\"@id\":\"https:\/\/kulturonline.tv\/at\/#\/schema\/logo\/image\/\",\"url\":\"https:\/\/kulturonline.tv\/wp-content\/uploads\/2021\/08\/Kultur-Online-Tv-Logo-Endversion-neu.png\",\"contentUrl\":\"https:\/\/kulturonline.tv\/wp-content\/uploads\/2021\/08\/Kultur-Online-Tv-Logo-Endversion-neu.png\",\"width\":200,\"height\":200,\"caption\":\"Kultur Online TV\"},\"image\":{\"@id\":\"https:\/\/kulturonline.tv\/at\/#\/schema\/logo\/image\/\"},\"sameAs\":[\"https:\/\/www.facebook.com\/kulturonline.tv\",\"https:\/\/www.instagram.com\/kulturonline.tv\"]},{\"@type\":\"Person\",\"@id\":\"https:\/\/kulturonline.tv\/at\/#\/schema\/person\/b0fac729bb9a0c193fb1df23449df4fe\",\"name\":\"guenter.wolfgang\"}]}<\/script>\n<!-- \/ Yoast SEO plugin. -->","yoast_head_json":{"title":"Literaturnobelpreis f\u00fcr Abdulrazak Gurnah - Kultur Online TV &amp; FM","description":"Kultur sehen und H\u00f6ren","robots":{"index":"index","follow":"follow","max-snippet":"max-snippet:-1","max-image-preview":"max-image-preview:large","max-video-preview":"max-video-preview:-1"},"canonical":"https:\/\/kulturonline.tv\/at\/literaturnobelpreis-fuer-abdulrazak-gurnah\/","og_locale":"de_DE","og_type":"article","og_title":"Literaturnobelpreis f\u00fcr Abdulrazak Gurnah - Kultur Online TV &amp; FM","og_description":"Kultur sehen und H\u00f6ren","og_url":"https:\/\/kulturonline.tv\/at\/literaturnobelpreis-fuer-abdulrazak-gurnah\/","og_site_name":"Kultur Online TV &amp; FM","article_publisher":"https:\/\/www.facebook.com\/kulturonline.tv","article_published_time":"2021-10-08T19:35:36+00:00","article_modified_time":"2021-10-08T19:35:37+00:00","og_image":[{"width":939,"height":528,"url":"https:\/\/kulturonline.tv\/wp-content\/uploads\/2021\/10\/Kultur-Online-Tv-Literatur-Kopie-edited.jpg","type":"image\/jpeg"}],"author":"guenter.wolfgang","twitter_card":"summary_large_image","twitter_misc":{"Verfasst von":"guenter.wolfgang","Gesch\u00e4tzte Lesezeit":"1 Minute"},"schema":{"@context":"https:\/\/schema.org","@graph":[{"@type":"Article","@id":"https:\/\/kulturonline.tv\/at\/literaturnobelpreis-fuer-abdulrazak-gurnah\/#article","isPartOf":{"@id":"https:\/\/kulturonline.tv\/at\/literaturnobelpreis-fuer-abdulrazak-gurnah\/"},"author":{"name":"guenter.wolfgang","@id":"https:\/\/kulturonline.tv\/at\/#\/schema\/person\/b0fac729bb9a0c193fb1df23449df4fe"},"headline":"Literaturnobelpreis f\u00fcr Abdulrazak Gurnah","datePublished":"2021-10-08T19:35:36+00:00","dateModified":"2021-10-08T19:35:37+00:00","mainEntityOfPage":{"@id":"https:\/\/kulturonline.tv\/at\/literaturnobelpreis-fuer-abdulrazak-gurnah\/"},"wordCount":181,"publisher":{"@id":"https:\/\/kulturonline.tv\/at\/#organization"},"image":{"@id":"https:\/\/kulturonline.tv\/at\/literaturnobelpreis-fuer-abdulrazak-gurnah\/#primaryimage"},"thumbnailUrl":"https:\/\/kulturonline.tv\/wp-content\/uploads\/2021\/10\/Kultur-Online-Tv-Literatur-Kopie-edited.jpg","articleSection":["Literatur"],"inLanguage":"de-AT"},{"@type":"WebPage","@id":"https:\/\/kulturonline.tv\/at\/literaturnobelpreis-fuer-abdulrazak-gurnah\/","url":"https:\/\/kulturonline.tv\/at\/literaturnobelpreis-fuer-abdulrazak-gurnah\/","name":"Literaturnobelpreis f\u00fcr Abdulrazak Gurnah - Kultur Online TV &amp; FM","isPartOf":{"@id":"https:\/\/kulturonline.tv\/at\/#website"},"primaryImageOfPage":{"@id":"https:\/\/kulturonline.tv\/at\/literaturnobelpreis-fuer-abdulrazak-gurnah\/#primaryimage"},"image":{"@id":"https:\/\/kulturonline.tv\/at\/literaturnobelpreis-fuer-abdulrazak-gurnah\/#primaryimage"},"thumbnailUrl":"https:\/\/kulturonline.tv\/wp-content\/uploads\/2021\/10\/Kultur-Online-Tv-Literatur-Kopie-edited.jpg","datePublished":"2021-10-08T19:35:36+00:00","dateModified":"2021-10-08T19:35:37+00:00","description":"Kultur sehen und H\u00f6ren","breadcrumb":{"@id":"https:\/\/kulturonline.tv\/at\/literaturnobelpreis-fuer-abdulrazak-gurnah\/#breadcrumb"},"inLanguage":"de-AT","potentialAction":[{"@type":"ReadAction","target":["https:\/\/kulturonline.tv\/at\/literaturnobelpreis-fuer-abdulrazak-gurnah\/"]}]},{"@type":"ImageObject","inLanguage":"de-AT","@id":"https:\/\/kulturonline.tv\/at\/literaturnobelpreis-fuer-abdulrazak-gurnah\/#primaryimage","url":"https:\/\/kulturonline.tv\/wp-content\/uploads\/2021\/10\/Kultur-Online-Tv-Literatur-Kopie-edited.jpg","contentUrl":"https:\/\/kulturonline.tv\/wp-content\/uploads\/2021\/10\/Kultur-Online-Tv-Literatur-Kopie-edited.jpg","width":939,"height":528},{"@type":"BreadcrumbList","@id":"https:\/\/kulturonline.tv\/at\/literaturnobelpreis-fuer-abdulrazak-gurnah\/#breadcrumb","itemListElement":[{"@type":"ListItem","position":1,"name":"Startseite","item":"https:\/\/kulturonline.tv\/at\/"},{"@type":"ListItem","position":2,"name":"Literaturnobelpreis f\u00fcr Abdulrazak Gurnah"}]},{"@type":"WebSite","@id":"https:\/\/kulturonline.tv\/at\/#website","url":"https:\/\/kulturonline.tv\/at\/","name":"Kultur Online TV &amp; FM","description":"Wir sind Kultur 2.0 zum sehen &amp; h\u00f6ren","publisher":{"@id":"https:\/\/kulturonline.tv\/at\/#organization"},"potentialAction":[{"@type":"SearchAction","target":{"@type":"EntryPoint","urlTemplate":"https:\/\/kulturonline.tv\/at\/?s={search_term_string}"},"query-input":{"@type":"PropertyValueSpecification","valueRequired":true,"valueName":"search_term_string"}}],"inLanguage":"de-AT"},{"@type":"Organization","@id":"https:\/\/kulturonline.tv\/at\/#organization","name":"Kultur Online TV","url":"https:\/\/kulturonline.tv\/at\/","logo":{"@type":"ImageObject","inLanguage":"de-AT","@id":"https:\/\/kulturonline.tv\/at\/#\/schema\/logo\/image\/","url":"https:\/\/kulturonline.tv\/wp-content\/uploads\/2021\/08\/Kultur-Online-Tv-Logo-Endversion-neu.png","contentUrl":"https:\/\/kulturonline.tv\/wp-content\/uploads\/2021\/08\/Kultur-Online-Tv-Logo-Endversion-neu.png","width":200,"height":200,"caption":"Kultur Online TV"},"image":{"@id":"https:\/\/kulturonline.tv\/at\/#\/schema\/logo\/image\/"},"sameAs":["https:\/\/www.facebook.com\/kulturonline.tv","https:\/\/www.instagram.com\/kulturonline.tv"]},{"@type":"Person","@id":"https:\/\/kulturonline.tv\/at\/#\/schema\/person\/b0fac729bb9a0c193fb1df23449df4fe","name":"guenter.wolfgang"}]}},"_links":{"self":[{"href":"https:\/\/kulturonline.tv\/at\/wp-json\/wp\/v2\/posts\/7620","targetHints":{"allow":["GET"]}}],"collection":[{"href":"https:\/\/kulturonline.tv\/at\/wp-json\/wp\/v2\/posts"}],"about":[{"href":"https:\/\/kulturonline.tv\/at\/wp-json\/wp\/v2\/types\/post"}],"author":[{"embeddable":true,"href":"https:\/\/kulturonline.tv\/at\/wp-json\/wp\/v2\/users\/2"}],"replies":[{"embeddable":true,"href":"https:\/\/kulturonline.tv\/at\/wp-json\/wp\/v2\/comments?post=7620"}],"version-history":[{"count":0,"href":"https:\/\/kulturonline.tv\/at\/wp-json\/wp\/v2\/posts\/7620\/revisions"}],"wp:featuredmedia":[{"embeddable":true,"href":"https:\/\/kulturonline.tv\/at\/wp-json\/wp\/v2\/media\/7624"}],"wp:attachment":[{"href":"https:\/\/kulturonline.tv\/at\/wp-json\/wp\/v2\/media?parent=7620"}],"wp:term":[{"taxonomy":"category","embeddable":true,"href":"https:\/\/kulturonline.tv\/at\/wp-json\/wp\/v2\/categories?post=7620"},{"taxonomy":"post_tag","embeddable":true,"href":"https:\/\/kulturonline.tv\/at\/wp-json\/wp\/v2\/tags?post=7620"}],"curies":[{"name":"wp","href":"https:\/\/api.w.org\/{rel}","templated":true}]}}