{"id":7660,"date":"2021-10-08T22:26:30","date_gmt":"2021-10-08T20:26:30","guid":{"rendered":"https:\/\/kulturonline.tv\/?p=7660"},"modified":"2021-10-08T22:26:31","modified_gmt":"2021-10-08T20:26:31","slug":"die-kriminacht-im-wiener-kaffeehaus-am-12-oktober-2021","status":"publish","type":"post","link":"https:\/\/kulturonline.tv\/at\/die-kriminacht-im-wiener-kaffeehaus-am-12-oktober-2021\/","title":{"rendered":"Die Kriminacht im Wiener Kaffeehaus am 12. Oktober 2021"},"content":{"rendered":"\n<p>Autorinnen und Autoren lesen live in vielen Kaffeeh\u00e4usern und Sonderlocations. Und das in ganz Wien<\/p>\n\n\n\n<figure class=\"wp-block-image size-full\"><img fetchpriority=\"high\" decoding=\"async\" width=\"1500\" height=\"897\" src=\"https:\/\/kulturonline.tv\/wp-content\/uploads\/2021\/10\/Krimminacht-kultur-online-tv.jpg\" alt=\"\" class=\"wp-image-7662\" srcset=\"https:\/\/kulturonline.tv\/wp-content\/uploads\/2021\/10\/Krimminacht-kultur-online-tv.jpg 1500w, https:\/\/kulturonline.tv\/wp-content\/uploads\/2021\/10\/Krimminacht-kultur-online-tv-600x359.jpg 600w, https:\/\/kulturonline.tv\/wp-content\/uploads\/2021\/10\/Krimminacht-kultur-online-tv-800x478.jpg 800w, https:\/\/kulturonline.tv\/wp-content\/uploads\/2021\/10\/Krimminacht-kultur-online-tv-768x459.jpg 768w\" sizes=\"(max-width: 1500px) 100vw, 1500px\" \/><\/figure>\n\n\n\n<p>Die beliebte Leistungsschau heimischer Krimischreiber \u2013 heuer im 17. Jahr \u2013 mit Gaststar Petros Markaris, einer Doppellesung auf einem DDSG-Schiff und einer Filmvorf\u00fchrung. Alle Veranstaltungen bei freiem Eintritt! 38 Autorinnen und Autoren lesen aus ihren Krimis.<\/p>\n\n\n\n<p>Drehbuchschreiber Uli Br\u00e9e (Vorstadtweiber) ist zum ersten Mal dabei, denn sein Krimideb\u00fct \u201eDu wirst mich t\u00f6ten\u201c \u00fcber eine schwangere, junge Polizistin mit bedr\u00fcckender Vergangenheit erscheint punktgenau zur Kriminacht. Br\u00e9e wird im Hotel Beethoven lesen, das auch im Roman vorkommt. Andreas Pittler l\u00e4sst in seinem neuen Thriller \u201eVienna Dschihad\u201c seinen Inspektor Glauber im Terrormilieu ermitteln. Constanze Scheib schickt in \u201eDer W\u00fcrger von Hietzing\u201c eine noble Villenbesitzerin auf M\u00f6rderjagd. Und Kabarettist &amp; Autor Dieter Chmelar wird mit Erwin Steinhauer \u00fcber den \u201ePolt\u201c des Alfred Komarek reden, den der Schauspieler in 6 ORF-Verfilmungen spielen durfte. Abwechslungsreiche Nervenkitzel sind also garantiert! Insgesamt 30 Wiener Kaffeeh\u00e4user sowie Hotelcaf\u00e9s und -bars sind diesmal dabei. Zus\u00e4tzlich gibt es aber auch noch zahlreiche Gastlocations.<\/p>\n\n\n\n<h3 class=\"wp-block-heading\">DDSG-Schiff am Schwedenplatz &amp; Co.<\/h3>\n\n\n\n<p>Krimifans, die abseits der Kaffeeh\u00e4user Spannung erleben wollen, k\u00f6nnen etwa in die Hauptb\u00fccherei kommen, wo heuer der griechische Bestsellerautor Petros Markaris (\u201eDas Lied des Geldes\u201c) lesen wird. Oder zum 48er-Tandler, dem Wiener Altwarenmarkt in der Siebenbrunnenfeldgasse, wo Manfred Rebhandl f\u00fcr Freunde deftiger Krimikost auftreten wird. Und im DDSG-Schiff, Anlegestelle Schwedenplatz, lesen die Bestsellerautorin Alex Beer aus \u201eDer letzte Tod\u201c, wo der inzwischen bekannte Kommissar Emmerich im Wien des Jahres 1922 ermittelt, und Stefan Kutzenberger, in dessen Roman \u201eJokerman\u201c ein melancholischer Dylan-Fan die Welt retten soll.<\/p>\n\n\n\n<p>Wie wandlungsf\u00e4hig das Genre Krimi ist, beweist Gerhard Loibelsberger, der in<br>\u201eMicky Cola\u201c die Story eines als Phantom wahrgenommenen Songwriters beschreibt. Gespenstisch sozusagen, weshalb Loibelsberger diesmal in Simmering in der Aufbahrungshalle 2 am Zentralfriedhof lesen wird. Und in der Bezirksvorstehung Liesing stimmt Bastian Zach seine mortalen \u201eDonaumelodien\u201c an.<\/p>\n\n\n\n<h3 class=\"wp-block-heading\">Leo-Perutz-Preis.<\/h3>\n\n\n\n<p>Sabina Naber, Sabine Kunz, Ren\u00e9 Anour, Anne Goldmann und Reinhard Gnettner stehen mit ihren Krimis auf der Shortlist zum Leo-Perutz-Preis, der im Rahmen der Kriminacht im Hotel Imperial vergeben wird. Selbstverst\u00e4ndlich haben alle Nominierten eine Lesung in einem Kaffeehaus. Und ebenso selbstverst\u00e4ndlich sind auch die Publikumslieblinge vorangegangener Krimin\u00e4chte (heuer schon die 17. ihrer Art!) wie Christian Klinger, Eva Rossmann, Claudia Rossbacher, Edith Kneifl, Theresa Prammer, oder Stefan Slupetzky wieder dabei.<\/p>\n\n\n\n<h3 class=\"wp-block-heading\">Film-Extra<\/h3>\n\n\n\n<p>Im Admiralkino gibt es bei freiem Eintritt eine Sondervorf\u00fchrung des Films \u201eAufzeichnungen aus der Unterwelt\u201c von Tizza Covi und Rainer Frimmel. Mitten im Geschehen stehen der Wienerlied-S\u00e4nger Kurt Girk und sein legend\u00e4rer Freund Alois Schmutzer. Beide m\u00fcssen ihre N\u00e4he zum illegalen Kartenspiel \u201eSto\u00df\u201c nach einem umstrittenen Prozess mit langen Haftstrafen b\u00fc\u00dfen. Die Einleitung dazu h\u00e4lt Burgtheaterstar Robert Reinagl. (Reservierungen unter admiralkino.at)<\/p>\n\n\n\n<p>Zum Andenken an den 2012 verstorbenen oftmaligen Kriminacht-Gast Ernst Hinterberger, der heuer seinen 90. Geburtstag gefeiert h\u00e4tte, verschenkt das Kriminacht-Team ausgew\u00e4hlte Trautmann-Krimis an Besucher.<\/p>\n\n\n\n<p>Die Kriminacht wird vom Echo-Medienhaus veranstaltet, das auch f\u00fcr andere beliebte Literaturevents wie u.a. \u201eEineStadt.EinBuch.\u201c, \u201eRund um die Burg\u201c, \u201eVorlesetag\u201c und \u201eKinderlesefest\u201c verantwortlich zeichnet.<\/p>\n\n\n\n<p><a href=\"http:\/\/www.kriminacht.at\/\" target=\"_blank\" rel=\"noreferrer noopener\">www.kriminacht.at<\/a><\/p>\n\n\n\n<p><\/p>\n\n\n\n<p>Kultur Online TV<\/p>\n\n\n\n<p>#literatur #b\u00fccher #lesungen <\/p>\n","protected":false},"excerpt":{"rendered":"<p>Autorinnen und Autoren lesen live in vielen Kaffeeh\u00e4usern und Sonderlocations. Und das in ganz Wien Die beliebte Leistungsschau heimischer Krimischreiber \u2013 heuer im 17. Jahr \u2013 mit Gaststar Petros Markaris, einer Doppellesung auf einem DDSG-Schiff und einer Filmvorf\u00fchrung. Alle Veranstaltungen bei freiem Eintritt! 38 Autorinnen und Autoren lesen aus ihren Krimis. Drehbuchschreiber Uli Br\u00e9e (Vorstadtweiber) [&hellip;]<\/p>\n","protected":false},"author":2,"featured_media":7662,"comment_status":"closed","ping_status":"closed","sticky":false,"template":"","format":"standard","meta":{"_acf_changed":false,"footnotes":""},"categories":[133],"tags":[],"class_list":["post-7660","post","type-post","status-publish","format-standard","has-post-thumbnail","hentry","category-literatur"],"acf":[],"yoast_head":"<!-- This site is optimized with the Yoast SEO plugin v26.1.1 - https:\/\/yoast.com\/wordpress\/plugins\/seo\/ -->\n<title>Die Kriminacht im Wiener Kaffeehaus am 12. Oktober 2021 - Kultur Online TV &amp; FM<\/title>\n<meta name=\"description\" content=\"Kultur sehen und H\u00f6ren\" \/>\n<meta name=\"robots\" content=\"index, follow, max-snippet:-1, max-image-preview:large, max-video-preview:-1\" \/>\n<link rel=\"canonical\" href=\"https:\/\/kulturonline.tv\/at\/die-kriminacht-im-wiener-kaffeehaus-am-12-oktober-2021\/\" \/>\n<meta property=\"og:locale\" content=\"de_DE\" \/>\n<meta property=\"og:type\" content=\"article\" \/>\n<meta property=\"og:title\" content=\"Die Kriminacht im Wiener Kaffeehaus am 12. Oktober 2021 - Kultur Online TV &amp; FM\" \/>\n<meta property=\"og:description\" content=\"Kultur sehen und H\u00f6ren\" \/>\n<meta property=\"og:url\" content=\"https:\/\/kulturonline.tv\/at\/die-kriminacht-im-wiener-kaffeehaus-am-12-oktober-2021\/\" \/>\n<meta property=\"og:site_name\" content=\"Kultur Online TV &amp; FM\" \/>\n<meta property=\"article:publisher\" content=\"https:\/\/www.facebook.com\/kulturonline.tv\" \/>\n<meta property=\"article:published_time\" content=\"2021-10-08T20:26:30+00:00\" \/>\n<meta property=\"article:modified_time\" content=\"2021-10-08T20:26:31+00:00\" \/>\n<meta property=\"og:image\" content=\"https:\/\/kulturonline.tv\/wp-content\/uploads\/2021\/10\/Krimminacht-kultur-online-tv.jpg\" \/>\n\t<meta property=\"og:image:width\" content=\"1500\" \/>\n\t<meta property=\"og:image:height\" content=\"897\" \/>\n\t<meta property=\"og:image:type\" content=\"image\/jpeg\" \/>\n<meta name=\"author\" content=\"guenter.wolfgang\" \/>\n<meta name=\"twitter:card\" content=\"summary_large_image\" \/>\n<meta name=\"twitter:label1\" content=\"Verfasst von\" \/>\n\t<meta name=\"twitter:data1\" content=\"guenter.wolfgang\" \/>\n\t<meta name=\"twitter:label2\" content=\"Gesch\u00e4tzte Lesezeit\" \/>\n\t<meta name=\"twitter:data2\" content=\"3 Minuten\" \/>\n<script type=\"application\/ld+json\" class=\"yoast-schema-graph\">{\"@context\":\"https:\/\/schema.org\",\"@graph\":[{\"@type\":\"Article\",\"@id\":\"https:\/\/kulturonline.tv\/at\/die-kriminacht-im-wiener-kaffeehaus-am-12-oktober-2021\/#article\",\"isPartOf\":{\"@id\":\"https:\/\/kulturonline.tv\/at\/die-kriminacht-im-wiener-kaffeehaus-am-12-oktober-2021\/\"},\"author\":{\"name\":\"guenter.wolfgang\",\"@id\":\"https:\/\/kulturonline.tv\/at\/#\/schema\/person\/b0fac729bb9a0c193fb1df23449df4fe\"},\"headline\":\"Die Kriminacht im Wiener Kaffeehaus am 12. Oktober 2021\",\"datePublished\":\"2021-10-08T20:26:30+00:00\",\"dateModified\":\"2021-10-08T20:26:31+00:00\",\"mainEntityOfPage\":{\"@id\":\"https:\/\/kulturonline.tv\/at\/die-kriminacht-im-wiener-kaffeehaus-am-12-oktober-2021\/\"},\"wordCount\":526,\"publisher\":{\"@id\":\"https:\/\/kulturonline.tv\/at\/#organization\"},\"image\":{\"@id\":\"https:\/\/kulturonline.tv\/at\/die-kriminacht-im-wiener-kaffeehaus-am-12-oktober-2021\/#primaryimage\"},\"thumbnailUrl\":\"https:\/\/kulturonline.tv\/wp-content\/uploads\/2021\/10\/Krimminacht-kultur-online-tv.jpg\",\"articleSection\":[\"Literatur\"],\"inLanguage\":\"de-AT\"},{\"@type\":\"WebPage\",\"@id\":\"https:\/\/kulturonline.tv\/at\/die-kriminacht-im-wiener-kaffeehaus-am-12-oktober-2021\/\",\"url\":\"https:\/\/kulturonline.tv\/at\/die-kriminacht-im-wiener-kaffeehaus-am-12-oktober-2021\/\",\"name\":\"Die Kriminacht im Wiener Kaffeehaus am 12. Oktober 2021 - Kultur Online TV &amp; FM\",\"isPartOf\":{\"@id\":\"https:\/\/kulturonline.tv\/at\/#website\"},\"primaryImageOfPage\":{\"@id\":\"https:\/\/kulturonline.tv\/at\/die-kriminacht-im-wiener-kaffeehaus-am-12-oktober-2021\/#primaryimage\"},\"image\":{\"@id\":\"https:\/\/kulturonline.tv\/at\/die-kriminacht-im-wiener-kaffeehaus-am-12-oktober-2021\/#primaryimage\"},\"thumbnailUrl\":\"https:\/\/kulturonline.tv\/wp-content\/uploads\/2021\/10\/Krimminacht-kultur-online-tv.jpg\",\"datePublished\":\"2021-10-08T20:26:30+00:00\",\"dateModified\":\"2021-10-08T20:26:31+00:00\",\"description\":\"Kultur sehen und H\u00f6ren\",\"breadcrumb\":{\"@id\":\"https:\/\/kulturonline.tv\/at\/die-kriminacht-im-wiener-kaffeehaus-am-12-oktober-2021\/#breadcrumb\"},\"inLanguage\":\"de-AT\",\"potentialAction\":[{\"@type\":\"ReadAction\",\"target\":[\"https:\/\/kulturonline.tv\/at\/die-kriminacht-im-wiener-kaffeehaus-am-12-oktober-2021\/\"]}]},{\"@type\":\"ImageObject\",\"inLanguage\":\"de-AT\",\"@id\":\"https:\/\/kulturonline.tv\/at\/die-kriminacht-im-wiener-kaffeehaus-am-12-oktober-2021\/#primaryimage\",\"url\":\"https:\/\/kulturonline.tv\/wp-content\/uploads\/2021\/10\/Krimminacht-kultur-online-tv.jpg\",\"contentUrl\":\"https:\/\/kulturonline.tv\/wp-content\/uploads\/2021\/10\/Krimminacht-kultur-online-tv.jpg\",\"width\":1500,\"height\":897},{\"@type\":\"BreadcrumbList\",\"@id\":\"https:\/\/kulturonline.tv\/at\/die-kriminacht-im-wiener-kaffeehaus-am-12-oktober-2021\/#breadcrumb\",\"itemListElement\":[{\"@type\":\"ListItem\",\"position\":1,\"name\":\"Startseite\",\"item\":\"https:\/\/kulturonline.tv\/at\/\"},{\"@type\":\"ListItem\",\"position\":2,\"name\":\"Die Kriminacht im Wiener Kaffeehaus am 12. Oktober 2021\"}]},{\"@type\":\"WebSite\",\"@id\":\"https:\/\/kulturonline.tv\/at\/#website\",\"url\":\"https:\/\/kulturonline.tv\/at\/\",\"name\":\"Kultur Online TV &amp; FM\",\"description\":\"Wir sind Kultur 2.0 zum sehen &amp; h\u00f6ren\",\"publisher\":{\"@id\":\"https:\/\/kulturonline.tv\/at\/#organization\"},\"potentialAction\":[{\"@type\":\"SearchAction\",\"target\":{\"@type\":\"EntryPoint\",\"urlTemplate\":\"https:\/\/kulturonline.tv\/at\/?s={search_term_string}\"},\"query-input\":{\"@type\":\"PropertyValueSpecification\",\"valueRequired\":true,\"valueName\":\"search_term_string\"}}],\"inLanguage\":\"de-AT\"},{\"@type\":\"Organization\",\"@id\":\"https:\/\/kulturonline.tv\/at\/#organization\",\"name\":\"Kultur Online TV\",\"url\":\"https:\/\/kulturonline.tv\/at\/\",\"logo\":{\"@type\":\"ImageObject\",\"inLanguage\":\"de-AT\",\"@id\":\"https:\/\/kulturonline.tv\/at\/#\/schema\/logo\/image\/\",\"url\":\"https:\/\/kulturonline.tv\/wp-content\/uploads\/2021\/08\/Kultur-Online-Tv-Logo-Endversion-neu.png\",\"contentUrl\":\"https:\/\/kulturonline.tv\/wp-content\/uploads\/2021\/08\/Kultur-Online-Tv-Logo-Endversion-neu.png\",\"width\":200,\"height\":200,\"caption\":\"Kultur Online TV\"},\"image\":{\"@id\":\"https:\/\/kulturonline.tv\/at\/#\/schema\/logo\/image\/\"},\"sameAs\":[\"https:\/\/www.facebook.com\/kulturonline.tv\",\"https:\/\/www.instagram.com\/kulturonline.tv\"]},{\"@type\":\"Person\",\"@id\":\"https:\/\/kulturonline.tv\/at\/#\/schema\/person\/b0fac729bb9a0c193fb1df23449df4fe\",\"name\":\"guenter.wolfgang\"}]}<\/script>\n<!-- \/ Yoast SEO plugin. -->","yoast_head_json":{"title":"Die Kriminacht im Wiener Kaffeehaus am 12. Oktober 2021 - Kultur Online TV &amp; FM","description":"Kultur sehen und H\u00f6ren","robots":{"index":"index","follow":"follow","max-snippet":"max-snippet:-1","max-image-preview":"max-image-preview:large","max-video-preview":"max-video-preview:-1"},"canonical":"https:\/\/kulturonline.tv\/at\/die-kriminacht-im-wiener-kaffeehaus-am-12-oktober-2021\/","og_locale":"de_DE","og_type":"article","og_title":"Die Kriminacht im Wiener Kaffeehaus am 12. Oktober 2021 - Kultur Online TV &amp; FM","og_description":"Kultur sehen und H\u00f6ren","og_url":"https:\/\/kulturonline.tv\/at\/die-kriminacht-im-wiener-kaffeehaus-am-12-oktober-2021\/","og_site_name":"Kultur Online TV &amp; FM","article_publisher":"https:\/\/www.facebook.com\/kulturonline.tv","article_published_time":"2021-10-08T20:26:30+00:00","article_modified_time":"2021-10-08T20:26:31+00:00","og_image":[{"width":1500,"height":897,"url":"https:\/\/kulturonline.tv\/wp-content\/uploads\/2021\/10\/Krimminacht-kultur-online-tv.jpg","type":"image\/jpeg"}],"author":"guenter.wolfgang","twitter_card":"summary_large_image","twitter_misc":{"Verfasst von":"guenter.wolfgang","Gesch\u00e4tzte Lesezeit":"3 Minuten"},"schema":{"@context":"https:\/\/schema.org","@graph":[{"@type":"Article","@id":"https:\/\/kulturonline.tv\/at\/die-kriminacht-im-wiener-kaffeehaus-am-12-oktober-2021\/#article","isPartOf":{"@id":"https:\/\/kulturonline.tv\/at\/die-kriminacht-im-wiener-kaffeehaus-am-12-oktober-2021\/"},"author":{"name":"guenter.wolfgang","@id":"https:\/\/kulturonline.tv\/at\/#\/schema\/person\/b0fac729bb9a0c193fb1df23449df4fe"},"headline":"Die Kriminacht im Wiener Kaffeehaus am 12. Oktober 2021","datePublished":"2021-10-08T20:26:30+00:00","dateModified":"2021-10-08T20:26:31+00:00","mainEntityOfPage":{"@id":"https:\/\/kulturonline.tv\/at\/die-kriminacht-im-wiener-kaffeehaus-am-12-oktober-2021\/"},"wordCount":526,"publisher":{"@id":"https:\/\/kulturonline.tv\/at\/#organization"},"image":{"@id":"https:\/\/kulturonline.tv\/at\/die-kriminacht-im-wiener-kaffeehaus-am-12-oktober-2021\/#primaryimage"},"thumbnailUrl":"https:\/\/kulturonline.tv\/wp-content\/uploads\/2021\/10\/Krimminacht-kultur-online-tv.jpg","articleSection":["Literatur"],"inLanguage":"de-AT"},{"@type":"WebPage","@id":"https:\/\/kulturonline.tv\/at\/die-kriminacht-im-wiener-kaffeehaus-am-12-oktober-2021\/","url":"https:\/\/kulturonline.tv\/at\/die-kriminacht-im-wiener-kaffeehaus-am-12-oktober-2021\/","name":"Die Kriminacht im Wiener Kaffeehaus am 12. Oktober 2021 - Kultur Online TV &amp; FM","isPartOf":{"@id":"https:\/\/kulturonline.tv\/at\/#website"},"primaryImageOfPage":{"@id":"https:\/\/kulturonline.tv\/at\/die-kriminacht-im-wiener-kaffeehaus-am-12-oktober-2021\/#primaryimage"},"image":{"@id":"https:\/\/kulturonline.tv\/at\/die-kriminacht-im-wiener-kaffeehaus-am-12-oktober-2021\/#primaryimage"},"thumbnailUrl":"https:\/\/kulturonline.tv\/wp-content\/uploads\/2021\/10\/Krimminacht-kultur-online-tv.jpg","datePublished":"2021-10-08T20:26:30+00:00","dateModified":"2021-10-08T20:26:31+00:00","description":"Kultur sehen und H\u00f6ren","breadcrumb":{"@id":"https:\/\/kulturonline.tv\/at\/die-kriminacht-im-wiener-kaffeehaus-am-12-oktober-2021\/#breadcrumb"},"inLanguage":"de-AT","potentialAction":[{"@type":"ReadAction","target":["https:\/\/kulturonline.tv\/at\/die-kriminacht-im-wiener-kaffeehaus-am-12-oktober-2021\/"]}]},{"@type":"ImageObject","inLanguage":"de-AT","@id":"https:\/\/kulturonline.tv\/at\/die-kriminacht-im-wiener-kaffeehaus-am-12-oktober-2021\/#primaryimage","url":"https:\/\/kulturonline.tv\/wp-content\/uploads\/2021\/10\/Krimminacht-kultur-online-tv.jpg","contentUrl":"https:\/\/kulturonline.tv\/wp-content\/uploads\/2021\/10\/Krimminacht-kultur-online-tv.jpg","width":1500,"height":897},{"@type":"BreadcrumbList","@id":"https:\/\/kulturonline.tv\/at\/die-kriminacht-im-wiener-kaffeehaus-am-12-oktober-2021\/#breadcrumb","itemListElement":[{"@type":"ListItem","position":1,"name":"Startseite","item":"https:\/\/kulturonline.tv\/at\/"},{"@type":"ListItem","position":2,"name":"Die Kriminacht im Wiener Kaffeehaus am 12. Oktober 2021"}]},{"@type":"WebSite","@id":"https:\/\/kulturonline.tv\/at\/#website","url":"https:\/\/kulturonline.tv\/at\/","name":"Kultur Online TV &amp; FM","description":"Wir sind Kultur 2.0 zum sehen &amp; h\u00f6ren","publisher":{"@id":"https:\/\/kulturonline.tv\/at\/#organization"},"potentialAction":[{"@type":"SearchAction","target":{"@type":"EntryPoint","urlTemplate":"https:\/\/kulturonline.tv\/at\/?s={search_term_string}"},"query-input":{"@type":"PropertyValueSpecification","valueRequired":true,"valueName":"search_term_string"}}],"inLanguage":"de-AT"},{"@type":"Organization","@id":"https:\/\/kulturonline.tv\/at\/#organization","name":"Kultur Online TV","url":"https:\/\/kulturonline.tv\/at\/","logo":{"@type":"ImageObject","inLanguage":"de-AT","@id":"https:\/\/kulturonline.tv\/at\/#\/schema\/logo\/image\/","url":"https:\/\/kulturonline.tv\/wp-content\/uploads\/2021\/08\/Kultur-Online-Tv-Logo-Endversion-neu.png","contentUrl":"https:\/\/kulturonline.tv\/wp-content\/uploads\/2021\/08\/Kultur-Online-Tv-Logo-Endversion-neu.png","width":200,"height":200,"caption":"Kultur Online TV"},"image":{"@id":"https:\/\/kulturonline.tv\/at\/#\/schema\/logo\/image\/"},"sameAs":["https:\/\/www.facebook.com\/kulturonline.tv","https:\/\/www.instagram.com\/kulturonline.tv"]},{"@type":"Person","@id":"https:\/\/kulturonline.tv\/at\/#\/schema\/person\/b0fac729bb9a0c193fb1df23449df4fe","name":"guenter.wolfgang"}]}},"_links":{"self":[{"href":"https:\/\/kulturonline.tv\/at\/wp-json\/wp\/v2\/posts\/7660","targetHints":{"allow":["GET"]}}],"collection":[{"href":"https:\/\/kulturonline.tv\/at\/wp-json\/wp\/v2\/posts"}],"about":[{"href":"https:\/\/kulturonline.tv\/at\/wp-json\/wp\/v2\/types\/post"}],"author":[{"embeddable":true,"href":"https:\/\/kulturonline.tv\/at\/wp-json\/wp\/v2\/users\/2"}],"replies":[{"embeddable":true,"href":"https:\/\/kulturonline.tv\/at\/wp-json\/wp\/v2\/comments?post=7660"}],"version-history":[{"count":0,"href":"https:\/\/kulturonline.tv\/at\/wp-json\/wp\/v2\/posts\/7660\/revisions"}],"wp:featuredmedia":[{"embeddable":true,"href":"https:\/\/kulturonline.tv\/at\/wp-json\/wp\/v2\/media\/7662"}],"wp:attachment":[{"href":"https:\/\/kulturonline.tv\/at\/wp-json\/wp\/v2\/media?parent=7660"}],"wp:term":[{"taxonomy":"category","embeddable":true,"href":"https:\/\/kulturonline.tv\/at\/wp-json\/wp\/v2\/categories?post=7660"},{"taxonomy":"post_tag","embeddable":true,"href":"https:\/\/kulturonline.tv\/at\/wp-json\/wp\/v2\/tags?post=7660"}],"curies":[{"name":"wp","href":"https:\/\/api.w.org\/{rel}","templated":true}]}}