{"id":7679,"date":"2021-10-08T22:47:19","date_gmt":"2021-10-08T20:47:19","guid":{"rendered":"https:\/\/kulturonline.tv\/uncategorized\/geschwister-scholl-preis-fuer-comic-journalist-joe-sacco"},"modified":"2021-10-08T22:48:45","modified_gmt":"2021-10-08T20:48:45","slug":"geschwister-scholl-preis-fuer-comic-journalist-joe-sacco","status":"publish","type":"post","link":"https:\/\/kulturonline.tv\/at\/geschwister-scholl-preis-fuer-comic-journalist-joe-sacco\/","title":{"rendered":"Geschwister-Scholl-Preis f\u00fcr Comic-Journalist Joe Sacco"},"content":{"rendered":"\n<p>Zum ersten Mal geht der Geschwister-Scholl-Preis an einen Comicbuch-Autoren. Joe Sacco wird f\u00fcr sein Buch \u201eWir geh\u00f6ren dem Land\u201c geehrt.<\/p>\n\n\n\n<figure class=\"wp-block-image size-full\"><img fetchpriority=\"high\" decoding=\"async\" width=\"939\" height=\"528\" src=\"https:\/\/kulturonline.tv\/wp-content\/uploads\/2021\/10\/Kultur-Online-tv-Joe-Sacco-edited.jpg\" alt=\"\" class=\"wp-image-7676\" srcset=\"https:\/\/kulturonline.tv\/wp-content\/uploads\/2021\/10\/Kultur-Online-tv-Joe-Sacco-edited.jpg 939w, https:\/\/kulturonline.tv\/wp-content\/uploads\/2021\/10\/Kultur-Online-tv-Joe-Sacco-edited-600x337.jpg 600w, https:\/\/kulturonline.tv\/wp-content\/uploads\/2021\/10\/Kultur-Online-tv-Joe-Sacco-edited-800x450.jpg 800w, https:\/\/kulturonline.tv\/wp-content\/uploads\/2021\/10\/Kultur-Online-tv-Joe-Sacco-edited-768x432.jpg 768w\" sizes=\"(max-width: 939px) 100vw, 939px\" \/><figcaption>\u00a9 dpa<\/figcaption><\/figure>\n\n\n\n<p>Joe Sacco Journalist und Comic-Zeichner, erh\u00e4lt den diesj\u00e4hrigen Geschwister-Scholl-Preis 2021 f\u00fcr das Buch &#8222;Wir geh\u00f6ren dem Land&#8220;. Die mit 10 000 Euro dotierte Auszeichnung werde erstmals f\u00fcr einen Comic verliehen, wie der bayerische Landesverband des B\u00f6rsenvereins des Deutschen Buchhandels und die Landeshauptstadt M\u00fcnchen am Freitag mitteilten. Sacco sei ein Pionier. Mit seinem &#8222;Comic-Journalismus&#8220; sei er zu einem Bildberichterstatter neuen Typs geworden und habe eine literarische Gattung erfunden. Der Preis soll am 29. November \u00fcberreicht werden.<\/p>\n\n\n\n<p>Kultur Online Tv<\/p>\n\n\n\n<p>#literatur #preis<\/p>\n","protected":false},"excerpt":{"rendered":"<p>Zum ersten Mal geht der Geschwister-Scholl-Preis an einen Comicbuch-Autoren. Joe Sacco wird f\u00fcr sein Buch \u201eWir geh\u00f6ren dem Land\u201c geehrt. Joe Sacco Journalist und Comic-Zeichner, erh\u00e4lt den diesj\u00e4hrigen Geschwister-Scholl-Preis 2021 f\u00fcr das Buch &#8222;Wir geh\u00f6ren dem Land&#8220;. Die mit 10 000 Euro dotierte Auszeichnung werde erstmals f\u00fcr einen Comic verliehen, wie der bayerische Landesverband des [&hellip;]<\/p>\n","protected":false},"author":2,"featured_media":7677,"comment_status":"closed","ping_status":"closed","sticky":false,"template":"","format":"standard","meta":{"_acf_changed":false,"footnotes":""},"categories":[133],"tags":[],"class_list":["post-7679","post","type-post","status-publish","format-standard","has-post-thumbnail","hentry","category-literatur"],"acf":[],"yoast_head":"<!-- This site is optimized with the Yoast SEO plugin v26.1.1 - https:\/\/yoast.com\/wordpress\/plugins\/seo\/ -->\n<title>Geschwister-Scholl-Preis f\u00fcr Comic-Journalist Joe Sacco - Kultur Online TV &amp; FM<\/title>\n<meta name=\"description\" content=\"Kultur sehen und H\u00f6ren\" \/>\n<meta name=\"robots\" content=\"index, follow, max-snippet:-1, max-image-preview:large, max-video-preview:-1\" \/>\n<link rel=\"canonical\" href=\"https:\/\/kulturonline.tv\/at\/geschwister-scholl-preis-fuer-comic-journalist-joe-sacco\/\" \/>\n<meta property=\"og:locale\" content=\"de_DE\" \/>\n<meta property=\"og:type\" content=\"article\" \/>\n<meta property=\"og:title\" content=\"Geschwister-Scholl-Preis f\u00fcr Comic-Journalist Joe Sacco - Kultur Online TV &amp; FM\" \/>\n<meta property=\"og:description\" content=\"Kultur sehen und H\u00f6ren\" \/>\n<meta property=\"og:url\" content=\"https:\/\/kulturonline.tv\/at\/geschwister-scholl-preis-fuer-comic-journalist-joe-sacco\/\" \/>\n<meta property=\"og:site_name\" content=\"Kultur Online TV &amp; FM\" \/>\n<meta property=\"article:publisher\" content=\"https:\/\/www.facebook.com\/kulturonline.tv\" \/>\n<meta property=\"article:published_time\" content=\"2021-10-08T20:47:19+00:00\" \/>\n<meta property=\"article:modified_time\" content=\"2021-10-08T20:48:45+00:00\" \/>\n<meta property=\"og:image\" content=\"https:\/\/kulturonline.tv\/wp-content\/uploads\/2021\/10\/Kultur-Online-tv-Joe-Sacco-edited.jpg\" \/>\n\t<meta property=\"og:image:width\" content=\"939\" \/>\n\t<meta property=\"og:image:height\" content=\"528\" \/>\n\t<meta property=\"og:image:type\" content=\"image\/jpeg\" \/>\n<meta name=\"author\" content=\"guenter.wolfgang\" \/>\n<meta name=\"twitter:card\" content=\"summary_large_image\" \/>\n<meta name=\"twitter:label1\" content=\"Verfasst von\" \/>\n\t<meta name=\"twitter:data1\" content=\"guenter.wolfgang\" \/>\n\t<meta name=\"twitter:label2\" content=\"Gesch\u00e4tzte Lesezeit\" \/>\n\t<meta name=\"twitter:data2\" content=\"1 Minute\" \/>\n<script type=\"application\/ld+json\" class=\"yoast-schema-graph\">{\"@context\":\"https:\/\/schema.org\",\"@graph\":[{\"@type\":\"Article\",\"@id\":\"https:\/\/kulturonline.tv\/at\/geschwister-scholl-preis-fuer-comic-journalist-joe-sacco\/#article\",\"isPartOf\":{\"@id\":\"https:\/\/kulturonline.tv\/at\/geschwister-scholl-preis-fuer-comic-journalist-joe-sacco\/\"},\"author\":{\"name\":\"guenter.wolfgang\",\"@id\":\"https:\/\/kulturonline.tv\/at\/#\/schema\/person\/b0fac729bb9a0c193fb1df23449df4fe\"},\"headline\":\"Geschwister-Scholl-Preis f\u00fcr Comic-Journalist Joe Sacco\",\"datePublished\":\"2021-10-08T20:47:19+00:00\",\"dateModified\":\"2021-10-08T20:48:45+00:00\",\"mainEntityOfPage\":{\"@id\":\"https:\/\/kulturonline.tv\/at\/geschwister-scholl-preis-fuer-comic-journalist-joe-sacco\/\"},\"wordCount\":112,\"publisher\":{\"@id\":\"https:\/\/kulturonline.tv\/at\/#organization\"},\"image\":{\"@id\":\"https:\/\/kulturonline.tv\/at\/geschwister-scholl-preis-fuer-comic-journalist-joe-sacco\/#primaryimage\"},\"thumbnailUrl\":\"https:\/\/kulturonline.tv\/wp-content\/uploads\/2021\/10\/Kultur-Online-tv-Joe-Sacco-edited.jpg\",\"articleSection\":[\"Literatur\"],\"inLanguage\":\"de-AT\"},{\"@type\":\"WebPage\",\"@id\":\"https:\/\/kulturonline.tv\/at\/geschwister-scholl-preis-fuer-comic-journalist-joe-sacco\/\",\"url\":\"https:\/\/kulturonline.tv\/at\/geschwister-scholl-preis-fuer-comic-journalist-joe-sacco\/\",\"name\":\"Geschwister-Scholl-Preis f\u00fcr Comic-Journalist Joe Sacco - Kultur Online TV &amp; FM\",\"isPartOf\":{\"@id\":\"https:\/\/kulturonline.tv\/at\/#website\"},\"primaryImageOfPage\":{\"@id\":\"https:\/\/kulturonline.tv\/at\/geschwister-scholl-preis-fuer-comic-journalist-joe-sacco\/#primaryimage\"},\"image\":{\"@id\":\"https:\/\/kulturonline.tv\/at\/geschwister-scholl-preis-fuer-comic-journalist-joe-sacco\/#primaryimage\"},\"thumbnailUrl\":\"https:\/\/kulturonline.tv\/wp-content\/uploads\/2021\/10\/Kultur-Online-tv-Joe-Sacco-edited.jpg\",\"datePublished\":\"2021-10-08T20:47:19+00:00\",\"dateModified\":\"2021-10-08T20:48:45+00:00\",\"description\":\"Kultur sehen und H\u00f6ren\",\"breadcrumb\":{\"@id\":\"https:\/\/kulturonline.tv\/at\/geschwister-scholl-preis-fuer-comic-journalist-joe-sacco\/#breadcrumb\"},\"inLanguage\":\"de-AT\",\"potentialAction\":[{\"@type\":\"ReadAction\",\"target\":[\"https:\/\/kulturonline.tv\/at\/geschwister-scholl-preis-fuer-comic-journalist-joe-sacco\/\"]}]},{\"@type\":\"ImageObject\",\"inLanguage\":\"de-AT\",\"@id\":\"https:\/\/kulturonline.tv\/at\/geschwister-scholl-preis-fuer-comic-journalist-joe-sacco\/#primaryimage\",\"url\":\"https:\/\/kulturonline.tv\/wp-content\/uploads\/2021\/10\/Kultur-Online-tv-Joe-Sacco-edited.jpg\",\"contentUrl\":\"https:\/\/kulturonline.tv\/wp-content\/uploads\/2021\/10\/Kultur-Online-tv-Joe-Sacco-edited.jpg\",\"width\":939,\"height\":528},{\"@type\":\"BreadcrumbList\",\"@id\":\"https:\/\/kulturonline.tv\/at\/geschwister-scholl-preis-fuer-comic-journalist-joe-sacco\/#breadcrumb\",\"itemListElement\":[{\"@type\":\"ListItem\",\"position\":1,\"name\":\"Startseite\",\"item\":\"https:\/\/kulturonline.tv\/at\/\"},{\"@type\":\"ListItem\",\"position\":2,\"name\":\"Geschwister-Scholl-Preis f\u00fcr Comic-Journalist Joe Sacco\"}]},{\"@type\":\"WebSite\",\"@id\":\"https:\/\/kulturonline.tv\/at\/#website\",\"url\":\"https:\/\/kulturonline.tv\/at\/\",\"name\":\"Kultur Online TV &amp; FM\",\"description\":\"Wir sind Kultur 2.0 zum sehen &amp; h\u00f6ren\",\"publisher\":{\"@id\":\"https:\/\/kulturonline.tv\/at\/#organization\"},\"potentialAction\":[{\"@type\":\"SearchAction\",\"target\":{\"@type\":\"EntryPoint\",\"urlTemplate\":\"https:\/\/kulturonline.tv\/at\/?s={search_term_string}\"},\"query-input\":{\"@type\":\"PropertyValueSpecification\",\"valueRequired\":true,\"valueName\":\"search_term_string\"}}],\"inLanguage\":\"de-AT\"},{\"@type\":\"Organization\",\"@id\":\"https:\/\/kulturonline.tv\/at\/#organization\",\"name\":\"Kultur Online TV\",\"url\":\"https:\/\/kulturonline.tv\/at\/\",\"logo\":{\"@type\":\"ImageObject\",\"inLanguage\":\"de-AT\",\"@id\":\"https:\/\/kulturonline.tv\/at\/#\/schema\/logo\/image\/\",\"url\":\"https:\/\/kulturonline.tv\/wp-content\/uploads\/2021\/08\/Kultur-Online-Tv-Logo-Endversion-neu.png\",\"contentUrl\":\"https:\/\/kulturonline.tv\/wp-content\/uploads\/2021\/08\/Kultur-Online-Tv-Logo-Endversion-neu.png\",\"width\":200,\"height\":200,\"caption\":\"Kultur Online TV\"},\"image\":{\"@id\":\"https:\/\/kulturonline.tv\/at\/#\/schema\/logo\/image\/\"},\"sameAs\":[\"https:\/\/www.facebook.com\/kulturonline.tv\",\"https:\/\/www.instagram.com\/kulturonline.tv\"]},{\"@type\":\"Person\",\"@id\":\"https:\/\/kulturonline.tv\/at\/#\/schema\/person\/b0fac729bb9a0c193fb1df23449df4fe\",\"name\":\"guenter.wolfgang\"}]}<\/script>\n<!-- \/ Yoast SEO plugin. -->","yoast_head_json":{"title":"Geschwister-Scholl-Preis f\u00fcr Comic-Journalist Joe Sacco - Kultur Online TV &amp; FM","description":"Kultur sehen und H\u00f6ren","robots":{"index":"index","follow":"follow","max-snippet":"max-snippet:-1","max-image-preview":"max-image-preview:large","max-video-preview":"max-video-preview:-1"},"canonical":"https:\/\/kulturonline.tv\/at\/geschwister-scholl-preis-fuer-comic-journalist-joe-sacco\/","og_locale":"de_DE","og_type":"article","og_title":"Geschwister-Scholl-Preis f\u00fcr Comic-Journalist Joe Sacco - Kultur Online TV &amp; FM","og_description":"Kultur sehen und H\u00f6ren","og_url":"https:\/\/kulturonline.tv\/at\/geschwister-scholl-preis-fuer-comic-journalist-joe-sacco\/","og_site_name":"Kultur Online TV &amp; FM","article_publisher":"https:\/\/www.facebook.com\/kulturonline.tv","article_published_time":"2021-10-08T20:47:19+00:00","article_modified_time":"2021-10-08T20:48:45+00:00","og_image":[{"width":939,"height":528,"url":"https:\/\/kulturonline.tv\/wp-content\/uploads\/2021\/10\/Kultur-Online-tv-Joe-Sacco-edited.jpg","type":"image\/jpeg"}],"author":"guenter.wolfgang","twitter_card":"summary_large_image","twitter_misc":{"Verfasst von":"guenter.wolfgang","Gesch\u00e4tzte Lesezeit":"1 Minute"},"schema":{"@context":"https:\/\/schema.org","@graph":[{"@type":"Article","@id":"https:\/\/kulturonline.tv\/at\/geschwister-scholl-preis-fuer-comic-journalist-joe-sacco\/#article","isPartOf":{"@id":"https:\/\/kulturonline.tv\/at\/geschwister-scholl-preis-fuer-comic-journalist-joe-sacco\/"},"author":{"name":"guenter.wolfgang","@id":"https:\/\/kulturonline.tv\/at\/#\/schema\/person\/b0fac729bb9a0c193fb1df23449df4fe"},"headline":"Geschwister-Scholl-Preis f\u00fcr Comic-Journalist Joe Sacco","datePublished":"2021-10-08T20:47:19+00:00","dateModified":"2021-10-08T20:48:45+00:00","mainEntityOfPage":{"@id":"https:\/\/kulturonline.tv\/at\/geschwister-scholl-preis-fuer-comic-journalist-joe-sacco\/"},"wordCount":112,"publisher":{"@id":"https:\/\/kulturonline.tv\/at\/#organization"},"image":{"@id":"https:\/\/kulturonline.tv\/at\/geschwister-scholl-preis-fuer-comic-journalist-joe-sacco\/#primaryimage"},"thumbnailUrl":"https:\/\/kulturonline.tv\/wp-content\/uploads\/2021\/10\/Kultur-Online-tv-Joe-Sacco-edited.jpg","articleSection":["Literatur"],"inLanguage":"de-AT"},{"@type":"WebPage","@id":"https:\/\/kulturonline.tv\/at\/geschwister-scholl-preis-fuer-comic-journalist-joe-sacco\/","url":"https:\/\/kulturonline.tv\/at\/geschwister-scholl-preis-fuer-comic-journalist-joe-sacco\/","name":"Geschwister-Scholl-Preis f\u00fcr Comic-Journalist Joe Sacco - Kultur Online TV &amp; FM","isPartOf":{"@id":"https:\/\/kulturonline.tv\/at\/#website"},"primaryImageOfPage":{"@id":"https:\/\/kulturonline.tv\/at\/geschwister-scholl-preis-fuer-comic-journalist-joe-sacco\/#primaryimage"},"image":{"@id":"https:\/\/kulturonline.tv\/at\/geschwister-scholl-preis-fuer-comic-journalist-joe-sacco\/#primaryimage"},"thumbnailUrl":"https:\/\/kulturonline.tv\/wp-content\/uploads\/2021\/10\/Kultur-Online-tv-Joe-Sacco-edited.jpg","datePublished":"2021-10-08T20:47:19+00:00","dateModified":"2021-10-08T20:48:45+00:00","description":"Kultur sehen und H\u00f6ren","breadcrumb":{"@id":"https:\/\/kulturonline.tv\/at\/geschwister-scholl-preis-fuer-comic-journalist-joe-sacco\/#breadcrumb"},"inLanguage":"de-AT","potentialAction":[{"@type":"ReadAction","target":["https:\/\/kulturonline.tv\/at\/geschwister-scholl-preis-fuer-comic-journalist-joe-sacco\/"]}]},{"@type":"ImageObject","inLanguage":"de-AT","@id":"https:\/\/kulturonline.tv\/at\/geschwister-scholl-preis-fuer-comic-journalist-joe-sacco\/#primaryimage","url":"https:\/\/kulturonline.tv\/wp-content\/uploads\/2021\/10\/Kultur-Online-tv-Joe-Sacco-edited.jpg","contentUrl":"https:\/\/kulturonline.tv\/wp-content\/uploads\/2021\/10\/Kultur-Online-tv-Joe-Sacco-edited.jpg","width":939,"height":528},{"@type":"BreadcrumbList","@id":"https:\/\/kulturonline.tv\/at\/geschwister-scholl-preis-fuer-comic-journalist-joe-sacco\/#breadcrumb","itemListElement":[{"@type":"ListItem","position":1,"name":"Startseite","item":"https:\/\/kulturonline.tv\/at\/"},{"@type":"ListItem","position":2,"name":"Geschwister-Scholl-Preis f\u00fcr Comic-Journalist Joe Sacco"}]},{"@type":"WebSite","@id":"https:\/\/kulturonline.tv\/at\/#website","url":"https:\/\/kulturonline.tv\/at\/","name":"Kultur Online TV &amp; FM","description":"Wir sind Kultur 2.0 zum sehen &amp; h\u00f6ren","publisher":{"@id":"https:\/\/kulturonline.tv\/at\/#organization"},"potentialAction":[{"@type":"SearchAction","target":{"@type":"EntryPoint","urlTemplate":"https:\/\/kulturonline.tv\/at\/?s={search_term_string}"},"query-input":{"@type":"PropertyValueSpecification","valueRequired":true,"valueName":"search_term_string"}}],"inLanguage":"de-AT"},{"@type":"Organization","@id":"https:\/\/kulturonline.tv\/at\/#organization","name":"Kultur Online TV","url":"https:\/\/kulturonline.tv\/at\/","logo":{"@type":"ImageObject","inLanguage":"de-AT","@id":"https:\/\/kulturonline.tv\/at\/#\/schema\/logo\/image\/","url":"https:\/\/kulturonline.tv\/wp-content\/uploads\/2021\/08\/Kultur-Online-Tv-Logo-Endversion-neu.png","contentUrl":"https:\/\/kulturonline.tv\/wp-content\/uploads\/2021\/08\/Kultur-Online-Tv-Logo-Endversion-neu.png","width":200,"height":200,"caption":"Kultur Online TV"},"image":{"@id":"https:\/\/kulturonline.tv\/at\/#\/schema\/logo\/image\/"},"sameAs":["https:\/\/www.facebook.com\/kulturonline.tv","https:\/\/www.instagram.com\/kulturonline.tv"]},{"@type":"Person","@id":"https:\/\/kulturonline.tv\/at\/#\/schema\/person\/b0fac729bb9a0c193fb1df23449df4fe","name":"guenter.wolfgang"}]}},"_links":{"self":[{"href":"https:\/\/kulturonline.tv\/at\/wp-json\/wp\/v2\/posts\/7679","targetHints":{"allow":["GET"]}}],"collection":[{"href":"https:\/\/kulturonline.tv\/at\/wp-json\/wp\/v2\/posts"}],"about":[{"href":"https:\/\/kulturonline.tv\/at\/wp-json\/wp\/v2\/types\/post"}],"author":[{"embeddable":true,"href":"https:\/\/kulturonline.tv\/at\/wp-json\/wp\/v2\/users\/2"}],"replies":[{"embeddable":true,"href":"https:\/\/kulturonline.tv\/at\/wp-json\/wp\/v2\/comments?post=7679"}],"version-history":[{"count":0,"href":"https:\/\/kulturonline.tv\/at\/wp-json\/wp\/v2\/posts\/7679\/revisions"}],"wp:featuredmedia":[{"embeddable":true,"href":"https:\/\/kulturonline.tv\/at\/wp-json\/wp\/v2\/media\/7677"}],"wp:attachment":[{"href":"https:\/\/kulturonline.tv\/at\/wp-json\/wp\/v2\/media?parent=7679"}],"wp:term":[{"taxonomy":"category","embeddable":true,"href":"https:\/\/kulturonline.tv\/at\/wp-json\/wp\/v2\/categories?post=7679"},{"taxonomy":"post_tag","embeddable":true,"href":"https:\/\/kulturonline.tv\/at\/wp-json\/wp\/v2\/tags?post=7679"}],"curies":[{"name":"wp","href":"https:\/\/api.w.org\/{rel}","templated":true}]}}