{"id":91183,"date":"2024-05-28T18:31:15","date_gmt":"2024-05-28T16:31:15","guid":{"rendered":"https:\/\/kulturonline.tv\/uncategorized\/grenzenlose-erholung-im-entdeckerviertel"},"modified":"2025-06-13T09:05:50","modified_gmt":"2025-06-13T07:05:50","slug":"grenzenlose-erholung-im-entdeckerviertel","status":"publish","type":"post","link":"https:\/\/kulturonline.tv\/at\/grenzenlose-erholung-im-entdeckerviertel\/","title":{"rendered":"Grenzenlose Erholung im Entdeckerviertel"},"content":{"rendered":"\n<p>Wer den Sommerurlaub noch nicht verplant hat und Erholung sucht, kann sich das Entdeckerviertel mal<br>genauer ansehen. An der deutsch-\u00f6sterreichischen Grenze lernen Geschichtsinteressierte Neues oder<br>Aktivurlauber genie\u00dfen die Natur.<\/p>\n\n\n\n<figure class=\"wp-block-image size-large\"><img fetchpriority=\"high\" decoding=\"async\" width=\"1600\" height=\"1045\" src=\"https:\/\/kulturonline.tv\/wp-content\/uploads\/2024\/05\/Burghausen-Kultur-Online-TV-FM-1600x1045.png\" alt=\"\" class=\"wp-image-91176\" srcset=\"https:\/\/kulturonline.tv\/wp-content\/uploads\/2024\/05\/Burghausen-Kultur-Online-TV-FM-1600x1045.png 1600w, https:\/\/kulturonline.tv\/wp-content\/uploads\/2024\/05\/Burghausen-Kultur-Online-TV-FM-800x523.png 800w, https:\/\/kulturonline.tv\/wp-content\/uploads\/2024\/05\/Burghausen-Kultur-Online-TV-FM-768x502.png 768w, https:\/\/kulturonline.tv\/wp-content\/uploads\/2024\/05\/Burghausen-Kultur-Online-TV-FM-1536x1004.png 1536w, https:\/\/kulturonline.tv\/wp-content\/uploads\/2024\/05\/Burghausen-Kultur-Online-TV-FM.png 2040w\" sizes=\"(max-width: 1600px) 100vw, 1600px\" \/><\/figure>\n\n\n\n<p>\u00a9 Bild Kultur Online TV-FM<\/p>\n\n\n\n<p>Was man dort im Urlaub alles erleben kann, dar\u00fcber haben wir mit  Georg Bachleitner vom Tourismusverband Entdeckerviertel gesprochen.<\/p>\n\n\n\n<figure class=\"wp-block-audio\"><audio controls src=\"https:\/\/kulturonline.tv\/wp-content\/uploads\/2024\/05\/Das-Entdeckerviertel-Endversion.mp3\"><\/audio><\/figure>\n\n\n\n<p>\u00a92024 Kultur Online FM <\/p>\n\n\n\n<p>Lange Zeit lag das Entdeckerviertel etwas abseits der touristischen Pfade. Doch seit die bayerischen und ober\u00f6sterreichischen Gemeinden nicht nur freundschaftlich, sondern auch touristisch zusammenarbeiten, r\u00fcckt diese Region immer mehr in den Fokus. Und das zu Recht, denn hier gibt es f\u00fcr jeden etwas zu entdecken.<\/p>\n\n\n\n<p><strong>Neue Perspektiven:<\/strong><\/p>\n\n\n\n<ul class=\"wp-block-list\">\n<li><strong>Jenseits der Grenze:<\/strong> Das Entdeckerviertel vereint das Beste aus zwei L\u00e4ndern: die bayerische Gem\u00fctlichkeit und die ober\u00f6sterreichische Lebensfreude.<\/li>\n\n\n\n<li><strong>Vielfalt erleben:<\/strong> Wanderungen durch idyllische Landschaften, kulturelle Sch\u00e4tze in historischen St\u00e4dten und gem\u00fctliche Stunden in traditionellen Gasth\u00e4usern \u2013 hier kommt jeder auf seine Kosten.<\/li>\n\n\n\n<li><strong>Unentdeckte Ecken:<\/strong> Abseits der Massenpfade warten noch viele Geheimtipps darauf, entdeckt zu werden.<\/li>\n<\/ul>\n\n\n\n<p>Egal ob Sie Naturliebhaber, Kulturinteressierte oder einfach nur auf der Suche nach Entspannung sind, im Entdeckerviertel finden Sie garantiert das Richtige. Lassen Sie sich \u00fcberraschen und erleben Sie eine unvergessliche Zeit in dieser einzigartigen Region.<\/p>\n\n\n\n<p><strong>Weitere Informationen:<\/strong><\/p>\n\n\n\n<ul class=\"wp-block-list\">\n<li><a href=\"https:\/\/www.entdeckerviertel.at\/\" target=\"_blank\" rel=\"noreferrer noopener\">https:\/\/www.entdeckerviertel.at\/<\/a><\/li>\n\n\n\n<li><a href=\"https:\/\/www.bayerischer-wald.de\/\" target=\"_blank\" rel=\"noreferrer noopener\">https:\/\/www.bayerischer-wald.de\/<\/a><\/li>\n\n\n\n<li><a href=\"https:\/\/www.oberoesterreich.at\/\" target=\"_blank\" rel=\"noreferrer noopener\">https:\/\/www.oberoesterreich.at\/<\/a><\/li>\n<\/ul>\n\n\n\n<p>Kultur Online TV-FM<\/p>\n\n\n\n<p>#leben #lifestyle #reisen #urlaub<\/p>\n","protected":false},"excerpt":{"rendered":"<p>Wer den Sommerurlaub noch nicht verplant hat und Erholung sucht, kann sich das Entdeckerviertel malgenauer ansehen. An der deutsch-\u00f6sterreichischen Grenze lernen Geschichtsinteressierte Neues oderAktivurlauber genie\u00dfen die Natur. \u00a9 Bild Kultur Online TV-FM Was man dort im Urlaub alles erleben kann, dar\u00fcber haben wir mit Georg Bachleitner vom Tourismusverband Entdeckerviertel gesprochen. \u00a92024 Kultur Online FM Lange [&hellip;]<\/p>\n","protected":false},"author":2,"featured_media":91181,"comment_status":"open","ping_status":"closed","sticky":false,"template":"","format":"standard","meta":{"_acf_changed":false,"footnotes":""},"categories":[793],"tags":[],"class_list":["post-91183","post","type-post","status-publish","format-standard","has-post-thumbnail","hentry","category-audiothek-lifestyle-at"],"acf":[],"yoast_head":"<!-- This site is optimized with the Yoast SEO plugin v26.1.1 - https:\/\/yoast.com\/wordpress\/plugins\/seo\/ -->\n<title>Grenzenlose Erholung im Entdeckerviertel - Kultur Online TV &amp; FM<\/title>\n<meta name=\"description\" content=\"Wer den Sommerurlaub noch nicht verplant hat und Erholung sucht, kann sich das Entdeckerviertel malgenauer ansehen.\" \/>\n<meta name=\"robots\" content=\"index, follow, max-snippet:-1, max-image-preview:large, max-video-preview:-1\" \/>\n<link rel=\"canonical\" href=\"https:\/\/kulturonline.tv\/at\/grenzenlose-erholung-im-entdeckerviertel\/\" \/>\n<meta property=\"og:locale\" content=\"de_DE\" \/>\n<meta property=\"og:type\" content=\"article\" \/>\n<meta property=\"og:title\" content=\"Grenzenlose Erholung im Entdeckerviertel - Kultur Online TV &amp; FM\" \/>\n<meta property=\"og:description\" content=\"Wer den Sommerurlaub noch nicht verplant hat und Erholung sucht, kann sich das Entdeckerviertel malgenauer ansehen.\" \/>\n<meta property=\"og:url\" content=\"https:\/\/kulturonline.tv\/at\/grenzenlose-erholung-im-entdeckerviertel\/\" \/>\n<meta property=\"og:site_name\" content=\"Kultur Online TV &amp; FM\" \/>\n<meta property=\"article:publisher\" content=\"https:\/\/www.facebook.com\/kulturonline.tv\" \/>\n<meta property=\"article:published_time\" content=\"2024-05-28T16:31:15+00:00\" \/>\n<meta property=\"article:modified_time\" content=\"2025-06-13T07:05:50+00:00\" \/>\n<meta property=\"og:image\" content=\"https:\/\/kulturonline.tv\/wp-content\/uploads\/2024\/05\/Burghausen-Kultur-Online-TV-FM-1-768x502.png\" \/>\n\t<meta property=\"og:image:width\" content=\"768\" \/>\n\t<meta property=\"og:image:height\" content=\"502\" \/>\n\t<meta property=\"og:image:type\" content=\"image\/png\" \/>\n<meta name=\"author\" content=\"guenter.wolfgang\" \/>\n<meta name=\"twitter:card\" content=\"summary_large_image\" \/>\n<meta name=\"twitter:label1\" content=\"Verfasst von\" \/>\n\t<meta name=\"twitter:data1\" content=\"guenter.wolfgang\" \/>\n\t<meta name=\"twitter:label2\" content=\"Gesch\u00e4tzte Lesezeit\" \/>\n\t<meta name=\"twitter:data2\" content=\"1 Minute\" \/>\n<script type=\"application\/ld+json\" class=\"yoast-schema-graph\">{\"@context\":\"https:\/\/schema.org\",\"@graph\":[{\"@type\":\"Article\",\"@id\":\"https:\/\/kulturonline.tv\/at\/grenzenlose-erholung-im-entdeckerviertel\/#article\",\"isPartOf\":{\"@id\":\"https:\/\/kulturonline.tv\/at\/grenzenlose-erholung-im-entdeckerviertel\/\"},\"author\":{\"name\":\"guenter.wolfgang\",\"@id\":\"https:\/\/kulturonline.tv\/at\/#\/schema\/person\/b0fac729bb9a0c193fb1df23449df4fe\"},\"headline\":\"Grenzenlose Erholung im Entdeckerviertel\",\"datePublished\":\"2024-05-28T16:31:15+00:00\",\"dateModified\":\"2025-06-13T07:05:50+00:00\",\"mainEntityOfPage\":{\"@id\":\"https:\/\/kulturonline.tv\/at\/grenzenlose-erholung-im-entdeckerviertel\/\"},\"wordCount\":226,\"commentCount\":0,\"publisher\":{\"@id\":\"https:\/\/kulturonline.tv\/at\/#organization\"},\"image\":{\"@id\":\"https:\/\/kulturonline.tv\/at\/grenzenlose-erholung-im-entdeckerviertel\/#primaryimage\"},\"thumbnailUrl\":\"https:\/\/kulturonline.tv\/wp-content\/uploads\/2024\/05\/Burghausen-Kultur-Online-TV-FM-1.png\",\"articleSection\":[\"Audiothek Lifestyle\"],\"inLanguage\":\"de-AT\",\"potentialAction\":[{\"@type\":\"CommentAction\",\"name\":\"Comment\",\"target\":[\"https:\/\/kulturonline.tv\/at\/grenzenlose-erholung-im-entdeckerviertel\/#respond\"]}]},{\"@type\":\"WebPage\",\"@id\":\"https:\/\/kulturonline.tv\/at\/grenzenlose-erholung-im-entdeckerviertel\/\",\"url\":\"https:\/\/kulturonline.tv\/at\/grenzenlose-erholung-im-entdeckerviertel\/\",\"name\":\"Grenzenlose Erholung im Entdeckerviertel - Kultur Online TV &amp; FM\",\"isPartOf\":{\"@id\":\"https:\/\/kulturonline.tv\/at\/#website\"},\"primaryImageOfPage\":{\"@id\":\"https:\/\/kulturonline.tv\/at\/grenzenlose-erholung-im-entdeckerviertel\/#primaryimage\"},\"image\":{\"@id\":\"https:\/\/kulturonline.tv\/at\/grenzenlose-erholung-im-entdeckerviertel\/#primaryimage\"},\"thumbnailUrl\":\"https:\/\/kulturonline.tv\/wp-content\/uploads\/2024\/05\/Burghausen-Kultur-Online-TV-FM-1.png\",\"datePublished\":\"2024-05-28T16:31:15+00:00\",\"dateModified\":\"2025-06-13T07:05:50+00:00\",\"description\":\"Wer den Sommerurlaub noch nicht verplant hat und Erholung sucht, kann sich das Entdeckerviertel malgenauer ansehen.\",\"breadcrumb\":{\"@id\":\"https:\/\/kulturonline.tv\/at\/grenzenlose-erholung-im-entdeckerviertel\/#breadcrumb\"},\"inLanguage\":\"de-AT\",\"potentialAction\":[{\"@type\":\"ReadAction\",\"target\":[\"https:\/\/kulturonline.tv\/at\/grenzenlose-erholung-im-entdeckerviertel\/\"]}]},{\"@type\":\"ImageObject\",\"inLanguage\":\"de-AT\",\"@id\":\"https:\/\/kulturonline.tv\/at\/grenzenlose-erholung-im-entdeckerviertel\/#primaryimage\",\"url\":\"https:\/\/kulturonline.tv\/wp-content\/uploads\/2024\/05\/Burghausen-Kultur-Online-TV-FM-1.png\",\"contentUrl\":\"https:\/\/kulturonline.tv\/wp-content\/uploads\/2024\/05\/Burghausen-Kultur-Online-TV-FM-1.png\",\"width\":2040,\"height\":1333},{\"@type\":\"BreadcrumbList\",\"@id\":\"https:\/\/kulturonline.tv\/at\/grenzenlose-erholung-im-entdeckerviertel\/#breadcrumb\",\"itemListElement\":[{\"@type\":\"ListItem\",\"position\":1,\"name\":\"Startseite\",\"item\":\"https:\/\/kulturonline.tv\/at\/\"},{\"@type\":\"ListItem\",\"position\":2,\"name\":\"Grenzenlose Erholung im Entdeckerviertel\"}]},{\"@type\":\"WebSite\",\"@id\":\"https:\/\/kulturonline.tv\/at\/#website\",\"url\":\"https:\/\/kulturonline.tv\/at\/\",\"name\":\"Kultur Online TV &amp; FM\",\"description\":\"Wir sind Kultur 2.0 zum sehen &amp; h\u00f6ren\",\"publisher\":{\"@id\":\"https:\/\/kulturonline.tv\/at\/#organization\"},\"potentialAction\":[{\"@type\":\"SearchAction\",\"target\":{\"@type\":\"EntryPoint\",\"urlTemplate\":\"https:\/\/kulturonline.tv\/at\/?s={search_term_string}\"},\"query-input\":{\"@type\":\"PropertyValueSpecification\",\"valueRequired\":true,\"valueName\":\"search_term_string\"}}],\"inLanguage\":\"de-AT\"},{\"@type\":\"Organization\",\"@id\":\"https:\/\/kulturonline.tv\/at\/#organization\",\"name\":\"Kultur Online TV\",\"url\":\"https:\/\/kulturonline.tv\/at\/\",\"logo\":{\"@type\":\"ImageObject\",\"inLanguage\":\"de-AT\",\"@id\":\"https:\/\/kulturonline.tv\/at\/#\/schema\/logo\/image\/\",\"url\":\"https:\/\/kulturonline.tv\/wp-content\/uploads\/2021\/08\/Kultur-Online-Tv-Logo-Endversion-neu.png\",\"contentUrl\":\"https:\/\/kulturonline.tv\/wp-content\/uploads\/2021\/08\/Kultur-Online-Tv-Logo-Endversion-neu.png\",\"width\":200,\"height\":200,\"caption\":\"Kultur Online TV\"},\"image\":{\"@id\":\"https:\/\/kulturonline.tv\/at\/#\/schema\/logo\/image\/\"},\"sameAs\":[\"https:\/\/www.facebook.com\/kulturonline.tv\",\"https:\/\/www.instagram.com\/kulturonline.tv\"]},{\"@type\":\"Person\",\"@id\":\"https:\/\/kulturonline.tv\/at\/#\/schema\/person\/b0fac729bb9a0c193fb1df23449df4fe\",\"name\":\"guenter.wolfgang\"}]}<\/script>\n<!-- \/ Yoast SEO plugin. -->","yoast_head_json":{"title":"Grenzenlose Erholung im Entdeckerviertel - Kultur Online TV &amp; FM","description":"Wer den Sommerurlaub noch nicht verplant hat und Erholung sucht, kann sich das Entdeckerviertel malgenauer ansehen.","robots":{"index":"index","follow":"follow","max-snippet":"max-snippet:-1","max-image-preview":"max-image-preview:large","max-video-preview":"max-video-preview:-1"},"canonical":"https:\/\/kulturonline.tv\/at\/grenzenlose-erholung-im-entdeckerviertel\/","og_locale":"de_DE","og_type":"article","og_title":"Grenzenlose Erholung im Entdeckerviertel - Kultur Online TV &amp; FM","og_description":"Wer den Sommerurlaub noch nicht verplant hat und Erholung sucht, kann sich das Entdeckerviertel malgenauer ansehen.","og_url":"https:\/\/kulturonline.tv\/at\/grenzenlose-erholung-im-entdeckerviertel\/","og_site_name":"Kultur Online TV &amp; FM","article_publisher":"https:\/\/www.facebook.com\/kulturonline.tv","article_published_time":"2024-05-28T16:31:15+00:00","article_modified_time":"2025-06-13T07:05:50+00:00","og_image":[{"width":768,"height":502,"url":"https:\/\/kulturonline.tv\/wp-content\/uploads\/2024\/05\/Burghausen-Kultur-Online-TV-FM-1-768x502.png","type":"image\/png"}],"author":"guenter.wolfgang","twitter_card":"summary_large_image","twitter_misc":{"Verfasst von":"guenter.wolfgang","Gesch\u00e4tzte Lesezeit":"1 Minute"},"schema":{"@context":"https:\/\/schema.org","@graph":[{"@type":"Article","@id":"https:\/\/kulturonline.tv\/at\/grenzenlose-erholung-im-entdeckerviertel\/#article","isPartOf":{"@id":"https:\/\/kulturonline.tv\/at\/grenzenlose-erholung-im-entdeckerviertel\/"},"author":{"name":"guenter.wolfgang","@id":"https:\/\/kulturonline.tv\/at\/#\/schema\/person\/b0fac729bb9a0c193fb1df23449df4fe"},"headline":"Grenzenlose Erholung im Entdeckerviertel","datePublished":"2024-05-28T16:31:15+00:00","dateModified":"2025-06-13T07:05:50+00:00","mainEntityOfPage":{"@id":"https:\/\/kulturonline.tv\/at\/grenzenlose-erholung-im-entdeckerviertel\/"},"wordCount":226,"commentCount":0,"publisher":{"@id":"https:\/\/kulturonline.tv\/at\/#organization"},"image":{"@id":"https:\/\/kulturonline.tv\/at\/grenzenlose-erholung-im-entdeckerviertel\/#primaryimage"},"thumbnailUrl":"https:\/\/kulturonline.tv\/wp-content\/uploads\/2024\/05\/Burghausen-Kultur-Online-TV-FM-1.png","articleSection":["Audiothek Lifestyle"],"inLanguage":"de-AT","potentialAction":[{"@type":"CommentAction","name":"Comment","target":["https:\/\/kulturonline.tv\/at\/grenzenlose-erholung-im-entdeckerviertel\/#respond"]}]},{"@type":"WebPage","@id":"https:\/\/kulturonline.tv\/at\/grenzenlose-erholung-im-entdeckerviertel\/","url":"https:\/\/kulturonline.tv\/at\/grenzenlose-erholung-im-entdeckerviertel\/","name":"Grenzenlose Erholung im Entdeckerviertel - Kultur Online TV &amp; FM","isPartOf":{"@id":"https:\/\/kulturonline.tv\/at\/#website"},"primaryImageOfPage":{"@id":"https:\/\/kulturonline.tv\/at\/grenzenlose-erholung-im-entdeckerviertel\/#primaryimage"},"image":{"@id":"https:\/\/kulturonline.tv\/at\/grenzenlose-erholung-im-entdeckerviertel\/#primaryimage"},"thumbnailUrl":"https:\/\/kulturonline.tv\/wp-content\/uploads\/2024\/05\/Burghausen-Kultur-Online-TV-FM-1.png","datePublished":"2024-05-28T16:31:15+00:00","dateModified":"2025-06-13T07:05:50+00:00","description":"Wer den Sommerurlaub noch nicht verplant hat und Erholung sucht, kann sich das Entdeckerviertel malgenauer ansehen.","breadcrumb":{"@id":"https:\/\/kulturonline.tv\/at\/grenzenlose-erholung-im-entdeckerviertel\/#breadcrumb"},"inLanguage":"de-AT","potentialAction":[{"@type":"ReadAction","target":["https:\/\/kulturonline.tv\/at\/grenzenlose-erholung-im-entdeckerviertel\/"]}]},{"@type":"ImageObject","inLanguage":"de-AT","@id":"https:\/\/kulturonline.tv\/at\/grenzenlose-erholung-im-entdeckerviertel\/#primaryimage","url":"https:\/\/kulturonline.tv\/wp-content\/uploads\/2024\/05\/Burghausen-Kultur-Online-TV-FM-1.png","contentUrl":"https:\/\/kulturonline.tv\/wp-content\/uploads\/2024\/05\/Burghausen-Kultur-Online-TV-FM-1.png","width":2040,"height":1333},{"@type":"BreadcrumbList","@id":"https:\/\/kulturonline.tv\/at\/grenzenlose-erholung-im-entdeckerviertel\/#breadcrumb","itemListElement":[{"@type":"ListItem","position":1,"name":"Startseite","item":"https:\/\/kulturonline.tv\/at\/"},{"@type":"ListItem","position":2,"name":"Grenzenlose Erholung im Entdeckerviertel"}]},{"@type":"WebSite","@id":"https:\/\/kulturonline.tv\/at\/#website","url":"https:\/\/kulturonline.tv\/at\/","name":"Kultur Online TV &amp; FM","description":"Wir sind Kultur 2.0 zum sehen &amp; h\u00f6ren","publisher":{"@id":"https:\/\/kulturonline.tv\/at\/#organization"},"potentialAction":[{"@type":"SearchAction","target":{"@type":"EntryPoint","urlTemplate":"https:\/\/kulturonline.tv\/at\/?s={search_term_string}"},"query-input":{"@type":"PropertyValueSpecification","valueRequired":true,"valueName":"search_term_string"}}],"inLanguage":"de-AT"},{"@type":"Organization","@id":"https:\/\/kulturonline.tv\/at\/#organization","name":"Kultur Online TV","url":"https:\/\/kulturonline.tv\/at\/","logo":{"@type":"ImageObject","inLanguage":"de-AT","@id":"https:\/\/kulturonline.tv\/at\/#\/schema\/logo\/image\/","url":"https:\/\/kulturonline.tv\/wp-content\/uploads\/2021\/08\/Kultur-Online-Tv-Logo-Endversion-neu.png","contentUrl":"https:\/\/kulturonline.tv\/wp-content\/uploads\/2021\/08\/Kultur-Online-Tv-Logo-Endversion-neu.png","width":200,"height":200,"caption":"Kultur Online TV"},"image":{"@id":"https:\/\/kulturonline.tv\/at\/#\/schema\/logo\/image\/"},"sameAs":["https:\/\/www.facebook.com\/kulturonline.tv","https:\/\/www.instagram.com\/kulturonline.tv"]},{"@type":"Person","@id":"https:\/\/kulturonline.tv\/at\/#\/schema\/person\/b0fac729bb9a0c193fb1df23449df4fe","name":"guenter.wolfgang"}]}},"_links":{"self":[{"href":"https:\/\/kulturonline.tv\/at\/wp-json\/wp\/v2\/posts\/91183","targetHints":{"allow":["GET"]}}],"collection":[{"href":"https:\/\/kulturonline.tv\/at\/wp-json\/wp\/v2\/posts"}],"about":[{"href":"https:\/\/kulturonline.tv\/at\/wp-json\/wp\/v2\/types\/post"}],"author":[{"embeddable":true,"href":"https:\/\/kulturonline.tv\/at\/wp-json\/wp\/v2\/users\/2"}],"replies":[{"embeddable":true,"href":"https:\/\/kulturonline.tv\/at\/wp-json\/wp\/v2\/comments?post=91183"}],"version-history":[{"count":1,"href":"https:\/\/kulturonline.tv\/at\/wp-json\/wp\/v2\/posts\/91183\/revisions"}],"predecessor-version":[{"id":110315,"href":"https:\/\/kulturonline.tv\/at\/wp-json\/wp\/v2\/posts\/91183\/revisions\/110315"}],"wp:featuredmedia":[{"embeddable":true,"href":"https:\/\/kulturonline.tv\/at\/wp-json\/wp\/v2\/media\/91181"}],"wp:attachment":[{"href":"https:\/\/kulturonline.tv\/at\/wp-json\/wp\/v2\/media?parent=91183"}],"wp:term":[{"taxonomy":"category","embeddable":true,"href":"https:\/\/kulturonline.tv\/at\/wp-json\/wp\/v2\/categories?post=91183"},{"taxonomy":"post_tag","embeddable":true,"href":"https:\/\/kulturonline.tv\/at\/wp-json\/wp\/v2\/tags?post=91183"}],"curies":[{"name":"wp","href":"https:\/\/api.w.org\/{rel}","templated":true}]}}