{"id":91205,"date":"2024-05-28T19:21:32","date_gmt":"2024-05-28T17:21:32","guid":{"rendered":"https:\/\/kulturonline.tv\/uncategorized\/die-kleinen-alleskoenner-so-nuetzlich-sind-bienen"},"modified":"2026-03-14T07:04:40","modified_gmt":"2026-03-14T06:04:40","slug":"die-kleinen-alleskoenner-so-nuetzlich-sind-bienen","status":"publish","type":"post","link":"https:\/\/kulturonline.tv\/at\/die-kleinen-alleskoenner-so-nuetzlich-sind-bienen\/","title":{"rendered":"Die kleinen Allesk\u00f6nner: So n\u00fctzlich sind Bienen"},"content":{"rendered":"\n<p>Fast alles, was auf unseren Tellern landet, haben wir direkt oder indirekt den Bienen zu verdanken. Dazu z\u00e4hlen nicht nur pflanzliche Produkte und Honig, sondern auch Fleisch oder Milch \u2013 denn die Pflanzen, die von Bienen best\u00e4ubt wurden, dienen auch als Tierfutter.  <\/p>\n\n\n\n<figure class=\"wp-block-image size-full\"><img fetchpriority=\"high\" decoding=\"async\" width=\"1280\" height=\"853\" src=\"https:\/\/kulturonline.tv\/wp-content\/uploads\/2024\/05\/Bienen-Kultur-Online-TV-FM.jpg\" alt=\"\" class=\"wp-image-91198\" srcset=\"https:\/\/kulturonline.tv\/wp-content\/uploads\/2024\/05\/Bienen-Kultur-Online-TV-FM.jpg 1280w, https:\/\/kulturonline.tv\/wp-content\/uploads\/2024\/05\/Bienen-Kultur-Online-TV-FM-800x533.jpg 800w, https:\/\/kulturonline.tv\/wp-content\/uploads\/2024\/05\/Bienen-Kultur-Online-TV-FM-768x512.jpg 768w\" sizes=\"(max-width: 1280px) 100vw, 1280px\" \/><\/figure>\n\n\n\n<p>\u00a9 Bild Pixabay<\/p>\n\n\n\n<p>Was diese Insekten noch alles draufhaben, erfahrt ihr hier in diesem Beitrag von unseren Radiokollegen von Kultur Online FM.<\/p>\n\n\n\n<figure class=\"wp-block-audio\"><audio controls src=\"https:\/\/kulturonline.tv\/wp-content\/uploads\/2024\/05\/Beitrag_So_nuetzlich_sind_Bienen_Kultur-Online-TV-FM.mp3\"><\/audio><\/figure>\n\n\n\n<p>\u00a9 Kultur Online FM<\/p>\n\n\n\n<p>Bienen sind faszinierende Insekten, die eine wichtige Rolle in unserem \u00d6kosystem spielen. Sie sind nicht nur f\u00fcr die Herstellung von Honig bekannt, sondern leisten auch einen unverzichtbaren Beitrag zur Best\u00e4ubung von Pflanzen.<\/p>\n\n\n\n<p><strong>Lebensweise:<\/strong><\/p>\n\n\n\n<p>Bienen leben in einem Volk, das aus bis zu 60.000 Individuen bestehen kann. Das Volk wird von einer K\u00f6nigin geleitet, deren Aufgabe es ist, Eier zu legen. Die Arbeiterinnen sind weibliche Bienen, die f\u00fcr die Beschaffung von Nektar und Pollen, die Brutpflege und die Verteidigung des Stockes verantwortlich sind. Drohnen sind m\u00e4nnliche Bienen, deren einzige Aufgabe es ist, sich mit der K\u00f6nigin zu paaren.<\/p>\n\n\n\n<p><strong>Best\u00e4ubung:<\/strong><\/p>\n\n\n\n<p>Bienen sind die wichtigsten Best\u00e4uber von Wild- und Nutzpflanzen. Wenn sie von Bl\u00fcte zu Bl\u00fcte fliegen, um Nektar und Pollen zu sammeln, \u00fcbertragen sie gleichzeitig den Bl\u00fctenstaub von einer Pflanze zur anderen. Dies ist f\u00fcr die Fortpflanzung der Pflanzen essentiell. Ohne Bienen g\u00e4be es viele Fr\u00fcchte und Samen nicht.<\/p>\n\n\n\n<p><strong>Honigproduktion:<\/strong><\/p>\n\n\n\n<p>Bienen produzieren Honig, indem sie Nektar von Bl\u00fcten sammeln und diesen in ihrem Honigmagen zu Honig verarbeiten. Honig ist ein wertvolles Lebensmittel, das reich an Vitaminen und Mineralstoffen ist.<\/p>\n\n\n\n<p><strong>Gefahren f\u00fcr Bienen:<\/strong><\/p>\n\n\n\n<p>Bienen sind in Gefahr. Die wichtigsten Bedrohungen sind:<\/p>\n\n\n\n<ul class=\"wp-block-list\">\n<li><strong>Habitatverlust:<\/strong> Durch die intensive Landwirtschaft und den Verlust von nat\u00fcrlichen Lebensr\u00e4umen schwindet der Lebensraum der Bienen.<\/li>\n\n\n\n<li><strong>Pestizide:<\/strong> Pestizide, die zur Bek\u00e4mpfung von Sch\u00e4dlingen eingesetzt werden, k\u00f6nnen Bienen vergiften und t\u00f6ten.<\/li>\n\n\n\n<li><strong>Klimawandel:<\/strong> Der Klimawandel f\u00fchrt zu l\u00e4ngeren Trockenperioden und extremen Wetterereignissen, die f\u00fcr Bienen eine Gefahr darstellen.<\/li>\n<\/ul>\n\n\n\n<p><strong>Was wir tun k\u00f6nnen:<\/strong><\/p>\n\n\n\n<p>Wir k\u00f6nnen alle dazu beitragen, Bienen zu sch\u00fctzen. Hier sind einige Tipps:<\/p>\n\n\n\n<ul class=\"wp-block-list\">\n<li><strong>Pflanzen Sie bienenfreundliche Blumen:<\/strong> In Ihrem Garten oder auf Ihrem Balkon k\u00f6nnen Sie bienenfreundliche Blumen pflanzen, die den Bienen Nahrung bieten.<\/li>\n\n\n\n<li><strong>Verzichten Sie auf Pestizide:<\/strong> Verwenden Sie in Ihrem Garten keine Pestizide, da diese Bienen t\u00f6ten k\u00f6nnen.<\/li>\n\n\n\n<li><strong>Kaufe regionalen Honig:<\/strong> Beim Kauf von Honig unterst\u00fctzen du die Imker in deiner Region.<\/li>\n<\/ul>\n\n\n\n<p><strong>Bienen sind unverzichtbare Glieder unseres \u00d6kosystems. Es liegt an uns, sie zu sch\u00fctzen und ihnen einen Lebensraum zu bieten, in dem sie gedeihen k\u00f6nnen.<\/strong><\/p>\n\n\n\n<p><strong>Weitere Informationen:<\/strong><\/p>\n\n\n\n<ul class=\"wp-block-list\">\n<li><a href=\"https:\/\/berlin.nabu.de\/stadt-und-natur\/projekte-nabu-berlin\/hymenopterendienst\/index.html\" target=\"_blank\" rel=\"noreferrer noopener\">https:\/\/berlin.nabu.de\/stadt-und-natur\/projekte-nabu-berlin\/hymenopterendienst\/index.html<\/a><\/li>\n\n\n\n<li><a href=\"https:\/\/www.umweltbundesamt.de\/honigbiene\" target=\"_blank\" rel=\"noreferrer noopener\">https:\/\/www.umweltbundesamt.de\/honigbiene<\/a><\/li>\n\n\n\n<li><a href=\"https:\/\/de.wikipedia.org\/wiki\/Bienen\" target=\"_blank\" rel=\"noreferrer noopener\">https:\/\/de.wikipedia.org\/wiki\/Bienen<\/a><\/li>\n<\/ul>\n\n\n\n<p>#lifestyle #insekten #pflanzen<\/p>\n","protected":false},"excerpt":{"rendered":"<p>Fast alles, was auf unseren Tellern landet, haben wir direkt oder indirekt den Bienen zu verdanken. Dazu z\u00e4hlen nicht nur pflanzliche Produkte und Honig, sondern auch Fleisch oder Milch \u2013 denn die Pflanzen, die von Bienen best\u00e4ubt wurden, dienen auch als Tierfutter. \u00a9 Bild Pixabay Was diese Insekten noch alles draufhaben, erfahrt ihr hier in [&hellip;]<\/p>\n","protected":false},"author":2,"featured_media":91203,"comment_status":"open","ping_status":"closed","sticky":false,"template":"","format":"standard","meta":{"_acf_changed":false,"footnotes":""},"categories":[793,1137],"tags":[],"class_list":["post-91205","post","type-post","status-publish","format-standard","has-post-thumbnail","hentry","category-audiothek-lifestyle-at","category-fm-tipps-beitraege-at"],"acf":[],"yoast_head":"<!-- This site is optimized with the Yoast SEO plugin v26.1.1 - https:\/\/yoast.com\/wordpress\/plugins\/seo\/ -->\n<title>Die kleinen Allesk\u00f6nner: So n\u00fctzlich sind Bienen - Kultur Online TV &amp; FM<\/title>\n<meta name=\"description\" content=\"Fast alles, was auf unseren Tellern landet, haben wir direkt oder indirekt den Bienen zu verdanken.\" \/>\n<meta name=\"robots\" content=\"index, follow, max-snippet:-1, max-image-preview:large, max-video-preview:-1\" \/>\n<link rel=\"canonical\" href=\"https:\/\/kulturonline.tv\/at\/die-kleinen-alleskoenner-so-nuetzlich-sind-bienen\/\" \/>\n<meta property=\"og:locale\" content=\"de_DE\" \/>\n<meta property=\"og:type\" content=\"article\" \/>\n<meta property=\"og:title\" content=\"Die kleinen Allesk\u00f6nner: So n\u00fctzlich sind Bienen - Kultur Online TV &amp; FM\" \/>\n<meta property=\"og:description\" content=\"Fast alles, was auf unseren Tellern landet, haben wir direkt oder indirekt den Bienen zu verdanken.\" \/>\n<meta property=\"og:url\" content=\"https:\/\/kulturonline.tv\/at\/die-kleinen-alleskoenner-so-nuetzlich-sind-bienen\/\" \/>\n<meta property=\"og:site_name\" content=\"Kultur Online TV &amp; FM\" \/>\n<meta property=\"article:publisher\" content=\"https:\/\/www.facebook.com\/kulturonline.tv\" \/>\n<meta property=\"article:published_time\" content=\"2024-05-28T17:21:32+00:00\" \/>\n<meta property=\"article:modified_time\" content=\"2026-03-14T06:04:40+00:00\" \/>\n<meta property=\"og:image\" content=\"https:\/\/kulturonline.tv\/wp-content\/uploads\/2024\/05\/Bienen-Kultur-Online-TV-FM-1.jpg\" \/>\n\t<meta property=\"og:image:width\" content=\"1280\" \/>\n\t<meta property=\"og:image:height\" content=\"853\" \/>\n\t<meta property=\"og:image:type\" content=\"image\/jpeg\" \/>\n<meta name=\"author\" content=\"guenter.wolfgang\" \/>\n<meta name=\"twitter:card\" content=\"summary_large_image\" \/>\n<meta name=\"twitter:label1\" content=\"Verfasst von\" \/>\n\t<meta name=\"twitter:data1\" content=\"guenter.wolfgang\" \/>\n\t<meta name=\"twitter:label2\" content=\"Gesch\u00e4tzte Lesezeit\" \/>\n\t<meta name=\"twitter:data2\" content=\"2 Minuten\" \/>\n<script type=\"application\/ld+json\" class=\"yoast-schema-graph\">{\"@context\":\"https:\/\/schema.org\",\"@graph\":[{\"@type\":\"Article\",\"@id\":\"https:\/\/kulturonline.tv\/at\/die-kleinen-alleskoenner-so-nuetzlich-sind-bienen\/#article\",\"isPartOf\":{\"@id\":\"https:\/\/kulturonline.tv\/at\/die-kleinen-alleskoenner-so-nuetzlich-sind-bienen\/\"},\"author\":{\"name\":\"guenter.wolfgang\",\"@id\":\"https:\/\/kulturonline.tv\/at\/#\/schema\/person\/b0fac729bb9a0c193fb1df23449df4fe\"},\"headline\":\"Die kleinen Allesk\u00f6nner: So n\u00fctzlich sind Bienen\",\"datePublished\":\"2024-05-28T17:21:32+00:00\",\"dateModified\":\"2026-03-14T06:04:40+00:00\",\"mainEntityOfPage\":{\"@id\":\"https:\/\/kulturonline.tv\/at\/die-kleinen-alleskoenner-so-nuetzlich-sind-bienen\/\"},\"wordCount\":459,\"commentCount\":0,\"publisher\":{\"@id\":\"https:\/\/kulturonline.tv\/at\/#organization\"},\"image\":{\"@id\":\"https:\/\/kulturonline.tv\/at\/die-kleinen-alleskoenner-so-nuetzlich-sind-bienen\/#primaryimage\"},\"thumbnailUrl\":\"https:\/\/kulturonline.tv\/wp-content\/uploads\/2024\/05\/Bienen-Kultur-Online-TV-FM-1.jpg\",\"articleSection\":[\"Audiothek Lifestyle\",\"FM Tipps Beitr\u00e4ge\"],\"inLanguage\":\"de-AT\",\"potentialAction\":[{\"@type\":\"CommentAction\",\"name\":\"Comment\",\"target\":[\"https:\/\/kulturonline.tv\/at\/die-kleinen-alleskoenner-so-nuetzlich-sind-bienen\/#respond\"]}]},{\"@type\":\"WebPage\",\"@id\":\"https:\/\/kulturonline.tv\/at\/die-kleinen-alleskoenner-so-nuetzlich-sind-bienen\/\",\"url\":\"https:\/\/kulturonline.tv\/at\/die-kleinen-alleskoenner-so-nuetzlich-sind-bienen\/\",\"name\":\"Die kleinen Allesk\u00f6nner: So n\u00fctzlich sind Bienen - Kultur Online TV &amp; FM\",\"isPartOf\":{\"@id\":\"https:\/\/kulturonline.tv\/at\/#website\"},\"primaryImageOfPage\":{\"@id\":\"https:\/\/kulturonline.tv\/at\/die-kleinen-alleskoenner-so-nuetzlich-sind-bienen\/#primaryimage\"},\"image\":{\"@id\":\"https:\/\/kulturonline.tv\/at\/die-kleinen-alleskoenner-so-nuetzlich-sind-bienen\/#primaryimage\"},\"thumbnailUrl\":\"https:\/\/kulturonline.tv\/wp-content\/uploads\/2024\/05\/Bienen-Kultur-Online-TV-FM-1.jpg\",\"datePublished\":\"2024-05-28T17:21:32+00:00\",\"dateModified\":\"2026-03-14T06:04:40+00:00\",\"description\":\"Fast alles, was auf unseren Tellern landet, haben wir direkt oder indirekt den Bienen zu verdanken.\",\"breadcrumb\":{\"@id\":\"https:\/\/kulturonline.tv\/at\/die-kleinen-alleskoenner-so-nuetzlich-sind-bienen\/#breadcrumb\"},\"inLanguage\":\"de-AT\",\"potentialAction\":[{\"@type\":\"ReadAction\",\"target\":[\"https:\/\/kulturonline.tv\/at\/die-kleinen-alleskoenner-so-nuetzlich-sind-bienen\/\"]}]},{\"@type\":\"ImageObject\",\"inLanguage\":\"de-AT\",\"@id\":\"https:\/\/kulturonline.tv\/at\/die-kleinen-alleskoenner-so-nuetzlich-sind-bienen\/#primaryimage\",\"url\":\"https:\/\/kulturonline.tv\/wp-content\/uploads\/2024\/05\/Bienen-Kultur-Online-TV-FM-1.jpg\",\"contentUrl\":\"https:\/\/kulturonline.tv\/wp-content\/uploads\/2024\/05\/Bienen-Kultur-Online-TV-FM-1.jpg\",\"width\":1280,\"height\":853},{\"@type\":\"BreadcrumbList\",\"@id\":\"https:\/\/kulturonline.tv\/at\/die-kleinen-alleskoenner-so-nuetzlich-sind-bienen\/#breadcrumb\",\"itemListElement\":[{\"@type\":\"ListItem\",\"position\":1,\"name\":\"Startseite\",\"item\":\"https:\/\/kulturonline.tv\/at\/\"},{\"@type\":\"ListItem\",\"position\":2,\"name\":\"Die kleinen Allesk\u00f6nner: So n\u00fctzlich sind Bienen\"}]},{\"@type\":\"WebSite\",\"@id\":\"https:\/\/kulturonline.tv\/at\/#website\",\"url\":\"https:\/\/kulturonline.tv\/at\/\",\"name\":\"Kultur Online TV &amp; FM\",\"description\":\"Wir sind Kultur 2.0 zum sehen &amp; h\u00f6ren\",\"publisher\":{\"@id\":\"https:\/\/kulturonline.tv\/at\/#organization\"},\"potentialAction\":[{\"@type\":\"SearchAction\",\"target\":{\"@type\":\"EntryPoint\",\"urlTemplate\":\"https:\/\/kulturonline.tv\/at\/?s={search_term_string}\"},\"query-input\":{\"@type\":\"PropertyValueSpecification\",\"valueRequired\":true,\"valueName\":\"search_term_string\"}}],\"inLanguage\":\"de-AT\"},{\"@type\":\"Organization\",\"@id\":\"https:\/\/kulturonline.tv\/at\/#organization\",\"name\":\"Kultur Online TV\",\"url\":\"https:\/\/kulturonline.tv\/at\/\",\"logo\":{\"@type\":\"ImageObject\",\"inLanguage\":\"de-AT\",\"@id\":\"https:\/\/kulturonline.tv\/at\/#\/schema\/logo\/image\/\",\"url\":\"https:\/\/kulturonline.tv\/wp-content\/uploads\/2021\/08\/Kultur-Online-Tv-Logo-Endversion-neu.png\",\"contentUrl\":\"https:\/\/kulturonline.tv\/wp-content\/uploads\/2021\/08\/Kultur-Online-Tv-Logo-Endversion-neu.png\",\"width\":200,\"height\":200,\"caption\":\"Kultur Online TV\"},\"image\":{\"@id\":\"https:\/\/kulturonline.tv\/at\/#\/schema\/logo\/image\/\"},\"sameAs\":[\"https:\/\/www.facebook.com\/kulturonline.tv\",\"https:\/\/www.instagram.com\/kulturonline.tv\"]},{\"@type\":\"Person\",\"@id\":\"https:\/\/kulturonline.tv\/at\/#\/schema\/person\/b0fac729bb9a0c193fb1df23449df4fe\",\"name\":\"guenter.wolfgang\"}]}<\/script>\n<!-- \/ Yoast SEO plugin. -->","yoast_head_json":{"title":"Die kleinen Allesk\u00f6nner: So n\u00fctzlich sind Bienen - Kultur Online TV &amp; FM","description":"Fast alles, was auf unseren Tellern landet, haben wir direkt oder indirekt den Bienen zu verdanken.","robots":{"index":"index","follow":"follow","max-snippet":"max-snippet:-1","max-image-preview":"max-image-preview:large","max-video-preview":"max-video-preview:-1"},"canonical":"https:\/\/kulturonline.tv\/at\/die-kleinen-alleskoenner-so-nuetzlich-sind-bienen\/","og_locale":"de_DE","og_type":"article","og_title":"Die kleinen Allesk\u00f6nner: So n\u00fctzlich sind Bienen - Kultur Online TV &amp; FM","og_description":"Fast alles, was auf unseren Tellern landet, haben wir direkt oder indirekt den Bienen zu verdanken.","og_url":"https:\/\/kulturonline.tv\/at\/die-kleinen-alleskoenner-so-nuetzlich-sind-bienen\/","og_site_name":"Kultur Online TV &amp; FM","article_publisher":"https:\/\/www.facebook.com\/kulturonline.tv","article_published_time":"2024-05-28T17:21:32+00:00","article_modified_time":"2026-03-14T06:04:40+00:00","og_image":[{"width":1280,"height":853,"url":"https:\/\/kulturonline.tv\/wp-content\/uploads\/2024\/05\/Bienen-Kultur-Online-TV-FM-1.jpg","type":"image\/jpeg"}],"author":"guenter.wolfgang","twitter_card":"summary_large_image","twitter_misc":{"Verfasst von":"guenter.wolfgang","Gesch\u00e4tzte Lesezeit":"2 Minuten"},"schema":{"@context":"https:\/\/schema.org","@graph":[{"@type":"Article","@id":"https:\/\/kulturonline.tv\/at\/die-kleinen-alleskoenner-so-nuetzlich-sind-bienen\/#article","isPartOf":{"@id":"https:\/\/kulturonline.tv\/at\/die-kleinen-alleskoenner-so-nuetzlich-sind-bienen\/"},"author":{"name":"guenter.wolfgang","@id":"https:\/\/kulturonline.tv\/at\/#\/schema\/person\/b0fac729bb9a0c193fb1df23449df4fe"},"headline":"Die kleinen Allesk\u00f6nner: So n\u00fctzlich sind Bienen","datePublished":"2024-05-28T17:21:32+00:00","dateModified":"2026-03-14T06:04:40+00:00","mainEntityOfPage":{"@id":"https:\/\/kulturonline.tv\/at\/die-kleinen-alleskoenner-so-nuetzlich-sind-bienen\/"},"wordCount":459,"commentCount":0,"publisher":{"@id":"https:\/\/kulturonline.tv\/at\/#organization"},"image":{"@id":"https:\/\/kulturonline.tv\/at\/die-kleinen-alleskoenner-so-nuetzlich-sind-bienen\/#primaryimage"},"thumbnailUrl":"https:\/\/kulturonline.tv\/wp-content\/uploads\/2024\/05\/Bienen-Kultur-Online-TV-FM-1.jpg","articleSection":["Audiothek Lifestyle","FM Tipps Beitr\u00e4ge"],"inLanguage":"de-AT","potentialAction":[{"@type":"CommentAction","name":"Comment","target":["https:\/\/kulturonline.tv\/at\/die-kleinen-alleskoenner-so-nuetzlich-sind-bienen\/#respond"]}]},{"@type":"WebPage","@id":"https:\/\/kulturonline.tv\/at\/die-kleinen-alleskoenner-so-nuetzlich-sind-bienen\/","url":"https:\/\/kulturonline.tv\/at\/die-kleinen-alleskoenner-so-nuetzlich-sind-bienen\/","name":"Die kleinen Allesk\u00f6nner: So n\u00fctzlich sind Bienen - Kultur Online TV &amp; FM","isPartOf":{"@id":"https:\/\/kulturonline.tv\/at\/#website"},"primaryImageOfPage":{"@id":"https:\/\/kulturonline.tv\/at\/die-kleinen-alleskoenner-so-nuetzlich-sind-bienen\/#primaryimage"},"image":{"@id":"https:\/\/kulturonline.tv\/at\/die-kleinen-alleskoenner-so-nuetzlich-sind-bienen\/#primaryimage"},"thumbnailUrl":"https:\/\/kulturonline.tv\/wp-content\/uploads\/2024\/05\/Bienen-Kultur-Online-TV-FM-1.jpg","datePublished":"2024-05-28T17:21:32+00:00","dateModified":"2026-03-14T06:04:40+00:00","description":"Fast alles, was auf unseren Tellern landet, haben wir direkt oder indirekt den Bienen zu verdanken.","breadcrumb":{"@id":"https:\/\/kulturonline.tv\/at\/die-kleinen-alleskoenner-so-nuetzlich-sind-bienen\/#breadcrumb"},"inLanguage":"de-AT","potentialAction":[{"@type":"ReadAction","target":["https:\/\/kulturonline.tv\/at\/die-kleinen-alleskoenner-so-nuetzlich-sind-bienen\/"]}]},{"@type":"ImageObject","inLanguage":"de-AT","@id":"https:\/\/kulturonline.tv\/at\/die-kleinen-alleskoenner-so-nuetzlich-sind-bienen\/#primaryimage","url":"https:\/\/kulturonline.tv\/wp-content\/uploads\/2024\/05\/Bienen-Kultur-Online-TV-FM-1.jpg","contentUrl":"https:\/\/kulturonline.tv\/wp-content\/uploads\/2024\/05\/Bienen-Kultur-Online-TV-FM-1.jpg","width":1280,"height":853},{"@type":"BreadcrumbList","@id":"https:\/\/kulturonline.tv\/at\/die-kleinen-alleskoenner-so-nuetzlich-sind-bienen\/#breadcrumb","itemListElement":[{"@type":"ListItem","position":1,"name":"Startseite","item":"https:\/\/kulturonline.tv\/at\/"},{"@type":"ListItem","position":2,"name":"Die kleinen Allesk\u00f6nner: So n\u00fctzlich sind Bienen"}]},{"@type":"WebSite","@id":"https:\/\/kulturonline.tv\/at\/#website","url":"https:\/\/kulturonline.tv\/at\/","name":"Kultur Online TV &amp; FM","description":"Wir sind Kultur 2.0 zum sehen &amp; h\u00f6ren","publisher":{"@id":"https:\/\/kulturonline.tv\/at\/#organization"},"potentialAction":[{"@type":"SearchAction","target":{"@type":"EntryPoint","urlTemplate":"https:\/\/kulturonline.tv\/at\/?s={search_term_string}"},"query-input":{"@type":"PropertyValueSpecification","valueRequired":true,"valueName":"search_term_string"}}],"inLanguage":"de-AT"},{"@type":"Organization","@id":"https:\/\/kulturonline.tv\/at\/#organization","name":"Kultur Online TV","url":"https:\/\/kulturonline.tv\/at\/","logo":{"@type":"ImageObject","inLanguage":"de-AT","@id":"https:\/\/kulturonline.tv\/at\/#\/schema\/logo\/image\/","url":"https:\/\/kulturonline.tv\/wp-content\/uploads\/2021\/08\/Kultur-Online-Tv-Logo-Endversion-neu.png","contentUrl":"https:\/\/kulturonline.tv\/wp-content\/uploads\/2021\/08\/Kultur-Online-Tv-Logo-Endversion-neu.png","width":200,"height":200,"caption":"Kultur Online TV"},"image":{"@id":"https:\/\/kulturonline.tv\/at\/#\/schema\/logo\/image\/"},"sameAs":["https:\/\/www.facebook.com\/kulturonline.tv","https:\/\/www.instagram.com\/kulturonline.tv"]},{"@type":"Person","@id":"https:\/\/kulturonline.tv\/at\/#\/schema\/person\/b0fac729bb9a0c193fb1df23449df4fe","name":"guenter.wolfgang"}]}},"_links":{"self":[{"href":"https:\/\/kulturonline.tv\/at\/wp-json\/wp\/v2\/posts\/91205","targetHints":{"allow":["GET"]}}],"collection":[{"href":"https:\/\/kulturonline.tv\/at\/wp-json\/wp\/v2\/posts"}],"about":[{"href":"https:\/\/kulturonline.tv\/at\/wp-json\/wp\/v2\/types\/post"}],"author":[{"embeddable":true,"href":"https:\/\/kulturonline.tv\/at\/wp-json\/wp\/v2\/users\/2"}],"replies":[{"embeddable":true,"href":"https:\/\/kulturonline.tv\/at\/wp-json\/wp\/v2\/comments?post=91205"}],"version-history":[{"count":1,"href":"https:\/\/kulturonline.tv\/at\/wp-json\/wp\/v2\/posts\/91205\/revisions"}],"predecessor-version":[{"id":110317,"href":"https:\/\/kulturonline.tv\/at\/wp-json\/wp\/v2\/posts\/91205\/revisions\/110317"}],"wp:featuredmedia":[{"embeddable":true,"href":"https:\/\/kulturonline.tv\/at\/wp-json\/wp\/v2\/media\/91203"}],"wp:attachment":[{"href":"https:\/\/kulturonline.tv\/at\/wp-json\/wp\/v2\/media?parent=91205"}],"wp:term":[{"taxonomy":"category","embeddable":true,"href":"https:\/\/kulturonline.tv\/at\/wp-json\/wp\/v2\/categories?post=91205"},{"taxonomy":"post_tag","embeddable":true,"href":"https:\/\/kulturonline.tv\/at\/wp-json\/wp\/v2\/tags?post=91205"}],"curies":[{"name":"wp","href":"https:\/\/api.w.org\/{rel}","templated":true}]}}