{"id":96089,"date":"2024-07-25T14:38:27","date_gmt":"2024-07-25T12:38:27","guid":{"rendered":"https:\/\/kulturonline.tv\/?p=96089"},"modified":"2024-07-25T14:42:13","modified_gmt":"2024-07-25T12:42:13","slug":"film-tipp-mediathek-arte-tv-die-neue-eva","status":"publish","type":"post","link":"https:\/\/kulturonline.tv\/at\/film-tipp-mediathek-arte-tv-die-neue-eva\/","title":{"rendered":"Film Tipp Mediathek ARTE TV Die neue Eva"},"content":{"rendered":"\n<figure class=\"wp-block-image size-full\"><img fetchpriority=\"high\" decoding=\"async\" width=\"1019\" height=\"572\" src=\"https:\/\/kulturonline.tv\/wp-content\/uploads\/2024\/07\/Die-Neue-EVA.jpg-Kultur-Online-TV-FM.jpg\" alt=\"\" class=\"wp-image-96090\" srcset=\"https:\/\/kulturonline.tv\/wp-content\/uploads\/2024\/07\/Die-Neue-EVA.jpg-Kultur-Online-TV-FM.jpg 1019w, https:\/\/kulturonline.tv\/wp-content\/uploads\/2024\/07\/Die-Neue-EVA.jpg-Kultur-Online-TV-FM-800x449.jpg 800w, https:\/\/kulturonline.tv\/wp-content\/uploads\/2024\/07\/Die-Neue-EVA.jpg-Kultur-Online-TV-FM-768x431.jpg 768w\" sizes=\"(max-width: 1019px) 100vw, 1019px\" \/><\/figure>\n\n\n\n<p>Camille, Mitte 30, zieht ihr buntes Singledasein dem tristen Ehegl\u00fcck ihres Bruders vor. Sie berauscht sich an n\u00e4chtlichen Streifz\u00fcgen und Zufallsbegegnungen, wobei sie von ihren lesbischen Freundinnen Louise und Solveig unterst\u00fctzt wird. Bis sie eines Tages Alexis begegnet, in den sie sich unsterblich verliebt. Um diesen verheirateten Mann, einen Funktion\u00e4r der Sozialistischen Partei, zu erobern, nimmt Camille alles in Kauf.<\/p>\n\n\n\n<div class=\"wp-block-media-text is-stacked-on-mobile\" style=\"grid-template-columns:26% auto\"><figure class=\"wp-block-media-text__media\"><img decoding=\"async\" width=\"868\" height=\"490\" src=\"https:\/\/kulturonline.tv\/wp-content\/uploads\/2024\/07\/tipp-transparent.png\" alt=\"\" class=\"wp-image-95317 size-full\" srcset=\"https:\/\/kulturonline.tv\/wp-content\/uploads\/2024\/07\/tipp-transparent.png 868w, https:\/\/kulturonline.tv\/wp-content\/uploads\/2024\/07\/tipp-transparent-800x452.png 800w, https:\/\/kulturonline.tv\/wp-content\/uploads\/2024\/07\/tipp-transparent-768x434.png 768w\" sizes=\"(max-width: 868px) 100vw, 868px\" \/><\/figure><div class=\"wp-block-media-text__content\">\n<p><\/p>\n<\/div><\/div>\n\n\n\n<p><a href=\"https:\/\/www.arte.tv\/de\/videos\/023686-000-A\/die-neue-eva\/\">Jetzt in der ARTE Mediathek I Verf\u00fcgbar bis zum 30\/11\/2024<\/a><\/p>\n\n\n\n<p>Kultur Online TV-FM<\/p>\n\n\n\n<p>#filmtipps #arthausfilme #<\/p>\n","protected":false},"excerpt":{"rendered":"<p>Camille, Mitte 30, zieht ihr buntes Singledasein dem tristen Ehegl\u00fcck ihres Bruders vor. Sie berauscht sich an n\u00e4chtlichen Streifz\u00fcgen und Zufallsbegegnungen, wobei sie von ihren lesbischen Freundinnen Louise und Solveig unterst\u00fctzt wird. Bis sie eines Tages Alexis begegnet, in den sie sich unsterblich verliebt. Um diesen verheirateten Mann, einen Funktion\u00e4r der Sozialistischen Partei, zu erobern, [&hellip;]<\/p>\n","protected":false},"author":2,"featured_media":96092,"comment_status":"open","ping_status":"closed","sticky":false,"template":"","format":"standard","meta":{"_acf_changed":false,"footnotes":""},"categories":[670],"tags":[],"class_list":["post-96089","post","type-post","status-publish","format-standard","has-post-thumbnail","hentry","category-news-storys-home-entertainment-at"],"acf":[],"yoast_head":"<!-- This site is optimized with the Yoast SEO plugin v26.1.1 - https:\/\/yoast.com\/wordpress\/plugins\/seo\/ -->\n<title>Film Tipp Mediathek ARTE TV Die neue Eva - Kultur Online TV &amp; FM<\/title>\n<meta name=\"description\" content=\"Camille, Mitte 30, zieht ihr buntes Singledasein dem tristen Ehegl\u00fcck ihres Bruders vor.\" \/>\n<meta name=\"robots\" content=\"index, follow, max-snippet:-1, max-image-preview:large, max-video-preview:-1\" \/>\n<link rel=\"canonical\" href=\"https:\/\/kulturonline.tv\/at\/film-tipp-mediathek-arte-tv-die-neue-eva\/\" \/>\n<meta property=\"og:locale\" content=\"de_DE\" \/>\n<meta property=\"og:type\" content=\"article\" \/>\n<meta property=\"og:title\" content=\"Film Tipp Mediathek ARTE TV Die neue Eva - Kultur Online TV &amp; FM\" \/>\n<meta property=\"og:description\" content=\"Camille, Mitte 30, zieht ihr buntes Singledasein dem tristen Ehegl\u00fcck ihres Bruders vor.\" \/>\n<meta property=\"og:url\" content=\"https:\/\/kulturonline.tv\/at\/film-tipp-mediathek-arte-tv-die-neue-eva\/\" \/>\n<meta property=\"og:site_name\" content=\"Kultur Online TV &amp; FM\" \/>\n<meta property=\"article:publisher\" content=\"https:\/\/www.facebook.com\/kulturonline.tv\" \/>\n<meta property=\"article:published_time\" content=\"2024-07-25T12:38:27+00:00\" \/>\n<meta property=\"article:modified_time\" content=\"2024-07-25T12:42:13+00:00\" \/>\n<meta property=\"og:image\" content=\"https:\/\/kulturonline.tv\/wp-content\/uploads\/2024\/07\/Die-Neue-EVA-1.jpg-Kultur-Online-TV-FM-1.jpg\" \/>\n\t<meta property=\"og:image:width\" content=\"1019\" \/>\n\t<meta property=\"og:image:height\" content=\"572\" \/>\n\t<meta property=\"og:image:type\" content=\"image\/jpeg\" \/>\n<meta name=\"author\" content=\"guenter.wolfgang\" \/>\n<meta name=\"twitter:card\" content=\"summary_large_image\" \/>\n<meta name=\"twitter:label1\" content=\"Verfasst von\" \/>\n\t<meta name=\"twitter:data1\" content=\"guenter.wolfgang\" \/>\n<script type=\"application\/ld+json\" class=\"yoast-schema-graph\">{\"@context\":\"https:\/\/schema.org\",\"@graph\":[{\"@type\":\"Article\",\"@id\":\"https:\/\/kulturonline.tv\/at\/film-tipp-mediathek-arte-tv-die-neue-eva\/#article\",\"isPartOf\":{\"@id\":\"https:\/\/kulturonline.tv\/at\/film-tipp-mediathek-arte-tv-die-neue-eva\/\"},\"author\":{\"name\":\"guenter.wolfgang\",\"@id\":\"https:\/\/kulturonline.tv\/at\/#\/schema\/person\/b0fac729bb9a0c193fb1df23449df4fe\"},\"headline\":\"Film Tipp Mediathek ARTE TV Die neue Eva\",\"datePublished\":\"2024-07-25T12:38:27+00:00\",\"dateModified\":\"2024-07-25T12:42:13+00:00\",\"mainEntityOfPage\":{\"@id\":\"https:\/\/kulturonline.tv\/at\/film-tipp-mediathek-arte-tv-die-neue-eva\/\"},\"wordCount\":87,\"commentCount\":0,\"publisher\":{\"@id\":\"https:\/\/kulturonline.tv\/at\/#organization\"},\"image\":{\"@id\":\"https:\/\/kulturonline.tv\/at\/film-tipp-mediathek-arte-tv-die-neue-eva\/#primaryimage\"},\"thumbnailUrl\":\"https:\/\/kulturonline.tv\/wp-content\/uploads\/2024\/07\/Die-Neue-EVA-1.jpg-Kultur-Online-TV-FM-1.jpg\",\"articleSection\":[\"News &amp; Storys Home Entertainment\"],\"inLanguage\":\"de-AT\",\"potentialAction\":[{\"@type\":\"CommentAction\",\"name\":\"Comment\",\"target\":[\"https:\/\/kulturonline.tv\/at\/film-tipp-mediathek-arte-tv-die-neue-eva\/#respond\"]}]},{\"@type\":\"WebPage\",\"@id\":\"https:\/\/kulturonline.tv\/at\/film-tipp-mediathek-arte-tv-die-neue-eva\/\",\"url\":\"https:\/\/kulturonline.tv\/at\/film-tipp-mediathek-arte-tv-die-neue-eva\/\",\"name\":\"Film Tipp Mediathek ARTE TV Die neue Eva - Kultur Online TV &amp; FM\",\"isPartOf\":{\"@id\":\"https:\/\/kulturonline.tv\/at\/#website\"},\"primaryImageOfPage\":{\"@id\":\"https:\/\/kulturonline.tv\/at\/film-tipp-mediathek-arte-tv-die-neue-eva\/#primaryimage\"},\"image\":{\"@id\":\"https:\/\/kulturonline.tv\/at\/film-tipp-mediathek-arte-tv-die-neue-eva\/#primaryimage\"},\"thumbnailUrl\":\"https:\/\/kulturonline.tv\/wp-content\/uploads\/2024\/07\/Die-Neue-EVA-1.jpg-Kultur-Online-TV-FM-1.jpg\",\"datePublished\":\"2024-07-25T12:38:27+00:00\",\"dateModified\":\"2024-07-25T12:42:13+00:00\",\"description\":\"Camille, Mitte 30, zieht ihr buntes Singledasein dem tristen Ehegl\u00fcck ihres Bruders vor.\",\"breadcrumb\":{\"@id\":\"https:\/\/kulturonline.tv\/at\/film-tipp-mediathek-arte-tv-die-neue-eva\/#breadcrumb\"},\"inLanguage\":\"de-AT\",\"potentialAction\":[{\"@type\":\"ReadAction\",\"target\":[\"https:\/\/kulturonline.tv\/at\/film-tipp-mediathek-arte-tv-die-neue-eva\/\"]}]},{\"@type\":\"ImageObject\",\"inLanguage\":\"de-AT\",\"@id\":\"https:\/\/kulturonline.tv\/at\/film-tipp-mediathek-arte-tv-die-neue-eva\/#primaryimage\",\"url\":\"https:\/\/kulturonline.tv\/wp-content\/uploads\/2024\/07\/Die-Neue-EVA-1.jpg-Kultur-Online-TV-FM-1.jpg\",\"contentUrl\":\"https:\/\/kulturonline.tv\/wp-content\/uploads\/2024\/07\/Die-Neue-EVA-1.jpg-Kultur-Online-TV-FM-1.jpg\",\"width\":1019,\"height\":572},{\"@type\":\"BreadcrumbList\",\"@id\":\"https:\/\/kulturonline.tv\/at\/film-tipp-mediathek-arte-tv-die-neue-eva\/#breadcrumb\",\"itemListElement\":[{\"@type\":\"ListItem\",\"position\":1,\"name\":\"Startseite\",\"item\":\"https:\/\/kulturonline.tv\/at\/\"},{\"@type\":\"ListItem\",\"position\":2,\"name\":\"Film Tipp Mediathek ARTE TV Die neue Eva\"}]},{\"@type\":\"WebSite\",\"@id\":\"https:\/\/kulturonline.tv\/at\/#website\",\"url\":\"https:\/\/kulturonline.tv\/at\/\",\"name\":\"Kultur Online TV &amp; FM\",\"description\":\"Wir sind Kultur 2.0 zum sehen &amp; h\u00f6ren\",\"publisher\":{\"@id\":\"https:\/\/kulturonline.tv\/at\/#organization\"},\"potentialAction\":[{\"@type\":\"SearchAction\",\"target\":{\"@type\":\"EntryPoint\",\"urlTemplate\":\"https:\/\/kulturonline.tv\/at\/?s={search_term_string}\"},\"query-input\":{\"@type\":\"PropertyValueSpecification\",\"valueRequired\":true,\"valueName\":\"search_term_string\"}}],\"inLanguage\":\"de-AT\"},{\"@type\":\"Organization\",\"@id\":\"https:\/\/kulturonline.tv\/at\/#organization\",\"name\":\"Kultur Online TV\",\"url\":\"https:\/\/kulturonline.tv\/at\/\",\"logo\":{\"@type\":\"ImageObject\",\"inLanguage\":\"de-AT\",\"@id\":\"https:\/\/kulturonline.tv\/at\/#\/schema\/logo\/image\/\",\"url\":\"https:\/\/kulturonline.tv\/wp-content\/uploads\/2021\/08\/Kultur-Online-Tv-Logo-Endversion-neu.png\",\"contentUrl\":\"https:\/\/kulturonline.tv\/wp-content\/uploads\/2021\/08\/Kultur-Online-Tv-Logo-Endversion-neu.png\",\"width\":200,\"height\":200,\"caption\":\"Kultur Online TV\"},\"image\":{\"@id\":\"https:\/\/kulturonline.tv\/at\/#\/schema\/logo\/image\/\"},\"sameAs\":[\"https:\/\/www.facebook.com\/kulturonline.tv\",\"https:\/\/www.instagram.com\/kulturonline.tv\"]},{\"@type\":\"Person\",\"@id\":\"https:\/\/kulturonline.tv\/at\/#\/schema\/person\/b0fac729bb9a0c193fb1df23449df4fe\",\"name\":\"guenter.wolfgang\"}]}<\/script>\n<!-- \/ Yoast SEO plugin. -->","yoast_head_json":{"title":"Film Tipp Mediathek ARTE TV Die neue Eva - Kultur Online TV &amp; FM","description":"Camille, Mitte 30, zieht ihr buntes Singledasein dem tristen Ehegl\u00fcck ihres Bruders vor.","robots":{"index":"index","follow":"follow","max-snippet":"max-snippet:-1","max-image-preview":"max-image-preview:large","max-video-preview":"max-video-preview:-1"},"canonical":"https:\/\/kulturonline.tv\/at\/film-tipp-mediathek-arte-tv-die-neue-eva\/","og_locale":"de_DE","og_type":"article","og_title":"Film Tipp Mediathek ARTE TV Die neue Eva - Kultur Online TV &amp; FM","og_description":"Camille, Mitte 30, zieht ihr buntes Singledasein dem tristen Ehegl\u00fcck ihres Bruders vor.","og_url":"https:\/\/kulturonline.tv\/at\/film-tipp-mediathek-arte-tv-die-neue-eva\/","og_site_name":"Kultur Online TV &amp; FM","article_publisher":"https:\/\/www.facebook.com\/kulturonline.tv","article_published_time":"2024-07-25T12:38:27+00:00","article_modified_time":"2024-07-25T12:42:13+00:00","og_image":[{"width":1019,"height":572,"url":"https:\/\/kulturonline.tv\/wp-content\/uploads\/2024\/07\/Die-Neue-EVA-1.jpg-Kultur-Online-TV-FM-1.jpg","type":"image\/jpeg"}],"author":"guenter.wolfgang","twitter_card":"summary_large_image","twitter_misc":{"Verfasst von":"guenter.wolfgang"},"schema":{"@context":"https:\/\/schema.org","@graph":[{"@type":"Article","@id":"https:\/\/kulturonline.tv\/at\/film-tipp-mediathek-arte-tv-die-neue-eva\/#article","isPartOf":{"@id":"https:\/\/kulturonline.tv\/at\/film-tipp-mediathek-arte-tv-die-neue-eva\/"},"author":{"name":"guenter.wolfgang","@id":"https:\/\/kulturonline.tv\/at\/#\/schema\/person\/b0fac729bb9a0c193fb1df23449df4fe"},"headline":"Film Tipp Mediathek ARTE TV Die neue Eva","datePublished":"2024-07-25T12:38:27+00:00","dateModified":"2024-07-25T12:42:13+00:00","mainEntityOfPage":{"@id":"https:\/\/kulturonline.tv\/at\/film-tipp-mediathek-arte-tv-die-neue-eva\/"},"wordCount":87,"commentCount":0,"publisher":{"@id":"https:\/\/kulturonline.tv\/at\/#organization"},"image":{"@id":"https:\/\/kulturonline.tv\/at\/film-tipp-mediathek-arte-tv-die-neue-eva\/#primaryimage"},"thumbnailUrl":"https:\/\/kulturonline.tv\/wp-content\/uploads\/2024\/07\/Die-Neue-EVA-1.jpg-Kultur-Online-TV-FM-1.jpg","articleSection":["News &amp; Storys Home Entertainment"],"inLanguage":"de-AT","potentialAction":[{"@type":"CommentAction","name":"Comment","target":["https:\/\/kulturonline.tv\/at\/film-tipp-mediathek-arte-tv-die-neue-eva\/#respond"]}]},{"@type":"WebPage","@id":"https:\/\/kulturonline.tv\/at\/film-tipp-mediathek-arte-tv-die-neue-eva\/","url":"https:\/\/kulturonline.tv\/at\/film-tipp-mediathek-arte-tv-die-neue-eva\/","name":"Film Tipp Mediathek ARTE TV Die neue Eva - Kultur Online TV &amp; FM","isPartOf":{"@id":"https:\/\/kulturonline.tv\/at\/#website"},"primaryImageOfPage":{"@id":"https:\/\/kulturonline.tv\/at\/film-tipp-mediathek-arte-tv-die-neue-eva\/#primaryimage"},"image":{"@id":"https:\/\/kulturonline.tv\/at\/film-tipp-mediathek-arte-tv-die-neue-eva\/#primaryimage"},"thumbnailUrl":"https:\/\/kulturonline.tv\/wp-content\/uploads\/2024\/07\/Die-Neue-EVA-1.jpg-Kultur-Online-TV-FM-1.jpg","datePublished":"2024-07-25T12:38:27+00:00","dateModified":"2024-07-25T12:42:13+00:00","description":"Camille, Mitte 30, zieht ihr buntes Singledasein dem tristen Ehegl\u00fcck ihres Bruders vor.","breadcrumb":{"@id":"https:\/\/kulturonline.tv\/at\/film-tipp-mediathek-arte-tv-die-neue-eva\/#breadcrumb"},"inLanguage":"de-AT","potentialAction":[{"@type":"ReadAction","target":["https:\/\/kulturonline.tv\/at\/film-tipp-mediathek-arte-tv-die-neue-eva\/"]}]},{"@type":"ImageObject","inLanguage":"de-AT","@id":"https:\/\/kulturonline.tv\/at\/film-tipp-mediathek-arte-tv-die-neue-eva\/#primaryimage","url":"https:\/\/kulturonline.tv\/wp-content\/uploads\/2024\/07\/Die-Neue-EVA-1.jpg-Kultur-Online-TV-FM-1.jpg","contentUrl":"https:\/\/kulturonline.tv\/wp-content\/uploads\/2024\/07\/Die-Neue-EVA-1.jpg-Kultur-Online-TV-FM-1.jpg","width":1019,"height":572},{"@type":"BreadcrumbList","@id":"https:\/\/kulturonline.tv\/at\/film-tipp-mediathek-arte-tv-die-neue-eva\/#breadcrumb","itemListElement":[{"@type":"ListItem","position":1,"name":"Startseite","item":"https:\/\/kulturonline.tv\/at\/"},{"@type":"ListItem","position":2,"name":"Film Tipp Mediathek ARTE TV Die neue Eva"}]},{"@type":"WebSite","@id":"https:\/\/kulturonline.tv\/at\/#website","url":"https:\/\/kulturonline.tv\/at\/","name":"Kultur Online TV &amp; FM","description":"Wir sind Kultur 2.0 zum sehen &amp; h\u00f6ren","publisher":{"@id":"https:\/\/kulturonline.tv\/at\/#organization"},"potentialAction":[{"@type":"SearchAction","target":{"@type":"EntryPoint","urlTemplate":"https:\/\/kulturonline.tv\/at\/?s={search_term_string}"},"query-input":{"@type":"PropertyValueSpecification","valueRequired":true,"valueName":"search_term_string"}}],"inLanguage":"de-AT"},{"@type":"Organization","@id":"https:\/\/kulturonline.tv\/at\/#organization","name":"Kultur Online TV","url":"https:\/\/kulturonline.tv\/at\/","logo":{"@type":"ImageObject","inLanguage":"de-AT","@id":"https:\/\/kulturonline.tv\/at\/#\/schema\/logo\/image\/","url":"https:\/\/kulturonline.tv\/wp-content\/uploads\/2021\/08\/Kultur-Online-Tv-Logo-Endversion-neu.png","contentUrl":"https:\/\/kulturonline.tv\/wp-content\/uploads\/2021\/08\/Kultur-Online-Tv-Logo-Endversion-neu.png","width":200,"height":200,"caption":"Kultur Online TV"},"image":{"@id":"https:\/\/kulturonline.tv\/at\/#\/schema\/logo\/image\/"},"sameAs":["https:\/\/www.facebook.com\/kulturonline.tv","https:\/\/www.instagram.com\/kulturonline.tv"]},{"@type":"Person","@id":"https:\/\/kulturonline.tv\/at\/#\/schema\/person\/b0fac729bb9a0c193fb1df23449df4fe","name":"guenter.wolfgang"}]}},"_links":{"self":[{"href":"https:\/\/kulturonline.tv\/at\/wp-json\/wp\/v2\/posts\/96089","targetHints":{"allow":["GET"]}}],"collection":[{"href":"https:\/\/kulturonline.tv\/at\/wp-json\/wp\/v2\/posts"}],"about":[{"href":"https:\/\/kulturonline.tv\/at\/wp-json\/wp\/v2\/types\/post"}],"author":[{"embeddable":true,"href":"https:\/\/kulturonline.tv\/at\/wp-json\/wp\/v2\/users\/2"}],"replies":[{"embeddable":true,"href":"https:\/\/kulturonline.tv\/at\/wp-json\/wp\/v2\/comments?post=96089"}],"version-history":[{"count":0,"href":"https:\/\/kulturonline.tv\/at\/wp-json\/wp\/v2\/posts\/96089\/revisions"}],"wp:featuredmedia":[{"embeddable":true,"href":"https:\/\/kulturonline.tv\/at\/wp-json\/wp\/v2\/media\/96092"}],"wp:attachment":[{"href":"https:\/\/kulturonline.tv\/at\/wp-json\/wp\/v2\/media?parent=96089"}],"wp:term":[{"taxonomy":"category","embeddable":true,"href":"https:\/\/kulturonline.tv\/at\/wp-json\/wp\/v2\/categories?post=96089"},{"taxonomy":"post_tag","embeddable":true,"href":"https:\/\/kulturonline.tv\/at\/wp-json\/wp\/v2\/tags?post=96089"}],"curies":[{"name":"wp","href":"https:\/\/api.w.org\/{rel}","templated":true}]}}