{"id":100194,"date":"2024-10-19T20:38:47","date_gmt":"2024-10-19T18:38:47","guid":{"rendered":"https:\/\/kulturonline.tv\/?p=100194"},"modified":"2024-10-23T06:39:11","modified_gmt":"2024-10-23T04:39:11","slug":"38-juedischen-kulturtage-muenchen-mit-festakt-eroeffnet","status":"publish","type":"post","link":"https:\/\/kulturonline.tv\/de\/38-juedischen-kulturtage-muenchen-mit-festakt-eroeffnet\/","title":{"rendered":"38.J\u00fcdischen Kulturtage M\u00fcnchen mit Festakt er\u00f6ffnet!"},"content":{"rendered":"\n<p><strong>\u201eDie Sprache der Kultur verbindet\u201c Anne-Sophie Mutter und Sunnyi Melles brillierten mit Lesung &amp; Konzert<\/strong><\/p>\n\n\n\n<p>Seit 38 Jahren sind die j\u00fcdischen Kulturtage M\u00fcnchen, die j\u00e4hrlich von der Gesellschaft zur F\u00f6rderung j\u00fcdischer Kultur und Tradition e. V. unter dem Vorsitz von&nbsp;<strong>Judith Epstein<\/strong>&nbsp;veranstaltet werden, ein besonderer H\u00f6hepunkt im M\u00fcnchner Kulturherbst und geben mit ihrem Programm Einblicke in die Vielfalt und den Reichtum der j\u00fcdischen Kultur und Tradition. Sie setzen in unserer M\u00fcnchner Stadtgesellschaft allj\u00e4hrlich ein festes Zeichen der Verbundenheit und Solidarit\u00e4t mit dem j\u00fcdischen Leben in unserer Stadt und gegen Antisemitismus.<\/p>\n\n\n\n<figure class=\"wp-block-image size-full\"><img fetchpriority=\"high\" decoding=\"async\" width=\"1225\" height=\"420\" src=\"https:\/\/kulturonline.tv\/wp-content\/uploads\/2024\/10\/image003.png\" alt=\"\" class=\"wp-image-100195\" srcset=\"https:\/\/kulturonline.tv\/wp-content\/uploads\/2024\/10\/image003.png 1225w, https:\/\/kulturonline.tv\/wp-content\/uploads\/2024\/10\/image003-800x274.png 800w, https:\/\/kulturonline.tv\/wp-content\/uploads\/2024\/10\/image003-768x263.png 768w, https:\/\/kulturonline.tv\/wp-content\/uploads\/2024\/10\/image003-640x218.png 640w\" sizes=\"(max-width: 1225px) 100vw, 1225px\" \/><\/figure>\n\n\n\n<p>Bei der gestrigen Er\u00f6ffnung im Hubert-Burda-Saal des IKG am Jakobsplatz unter dem Motto \u201eDie Sprache der Kultur verbindet\u201c traten zwei herausragende und bedeutende Frauen der internationalen Kulturszene auf. Die Violinistin Anne-Sophie Mutter und die Schauspielerin Sunnyi Melles gestalten gemeinsam den Abend mit Konzert und Lesung. Auf dem musikalischen Programm standen das Klaviertrio Nr. 1 d-Moll op. 49 f\u00fcr Violine, Violoncello und Klavier von Felix Mendelssohn-Bartholdy mit Anne-Sophie Mutter, Violine, Lauma Skride, Klavier und Daniel M\u00fcller-Schott, Violoncello. Anne-Sophie Mutter \u00fcber den Abend \u201eWo die Worte aufh\u00f6ren, beginnt die Musik. <\/p>\n\n\n\n<figure class=\"wp-block-image size-large\"><img decoding=\"async\" width=\"1600\" height=\"1067\" src=\"https:\/\/kulturonline.tv\/wp-content\/uploads\/2024\/10\/API_MT_EROEFFNUNG_JUED_KULTURTAGE00001188-1600x1067.jpg\" alt=\"\" class=\"wp-image-100199\" srcset=\"https:\/\/kulturonline.tv\/wp-content\/uploads\/2024\/10\/API_MT_EROEFFNUNG_JUED_KULTURTAGE00001188-1600x1067.jpg 1600w, https:\/\/kulturonline.tv\/wp-content\/uploads\/2024\/10\/API_MT_EROEFFNUNG_JUED_KULTURTAGE00001188-800x533.jpg 800w, https:\/\/kulturonline.tv\/wp-content\/uploads\/2024\/10\/API_MT_EROEFFNUNG_JUED_KULTURTAGE00001188-768x512.jpg 768w, https:\/\/kulturonline.tv\/wp-content\/uploads\/2024\/10\/API_MT_EROEFFNUNG_JUED_KULTURTAGE00001188-1536x1024.jpg 1536w, https:\/\/kulturonline.tv\/wp-content\/uploads\/2024\/10\/API_MT_EROEFFNUNG_JUED_KULTURTAGE00001188-2048x1365.jpg 2048w\" sizes=\"(max-width: 1600px) 100vw, 1600px\" \/><figcaption class=\"wp-element-caption\">\u00a9 Bild: Marianne Wille, Sunny Randlkofer (GF Alois Dallmayr KG) und Florian Randlkofer (GF, Gesellschafter Alois Dallmayr KG ) und Tochter Lilian<br>Er\u00f6ffnungsfestakt der 38. J\u00fcdischen Kulturtage M\u00fcnchen 2024 in der Israelitischen Kultusgemeinde M\u00fcnchen und Oberbayern in M\u00fcnchen am 15.10.2024<br>Agency People Image (c) Michael Tinnefeld<\/figcaption><\/figure>\n\n\n\n<p>Das Motto der J\u00fcdischen Kulturtage \u201aDie Sprache der Kultur verbindet\u2018 passt dazu perfekt. Ein intensiver Dialog soll uns einander n\u00e4herbringen und eine weitere Spaltung der Gesellschaft verhindern helfen. Wie in der Kammermusik, in der wir eng vernetzt einander zuh\u00f6ren und voneinander lernen. Dies ganz besonders bei Werken von Mendelssohn, der ein Leben zwischen Judentum und Protestantismus f\u00fchrte. Sein gro\u00dfartiges d-moll Trio durften wir anl\u00e4sslich der Er\u00f6ffnung der J\u00fcdischen Kulturtage spielen. Mein herzlicher Dank geht auch an meine wunderbaren Kollegen Lauma Skride und Daniel M\u00fcller-Schott. Sunnyi Melles las aus Werken von Ephraim Kishon und Fred Uhlmann, und sagte \u201eEs war mir eine Freude und gro\u00dfe Ehre, gemeinsam mit Anne-Sophie Mutter und f\u00fcr das Publikum die 38. J\u00fcdischen Kulturtage er\u00f6ffnet zu haben.\u201c<\/p>\n\n\n\n<figure class=\"wp-block-image size-large\"><img decoding=\"async\" width=\"1600\" height=\"1067\" src=\"https:\/\/kulturonline.tv\/wp-content\/uploads\/2024\/10\/Kultur-Online-TV-FM-2-1600x1067.jpg\" alt=\"\" class=\"wp-image-100201\" srcset=\"https:\/\/kulturonline.tv\/wp-content\/uploads\/2024\/10\/Kultur-Online-TV-FM-2-1600x1067.jpg 1600w, https:\/\/kulturonline.tv\/wp-content\/uploads\/2024\/10\/Kultur-Online-TV-FM-2-800x533.jpg 800w, https:\/\/kulturonline.tv\/wp-content\/uploads\/2024\/10\/Kultur-Online-TV-FM-2-768x512.jpg 768w, https:\/\/kulturonline.tv\/wp-content\/uploads\/2024\/10\/Kultur-Online-TV-FM-2-1536x1024.jpg 1536w, https:\/\/kulturonline.tv\/wp-content\/uploads\/2024\/10\/Kultur-Online-TV-FM-2-2048x1365.jpg 2048w\" sizes=\"(max-width: 1600px) 100vw, 1600px\" \/><figcaption class=\"wp-element-caption\">\u00a9 Bild: Herr Dr. med. Timm Gol\u00fcke und Susanne Samwer<br>Er\u00f6ffnungsfestakt der 38. J\u00fcdischen Kulturtage M\u00fcnchen 2024 in der Israelitischen Kultusgemeinde M\u00fcnchen und Oberbayern in M\u00fcnchen am 15.10.2024<br>Agency People Image (c) Michael Tinnefeld<\/figcaption><\/figure>\n\n\n\n<p>Nach einem musikalischen Welcome mit Dina Merkin, Vocals und Luisa Pertsovska, Klavier, begr\u00fc\u00dfte Judith Epstein, Vorsitzende der Gesellschaft zur F\u00f6rderung J\u00fcdischer Kultur und Tradition e.V. die anwesenden G\u00e4ste: \u201eDie Kultur der freien Welt muss ein unbeirrbarer Br\u00fcckenbauer sein. Kultur darf gerade in den jetzigen Zeiten nicht spalten, sondern muss unterst\u00fctzen, un\u00fcberwindbar geglaubte Grenzen zu \u00fcberschreiten. Heute sind wir hier alle hier versammelt und ich appelliere an uns alle: Lasst uns diesen Spirit des Gemeinsamen st\u00e4rken und hochleben!\u201c<\/p>\n\n\n\n<p>Yehoshua Chmiel, Vizepr\u00e4sident der Israelitischen Kultusgemeinde M\u00fcnchen und Oberbayern, kommentierte den Abend: \u201eWir leben in einer Zeit, in der sichtbares und selbstbewusstes Judentum vermehrt zur Zielscheibe geworden ist. Nicht erst seit dem 7. Oktober 2023 gibt es Angriffe und Beleidigungen. Deshalb ist es bedeutsam, wenn die J\u00fcdischen Kulturtage in ihrer bereits 38. Auflage ein klares Zeichen daf\u00fcr setzen, dass j\u00fcdisches Leben in M\u00fcnchen genau dort ist, wo es hingeh\u00f6rt: in der Mitte der Gesellschaft.\u201c<\/p>\n\n\n\n<figure class=\"wp-block-image size-large\"><img loading=\"lazy\" decoding=\"async\" width=\"1600\" height=\"1067\" src=\"https:\/\/kulturonline.tv\/wp-content\/uploads\/2024\/10\/Kultur-Online-TV-FM-3-1600x1067.jpg\" alt=\"\" class=\"wp-image-100203\" srcset=\"https:\/\/kulturonline.tv\/wp-content\/uploads\/2024\/10\/Kultur-Online-TV-FM-3-1600x1067.jpg 1600w, https:\/\/kulturonline.tv\/wp-content\/uploads\/2024\/10\/Kultur-Online-TV-FM-3-800x533.jpg 800w, https:\/\/kulturonline.tv\/wp-content\/uploads\/2024\/10\/Kultur-Online-TV-FM-3-768x512.jpg 768w, https:\/\/kulturonline.tv\/wp-content\/uploads\/2024\/10\/Kultur-Online-TV-FM-3-1536x1024.jpg 1536w, https:\/\/kulturonline.tv\/wp-content\/uploads\/2024\/10\/Kultur-Online-TV-FM-3-2048x1366.jpg 2048w\" sizes=\"(max-width: 1600px) 100vw, 1600px\" \/><figcaption class=\"wp-element-caption\">\u00a9 Bild: Eva O&#8217;Neill und Wolfgang Seybold<br>Er\u00f6ffnungsfestakt der 38. J\u00fcdischen Kulturtage M\u00fcnchen 2024 in der Israelitischen Kultusgemeinde M\u00fcnchen und Oberbayern in M\u00fcnchen am 15.10.2024<br>Agency People Image (c) Michael Tinnefeld<\/figcaption><\/figure>\n\n\n\n<p>Weitere Gru\u00dfworte hielten Anna Stolz, Bayerische Staatsministerin f\u00fcr Unterricht und Kultus, Georg Eisenreich, Bayerischer Staatsminister der Justiz, der sagte: \u201eDie J\u00fcdischen Kulturtage M\u00fcnchen sind in diesen Zeiten wichtiger denn je. Sie stehen f\u00fcr die enge Verbindung j\u00fcdischen Lebens und j\u00fcdischer Kultur mit der Landeshauptstadt M\u00fcnchen und dem Freistaat Bayern. Mit den leisen T\u00f6nen der Kultur setzen sie ein Zeichen gegen lautes Geschrei und hasserf\u00fcllte Parolen.\u201c Kultusministerin Anna Stolz kommentierte: \u201eOb Heinrich Heine, Mirjam Pressler, Felix Mendelssohn Bartholdy oder viele andere: J\u00fcdische K\u00fcnstlerinnen und K\u00fcnstler sind ganz selbstverst\u00e4ndlich Teil unserer kulturellen Identit\u00e4t und damit auch des Literatur- und des Musikunterrichts an unseren Schulen. Die j\u00fcdischen Kulturtage bringen Kulturschaffende und Kulturinteressierte zusammen und sind eine wunderbare Gelegenheit, die Vielfalt und den Reichtum der j\u00fcdischen Kultur zu feiern. Gerade jetzt, in Zeiten, die nicht einfach sind, ist Kunst, und ganz besonders j\u00fcdische Kunst, auch immer ein Zeichen der Hoffnung. Ich m\u00f6chte mich daher bei allen Beteiligten bedanken, die diese Kulturtage m\u00f6glich gemacht haben.\u201c<\/p>\n\n\n\n<p>Schirmherr Dieter Reiter, Oberb\u00fcrgermeister der Landeshauptstadt M\u00fcnchen, gr\u00fc\u00dfte digital: \u201eGerade jetzt ist es n\u00f6tiger denn je, das Gemeinsame zu betonen, das Menschliche, die Sprache der Kultur. Mit ihrem abwechslungsreichen und spannenden Programm sind die J\u00fcdischen Kulturtage M\u00fcnchen somit l\u00e4ngst zu einem unverzichtbaren Forum des Dialogs geworden und senden ein starkes Signal der engen Verbundenheit der M\u00fcnchner Stadtgesellschaft mit dem j\u00fcdischen Leben.\u201c<\/p>\n\n\n\n<figure class=\"wp-block-image size-large\"><img loading=\"lazy\" decoding=\"async\" width=\"1600\" height=\"1067\" src=\"https:\/\/kulturonline.tv\/wp-content\/uploads\/2024\/10\/ktv-1600x1067.jpg\" alt=\"\" class=\"wp-image-100205\" srcset=\"https:\/\/kulturonline.tv\/wp-content\/uploads\/2024\/10\/ktv-1600x1067.jpg 1600w, https:\/\/kulturonline.tv\/wp-content\/uploads\/2024\/10\/ktv-800x533.jpg 800w, https:\/\/kulturonline.tv\/wp-content\/uploads\/2024\/10\/ktv-768x512.jpg 768w, https:\/\/kulturonline.tv\/wp-content\/uploads\/2024\/10\/ktv-1536x1024.jpg 1536w, https:\/\/kulturonline.tv\/wp-content\/uploads\/2024\/10\/ktv-2048x1365.jpg 2048w\" sizes=\"(max-width: 1600px) 100vw, 1600px\" \/><figcaption class=\"wp-element-caption\">\u00a9 Bild: Gil Barach (Vorstandsmitglied der Gesellschaft zur F\u00f6rderung J\u00fcdischer Kultur und Traditionen e.V.), Sunnyi Melles, Judith Epstein (Vorsitzende der Gesellschaft zur F\u00f6rderung J\u00fcdischer Kultur und Tradition e.V.), Anne-Sophie Mutter, Lauma Skride (Klavier), Daniel M\u00fcller-Schott (Violoncello)<br>Er\u00f6ffnungsfestakt der 38. J\u00fcdischen Kulturtage M\u00fcnchen 2024 in der Israelitischen Kultusgemeinde M\u00fcnchen und Oberbayern in M\u00fcnchen am 15.10.2024<br>Agency People Image (c) Michael Tinnefeld<\/figcaption><\/figure>\n\n\n\n<p>Ehrengast Karin Baum\u00fcller-S\u00f6der, Ehefrau des Bayerischen Ministerpr\u00e4sidenten, sagte: \u201eDas j\u00fcdische Leben in Bayern bl\u00fcht in der Mitte der Gesellschaft. Das ist keine Selbstverst\u00e4ndlichkeit, sondern ein Geschenk, f\u00fcr das wir sehr dankbar sein d\u00fcrfen und das es zu sch\u00fctzen gilt. Seit 1987 bereichern die Kulturtage das kulturelle Leben in M\u00fcnchen, st\u00e4rken die Sichtbarkeit j\u00fcdischen Lebens in Bayern insgesamt und f\u00f6rdern den Dialog. Auch dieses Jahr gibt es ein reichhaltiges und vielf\u00e4ltiges Programm mit Konzerten, Ausstellungen, Diskussionen und Filmabenden. Ich freue mich sehr, heute den Er\u00f6ffnungsfestakt \u201eDie Sprache der Kultur verbindet\u201c der 38. J\u00fcdischen Kulturtage genie\u00dfen zu d\u00fcrfen.\u201c<\/p>\n\n\n\n<p>Durch den Abend f\u00fchrte Gil Bachrach, Vorstandsmitglied der Gesellschaft zur F\u00f6rderung J\u00fcdischer Kultur und Traditionen e. V.<\/p>\n\n\n\n<p>Viele Pers\u00f6nlichkeiten des \u00f6ffentlichen Lebens setzten mit ihrer Teilnahme an der Veranstaltung ein festes Zeichen der Verbundenheit und Solidarit\u00e4t mit dem j\u00fcdischen Leben in der Stadtgesellschaft. <\/p>\n\n\n\n<figure class=\"wp-block-image size-large\"><img loading=\"lazy\" decoding=\"async\" width=\"1600\" height=\"1067\" src=\"https:\/\/kulturonline.tv\/wp-content\/uploads\/2024\/10\/bbbbbbbbbb-1600x1067.jpg\" alt=\"\" class=\"wp-image-100209\" srcset=\"https:\/\/kulturonline.tv\/wp-content\/uploads\/2024\/10\/bbbbbbbbbb-1600x1067.jpg 1600w, https:\/\/kulturonline.tv\/wp-content\/uploads\/2024\/10\/bbbbbbbbbb-800x533.jpg 800w, https:\/\/kulturonline.tv\/wp-content\/uploads\/2024\/10\/bbbbbbbbbb-768x512.jpg 768w, https:\/\/kulturonline.tv\/wp-content\/uploads\/2024\/10\/bbbbbbbbbb-1536x1024.jpg 1536w, https:\/\/kulturonline.tv\/wp-content\/uploads\/2024\/10\/bbbbbbbbbb-2048x1365.jpg 2048w\" sizes=\"(max-width: 1600px) 100vw, 1600px\" \/><figcaption class=\"wp-element-caption\">Renate Gr\u00e4fin von Rehbinder, Franz Freiherr von Perfall\rEr\u00f6ffnungsfestakt der 38. J\u00fcdischen Kulturtage M\u00fcnchen 2024 in der Israelitischen Kultusgemeinde M\u00fcnchen und Oberbayern in M\u00fcnchen am 15.10.2024\rAgency People Image (c) Michael Tinnefeld<\/figcaption><\/figure>\n\n\n\n<p>Unter den rund 500 G\u00e4sten: Leopold Prinz und Ursula Prinzessin von Bayern, die Schauspieler Michael Brandner, Monika Peitsch und Timothy Peach, die Unternehmer Regine und Erich Sixt, Roman Habermann, Thomas Haffa, Alexandra Sch\u00f6rghuber, Werner Klatten, Agenturinhaber Stephan Heller, Linda und Michael Staudinger, Uschi und Andreas Obereder und Urs und Daniela Brunner, die Hoteliers Dieter M\u00fcller und Uschi Schelle-M\u00fcller, Motel One, und Innegrit Volkhardt, Bayerischer Hof, Wolfgang Seybold mit Eva O\u2019Neill, Sunny Randlkofer und Marianne Wille, Dallmayr, Corry M\u00fcller-Vivil, die Moderatorinnen Uschi D\u00e4mmrich von Luttitz und Ilanit Spinner, die BR-Intendantin Dr. Katja Wildermuth und Herbert Kloiber jun., der Bavaria Filmstudios Gesch\u00e4ftsf\u00fchrer Christian Franckenstein, der neue Intendant der M\u00fcnchner Philharmoniker Florian Wiegand und Gasteig-Chefin Stephanie Jenke. Das konsularische Corps war vertreten durch Doyen Garbor Tordai-Lejk\u00f3, Generalkonsul Ungarn, Sergio Maffettone, Generalkonsul der Italienischen Republik, und Dr. Eva-Maria Ziegler, Generalkonsulin der Republik \u00d6sterreich und viele, viele weitere.<\/p>\n\n\n\n<p>Gef\u00f6rdert werden die 38. J\u00fcdischen Kulturtage 2024 durch das\u00a0<strong>Staatsministerium f\u00fcr Unterricht und Kultus<\/strong>\u00a0sowie die\u00a0<strong>Landeshauptstadt M\u00fcnchen.<\/strong><\/p>\n\n\n\n<p>Kultur Online TV-FM<\/p>\n\n\n\n<p>#news #veranstaltung #kultur<\/p>\n","protected":false},"excerpt":{"rendered":"<p>\u201eDie Sprache der Kultur verbindet\u201c Anne-Sophie Mutter und Sunnyi Melles brillierten mit Lesung &amp; Konzert Seit 38 Jahren sind die j\u00fcdischen Kulturtage M\u00fcnchen, die j\u00e4hrlich von der Gesellschaft zur F\u00f6rderung j\u00fcdischer Kultur und Tradition e. V. unter dem Vorsitz von&nbsp;Judith Epstein&nbsp;veranstaltet werden, ein besonderer H\u00f6hepunkt im M\u00fcnchner Kulturherbst und geben mit ihrem Programm Einblicke in [&hellip;]<\/p>\n","protected":false},"author":2,"featured_media":100197,"comment_status":"open","ping_status":"closed","sticky":false,"template":"","format":"standard","meta":{"_acf_changed":false,"footnotes":""},"categories":[281,3],"tags":[],"class_list":["post-100194","post","type-post","status-publish","format-standard","has-post-thumbnail","hentry","category-mixed","category-newsflash"],"acf":[],"yoast_head":"<!-- This site is optimized with the Yoast SEO plugin v26.1.1 - https:\/\/yoast.com\/wordpress\/plugins\/seo\/ -->\n<title>38.J\u00fcdischen Kulturtage M\u00fcnchen mit Festakt er\u00f6ffnet! - Kultur Online TV &amp; FM<\/title>\n<meta name=\"description\" content=\"Seit 38 Jahren sind die j\u00fcdischen Kulturtage M\u00fcnchen, die j\u00e4hrlich von der Gesellschaft zur F\u00f6rderung j\u00fcdischer Kultur\" \/>\n<meta name=\"robots\" content=\"index, follow, max-snippet:-1, max-image-preview:large, max-video-preview:-1\" \/>\n<link rel=\"canonical\" href=\"https:\/\/kulturonline.tv\/de\/38-juedischen-kulturtage-muenchen-mit-festakt-eroeffnet\/\" \/>\n<meta property=\"og:locale\" content=\"de_DE\" \/>\n<meta property=\"og:type\" content=\"article\" \/>\n<meta property=\"og:title\" content=\"38.J\u00fcdischen Kulturtage M\u00fcnchen mit Festakt er\u00f6ffnet! - Kultur Online TV &amp; FM\" \/>\n<meta property=\"og:description\" content=\"Seit 38 Jahren sind die j\u00fcdischen Kulturtage M\u00fcnchen, die j\u00e4hrlich von der Gesellschaft zur F\u00f6rderung j\u00fcdischer Kultur\" \/>\n<meta property=\"og:url\" content=\"https:\/\/kulturonline.tv\/de\/38-juedischen-kulturtage-muenchen-mit-festakt-eroeffnet\/\" \/>\n<meta property=\"og:site_name\" content=\"Kultur Online TV &amp; FM\" \/>\n<meta property=\"article:publisher\" content=\"https:\/\/www.facebook.com\/kulturonline.tv\" \/>\n<meta property=\"article:published_time\" content=\"2024-10-19T18:38:47+00:00\" \/>\n<meta property=\"article:modified_time\" content=\"2024-10-23T04:39:11+00:00\" \/>\n<meta property=\"og:image\" content=\"https:\/\/kulturonline.tv\/wp-content\/uploads\/2024\/10\/image003-1.png\" \/>\n\t<meta property=\"og:image:width\" content=\"642\" \/>\n\t<meta property=\"og:image:height\" content=\"420\" \/>\n\t<meta property=\"og:image:type\" content=\"image\/png\" \/>\n<meta name=\"author\" content=\"guenter.wolfgang\" \/>\n<meta name=\"twitter:card\" content=\"summary_large_image\" \/>\n<meta name=\"twitter:label1\" content=\"Verfasst von\" \/>\n\t<meta name=\"twitter:data1\" content=\"guenter.wolfgang\" \/>\n\t<meta name=\"twitter:label2\" content=\"Gesch\u00e4tzte Lesezeit\" \/>\n\t<meta name=\"twitter:data2\" content=\"6\u00a0Minuten\" \/>\n<script type=\"application\/ld+json\" class=\"yoast-schema-graph\">{\"@context\":\"https:\/\/schema.org\",\"@graph\":[{\"@type\":\"Article\",\"@id\":\"https:\/\/kulturonline.tv\/de\/38-juedischen-kulturtage-muenchen-mit-festakt-eroeffnet\/#article\",\"isPartOf\":{\"@id\":\"https:\/\/kulturonline.tv\/de\/38-juedischen-kulturtage-muenchen-mit-festakt-eroeffnet\/\"},\"author\":{\"name\":\"guenter.wolfgang\",\"@id\":\"https:\/\/kulturonline.tv\/de\/#\/schema\/person\/b0fac729bb9a0c193fb1df23449df4fe\"},\"headline\":\"38.J\u00fcdischen Kulturtage M\u00fcnchen mit Festakt er\u00f6ffnet!\",\"datePublished\":\"2024-10-19T18:38:47+00:00\",\"dateModified\":\"2024-10-23T04:39:11+00:00\",\"mainEntityOfPage\":{\"@id\":\"https:\/\/kulturonline.tv\/de\/38-juedischen-kulturtage-muenchen-mit-festakt-eroeffnet\/\"},\"wordCount\":1303,\"commentCount\":2,\"publisher\":{\"@id\":\"https:\/\/kulturonline.tv\/de\/#organization\"},\"image\":{\"@id\":\"https:\/\/kulturonline.tv\/de\/38-juedischen-kulturtage-muenchen-mit-festakt-eroeffnet\/#primaryimage\"},\"thumbnailUrl\":\"https:\/\/kulturonline.tv\/wp-content\/uploads\/2024\/10\/image003-1.png\",\"articleSection\":[\"Mixed\",\"Newsflash\"],\"inLanguage\":\"de\",\"potentialAction\":[{\"@type\":\"CommentAction\",\"name\":\"Comment\",\"target\":[\"https:\/\/kulturonline.tv\/de\/38-juedischen-kulturtage-muenchen-mit-festakt-eroeffnet\/#respond\"]}]},{\"@type\":\"WebPage\",\"@id\":\"https:\/\/kulturonline.tv\/de\/38-juedischen-kulturtage-muenchen-mit-festakt-eroeffnet\/\",\"url\":\"https:\/\/kulturonline.tv\/de\/38-juedischen-kulturtage-muenchen-mit-festakt-eroeffnet\/\",\"name\":\"38.J\u00fcdischen Kulturtage M\u00fcnchen mit Festakt er\u00f6ffnet! - Kultur Online TV &amp; FM\",\"isPartOf\":{\"@id\":\"https:\/\/kulturonline.tv\/de\/#website\"},\"primaryImageOfPage\":{\"@id\":\"https:\/\/kulturonline.tv\/de\/38-juedischen-kulturtage-muenchen-mit-festakt-eroeffnet\/#primaryimage\"},\"image\":{\"@id\":\"https:\/\/kulturonline.tv\/de\/38-juedischen-kulturtage-muenchen-mit-festakt-eroeffnet\/#primaryimage\"},\"thumbnailUrl\":\"https:\/\/kulturonline.tv\/wp-content\/uploads\/2024\/10\/image003-1.png\",\"datePublished\":\"2024-10-19T18:38:47+00:00\",\"dateModified\":\"2024-10-23T04:39:11+00:00\",\"description\":\"Seit 38 Jahren sind die j\u00fcdischen Kulturtage M\u00fcnchen, die j\u00e4hrlich von der Gesellschaft zur F\u00f6rderung j\u00fcdischer Kultur\",\"breadcrumb\":{\"@id\":\"https:\/\/kulturonline.tv\/de\/38-juedischen-kulturtage-muenchen-mit-festakt-eroeffnet\/#breadcrumb\"},\"inLanguage\":\"de\",\"potentialAction\":[{\"@type\":\"ReadAction\",\"target\":[\"https:\/\/kulturonline.tv\/de\/38-juedischen-kulturtage-muenchen-mit-festakt-eroeffnet\/\"]}]},{\"@type\":\"ImageObject\",\"inLanguage\":\"de\",\"@id\":\"https:\/\/kulturonline.tv\/de\/38-juedischen-kulturtage-muenchen-mit-festakt-eroeffnet\/#primaryimage\",\"url\":\"https:\/\/kulturonline.tv\/wp-content\/uploads\/2024\/10\/image003-1.png\",\"contentUrl\":\"https:\/\/kulturonline.tv\/wp-content\/uploads\/2024\/10\/image003-1.png\",\"width\":642,\"height\":420},{\"@type\":\"BreadcrumbList\",\"@id\":\"https:\/\/kulturonline.tv\/de\/38-juedischen-kulturtage-muenchen-mit-festakt-eroeffnet\/#breadcrumb\",\"itemListElement\":[{\"@type\":\"ListItem\",\"position\":1,\"name\":\"Startseite\",\"item\":\"https:\/\/kulturonline.tv\/de\/\"},{\"@type\":\"ListItem\",\"position\":2,\"name\":\"38.J\u00fcdischen Kulturtage M\u00fcnchen mit Festakt er\u00f6ffnet!\"}]},{\"@type\":\"WebSite\",\"@id\":\"https:\/\/kulturonline.tv\/de\/#website\",\"url\":\"https:\/\/kulturonline.tv\/de\/\",\"name\":\"Kultur Online TV &amp; FM\",\"description\":\"Wir sind Kultur 2.0 zum sehen &amp; h\u00f6ren\",\"publisher\":{\"@id\":\"https:\/\/kulturonline.tv\/de\/#organization\"},\"potentialAction\":[{\"@type\":\"SearchAction\",\"target\":{\"@type\":\"EntryPoint\",\"urlTemplate\":\"https:\/\/kulturonline.tv\/de\/?s={search_term_string}\"},\"query-input\":{\"@type\":\"PropertyValueSpecification\",\"valueRequired\":true,\"valueName\":\"search_term_string\"}}],\"inLanguage\":\"de\"},{\"@type\":\"Organization\",\"@id\":\"https:\/\/kulturonline.tv\/de\/#organization\",\"name\":\"Kultur Online TV\",\"url\":\"https:\/\/kulturonline.tv\/de\/\",\"logo\":{\"@type\":\"ImageObject\",\"inLanguage\":\"de\",\"@id\":\"https:\/\/kulturonline.tv\/de\/#\/schema\/logo\/image\/\",\"url\":\"https:\/\/kulturonline.tv\/wp-content\/uploads\/2021\/08\/Kultur-Online-Tv-Logo-Endversion-neu.png\",\"contentUrl\":\"https:\/\/kulturonline.tv\/wp-content\/uploads\/2021\/08\/Kultur-Online-Tv-Logo-Endversion-neu.png\",\"width\":200,\"height\":200,\"caption\":\"Kultur Online TV\"},\"image\":{\"@id\":\"https:\/\/kulturonline.tv\/de\/#\/schema\/logo\/image\/\"},\"sameAs\":[\"https:\/\/www.facebook.com\/kulturonline.tv\",\"https:\/\/www.instagram.com\/kulturonline.tv\"]},{\"@type\":\"Person\",\"@id\":\"https:\/\/kulturonline.tv\/de\/#\/schema\/person\/b0fac729bb9a0c193fb1df23449df4fe\",\"name\":\"guenter.wolfgang\"}]}<\/script>\n<!-- \/ Yoast SEO plugin. -->","yoast_head_json":{"title":"38.J\u00fcdischen Kulturtage M\u00fcnchen mit Festakt er\u00f6ffnet! - Kultur Online TV &amp; FM","description":"Seit 38 Jahren sind die j\u00fcdischen Kulturtage M\u00fcnchen, die j\u00e4hrlich von der Gesellschaft zur F\u00f6rderung j\u00fcdischer Kultur","robots":{"index":"index","follow":"follow","max-snippet":"max-snippet:-1","max-image-preview":"max-image-preview:large","max-video-preview":"max-video-preview:-1"},"canonical":"https:\/\/kulturonline.tv\/de\/38-juedischen-kulturtage-muenchen-mit-festakt-eroeffnet\/","og_locale":"de_DE","og_type":"article","og_title":"38.J\u00fcdischen Kulturtage M\u00fcnchen mit Festakt er\u00f6ffnet! - Kultur Online TV &amp; FM","og_description":"Seit 38 Jahren sind die j\u00fcdischen Kulturtage M\u00fcnchen, die j\u00e4hrlich von der Gesellschaft zur F\u00f6rderung j\u00fcdischer Kultur","og_url":"https:\/\/kulturonline.tv\/de\/38-juedischen-kulturtage-muenchen-mit-festakt-eroeffnet\/","og_site_name":"Kultur Online TV &amp; FM","article_publisher":"https:\/\/www.facebook.com\/kulturonline.tv","article_published_time":"2024-10-19T18:38:47+00:00","article_modified_time":"2024-10-23T04:39:11+00:00","og_image":[{"width":642,"height":420,"url":"https:\/\/kulturonline.tv\/wp-content\/uploads\/2024\/10\/image003-1.png","type":"image\/png"}],"author":"guenter.wolfgang","twitter_card":"summary_large_image","twitter_misc":{"Verfasst von":"guenter.wolfgang","Gesch\u00e4tzte Lesezeit":"6\u00a0Minuten"},"schema":{"@context":"https:\/\/schema.org","@graph":[{"@type":"Article","@id":"https:\/\/kulturonline.tv\/de\/38-juedischen-kulturtage-muenchen-mit-festakt-eroeffnet\/#article","isPartOf":{"@id":"https:\/\/kulturonline.tv\/de\/38-juedischen-kulturtage-muenchen-mit-festakt-eroeffnet\/"},"author":{"name":"guenter.wolfgang","@id":"https:\/\/kulturonline.tv\/de\/#\/schema\/person\/b0fac729bb9a0c193fb1df23449df4fe"},"headline":"38.J\u00fcdischen Kulturtage M\u00fcnchen mit Festakt er\u00f6ffnet!","datePublished":"2024-10-19T18:38:47+00:00","dateModified":"2024-10-23T04:39:11+00:00","mainEntityOfPage":{"@id":"https:\/\/kulturonline.tv\/de\/38-juedischen-kulturtage-muenchen-mit-festakt-eroeffnet\/"},"wordCount":1303,"commentCount":2,"publisher":{"@id":"https:\/\/kulturonline.tv\/de\/#organization"},"image":{"@id":"https:\/\/kulturonline.tv\/de\/38-juedischen-kulturtage-muenchen-mit-festakt-eroeffnet\/#primaryimage"},"thumbnailUrl":"https:\/\/kulturonline.tv\/wp-content\/uploads\/2024\/10\/image003-1.png","articleSection":["Mixed","Newsflash"],"inLanguage":"de","potentialAction":[{"@type":"CommentAction","name":"Comment","target":["https:\/\/kulturonline.tv\/de\/38-juedischen-kulturtage-muenchen-mit-festakt-eroeffnet\/#respond"]}]},{"@type":"WebPage","@id":"https:\/\/kulturonline.tv\/de\/38-juedischen-kulturtage-muenchen-mit-festakt-eroeffnet\/","url":"https:\/\/kulturonline.tv\/de\/38-juedischen-kulturtage-muenchen-mit-festakt-eroeffnet\/","name":"38.J\u00fcdischen Kulturtage M\u00fcnchen mit Festakt er\u00f6ffnet! - Kultur Online TV &amp; FM","isPartOf":{"@id":"https:\/\/kulturonline.tv\/de\/#website"},"primaryImageOfPage":{"@id":"https:\/\/kulturonline.tv\/de\/38-juedischen-kulturtage-muenchen-mit-festakt-eroeffnet\/#primaryimage"},"image":{"@id":"https:\/\/kulturonline.tv\/de\/38-juedischen-kulturtage-muenchen-mit-festakt-eroeffnet\/#primaryimage"},"thumbnailUrl":"https:\/\/kulturonline.tv\/wp-content\/uploads\/2024\/10\/image003-1.png","datePublished":"2024-10-19T18:38:47+00:00","dateModified":"2024-10-23T04:39:11+00:00","description":"Seit 38 Jahren sind die j\u00fcdischen Kulturtage M\u00fcnchen, die j\u00e4hrlich von der Gesellschaft zur F\u00f6rderung j\u00fcdischer Kultur","breadcrumb":{"@id":"https:\/\/kulturonline.tv\/de\/38-juedischen-kulturtage-muenchen-mit-festakt-eroeffnet\/#breadcrumb"},"inLanguage":"de","potentialAction":[{"@type":"ReadAction","target":["https:\/\/kulturonline.tv\/de\/38-juedischen-kulturtage-muenchen-mit-festakt-eroeffnet\/"]}]},{"@type":"ImageObject","inLanguage":"de","@id":"https:\/\/kulturonline.tv\/de\/38-juedischen-kulturtage-muenchen-mit-festakt-eroeffnet\/#primaryimage","url":"https:\/\/kulturonline.tv\/wp-content\/uploads\/2024\/10\/image003-1.png","contentUrl":"https:\/\/kulturonline.tv\/wp-content\/uploads\/2024\/10\/image003-1.png","width":642,"height":420},{"@type":"BreadcrumbList","@id":"https:\/\/kulturonline.tv\/de\/38-juedischen-kulturtage-muenchen-mit-festakt-eroeffnet\/#breadcrumb","itemListElement":[{"@type":"ListItem","position":1,"name":"Startseite","item":"https:\/\/kulturonline.tv\/de\/"},{"@type":"ListItem","position":2,"name":"38.J\u00fcdischen Kulturtage M\u00fcnchen mit Festakt er\u00f6ffnet!"}]},{"@type":"WebSite","@id":"https:\/\/kulturonline.tv\/de\/#website","url":"https:\/\/kulturonline.tv\/de\/","name":"Kultur Online TV &amp; FM","description":"Wir sind Kultur 2.0 zum sehen &amp; h\u00f6ren","publisher":{"@id":"https:\/\/kulturonline.tv\/de\/#organization"},"potentialAction":[{"@type":"SearchAction","target":{"@type":"EntryPoint","urlTemplate":"https:\/\/kulturonline.tv\/de\/?s={search_term_string}"},"query-input":{"@type":"PropertyValueSpecification","valueRequired":true,"valueName":"search_term_string"}}],"inLanguage":"de"},{"@type":"Organization","@id":"https:\/\/kulturonline.tv\/de\/#organization","name":"Kultur Online TV","url":"https:\/\/kulturonline.tv\/de\/","logo":{"@type":"ImageObject","inLanguage":"de","@id":"https:\/\/kulturonline.tv\/de\/#\/schema\/logo\/image\/","url":"https:\/\/kulturonline.tv\/wp-content\/uploads\/2021\/08\/Kultur-Online-Tv-Logo-Endversion-neu.png","contentUrl":"https:\/\/kulturonline.tv\/wp-content\/uploads\/2021\/08\/Kultur-Online-Tv-Logo-Endversion-neu.png","width":200,"height":200,"caption":"Kultur Online TV"},"image":{"@id":"https:\/\/kulturonline.tv\/de\/#\/schema\/logo\/image\/"},"sameAs":["https:\/\/www.facebook.com\/kulturonline.tv","https:\/\/www.instagram.com\/kulturonline.tv"]},{"@type":"Person","@id":"https:\/\/kulturonline.tv\/de\/#\/schema\/person\/b0fac729bb9a0c193fb1df23449df4fe","name":"guenter.wolfgang"}]}},"_links":{"self":[{"href":"https:\/\/kulturonline.tv\/de\/wp-json\/wp\/v2\/posts\/100194","targetHints":{"allow":["GET"]}}],"collection":[{"href":"https:\/\/kulturonline.tv\/de\/wp-json\/wp\/v2\/posts"}],"about":[{"href":"https:\/\/kulturonline.tv\/de\/wp-json\/wp\/v2\/types\/post"}],"author":[{"embeddable":true,"href":"https:\/\/kulturonline.tv\/de\/wp-json\/wp\/v2\/users\/2"}],"replies":[{"embeddable":true,"href":"https:\/\/kulturonline.tv\/de\/wp-json\/wp\/v2\/comments?post=100194"}],"version-history":[{"count":0,"href":"https:\/\/kulturonline.tv\/de\/wp-json\/wp\/v2\/posts\/100194\/revisions"}],"wp:featuredmedia":[{"embeddable":true,"href":"https:\/\/kulturonline.tv\/de\/wp-json\/wp\/v2\/media\/100197"}],"wp:attachment":[{"href":"https:\/\/kulturonline.tv\/de\/wp-json\/wp\/v2\/media?parent=100194"}],"wp:term":[{"taxonomy":"category","embeddable":true,"href":"https:\/\/kulturonline.tv\/de\/wp-json\/wp\/v2\/categories?post=100194"},{"taxonomy":"post_tag","embeddable":true,"href":"https:\/\/kulturonline.tv\/de\/wp-json\/wp\/v2\/tags?post=100194"}],"curies":[{"name":"wp","href":"https:\/\/api.w.org\/{rel}","templated":true}]}}