{"id":100800,"date":"2024-11-06T10:28:32","date_gmt":"2024-11-06T09:28:32","guid":{"rendered":"https:\/\/kulturonline.tv\/?p=100800"},"modified":"2025-08-13T10:18:34","modified_gmt":"2025-08-13T08:18:34","slug":"dieter-nuhr-woanders-ist-ueberall","status":"publish","type":"post","link":"https:\/\/kulturonline.tv\/de\/dieter-nuhr-woanders-ist-ueberall\/","title":{"rendered":"AUDIO . \u201eDieter Nuhr \u2013 Woanders ist \u00fcberall&#8220;"},"content":{"rendered":"\n<p>Die Ausstellung &#8222;Dieter Nuhr &#8211; Woanders ist \u00fcberall&#8220; wurde gestern 05.November 2024 im Bayerischen Nationalmuseum im Rahmen eines Events er\u00f6ffnet . Die Asstellung &#8222;Dieter Nuhr &#8211; Woanders ist \u00fcberall&#8220; ist bis zum 8. Dezember 2024 im Bayerischen Nationalmuseum in M\u00fcnchen zu sehen. Lassen Sie sich von den beeindruckenden Werken des K\u00fcnstlers verzaubern und entdecken Sie die Welt mit den Augen von Dieter Nuhr.<\/p>\n\n\n\n<figure class=\"wp-block-image size-full\"><img fetchpriority=\"high\" decoding=\"async\" width=\"1280\" height=\"720\" src=\"https:\/\/kulturonline.tv\/wp-content\/uploads\/2024\/11\/Pressefoto-Dieter-Nuhr-2_Easy-Resize.com_-edited.jpg\" alt=\"\" class=\"wp-image-100805\" srcset=\"https:\/\/kulturonline.tv\/wp-content\/uploads\/2024\/11\/Pressefoto-Dieter-Nuhr-2_Easy-Resize.com_-edited.jpg 1280w, https:\/\/kulturonline.tv\/wp-content\/uploads\/2024\/11\/Pressefoto-Dieter-Nuhr-2_Easy-Resize.com_-edited-800x450.jpg 800w, https:\/\/kulturonline.tv\/wp-content\/uploads\/2024\/11\/Pressefoto-Dieter-Nuhr-2_Easy-Resize.com_-edited-768x432.jpg 768w\" sizes=\"(max-width: 1280px) 100vw, 1280px\" \/><\/figure>\n\n\n\n<p><\/p>\n\n\n\n<figure class=\"wp-block-audio\"><audio controls src=\"https:\/\/kulturonline.tv\/wp-content\/uploads\/2024\/11\/AUD-20241105-WA0072.mp3\"><\/audio><\/figure>\n\n\n\n<div class=\"wp-block-media-text\" style=\"grid-template-columns:23% auto\"><figure class=\"wp-block-media-text__media\"><img decoding=\"async\" width=\"344\" height=\"228\" src=\"https:\/\/kulturonline.tv\/wp-content\/uploads\/2024\/10\/transparent.jpg\" alt=\"\" class=\"wp-image-100284 size-full\"\/><\/figure><div class=\"wp-block-media-text__content\">\n<p>Martin Both von Kultur Online FM hat dazu bei der Er\u00f6ffnung das folgende Gespr\u00e4ch mit Dieter Nur gef\u00fchrt.<\/p>\n<\/div><\/div>\n\n\n\n<div style=\"height:33px\" aria-hidden=\"true\" class=\"wp-block-spacer\"><\/div>\n\n\n\n<p>Dieter Nuhr ist einem breiten Publikum vor allem als vielfach preisgekr\u00f6nter Kabarettist und Satiriker ein Begriff. Doch in den letzten Jahren r\u00fcckt auch sein malerisches, zeichnerisches und fotografisches Schaffen vermehrt in den Fokus der \u00d6ffentlichkeit. Als multimedialer K\u00fcnstler hat er \u00fcber viele Jahre hinweg ein beeindruckendes Oeuvre als bildender K\u00fcnstler geschaffen, das mehr und mehr aus dem&nbsp;<\/p>\n\n\n\n<p>Schatten seines darstellerischen Wirkens heraustritt. Seine Arbeiten wurden im Ruhrgebiet und weltweit in Museen und Galerien ausgestellt, darunter in Wien, Rom, Hagen, Venedig, Beijing, Shanghai und Dakar.<\/p>\n\n\n\n<p>In der Einzelausstellung \u201eDieter Nuhr \u2013 Woanders ist \u00fcberall\u201c im Bayerischen Nationalmuseum, die von der Essener Brost-Stiftung gef\u00f6rdert und von der D\u00fcsseldorfer Association for Art in Public koordiniert wird, pr\u00e4sentiert er vorwiegend gro\u00dfformatige Fotoarbeiten, Malerei und Zeichnungen seiner j\u00fcngsten&nbsp;<\/p>\n\n\n\n<p>Werkserie. Das Ruhrgebiet, eine der gr\u00f6\u00dften Industrieregionen Europas, in der Nuhr geboren und aufgewachsen ist, spielt dabei eine zentrale Rolle. In M\u00fcnchen treten diese Motive in einen faszinierenden Dialog mit Impressionen aus den entlegensten Regionen der Welt, die Nuhr auf seinen Reisen unerm\u00fcdlich erkundet und mit der Kamera festh\u00e4lt<\/p>\n\n\n\n<figure class=\"wp-block-image size-full\"><img decoding=\"async\" width=\"1280\" height=\"853\" src=\"https:\/\/kulturonline.tv\/wp-content\/uploads\/2024\/11\/Bayerisches-Nationalmuseum_Foto-Bastian-Krack_20241105_DieterNuhr_Saalaufnahmen_027_Easy-Resize.com_.jpg\" alt=\"\" class=\"wp-image-100807\" srcset=\"https:\/\/kulturonline.tv\/wp-content\/uploads\/2024\/11\/Bayerisches-Nationalmuseum_Foto-Bastian-Krack_20241105_DieterNuhr_Saalaufnahmen_027_Easy-Resize.com_.jpg 1280w, https:\/\/kulturonline.tv\/wp-content\/uploads\/2024\/11\/Bayerisches-Nationalmuseum_Foto-Bastian-Krack_20241105_DieterNuhr_Saalaufnahmen_027_Easy-Resize.com_-800x533.jpg 800w, https:\/\/kulturonline.tv\/wp-content\/uploads\/2024\/11\/Bayerisches-Nationalmuseum_Foto-Bastian-Krack_20241105_DieterNuhr_Saalaufnahmen_027_Easy-Resize.com_-768x512.jpg 768w\" sizes=\"(max-width: 1280px) 100vw, 1280px\" \/><\/figure>\n\n\n\n<h2 class=\"wp-block-heading\"><br>\u201eDieter Nuhr \u2013 Woanders ist \u00fcberall\u201c<\/h2>\n\n\n\n<p>Dieter Nuhrs k\u00fcnstlerische Motive sind vielf\u00e4ltig. Sie umfassen beeindruckende Landschaften, Portraits und Alltagsszenen, die er auf seinen Reisen durch alle Kontinente sowie in seiner unmittelbaren<br>Umgebung einf\u00e4ngt. Mit demselben forschenden Blick erkundet er sowohl das Ruhrgebiet, seine Heimat, als auch ferne L\u00e4nder wie Indien, Laos und den Senegal. Nuhrs Augenmerk gilt stets dem Besonderen, dem Einzigartigen und vielfach Unbeachteten.&nbsp;<\/p>\n\n\n\n<p>F\u00fcr seine Zeichnungen greift er zudem auf autobiografische und historische Quellen sowie auf Materialien aus Museen und Archiven zur\u00fcck, die die Geschichte des Ruhrgebiets, und damit auch seine eigene, erz\u00e4hlen.<\/p>\n\n\n\n<p>Der multimediale K\u00fcnstler unterzieht seine Fotografien und Zeichnungen einer aufw\u00e4ndigen digitalen Bearbeitung. Dabei kombiniert er verschiedenes fotografisches Material, Farben, Muster und Strukturen, wodurch er die Bilder ihrer Eindeutigkeit beraubt. Diese k\u00fcnstlerische Verfremdung thematisiert die Dualit\u00e4t von Fremde und Vertrautheit, Ferne und N\u00e4he sowie unser Verh\u00e4ltnis zur Welt<br>und unserer Heimat.<\/p>\n\n\n\n<figure class=\"wp-block-image size-full\"><img loading=\"lazy\" decoding=\"async\" width=\"1280\" height=\"853\" src=\"https:\/\/kulturonline.tv\/wp-content\/uploads\/2024\/11\/Dieter_Nuhr_Uli_Hoeness1_Easy-Resize.com_.jpg\" alt=\"\" class=\"wp-image-100811\" srcset=\"https:\/\/kulturonline.tv\/wp-content\/uploads\/2024\/11\/Dieter_Nuhr_Uli_Hoeness1_Easy-Resize.com_.jpg 1280w, https:\/\/kulturonline.tv\/wp-content\/uploads\/2024\/11\/Dieter_Nuhr_Uli_Hoeness1_Easy-Resize.com_-800x533.jpg 800w, https:\/\/kulturonline.tv\/wp-content\/uploads\/2024\/11\/Dieter_Nuhr_Uli_Hoeness1_Easy-Resize.com_-768x512.jpg 768w\" sizes=\"(max-width: 1280px) 100vw, 1280px\" \/><\/figure>\n\n\n\n<p>Die Ausstellung \u201eDieter Nuhr \u2013 Woanders ist \u00fcberall\u201c im Bayerischen Nationalmuseum ist die zweite Station einer international angelegten, bis 2028 andauernden Ausstellungstournee mit insgesamt zehn<br>Stationen weltweit. Sie wird von der Brost-Stiftung erm\u00f6glicht, einer der gr\u00f6\u00dften Stiftungen f\u00fcr Kunst und Kultur in Deutschland, und von der Association for Art in Public koordiniert. Im kommenden Jahr<br>wird die Ausstellung u.a. im Museo Nacional de Bellas Artes in der kubanischen Hauptstadt Havannazu sehen sein.<\/p>\n\n\n\n<p><br>\u201eDer Titel ist mehr Appell als Interpretation: \u201aWoanders ist \u00fcberall\u2018. Der wortm\u00e4chtige Herr Nuhr hinterlegt mit seinem Titel kein Wortspiel oder Aphorismus. Er ist Quintessenz seiner \u201aExpedition ins<br>Landesinnere\u2018. Dieter Nuhr erkundet das Ruhrgebiet unter historischer Perspektive. Aber \u2013 und das ist subjektive Wahrnehmung \u2013 es geht nicht um Dokumentation oder Fest-Stellung. Es geht um Kraftfelder<br>und Pr\u00e4gendes. Die identifizierbaren Metaphern hei\u00dfen \u201aBr\u00fccke\u2018 und \u201aBegegnung\u2018\u201c, beschreibt Prof. Bodo Hombach, Vorsitzender des Vorstands der Brost-Stiftung, die Ausstellung.<\/p>\n\n\n\n<p>\u201eDieter Nuhr hat sich als multimedialer K\u00fcnstler neben seiner Karriere als Kabarettist etabliert. Sein beeindruckendes Oeuvre, weltweit in renommierten Museen und Galerien ausgestellt, spiegelt seine<br>tiefe Verbundenheit mit dem Ruhrgebiet sowie seine Reisen in entlegene Winkel der Welt wieder.&nbsp;<\/p>\n\n\n\n<p>Die Ausstellung \u201aWoanders ist \u00fcberall\u2018 im Bayerischen Nationalmuseum zeigt Nuhrs einzigartige F\u00e4higkeit,Vertrautes und Fremdes in faszinierenden Dialog zu setzen\u201c, kommentiert Dirk Geuer, Kurator derAssociation for Art in Public.<\/p>\n\n\n\n<figure class=\"wp-block-image size-full\"><img loading=\"lazy\" decoding=\"async\" width=\"1280\" height=\"853\" src=\"https:\/\/kulturonline.tv\/wp-content\/uploads\/2024\/11\/Dieter_Nuhr_Sarah_Kronsbein_Easy-Resize.com_.jpg\" alt=\"\" class=\"wp-image-100813\" srcset=\"https:\/\/kulturonline.tv\/wp-content\/uploads\/2024\/11\/Dieter_Nuhr_Sarah_Kronsbein_Easy-Resize.com_.jpg 1280w, https:\/\/kulturonline.tv\/wp-content\/uploads\/2024\/11\/Dieter_Nuhr_Sarah_Kronsbein_Easy-Resize.com_-800x533.jpg 800w, https:\/\/kulturonline.tv\/wp-content\/uploads\/2024\/11\/Dieter_Nuhr_Sarah_Kronsbein_Easy-Resize.com_-768x512.jpg 768w\" sizes=\"(max-width: 1280px) 100vw, 1280px\" \/><\/figure>\n\n\n\n<p>Dieter Nuhr, 1960 in Wesel geboren, lebt und arbeitet in D\u00fcsseldorf, Berlin und auf Ibiza. Er ist auf verschiedenen Plattformen als K\u00fcnstler t\u00e4tig und z\u00e4hlt seit vielen Jahren zu den erfolgreichsten Satirikern Deutschlands.&nbsp; Seine Karriere als bildender K\u00fcnstler begann jedoch noch fr\u00fcher.&nbsp;<\/p>\n\n\n\n<p>Von 1981 bis 1987 studierte er Malerei an der Universit\u00e4t Essen, der ehemaligen Folkwangschule. Nachdem sich Nuhr zun\u00e4chst der Malerei widmete, begann er Anfang der 1990er-Jahre, mit Fotografie zu experimentieren. Die Faszination f\u00fcr dieses Medium begleitet ihn bis heute.<\/p>\n\n\n\n<p>Mit seinen neuen Arbeiten hat Nuhr eine einzigartige und wiedererkennbare Ausdrucksform entwickelt, die ihm in Fachkreisen gro\u00dfe Anerkennung einbringt. Dies zeigt sich deutlich in seiner<\/p>\n\n\n\n<h2 class=\"wp-block-heading\">Ausstellungshistorie&nbsp;<\/h2>\n\n\n\n<p>In den letzten zwei Jahren widmeten ihm renommierte Institutionen wie das Osthaus-Museum in Hagen, die Biblioteca Nazionale Marciana in Venedig, das Mus\u00e9e Th\u00e9odore Monod d\u2019Art Africain in Dakar, das Museo nazionale delle arti del XXI secolo (MAXXI) in Rom, das Ludwig Museum in Koblenz und zuletzt das Bank Austria Kunstforum Wien Einzelausstellungen.<\/p>\n\n\n\n<h2 class=\"wp-block-heading\"><\/h2>\n\n\n\n<h2 class=\"wp-block-heading\">Zum Bayerischen Nationalmuseum<\/h2>\n\n\n\n<p>Das Bayerische Nationalmuseum z\u00e4hlt zu den gr\u00f6\u00dften Museen in Deutschland. Es pr\u00e4sentiert<br>herausragende Kunst vom Mittelalter bis zum Jugendstil und erz\u00e4hlt auf einzigartige Weise<br>europ\u00e4ische Kulturgeschichte in Bayern. Gegr\u00fcndet 1855 vom bayerischen K\u00f6nig Maximilian II.<br>entstand das heutige Geb\u00e4udeensemble zwischen 1893 und 1900. Im Wesentlichen von dem<br>namhaften Architekten Gabriel von Seidel konzipiert z\u00e4hlt es zu den bedeutendsten und originellsten<br>Museumsbauten seiner Zeit. Der historische Kern der Sammlungen basiert auf dem Kunstbesitz der<br>Wittelsbacher, der die europaweiten Verbindungen dieser bayerischen Herrscherdynastie<br>widerspiegelt. Zugleich mehrten Stiftungen, Schenkungen und spektakul\u00e4re Erwerbungen den Bestand<br>stetig. <\/p>\n\n\n\n<p>Bis heute wird er auf diese Weise fortlaufend erweitert. Die Sammlungen umfassen<br>Meisterwerke der europ\u00e4ischen Kunstgeschichte und zeigen auf rund 13.000 Quadratmetern<br>Ausstellungsfl\u00e4che Skulpturen, Gem\u00e4lde, Goldschmiedekunst und Elfenbeinschnitzerei. Neben<br>Porzellan, Textilien, M\u00f6beln, Waffen und Musikinstrumenten beinhalten sie auch spektakul\u00e4re<br>Zeugnisse der Alltagskultur. Weltber\u00fchmt ist die Sammlung zur Krippenkunst aus dem 17. bis 20.<br>Jahrhundert.<\/p>\n\n\n\n<p>Mit der sukzessiven Erneuerung seiner Schausammlungen und spannenden Sonderausstellungen, die<br>zeitgen\u00f6ssische Positionen bildender und angewandter Kunst einschlie\u00dfen, schl\u00e4gt es Br\u00fccken<br>zwischen der Vergangenheit und der Gegenwart.<\/p>\n\n\n\n<h2 class=\"wp-block-heading\">Bayerisches Nationalmuseum<\/h2>\n\n\n\n<p>Prinzregentenstra\u00dfe 3 80538 M\u00fcnchen<br>www.bayerisches-nationalmuseum.de<br>\u00d6ffnungszeiten: Dienstag bis Sonntag 10 \u2013 17 Uhr<br>Donnerstag 10 \u2013\u200a\u200a\u200a\u200a20 Uhr<br>Montag geschlossen<br>Eintrittspreis: Die Ausstellung ist im regul\u00e4ren Eintrittspreis inbegriffen und wird im<br>Hauptgeschoss im Mars-Venus-Saal gezeigt.<\/p>\n\n\n\n<p>Kultur Online TV-FM<\/p>\n\n\n\n<p>#kunst #kultur #ausstellung #dieter nuhr #m\u00fcnchen #museum<\/p>\n","protected":false},"excerpt":{"rendered":"<p>Die Ausstellung &#8222;Dieter Nuhr &#8211; Woanders ist \u00fcberall&#8220; wurde gestern 05.November 2024 im Bayerischen Nationalmuseum im Rahmen eines Events er\u00f6ffnet . Die Asstellung &#8222;Dieter Nuhr &#8211; Woanders ist \u00fcberall&#8220; ist bis zum 8. Dezember 2024 im Bayerischen Nationalmuseum in M\u00fcnchen zu sehen. Lassen Sie sich von den beeindruckenden Werken des K\u00fcnstlers verzaubern und entdecken Sie [&hellip;]<\/p>\n","protected":false},"author":2,"featured_media":100805,"comment_status":"open","ping_status":"closed","sticky":false,"template":"","format":"standard","meta":{"_acf_changed":false,"footnotes":""},"categories":[3],"tags":[],"class_list":["post-100800","post","type-post","status-publish","format-standard","has-post-thumbnail","hentry","category-newsflash"],"acf":[],"yoast_head":"<!-- This site is optimized with the Yoast SEO plugin v26.1.1 - https:\/\/yoast.com\/wordpress\/plugins\/seo\/ -->\n<title>AUDIO . \u201eDieter Nuhr \u2013 Woanders ist \u00fcberall&quot; - Kultur Online TV &amp; FM<\/title>\n<meta name=\"description\" content=\"Die Ausstellung &quot;Dieter Nuhr - Woanders ist \u00fcberall&quot; wurde gestern 05.November 2024 im Bayerischen Nationalmuseum im Rahmen eines Events er\u00f6ffnet\" \/>\n<meta name=\"robots\" content=\"index, follow, max-snippet:-1, max-image-preview:large, max-video-preview:-1\" \/>\n<link rel=\"canonical\" href=\"https:\/\/kulturonline.tv\/de\/dieter-nuhr-woanders-ist-ueberall\/\" \/>\n<meta property=\"og:locale\" content=\"de_DE\" \/>\n<meta property=\"og:type\" content=\"article\" \/>\n<meta property=\"og:title\" content=\"AUDIO . \u201eDieter Nuhr \u2013 Woanders ist \u00fcberall&quot; - Kultur Online TV &amp; FM\" \/>\n<meta property=\"og:description\" content=\"Die Ausstellung &quot;Dieter Nuhr - Woanders ist \u00fcberall&quot; wurde gestern 05.November 2024 im Bayerischen Nationalmuseum im Rahmen eines Events er\u00f6ffnet\" \/>\n<meta property=\"og:url\" content=\"https:\/\/kulturonline.tv\/de\/dieter-nuhr-woanders-ist-ueberall\/\" \/>\n<meta property=\"og:site_name\" content=\"Kultur Online TV &amp; FM\" \/>\n<meta property=\"article:publisher\" content=\"https:\/\/www.facebook.com\/kulturonline.tv\" \/>\n<meta property=\"article:published_time\" content=\"2024-11-06T09:28:32+00:00\" \/>\n<meta property=\"article:modified_time\" content=\"2025-08-13T08:18:34+00:00\" \/>\n<meta property=\"og:image\" content=\"https:\/\/kulturonline.tv\/wp-content\/uploads\/2024\/11\/Pressefoto-Dieter-Nuhr-2_Easy-Resize.com_-edited.jpg\" \/>\n\t<meta property=\"og:image:width\" content=\"1280\" \/>\n\t<meta property=\"og:image:height\" content=\"720\" \/>\n\t<meta property=\"og:image:type\" content=\"image\/jpeg\" \/>\n<meta name=\"author\" content=\"guenter.wolfgang\" \/>\n<meta name=\"twitter:card\" content=\"summary_large_image\" \/>\n<meta name=\"twitter:label1\" content=\"Verfasst von\" \/>\n\t<meta name=\"twitter:data1\" content=\"guenter.wolfgang\" \/>\n\t<meta name=\"twitter:label2\" content=\"Gesch\u00e4tzte Lesezeit\" \/>\n\t<meta name=\"twitter:data2\" content=\"5\u00a0Minuten\" \/>\n<script type=\"application\/ld+json\" class=\"yoast-schema-graph\">{\"@context\":\"https:\/\/schema.org\",\"@graph\":[{\"@type\":\"Article\",\"@id\":\"https:\/\/kulturonline.tv\/de\/dieter-nuhr-woanders-ist-ueberall\/#article\",\"isPartOf\":{\"@id\":\"https:\/\/kulturonline.tv\/de\/dieter-nuhr-woanders-ist-ueberall\/\"},\"author\":{\"name\":\"guenter.wolfgang\",\"@id\":\"https:\/\/kulturonline.tv\/de\/#\/schema\/person\/b0fac729bb9a0c193fb1df23449df4fe\"},\"headline\":\"AUDIO . \u201eDieter Nuhr \u2013 Woanders ist \u00fcberall&#8220;\",\"datePublished\":\"2024-11-06T09:28:32+00:00\",\"dateModified\":\"2025-08-13T08:18:34+00:00\",\"mainEntityOfPage\":{\"@id\":\"https:\/\/kulturonline.tv\/de\/dieter-nuhr-woanders-ist-ueberall\/\"},\"wordCount\":1037,\"commentCount\":1,\"publisher\":{\"@id\":\"https:\/\/kulturonline.tv\/de\/#organization\"},\"image\":{\"@id\":\"https:\/\/kulturonline.tv\/de\/dieter-nuhr-woanders-ist-ueberall\/#primaryimage\"},\"thumbnailUrl\":\"https:\/\/kulturonline.tv\/wp-content\/uploads\/2024\/11\/Pressefoto-Dieter-Nuhr-2_Easy-Resize.com_-edited.jpg\",\"articleSection\":[\"Newsflash\"],\"inLanguage\":\"de\",\"potentialAction\":[{\"@type\":\"CommentAction\",\"name\":\"Comment\",\"target\":[\"https:\/\/kulturonline.tv\/de\/dieter-nuhr-woanders-ist-ueberall\/#respond\"]}]},{\"@type\":\"WebPage\",\"@id\":\"https:\/\/kulturonline.tv\/de\/dieter-nuhr-woanders-ist-ueberall\/\",\"url\":\"https:\/\/kulturonline.tv\/de\/dieter-nuhr-woanders-ist-ueberall\/\",\"name\":\"AUDIO . \u201eDieter Nuhr \u2013 Woanders ist \u00fcberall\\\" - Kultur Online TV &amp; FM\",\"isPartOf\":{\"@id\":\"https:\/\/kulturonline.tv\/de\/#website\"},\"primaryImageOfPage\":{\"@id\":\"https:\/\/kulturonline.tv\/de\/dieter-nuhr-woanders-ist-ueberall\/#primaryimage\"},\"image\":{\"@id\":\"https:\/\/kulturonline.tv\/de\/dieter-nuhr-woanders-ist-ueberall\/#primaryimage\"},\"thumbnailUrl\":\"https:\/\/kulturonline.tv\/wp-content\/uploads\/2024\/11\/Pressefoto-Dieter-Nuhr-2_Easy-Resize.com_-edited.jpg\",\"datePublished\":\"2024-11-06T09:28:32+00:00\",\"dateModified\":\"2025-08-13T08:18:34+00:00\",\"description\":\"Die Ausstellung \\\"Dieter Nuhr - Woanders ist \u00fcberall\\\" wurde gestern 05.November 2024 im Bayerischen Nationalmuseum im Rahmen eines Events er\u00f6ffnet\",\"breadcrumb\":{\"@id\":\"https:\/\/kulturonline.tv\/de\/dieter-nuhr-woanders-ist-ueberall\/#breadcrumb\"},\"inLanguage\":\"de\",\"potentialAction\":[{\"@type\":\"ReadAction\",\"target\":[\"https:\/\/kulturonline.tv\/de\/dieter-nuhr-woanders-ist-ueberall\/\"]}]},{\"@type\":\"ImageObject\",\"inLanguage\":\"de\",\"@id\":\"https:\/\/kulturonline.tv\/de\/dieter-nuhr-woanders-ist-ueberall\/#primaryimage\",\"url\":\"https:\/\/kulturonline.tv\/wp-content\/uploads\/2024\/11\/Pressefoto-Dieter-Nuhr-2_Easy-Resize.com_-edited.jpg\",\"contentUrl\":\"https:\/\/kulturonline.tv\/wp-content\/uploads\/2024\/11\/Pressefoto-Dieter-Nuhr-2_Easy-Resize.com_-edited.jpg\",\"width\":1280,\"height\":720},{\"@type\":\"BreadcrumbList\",\"@id\":\"https:\/\/kulturonline.tv\/de\/dieter-nuhr-woanders-ist-ueberall\/#breadcrumb\",\"itemListElement\":[{\"@type\":\"ListItem\",\"position\":1,\"name\":\"Startseite\",\"item\":\"https:\/\/kulturonline.tv\/de\/\"},{\"@type\":\"ListItem\",\"position\":2,\"name\":\"AUDIO . \u201eDieter Nuhr \u2013 Woanders ist \u00fcberall&#8220;\"}]},{\"@type\":\"WebSite\",\"@id\":\"https:\/\/kulturonline.tv\/de\/#website\",\"url\":\"https:\/\/kulturonline.tv\/de\/\",\"name\":\"Kultur Online TV &amp; FM\",\"description\":\"Wir sind Kultur 2.0 zum sehen &amp; h\u00f6ren\",\"publisher\":{\"@id\":\"https:\/\/kulturonline.tv\/de\/#organization\"},\"potentialAction\":[{\"@type\":\"SearchAction\",\"target\":{\"@type\":\"EntryPoint\",\"urlTemplate\":\"https:\/\/kulturonline.tv\/de\/?s={search_term_string}\"},\"query-input\":{\"@type\":\"PropertyValueSpecification\",\"valueRequired\":true,\"valueName\":\"search_term_string\"}}],\"inLanguage\":\"de\"},{\"@type\":\"Organization\",\"@id\":\"https:\/\/kulturonline.tv\/de\/#organization\",\"name\":\"Kultur Online TV\",\"url\":\"https:\/\/kulturonline.tv\/de\/\",\"logo\":{\"@type\":\"ImageObject\",\"inLanguage\":\"de\",\"@id\":\"https:\/\/kulturonline.tv\/de\/#\/schema\/logo\/image\/\",\"url\":\"https:\/\/kulturonline.tv\/wp-content\/uploads\/2021\/08\/Kultur-Online-Tv-Logo-Endversion-neu.png\",\"contentUrl\":\"https:\/\/kulturonline.tv\/wp-content\/uploads\/2021\/08\/Kultur-Online-Tv-Logo-Endversion-neu.png\",\"width\":200,\"height\":200,\"caption\":\"Kultur Online TV\"},\"image\":{\"@id\":\"https:\/\/kulturonline.tv\/de\/#\/schema\/logo\/image\/\"},\"sameAs\":[\"https:\/\/www.facebook.com\/kulturonline.tv\",\"https:\/\/www.instagram.com\/kulturonline.tv\"]},{\"@type\":\"Person\",\"@id\":\"https:\/\/kulturonline.tv\/de\/#\/schema\/person\/b0fac729bb9a0c193fb1df23449df4fe\",\"name\":\"guenter.wolfgang\"}]}<\/script>\n<!-- \/ Yoast SEO plugin. -->","yoast_head_json":{"title":"AUDIO . \u201eDieter Nuhr \u2013 Woanders ist \u00fcberall\" - Kultur Online TV &amp; FM","description":"Die Ausstellung \"Dieter Nuhr - Woanders ist \u00fcberall\" wurde gestern 05.November 2024 im Bayerischen Nationalmuseum im Rahmen eines Events er\u00f6ffnet","robots":{"index":"index","follow":"follow","max-snippet":"max-snippet:-1","max-image-preview":"max-image-preview:large","max-video-preview":"max-video-preview:-1"},"canonical":"https:\/\/kulturonline.tv\/de\/dieter-nuhr-woanders-ist-ueberall\/","og_locale":"de_DE","og_type":"article","og_title":"AUDIO . \u201eDieter Nuhr \u2013 Woanders ist \u00fcberall\" - Kultur Online TV &amp; FM","og_description":"Die Ausstellung \"Dieter Nuhr - Woanders ist \u00fcberall\" wurde gestern 05.November 2024 im Bayerischen Nationalmuseum im Rahmen eines Events er\u00f6ffnet","og_url":"https:\/\/kulturonline.tv\/de\/dieter-nuhr-woanders-ist-ueberall\/","og_site_name":"Kultur Online TV &amp; FM","article_publisher":"https:\/\/www.facebook.com\/kulturonline.tv","article_published_time":"2024-11-06T09:28:32+00:00","article_modified_time":"2025-08-13T08:18:34+00:00","og_image":[{"width":1280,"height":720,"url":"https:\/\/kulturonline.tv\/wp-content\/uploads\/2024\/11\/Pressefoto-Dieter-Nuhr-2_Easy-Resize.com_-edited.jpg","type":"image\/jpeg"}],"author":"guenter.wolfgang","twitter_card":"summary_large_image","twitter_misc":{"Verfasst von":"guenter.wolfgang","Gesch\u00e4tzte Lesezeit":"5\u00a0Minuten"},"schema":{"@context":"https:\/\/schema.org","@graph":[{"@type":"Article","@id":"https:\/\/kulturonline.tv\/de\/dieter-nuhr-woanders-ist-ueberall\/#article","isPartOf":{"@id":"https:\/\/kulturonline.tv\/de\/dieter-nuhr-woanders-ist-ueberall\/"},"author":{"name":"guenter.wolfgang","@id":"https:\/\/kulturonline.tv\/de\/#\/schema\/person\/b0fac729bb9a0c193fb1df23449df4fe"},"headline":"AUDIO . \u201eDieter Nuhr \u2013 Woanders ist \u00fcberall&#8220;","datePublished":"2024-11-06T09:28:32+00:00","dateModified":"2025-08-13T08:18:34+00:00","mainEntityOfPage":{"@id":"https:\/\/kulturonline.tv\/de\/dieter-nuhr-woanders-ist-ueberall\/"},"wordCount":1037,"commentCount":1,"publisher":{"@id":"https:\/\/kulturonline.tv\/de\/#organization"},"image":{"@id":"https:\/\/kulturonline.tv\/de\/dieter-nuhr-woanders-ist-ueberall\/#primaryimage"},"thumbnailUrl":"https:\/\/kulturonline.tv\/wp-content\/uploads\/2024\/11\/Pressefoto-Dieter-Nuhr-2_Easy-Resize.com_-edited.jpg","articleSection":["Newsflash"],"inLanguage":"de","potentialAction":[{"@type":"CommentAction","name":"Comment","target":["https:\/\/kulturonline.tv\/de\/dieter-nuhr-woanders-ist-ueberall\/#respond"]}]},{"@type":"WebPage","@id":"https:\/\/kulturonline.tv\/de\/dieter-nuhr-woanders-ist-ueberall\/","url":"https:\/\/kulturonline.tv\/de\/dieter-nuhr-woanders-ist-ueberall\/","name":"AUDIO . \u201eDieter Nuhr \u2013 Woanders ist \u00fcberall\" - Kultur Online TV &amp; FM","isPartOf":{"@id":"https:\/\/kulturonline.tv\/de\/#website"},"primaryImageOfPage":{"@id":"https:\/\/kulturonline.tv\/de\/dieter-nuhr-woanders-ist-ueberall\/#primaryimage"},"image":{"@id":"https:\/\/kulturonline.tv\/de\/dieter-nuhr-woanders-ist-ueberall\/#primaryimage"},"thumbnailUrl":"https:\/\/kulturonline.tv\/wp-content\/uploads\/2024\/11\/Pressefoto-Dieter-Nuhr-2_Easy-Resize.com_-edited.jpg","datePublished":"2024-11-06T09:28:32+00:00","dateModified":"2025-08-13T08:18:34+00:00","description":"Die Ausstellung \"Dieter Nuhr - Woanders ist \u00fcberall\" wurde gestern 05.November 2024 im Bayerischen Nationalmuseum im Rahmen eines Events er\u00f6ffnet","breadcrumb":{"@id":"https:\/\/kulturonline.tv\/de\/dieter-nuhr-woanders-ist-ueberall\/#breadcrumb"},"inLanguage":"de","potentialAction":[{"@type":"ReadAction","target":["https:\/\/kulturonline.tv\/de\/dieter-nuhr-woanders-ist-ueberall\/"]}]},{"@type":"ImageObject","inLanguage":"de","@id":"https:\/\/kulturonline.tv\/de\/dieter-nuhr-woanders-ist-ueberall\/#primaryimage","url":"https:\/\/kulturonline.tv\/wp-content\/uploads\/2024\/11\/Pressefoto-Dieter-Nuhr-2_Easy-Resize.com_-edited.jpg","contentUrl":"https:\/\/kulturonline.tv\/wp-content\/uploads\/2024\/11\/Pressefoto-Dieter-Nuhr-2_Easy-Resize.com_-edited.jpg","width":1280,"height":720},{"@type":"BreadcrumbList","@id":"https:\/\/kulturonline.tv\/de\/dieter-nuhr-woanders-ist-ueberall\/#breadcrumb","itemListElement":[{"@type":"ListItem","position":1,"name":"Startseite","item":"https:\/\/kulturonline.tv\/de\/"},{"@type":"ListItem","position":2,"name":"AUDIO . \u201eDieter Nuhr \u2013 Woanders ist \u00fcberall&#8220;"}]},{"@type":"WebSite","@id":"https:\/\/kulturonline.tv\/de\/#website","url":"https:\/\/kulturonline.tv\/de\/","name":"Kultur Online TV &amp; FM","description":"Wir sind Kultur 2.0 zum sehen &amp; h\u00f6ren","publisher":{"@id":"https:\/\/kulturonline.tv\/de\/#organization"},"potentialAction":[{"@type":"SearchAction","target":{"@type":"EntryPoint","urlTemplate":"https:\/\/kulturonline.tv\/de\/?s={search_term_string}"},"query-input":{"@type":"PropertyValueSpecification","valueRequired":true,"valueName":"search_term_string"}}],"inLanguage":"de"},{"@type":"Organization","@id":"https:\/\/kulturonline.tv\/de\/#organization","name":"Kultur Online TV","url":"https:\/\/kulturonline.tv\/de\/","logo":{"@type":"ImageObject","inLanguage":"de","@id":"https:\/\/kulturonline.tv\/de\/#\/schema\/logo\/image\/","url":"https:\/\/kulturonline.tv\/wp-content\/uploads\/2021\/08\/Kultur-Online-Tv-Logo-Endversion-neu.png","contentUrl":"https:\/\/kulturonline.tv\/wp-content\/uploads\/2021\/08\/Kultur-Online-Tv-Logo-Endversion-neu.png","width":200,"height":200,"caption":"Kultur Online TV"},"image":{"@id":"https:\/\/kulturonline.tv\/de\/#\/schema\/logo\/image\/"},"sameAs":["https:\/\/www.facebook.com\/kulturonline.tv","https:\/\/www.instagram.com\/kulturonline.tv"]},{"@type":"Person","@id":"https:\/\/kulturonline.tv\/de\/#\/schema\/person\/b0fac729bb9a0c193fb1df23449df4fe","name":"guenter.wolfgang"}]}},"_links":{"self":[{"href":"https:\/\/kulturonline.tv\/de\/wp-json\/wp\/v2\/posts\/100800","targetHints":{"allow":["GET"]}}],"collection":[{"href":"https:\/\/kulturonline.tv\/de\/wp-json\/wp\/v2\/posts"}],"about":[{"href":"https:\/\/kulturonline.tv\/de\/wp-json\/wp\/v2\/types\/post"}],"author":[{"embeddable":true,"href":"https:\/\/kulturonline.tv\/de\/wp-json\/wp\/v2\/users\/2"}],"replies":[{"embeddable":true,"href":"https:\/\/kulturonline.tv\/de\/wp-json\/wp\/v2\/comments?post=100800"}],"version-history":[{"count":1,"href":"https:\/\/kulturonline.tv\/de\/wp-json\/wp\/v2\/posts\/100800\/revisions"}],"predecessor-version":[{"id":115785,"href":"https:\/\/kulturonline.tv\/de\/wp-json\/wp\/v2\/posts\/100800\/revisions\/115785"}],"wp:featuredmedia":[{"embeddable":true,"href":"https:\/\/kulturonline.tv\/de\/wp-json\/wp\/v2\/media\/100805"}],"wp:attachment":[{"href":"https:\/\/kulturonline.tv\/de\/wp-json\/wp\/v2\/media?parent=100800"}],"wp:term":[{"taxonomy":"category","embeddable":true,"href":"https:\/\/kulturonline.tv\/de\/wp-json\/wp\/v2\/categories?post=100800"},{"taxonomy":"post_tag","embeddable":true,"href":"https:\/\/kulturonline.tv\/de\/wp-json\/wp\/v2\/tags?post=100800"}],"curies":[{"name":"wp","href":"https:\/\/api.w.org\/{rel}","templated":true}]}}