{"id":103108,"date":"2024-12-11T23:06:20","date_gmt":"2024-12-11T22:06:20","guid":{"rendered":"https:\/\/kulturonline.tv\/?p=103108"},"modified":"2024-12-11T23:08:40","modified_gmt":"2024-12-11T22:08:40","slug":"38-juedische-kulturtage-muenchen-2024","status":"publish","type":"post","link":"https:\/\/kulturonline.tv\/de\/38-juedische-kulturtage-muenchen-2024\/","title":{"rendered":"38.J\u00fcdische Kulturtage M\u00fcnchen 2024"},"content":{"rendered":"\n<p>Ein unvergesslicher Abend voller Spannung und Emotionen bei \u201eKlezmer &amp; Crime\u201c<\/p>\n\n\n\n<p>Schauspieler Max Simonischek begeisterte das Publikum mit seiner Lesung aus dem Essay \u201eGiganten sterben aufrecht\u201c von Publizist und Autor Samson Stern aus Tel Aviv.<\/p>\n\n\n\n<div style=\"height:38px\" aria-hidden=\"true\" class=\"wp-block-spacer\"><\/div>\n\n\n\n<figure class=\"wp-block-image size-full\"><img fetchpriority=\"high\" decoding=\"async\" width=\"1022\" height=\"575\" src=\"https:\/\/kulturonline.tv\/wp-content\/uploads\/2024\/12\/Klezmer-Crime_09.-Dezember_Pressebild-Kultur-Online-TV-FM-edited.jpg\" alt=\"\" class=\"wp-image-103111\" srcset=\"https:\/\/kulturonline.tv\/wp-content\/uploads\/2024\/12\/Klezmer-Crime_09.-Dezember_Pressebild-Kultur-Online-TV-FM-edited.jpg 1022w, https:\/\/kulturonline.tv\/wp-content\/uploads\/2024\/12\/Klezmer-Crime_09.-Dezember_Pressebild-Kultur-Online-TV-FM-edited-800x450.jpg 800w, https:\/\/kulturonline.tv\/wp-content\/uploads\/2024\/12\/Klezmer-Crime_09.-Dezember_Pressebild-Kultur-Online-TV-FM-edited-768x432.jpg 768w\" sizes=\"(max-width: 1022px) 100vw, 1022px\" \/><\/figure>\n\n\n\n<div style=\"height:38px\" aria-hidden=\"true\" class=\"wp-block-spacer\"><\/div>\n\n\n\n<p>Darin erz\u00e4hlt er die packende Geschichte seines Vaters \u2013 eine Flucht durch Polen, geheime Missionen und eine mysteri\u00f6se Gruppe von \u00dcberlebenden, deren Schicksal einem wahren Krimi gleicht. Begleitet wurde die Erz\u00e4hlung von mitrei\u00dfenden Klezmer-Melodien und einem eigens komponierten Lied von Dr. Sean (alias Samson Stern). <\/p>\n\n\n\n<div style=\"height:43px\" aria-hidden=\"true\" class=\"wp-block-spacer\"><\/div>\n\n\n\n<figure class=\"wp-block-image size-large\"><img decoding=\"async\" width=\"1352\" height=\"1600\" src=\"https:\/\/kulturonline.tv\/wp-content\/uploads\/2024\/12\/38.-Juedische-Kulturtage-Muenchen-2024_Max-Simonischek_Judith-Epstein_Samson-Stern_Dr.-Ludwig-Spaenle-1352x1600.jpg\" alt=\"\" class=\"wp-image-103113\" srcset=\"https:\/\/kulturonline.tv\/wp-content\/uploads\/2024\/12\/38.-Juedische-Kulturtage-Muenchen-2024_Max-Simonischek_Judith-Epstein_Samson-Stern_Dr.-Ludwig-Spaenle-1352x1600.jpg 1352w, https:\/\/kulturonline.tv\/wp-content\/uploads\/2024\/12\/38.-Juedische-Kulturtage-Muenchen-2024_Max-Simonischek_Judith-Epstein_Samson-Stern_Dr.-Ludwig-Spaenle-676x800.jpg 676w, https:\/\/kulturonline.tv\/wp-content\/uploads\/2024\/12\/38.-Juedische-Kulturtage-Muenchen-2024_Max-Simonischek_Judith-Epstein_Samson-Stern_Dr.-Ludwig-Spaenle-768x909.jpg 768w, https:\/\/kulturonline.tv\/wp-content\/uploads\/2024\/12\/38.-Juedische-Kulturtage-Muenchen-2024_Max-Simonischek_Judith-Epstein_Samson-Stern_Dr.-Ludwig-Spaenle-1298x1536.jpg 1298w, https:\/\/kulturonline.tv\/wp-content\/uploads\/2024\/12\/38.-Juedische-Kulturtage-Muenchen-2024_Max-Simonischek_Judith-Epstein_Samson-Stern_Dr.-Ludwig-Spaenle-1731x2048.jpg 1731w\" sizes=\"(max-width: 1352px) 100vw, 1352px\" \/><\/figure>\n\n\n\n<p>Die Kunstp\u00e4dagogin Svetlana Durkova hauchte der Geschichte mit ihrer faszinierenden Sandmalerei zus\u00e4tzlich Leben ein. Dr. Ludwig Spaenle, Beauftragter der Bayerischen Staatsregierung f\u00fcr j\u00fcdisches Leben, er\u00f6ffnete den Abend mit eindrucksvollen Gru\u00dfworten. Ein Abend, der Spannung, Emotion und Kunst auf einzigartige Weise<\/p>\n\n\n\n<p>Kultur Online TV-FM<\/p>\n\n\n\n<p>#kultur#lesung#muenchen<\/p>\n\n\n\n<div style=\"height:100px\" aria-hidden=\"true\" class=\"wp-block-spacer\"><\/div>\n","protected":false},"excerpt":{"rendered":"<p>Ein unvergesslicher Abend voller Spannung und Emotionen bei \u201eKlezmer &amp; Crime\u201c Schauspieler Max Simonischek begeisterte das Publikum mit seiner Lesung aus dem Essay \u201eGiganten sterben aufrecht\u201c von Publizist und Autor Samson Stern aus Tel Aviv. Darin erz\u00e4hlt er die packende Geschichte seines Vaters \u2013 eine Flucht durch Polen, geheime Missionen und eine mysteri\u00f6se Gruppe von [&hellip;]<\/p>\n","protected":false},"author":2,"featured_media":103111,"comment_status":"open","ping_status":"open","sticky":false,"template":"","format":"standard","meta":{"_acf_changed":false,"footnotes":""},"categories":[3],"tags":[],"class_list":["post-103108","post","type-post","status-publish","format-standard","has-post-thumbnail","hentry","category-newsflash"],"acf":[],"yoast_head":"<!-- This site is optimized with the Yoast SEO plugin v26.1.1 - https:\/\/yoast.com\/wordpress\/plugins\/seo\/ -->\n<title>38.J\u00fcdische Kulturtage M\u00fcnchen 2024 - Kultur Online TV &amp; FM<\/title>\n<meta name=\"description\" content=\"Ein unvergesslicher Abend voller Spannung und Emotionen bei \u201eKlezmer &amp; Crime\u201c\" \/>\n<meta name=\"robots\" content=\"index, follow, max-snippet:-1, max-image-preview:large, max-video-preview:-1\" \/>\n<link rel=\"canonical\" href=\"https:\/\/kulturonline.tv\/de\/38-juedische-kulturtage-muenchen-2024\/\" \/>\n<meta property=\"og:locale\" content=\"de_DE\" \/>\n<meta property=\"og:type\" content=\"article\" \/>\n<meta property=\"og:title\" content=\"38.J\u00fcdische Kulturtage M\u00fcnchen 2024 - Kultur Online TV &amp; FM\" \/>\n<meta property=\"og:description\" content=\"Ein unvergesslicher Abend voller Spannung und Emotionen bei \u201eKlezmer &amp; Crime\u201c\" \/>\n<meta property=\"og:url\" content=\"https:\/\/kulturonline.tv\/de\/38-juedische-kulturtage-muenchen-2024\/\" \/>\n<meta property=\"og:site_name\" content=\"Kultur Online TV &amp; FM\" \/>\n<meta property=\"article:publisher\" content=\"https:\/\/www.facebook.com\/kulturonline.tv\" \/>\n<meta property=\"article:published_time\" content=\"2024-12-11T22:06:20+00:00\" \/>\n<meta property=\"article:modified_time\" content=\"2024-12-11T22:08:40+00:00\" \/>\n<meta property=\"og:image\" content=\"https:\/\/kulturonline.tv\/wp-content\/uploads\/2024\/12\/Klezmer-Crime_09.-Dezember_Pressebild-Kultur-Online-TV-FM-edited.jpg\" \/>\n\t<meta property=\"og:image:width\" content=\"1022\" \/>\n\t<meta property=\"og:image:height\" content=\"575\" \/>\n\t<meta property=\"og:image:type\" content=\"image\/jpeg\" \/>\n<meta name=\"author\" content=\"guenter.wolfgang\" \/>\n<meta name=\"twitter:card\" content=\"summary_large_image\" \/>\n<meta name=\"twitter:label1\" content=\"Verfasst von\" \/>\n\t<meta name=\"twitter:data1\" content=\"guenter.wolfgang\" \/>\n\t<meta name=\"twitter:label2\" content=\"Gesch\u00e4tzte Lesezeit\" \/>\n\t<meta name=\"twitter:data2\" content=\"1\u00a0Minute\" \/>\n<script type=\"application\/ld+json\" class=\"yoast-schema-graph\">{\"@context\":\"https:\/\/schema.org\",\"@graph\":[{\"@type\":\"Article\",\"@id\":\"https:\/\/kulturonline.tv\/de\/38-juedische-kulturtage-muenchen-2024\/#article\",\"isPartOf\":{\"@id\":\"https:\/\/kulturonline.tv\/de\/38-juedische-kulturtage-muenchen-2024\/\"},\"author\":{\"name\":\"guenter.wolfgang\",\"@id\":\"https:\/\/kulturonline.tv\/de\/#\/schema\/person\/b0fac729bb9a0c193fb1df23449df4fe\"},\"headline\":\"38.J\u00fcdische Kulturtage M\u00fcnchen 2024\",\"datePublished\":\"2024-12-11T22:06:20+00:00\",\"dateModified\":\"2024-12-11T22:08:40+00:00\",\"mainEntityOfPage\":{\"@id\":\"https:\/\/kulturonline.tv\/de\/38-juedische-kulturtage-muenchen-2024\/\"},\"wordCount\":140,\"commentCount\":1,\"publisher\":{\"@id\":\"https:\/\/kulturonline.tv\/de\/#organization\"},\"image\":{\"@id\":\"https:\/\/kulturonline.tv\/de\/38-juedische-kulturtage-muenchen-2024\/#primaryimage\"},\"thumbnailUrl\":\"https:\/\/kulturonline.tv\/wp-content\/uploads\/2024\/12\/Klezmer-Crime_09.-Dezember_Pressebild-Kultur-Online-TV-FM-edited.jpg\",\"articleSection\":[\"Newsflash\"],\"inLanguage\":\"de\",\"potentialAction\":[{\"@type\":\"CommentAction\",\"name\":\"Comment\",\"target\":[\"https:\/\/kulturonline.tv\/de\/38-juedische-kulturtage-muenchen-2024\/#respond\"]}]},{\"@type\":\"WebPage\",\"@id\":\"https:\/\/kulturonline.tv\/de\/38-juedische-kulturtage-muenchen-2024\/\",\"url\":\"https:\/\/kulturonline.tv\/de\/38-juedische-kulturtage-muenchen-2024\/\",\"name\":\"38.J\u00fcdische Kulturtage M\u00fcnchen 2024 - Kultur Online TV &amp; FM\",\"isPartOf\":{\"@id\":\"https:\/\/kulturonline.tv\/de\/#website\"},\"primaryImageOfPage\":{\"@id\":\"https:\/\/kulturonline.tv\/de\/38-juedische-kulturtage-muenchen-2024\/#primaryimage\"},\"image\":{\"@id\":\"https:\/\/kulturonline.tv\/de\/38-juedische-kulturtage-muenchen-2024\/#primaryimage\"},\"thumbnailUrl\":\"https:\/\/kulturonline.tv\/wp-content\/uploads\/2024\/12\/Klezmer-Crime_09.-Dezember_Pressebild-Kultur-Online-TV-FM-edited.jpg\",\"datePublished\":\"2024-12-11T22:06:20+00:00\",\"dateModified\":\"2024-12-11T22:08:40+00:00\",\"description\":\"Ein unvergesslicher Abend voller Spannung und Emotionen bei \u201eKlezmer & Crime\u201c\",\"breadcrumb\":{\"@id\":\"https:\/\/kulturonline.tv\/de\/38-juedische-kulturtage-muenchen-2024\/#breadcrumb\"},\"inLanguage\":\"de\",\"potentialAction\":[{\"@type\":\"ReadAction\",\"target\":[\"https:\/\/kulturonline.tv\/de\/38-juedische-kulturtage-muenchen-2024\/\"]}]},{\"@type\":\"ImageObject\",\"inLanguage\":\"de\",\"@id\":\"https:\/\/kulturonline.tv\/de\/38-juedische-kulturtage-muenchen-2024\/#primaryimage\",\"url\":\"https:\/\/kulturonline.tv\/wp-content\/uploads\/2024\/12\/Klezmer-Crime_09.-Dezember_Pressebild-Kultur-Online-TV-FM-edited.jpg\",\"contentUrl\":\"https:\/\/kulturonline.tv\/wp-content\/uploads\/2024\/12\/Klezmer-Crime_09.-Dezember_Pressebild-Kultur-Online-TV-FM-edited.jpg\",\"width\":1022,\"height\":575},{\"@type\":\"BreadcrumbList\",\"@id\":\"https:\/\/kulturonline.tv\/de\/38-juedische-kulturtage-muenchen-2024\/#breadcrumb\",\"itemListElement\":[{\"@type\":\"ListItem\",\"position\":1,\"name\":\"Startseite\",\"item\":\"https:\/\/kulturonline.tv\/de\/\"},{\"@type\":\"ListItem\",\"position\":2,\"name\":\"38.J\u00fcdische Kulturtage M\u00fcnchen 2024\"}]},{\"@type\":\"WebSite\",\"@id\":\"https:\/\/kulturonline.tv\/de\/#website\",\"url\":\"https:\/\/kulturonline.tv\/de\/\",\"name\":\"Kultur Online TV &amp; FM\",\"description\":\"Wir sind Kultur 2.0 zum sehen &amp; h\u00f6ren\",\"publisher\":{\"@id\":\"https:\/\/kulturonline.tv\/de\/#organization\"},\"potentialAction\":[{\"@type\":\"SearchAction\",\"target\":{\"@type\":\"EntryPoint\",\"urlTemplate\":\"https:\/\/kulturonline.tv\/de\/?s={search_term_string}\"},\"query-input\":{\"@type\":\"PropertyValueSpecification\",\"valueRequired\":true,\"valueName\":\"search_term_string\"}}],\"inLanguage\":\"de\"},{\"@type\":\"Organization\",\"@id\":\"https:\/\/kulturonline.tv\/de\/#organization\",\"name\":\"Kultur Online TV\",\"url\":\"https:\/\/kulturonline.tv\/de\/\",\"logo\":{\"@type\":\"ImageObject\",\"inLanguage\":\"de\",\"@id\":\"https:\/\/kulturonline.tv\/de\/#\/schema\/logo\/image\/\",\"url\":\"https:\/\/kulturonline.tv\/wp-content\/uploads\/2021\/08\/Kultur-Online-Tv-Logo-Endversion-neu.png\",\"contentUrl\":\"https:\/\/kulturonline.tv\/wp-content\/uploads\/2021\/08\/Kultur-Online-Tv-Logo-Endversion-neu.png\",\"width\":200,\"height\":200,\"caption\":\"Kultur Online TV\"},\"image\":{\"@id\":\"https:\/\/kulturonline.tv\/de\/#\/schema\/logo\/image\/\"},\"sameAs\":[\"https:\/\/www.facebook.com\/kulturonline.tv\",\"https:\/\/www.instagram.com\/kulturonline.tv\"]},{\"@type\":\"Person\",\"@id\":\"https:\/\/kulturonline.tv\/de\/#\/schema\/person\/b0fac729bb9a0c193fb1df23449df4fe\",\"name\":\"guenter.wolfgang\"}]}<\/script>\n<!-- \/ Yoast SEO plugin. -->","yoast_head_json":{"title":"38.J\u00fcdische Kulturtage M\u00fcnchen 2024 - Kultur Online TV &amp; FM","description":"Ein unvergesslicher Abend voller Spannung und Emotionen bei \u201eKlezmer & Crime\u201c","robots":{"index":"index","follow":"follow","max-snippet":"max-snippet:-1","max-image-preview":"max-image-preview:large","max-video-preview":"max-video-preview:-1"},"canonical":"https:\/\/kulturonline.tv\/de\/38-juedische-kulturtage-muenchen-2024\/","og_locale":"de_DE","og_type":"article","og_title":"38.J\u00fcdische Kulturtage M\u00fcnchen 2024 - Kultur Online TV &amp; FM","og_description":"Ein unvergesslicher Abend voller Spannung und Emotionen bei \u201eKlezmer & Crime\u201c","og_url":"https:\/\/kulturonline.tv\/de\/38-juedische-kulturtage-muenchen-2024\/","og_site_name":"Kultur Online TV &amp; FM","article_publisher":"https:\/\/www.facebook.com\/kulturonline.tv","article_published_time":"2024-12-11T22:06:20+00:00","article_modified_time":"2024-12-11T22:08:40+00:00","og_image":[{"width":1022,"height":575,"url":"https:\/\/kulturonline.tv\/wp-content\/uploads\/2024\/12\/Klezmer-Crime_09.-Dezember_Pressebild-Kultur-Online-TV-FM-edited.jpg","type":"image\/jpeg"}],"author":"guenter.wolfgang","twitter_card":"summary_large_image","twitter_misc":{"Verfasst von":"guenter.wolfgang","Gesch\u00e4tzte Lesezeit":"1\u00a0Minute"},"schema":{"@context":"https:\/\/schema.org","@graph":[{"@type":"Article","@id":"https:\/\/kulturonline.tv\/de\/38-juedische-kulturtage-muenchen-2024\/#article","isPartOf":{"@id":"https:\/\/kulturonline.tv\/de\/38-juedische-kulturtage-muenchen-2024\/"},"author":{"name":"guenter.wolfgang","@id":"https:\/\/kulturonline.tv\/de\/#\/schema\/person\/b0fac729bb9a0c193fb1df23449df4fe"},"headline":"38.J\u00fcdische Kulturtage M\u00fcnchen 2024","datePublished":"2024-12-11T22:06:20+00:00","dateModified":"2024-12-11T22:08:40+00:00","mainEntityOfPage":{"@id":"https:\/\/kulturonline.tv\/de\/38-juedische-kulturtage-muenchen-2024\/"},"wordCount":140,"commentCount":1,"publisher":{"@id":"https:\/\/kulturonline.tv\/de\/#organization"},"image":{"@id":"https:\/\/kulturonline.tv\/de\/38-juedische-kulturtage-muenchen-2024\/#primaryimage"},"thumbnailUrl":"https:\/\/kulturonline.tv\/wp-content\/uploads\/2024\/12\/Klezmer-Crime_09.-Dezember_Pressebild-Kultur-Online-TV-FM-edited.jpg","articleSection":["Newsflash"],"inLanguage":"de","potentialAction":[{"@type":"CommentAction","name":"Comment","target":["https:\/\/kulturonline.tv\/de\/38-juedische-kulturtage-muenchen-2024\/#respond"]}]},{"@type":"WebPage","@id":"https:\/\/kulturonline.tv\/de\/38-juedische-kulturtage-muenchen-2024\/","url":"https:\/\/kulturonline.tv\/de\/38-juedische-kulturtage-muenchen-2024\/","name":"38.J\u00fcdische Kulturtage M\u00fcnchen 2024 - Kultur Online TV &amp; FM","isPartOf":{"@id":"https:\/\/kulturonline.tv\/de\/#website"},"primaryImageOfPage":{"@id":"https:\/\/kulturonline.tv\/de\/38-juedische-kulturtage-muenchen-2024\/#primaryimage"},"image":{"@id":"https:\/\/kulturonline.tv\/de\/38-juedische-kulturtage-muenchen-2024\/#primaryimage"},"thumbnailUrl":"https:\/\/kulturonline.tv\/wp-content\/uploads\/2024\/12\/Klezmer-Crime_09.-Dezember_Pressebild-Kultur-Online-TV-FM-edited.jpg","datePublished":"2024-12-11T22:06:20+00:00","dateModified":"2024-12-11T22:08:40+00:00","description":"Ein unvergesslicher Abend voller Spannung und Emotionen bei \u201eKlezmer & Crime\u201c","breadcrumb":{"@id":"https:\/\/kulturonline.tv\/de\/38-juedische-kulturtage-muenchen-2024\/#breadcrumb"},"inLanguage":"de","potentialAction":[{"@type":"ReadAction","target":["https:\/\/kulturonline.tv\/de\/38-juedische-kulturtage-muenchen-2024\/"]}]},{"@type":"ImageObject","inLanguage":"de","@id":"https:\/\/kulturonline.tv\/de\/38-juedische-kulturtage-muenchen-2024\/#primaryimage","url":"https:\/\/kulturonline.tv\/wp-content\/uploads\/2024\/12\/Klezmer-Crime_09.-Dezember_Pressebild-Kultur-Online-TV-FM-edited.jpg","contentUrl":"https:\/\/kulturonline.tv\/wp-content\/uploads\/2024\/12\/Klezmer-Crime_09.-Dezember_Pressebild-Kultur-Online-TV-FM-edited.jpg","width":1022,"height":575},{"@type":"BreadcrumbList","@id":"https:\/\/kulturonline.tv\/de\/38-juedische-kulturtage-muenchen-2024\/#breadcrumb","itemListElement":[{"@type":"ListItem","position":1,"name":"Startseite","item":"https:\/\/kulturonline.tv\/de\/"},{"@type":"ListItem","position":2,"name":"38.J\u00fcdische Kulturtage M\u00fcnchen 2024"}]},{"@type":"WebSite","@id":"https:\/\/kulturonline.tv\/de\/#website","url":"https:\/\/kulturonline.tv\/de\/","name":"Kultur Online TV &amp; FM","description":"Wir sind Kultur 2.0 zum sehen &amp; h\u00f6ren","publisher":{"@id":"https:\/\/kulturonline.tv\/de\/#organization"},"potentialAction":[{"@type":"SearchAction","target":{"@type":"EntryPoint","urlTemplate":"https:\/\/kulturonline.tv\/de\/?s={search_term_string}"},"query-input":{"@type":"PropertyValueSpecification","valueRequired":true,"valueName":"search_term_string"}}],"inLanguage":"de"},{"@type":"Organization","@id":"https:\/\/kulturonline.tv\/de\/#organization","name":"Kultur Online TV","url":"https:\/\/kulturonline.tv\/de\/","logo":{"@type":"ImageObject","inLanguage":"de","@id":"https:\/\/kulturonline.tv\/de\/#\/schema\/logo\/image\/","url":"https:\/\/kulturonline.tv\/wp-content\/uploads\/2021\/08\/Kultur-Online-Tv-Logo-Endversion-neu.png","contentUrl":"https:\/\/kulturonline.tv\/wp-content\/uploads\/2021\/08\/Kultur-Online-Tv-Logo-Endversion-neu.png","width":200,"height":200,"caption":"Kultur Online TV"},"image":{"@id":"https:\/\/kulturonline.tv\/de\/#\/schema\/logo\/image\/"},"sameAs":["https:\/\/www.facebook.com\/kulturonline.tv","https:\/\/www.instagram.com\/kulturonline.tv"]},{"@type":"Person","@id":"https:\/\/kulturonline.tv\/de\/#\/schema\/person\/b0fac729bb9a0c193fb1df23449df4fe","name":"guenter.wolfgang"}]}},"_links":{"self":[{"href":"https:\/\/kulturonline.tv\/de\/wp-json\/wp\/v2\/posts\/103108","targetHints":{"allow":["GET"]}}],"collection":[{"href":"https:\/\/kulturonline.tv\/de\/wp-json\/wp\/v2\/posts"}],"about":[{"href":"https:\/\/kulturonline.tv\/de\/wp-json\/wp\/v2\/types\/post"}],"author":[{"embeddable":true,"href":"https:\/\/kulturonline.tv\/de\/wp-json\/wp\/v2\/users\/2"}],"replies":[{"embeddable":true,"href":"https:\/\/kulturonline.tv\/de\/wp-json\/wp\/v2\/comments?post=103108"}],"version-history":[{"count":2,"href":"https:\/\/kulturonline.tv\/de\/wp-json\/wp\/v2\/posts\/103108\/revisions"}],"predecessor-version":[{"id":103117,"href":"https:\/\/kulturonline.tv\/de\/wp-json\/wp\/v2\/posts\/103108\/revisions\/103117"}],"wp:featuredmedia":[{"embeddable":true,"href":"https:\/\/kulturonline.tv\/de\/wp-json\/wp\/v2\/media\/103111"}],"wp:attachment":[{"href":"https:\/\/kulturonline.tv\/de\/wp-json\/wp\/v2\/media?parent=103108"}],"wp:term":[{"taxonomy":"category","embeddable":true,"href":"https:\/\/kulturonline.tv\/de\/wp-json\/wp\/v2\/categories?post=103108"},{"taxonomy":"post_tag","embeddable":true,"href":"https:\/\/kulturonline.tv\/de\/wp-json\/wp\/v2\/tags?post=103108"}],"curies":[{"name":"wp","href":"https:\/\/api.w.org\/{rel}","templated":true}]}}