{"id":103701,"date":"2025-01-10T15:58:28","date_gmt":"2025-01-10T14:58:28","guid":{"rendered":"https:\/\/kulturonline.tv\/?p=103701"},"modified":"2025-01-10T16:02:03","modified_gmt":"2025-01-10T15:02:03","slug":"waldbraende-werfen-einen-schatten-ueber-hollywood","status":"publish","type":"post","link":"https:\/\/kulturonline.tv\/de\/waldbraende-werfen-einen-schatten-ueber-hollywood\/","title":{"rendered":"Waldbr\u00e4nde werfen einen Schatten \u00fcber Hollywood"},"content":{"rendered":"\n<p>Die Flammen haben nicht nur H\u00e4user zerst\u00f6rt, sondern auch die Traumfabrik lahmgelegt. Zahlreiche Filmproduktionen und Premieren wurden in Los Angeles abgesagt.<\/p>\n\n\n\n<figure class=\"wp-block-image size-full\"><img fetchpriority=\"high\" decoding=\"async\" width=\"1126\" height=\"633\" src=\"https:\/\/kulturonline.tv\/wp-content\/uploads\/2025\/01\/Kultur-Online-TV-1-edited.jpg\" alt=\"\" class=\"wp-image-103704\" srcset=\"https:\/\/kulturonline.tv\/wp-content\/uploads\/2025\/01\/Kultur-Online-TV-1-edited.jpg 1126w, https:\/\/kulturonline.tv\/wp-content\/uploads\/2025\/01\/Kultur-Online-TV-1-edited-800x450.jpg 800w, https:\/\/kulturonline.tv\/wp-content\/uploads\/2025\/01\/Kultur-Online-TV-1-edited-768x432.jpg 768w\" sizes=\"(max-width: 1126px) 100vw, 1126px\" \/><figcaption class=\"wp-element-caption\">\u00a9 Bild, Peter Noel f\u00fcr Kultur Online TV <\/figcaption><\/figure>\n\n\n\n<p>Die verheerenden Waldbr\u00e4nde, die derzeit Los Angeles heimsuchen, haben nicht nur verheerende Auswirkungen auf die Natur und die Bewohner der Stadt, sondern auch auf die weltber\u00fchmte Filmindustrie. Die Feuer haben die Produktion zahlreicher Filme und Fernsehserien zum Erliegen gebracht und zahlreiche Filmpremieren verschoben.<\/p>\n\n\n\n<p><strong>Dreharbeiten unterbrochen, Studios geschlossen<\/strong><\/p>\n\n\n\n<p>Beliebte Serien wie &#8222;Grey&#8217;s Anatomy&#8220; und die Talkshow von Jimmy Kimmel mussten ihre Dreharbeiten aufgrund der unsicheren Bedingungen und der schlechten Luftqualit\u00e4t unterbrechen. Auch die Produktion zahlreicher anderer Filme und Serien wurde vor\u00fcbergehend eingestellt. Gro\u00dfe Filmstudios wie Paramount Pictures und Warner Bros. haben ihre Tore geschlossen, um die Sicherheit ihrer Mitarbeiter zu gew\u00e4hrleisten.<\/p>\n\n\n\n<p><strong>Filmpremieren verschoben, Preisverleihungen verlegt<\/strong><\/p>\n\n\n\n<p>Neben den Unterbrechungen der laufenden Produktion sind auch zahlreiche Filmpremieren von den Br\u00e4nden betroffen. So musste beispielsweise die Premiere des Dramas &#8222;Unstoppable&#8220; mit Jennifer Lopez verschoben werden. Auch die Verleihung renommierter Filmpreise wie der Oscars und der Critics Choice Awards wurde auf einen sp\u00e4teren Zeitpunkt verlegt.<\/p>\n\n\n\n<p><strong>Wirtschaftliche Folgen und Unsicherheit<\/strong><\/p>\n\n\n\n<p>Die Unterbrechungen in der Filmproduktion haben nicht nur kreative, sondern auch erhebliche wirtschaftliche Folgen. Zahlreiche Jobs in der Branche sind gef\u00e4hrdet, und die Produktionskosten steigen durch die Verz\u00f6gerungen. Zudem sind die Auswirkungen auf den Tourismus in Los Angeles nicht zu untersch\u00e4tzen, da viele Besucher die Stadt besuchen, um die Filmstudios und Drehorte zu besichtigen.<\/p>\n\n\n\n<p>Wann die Filmindustrie in Los Angeles wieder vollst\u00e4ndig zum Normalbetrieb zur\u00fcckkehren kann, ist derzeit noch unklar. Die Dauer der Unterbrechungen h\u00e4ngt ma\u00dfgeblich vom Verlauf der Br\u00e4nde und den damit verbundenen Sicherheitsma\u00dfnahmen ab.<\/p>\n\n\n\n<p><strong>Ausblick<\/strong><\/p>\n\n\n\n<p>Die Waldbr\u00e4nde in Los Angeles stellen eine gro\u00dfe Herausforderung f\u00fcr die Filmindustrie dar. Es bleibt abzuwarten, wie sich die Lage in den kommenden Wochen und Monaten entwickeln wird und welche langfristigen Folgen die Br\u00e4nde f\u00fcr Hollywood haben werden.<\/p>\n\n\n\n<p>Beitrag: G\u00fcnter Wolfgang<\/p>\n\n\n\n<p>Kultur Online TV-FM<\/p>\n\n\n\n<p>#news #film<\/p>\n","protected":false},"excerpt":{"rendered":"<p>Die Flammen haben nicht nur H\u00e4user zerst\u00f6rt, sondern auch die Traumfabrik lahmgelegt. Zahlreiche Filmproduktionen und Premieren wurden in Los Angeles abgesagt. Die verheerenden Waldbr\u00e4nde, die derzeit Los Angeles heimsuchen, haben nicht nur verheerende Auswirkungen auf die Natur und die Bewohner der Stadt, sondern auch auf die weltber\u00fchmte Filmindustrie. Die Feuer haben die Produktion zahlreicher Filme [&hellip;]<\/p>\n","protected":false},"author":2,"featured_media":103704,"comment_status":"open","ping_status":"open","sticky":false,"template":"","format":"standard","meta":{"_acf_changed":false,"footnotes":""},"categories":[3],"tags":[],"class_list":["post-103701","post","type-post","status-publish","format-standard","has-post-thumbnail","hentry","category-newsflash"],"acf":[],"yoast_head":"<!-- This site is optimized with the Yoast SEO plugin v26.1.1 - https:\/\/yoast.com\/wordpress\/plugins\/seo\/ -->\n<title>Waldbr\u00e4nde werfen einen Schatten \u00fcber Hollywood - Kultur Online TV &amp; FM<\/title>\n<meta name=\"description\" content=\"Die Flammen haben nicht nur H\u00e4user zerst\u00f6rt, sondern auch die Traumfabrik lahmgelegt. Zahlreiche Filmproduktionen und Premieren wurden in Los Angeles abgesagt.\" \/>\n<meta name=\"robots\" content=\"index, follow, max-snippet:-1, max-image-preview:large, max-video-preview:-1\" \/>\n<link rel=\"canonical\" href=\"https:\/\/kulturonline.tv\/de\/waldbraende-werfen-einen-schatten-ueber-hollywood\/\" \/>\n<meta property=\"og:locale\" content=\"de_DE\" \/>\n<meta property=\"og:type\" content=\"article\" \/>\n<meta property=\"og:title\" content=\"Waldbr\u00e4nde werfen einen Schatten \u00fcber Hollywood - Kultur Online TV &amp; FM\" \/>\n<meta property=\"og:description\" content=\"Die Flammen haben nicht nur H\u00e4user zerst\u00f6rt, sondern auch die Traumfabrik lahmgelegt. Zahlreiche Filmproduktionen und Premieren wurden in Los Angeles abgesagt.\" \/>\n<meta property=\"og:url\" content=\"https:\/\/kulturonline.tv\/de\/waldbraende-werfen-einen-schatten-ueber-hollywood\/\" \/>\n<meta property=\"og:site_name\" content=\"Kultur Online TV &amp; FM\" \/>\n<meta property=\"article:publisher\" content=\"https:\/\/www.facebook.com\/kulturonline.tv\" \/>\n<meta property=\"article:published_time\" content=\"2025-01-10T14:58:28+00:00\" \/>\n<meta property=\"article:modified_time\" content=\"2025-01-10T15:02:03+00:00\" \/>\n<meta property=\"og:image\" content=\"https:\/\/kulturonline.tv\/wp-content\/uploads\/2025\/01\/Kultur-Online-TV-1-edited.jpg\" \/>\n\t<meta property=\"og:image:width\" content=\"1126\" \/>\n\t<meta property=\"og:image:height\" content=\"633\" \/>\n\t<meta property=\"og:image:type\" content=\"image\/jpeg\" \/>\n<meta name=\"author\" content=\"guenter.wolfgang\" \/>\n<meta name=\"twitter:card\" content=\"summary_large_image\" \/>\n<meta name=\"twitter:label1\" content=\"Verfasst von\" \/>\n\t<meta name=\"twitter:data1\" content=\"guenter.wolfgang\" \/>\n\t<meta name=\"twitter:label2\" content=\"Gesch\u00e4tzte Lesezeit\" \/>\n\t<meta name=\"twitter:data2\" content=\"2\u00a0Minuten\" \/>\n<script type=\"application\/ld+json\" class=\"yoast-schema-graph\">{\"@context\":\"https:\/\/schema.org\",\"@graph\":[{\"@type\":\"Article\",\"@id\":\"https:\/\/kulturonline.tv\/de\/waldbraende-werfen-einen-schatten-ueber-hollywood\/#article\",\"isPartOf\":{\"@id\":\"https:\/\/kulturonline.tv\/de\/waldbraende-werfen-einen-schatten-ueber-hollywood\/\"},\"author\":{\"name\":\"guenter.wolfgang\",\"@id\":\"https:\/\/kulturonline.tv\/de\/#\/schema\/person\/b0fac729bb9a0c193fb1df23449df4fe\"},\"headline\":\"Waldbr\u00e4nde werfen einen Schatten \u00fcber Hollywood\",\"datePublished\":\"2025-01-10T14:58:28+00:00\",\"dateModified\":\"2025-01-10T15:02:03+00:00\",\"mainEntityOfPage\":{\"@id\":\"https:\/\/kulturonline.tv\/de\/waldbraende-werfen-einen-schatten-ueber-hollywood\/\"},\"wordCount\":349,\"commentCount\":2,\"publisher\":{\"@id\":\"https:\/\/kulturonline.tv\/de\/#organization\"},\"image\":{\"@id\":\"https:\/\/kulturonline.tv\/de\/waldbraende-werfen-einen-schatten-ueber-hollywood\/#primaryimage\"},\"thumbnailUrl\":\"https:\/\/kulturonline.tv\/wp-content\/uploads\/2025\/01\/Kultur-Online-TV-1-edited.jpg\",\"articleSection\":[\"Newsflash\"],\"inLanguage\":\"de\",\"potentialAction\":[{\"@type\":\"CommentAction\",\"name\":\"Comment\",\"target\":[\"https:\/\/kulturonline.tv\/de\/waldbraende-werfen-einen-schatten-ueber-hollywood\/#respond\"]}]},{\"@type\":\"WebPage\",\"@id\":\"https:\/\/kulturonline.tv\/de\/waldbraende-werfen-einen-schatten-ueber-hollywood\/\",\"url\":\"https:\/\/kulturonline.tv\/de\/waldbraende-werfen-einen-schatten-ueber-hollywood\/\",\"name\":\"Waldbr\u00e4nde werfen einen Schatten \u00fcber Hollywood - Kultur Online TV &amp; FM\",\"isPartOf\":{\"@id\":\"https:\/\/kulturonline.tv\/de\/#website\"},\"primaryImageOfPage\":{\"@id\":\"https:\/\/kulturonline.tv\/de\/waldbraende-werfen-einen-schatten-ueber-hollywood\/#primaryimage\"},\"image\":{\"@id\":\"https:\/\/kulturonline.tv\/de\/waldbraende-werfen-einen-schatten-ueber-hollywood\/#primaryimage\"},\"thumbnailUrl\":\"https:\/\/kulturonline.tv\/wp-content\/uploads\/2025\/01\/Kultur-Online-TV-1-edited.jpg\",\"datePublished\":\"2025-01-10T14:58:28+00:00\",\"dateModified\":\"2025-01-10T15:02:03+00:00\",\"description\":\"Die Flammen haben nicht nur H\u00e4user zerst\u00f6rt, sondern auch die Traumfabrik lahmgelegt. Zahlreiche Filmproduktionen und Premieren wurden in Los Angeles abgesagt.\",\"breadcrumb\":{\"@id\":\"https:\/\/kulturonline.tv\/de\/waldbraende-werfen-einen-schatten-ueber-hollywood\/#breadcrumb\"},\"inLanguage\":\"de\",\"potentialAction\":[{\"@type\":\"ReadAction\",\"target\":[\"https:\/\/kulturonline.tv\/de\/waldbraende-werfen-einen-schatten-ueber-hollywood\/\"]}]},{\"@type\":\"ImageObject\",\"inLanguage\":\"de\",\"@id\":\"https:\/\/kulturonline.tv\/de\/waldbraende-werfen-einen-schatten-ueber-hollywood\/#primaryimage\",\"url\":\"https:\/\/kulturonline.tv\/wp-content\/uploads\/2025\/01\/Kultur-Online-TV-1-edited.jpg\",\"contentUrl\":\"https:\/\/kulturonline.tv\/wp-content\/uploads\/2025\/01\/Kultur-Online-TV-1-edited.jpg\",\"width\":1126,\"height\":633,\"caption\":\"Wolf Haas - o-t\u00f6ne-Lesung im Haupthof des Wiener MuseumsQuartiers 2009\"},{\"@type\":\"BreadcrumbList\",\"@id\":\"https:\/\/kulturonline.tv\/de\/waldbraende-werfen-einen-schatten-ueber-hollywood\/#breadcrumb\",\"itemListElement\":[{\"@type\":\"ListItem\",\"position\":1,\"name\":\"Startseite\",\"item\":\"https:\/\/kulturonline.tv\/de\/\"},{\"@type\":\"ListItem\",\"position\":2,\"name\":\"Waldbr\u00e4nde werfen einen Schatten \u00fcber Hollywood\"}]},{\"@type\":\"WebSite\",\"@id\":\"https:\/\/kulturonline.tv\/de\/#website\",\"url\":\"https:\/\/kulturonline.tv\/de\/\",\"name\":\"Kultur Online TV &amp; FM\",\"description\":\"Wir sind Kultur 2.0 zum sehen &amp; h\u00f6ren\",\"publisher\":{\"@id\":\"https:\/\/kulturonline.tv\/de\/#organization\"},\"potentialAction\":[{\"@type\":\"SearchAction\",\"target\":{\"@type\":\"EntryPoint\",\"urlTemplate\":\"https:\/\/kulturonline.tv\/de\/?s={search_term_string}\"},\"query-input\":{\"@type\":\"PropertyValueSpecification\",\"valueRequired\":true,\"valueName\":\"search_term_string\"}}],\"inLanguage\":\"de\"},{\"@type\":\"Organization\",\"@id\":\"https:\/\/kulturonline.tv\/de\/#organization\",\"name\":\"Kultur Online TV\",\"url\":\"https:\/\/kulturonline.tv\/de\/\",\"logo\":{\"@type\":\"ImageObject\",\"inLanguage\":\"de\",\"@id\":\"https:\/\/kulturonline.tv\/de\/#\/schema\/logo\/image\/\",\"url\":\"https:\/\/kulturonline.tv\/wp-content\/uploads\/2021\/08\/Kultur-Online-Tv-Logo-Endversion-neu.png\",\"contentUrl\":\"https:\/\/kulturonline.tv\/wp-content\/uploads\/2021\/08\/Kultur-Online-Tv-Logo-Endversion-neu.png\",\"width\":200,\"height\":200,\"caption\":\"Kultur Online TV\"},\"image\":{\"@id\":\"https:\/\/kulturonline.tv\/de\/#\/schema\/logo\/image\/\"},\"sameAs\":[\"https:\/\/www.facebook.com\/kulturonline.tv\",\"https:\/\/www.instagram.com\/kulturonline.tv\"]},{\"@type\":\"Person\",\"@id\":\"https:\/\/kulturonline.tv\/de\/#\/schema\/person\/b0fac729bb9a0c193fb1df23449df4fe\",\"name\":\"guenter.wolfgang\"}]}<\/script>\n<!-- \/ Yoast SEO plugin. -->","yoast_head_json":{"title":"Waldbr\u00e4nde werfen einen Schatten \u00fcber Hollywood - Kultur Online TV &amp; FM","description":"Die Flammen haben nicht nur H\u00e4user zerst\u00f6rt, sondern auch die Traumfabrik lahmgelegt. Zahlreiche Filmproduktionen und Premieren wurden in Los Angeles abgesagt.","robots":{"index":"index","follow":"follow","max-snippet":"max-snippet:-1","max-image-preview":"max-image-preview:large","max-video-preview":"max-video-preview:-1"},"canonical":"https:\/\/kulturonline.tv\/de\/waldbraende-werfen-einen-schatten-ueber-hollywood\/","og_locale":"de_DE","og_type":"article","og_title":"Waldbr\u00e4nde werfen einen Schatten \u00fcber Hollywood - Kultur Online TV &amp; FM","og_description":"Die Flammen haben nicht nur H\u00e4user zerst\u00f6rt, sondern auch die Traumfabrik lahmgelegt. Zahlreiche Filmproduktionen und Premieren wurden in Los Angeles abgesagt.","og_url":"https:\/\/kulturonline.tv\/de\/waldbraende-werfen-einen-schatten-ueber-hollywood\/","og_site_name":"Kultur Online TV &amp; FM","article_publisher":"https:\/\/www.facebook.com\/kulturonline.tv","article_published_time":"2025-01-10T14:58:28+00:00","article_modified_time":"2025-01-10T15:02:03+00:00","og_image":[{"width":1126,"height":633,"url":"https:\/\/kulturonline.tv\/wp-content\/uploads\/2025\/01\/Kultur-Online-TV-1-edited.jpg","type":"image\/jpeg"}],"author":"guenter.wolfgang","twitter_card":"summary_large_image","twitter_misc":{"Verfasst von":"guenter.wolfgang","Gesch\u00e4tzte Lesezeit":"2\u00a0Minuten"},"schema":{"@context":"https:\/\/schema.org","@graph":[{"@type":"Article","@id":"https:\/\/kulturonline.tv\/de\/waldbraende-werfen-einen-schatten-ueber-hollywood\/#article","isPartOf":{"@id":"https:\/\/kulturonline.tv\/de\/waldbraende-werfen-einen-schatten-ueber-hollywood\/"},"author":{"name":"guenter.wolfgang","@id":"https:\/\/kulturonline.tv\/de\/#\/schema\/person\/b0fac729bb9a0c193fb1df23449df4fe"},"headline":"Waldbr\u00e4nde werfen einen Schatten \u00fcber Hollywood","datePublished":"2025-01-10T14:58:28+00:00","dateModified":"2025-01-10T15:02:03+00:00","mainEntityOfPage":{"@id":"https:\/\/kulturonline.tv\/de\/waldbraende-werfen-einen-schatten-ueber-hollywood\/"},"wordCount":349,"commentCount":2,"publisher":{"@id":"https:\/\/kulturonline.tv\/de\/#organization"},"image":{"@id":"https:\/\/kulturonline.tv\/de\/waldbraende-werfen-einen-schatten-ueber-hollywood\/#primaryimage"},"thumbnailUrl":"https:\/\/kulturonline.tv\/wp-content\/uploads\/2025\/01\/Kultur-Online-TV-1-edited.jpg","articleSection":["Newsflash"],"inLanguage":"de","potentialAction":[{"@type":"CommentAction","name":"Comment","target":["https:\/\/kulturonline.tv\/de\/waldbraende-werfen-einen-schatten-ueber-hollywood\/#respond"]}]},{"@type":"WebPage","@id":"https:\/\/kulturonline.tv\/de\/waldbraende-werfen-einen-schatten-ueber-hollywood\/","url":"https:\/\/kulturonline.tv\/de\/waldbraende-werfen-einen-schatten-ueber-hollywood\/","name":"Waldbr\u00e4nde werfen einen Schatten \u00fcber Hollywood - Kultur Online TV &amp; FM","isPartOf":{"@id":"https:\/\/kulturonline.tv\/de\/#website"},"primaryImageOfPage":{"@id":"https:\/\/kulturonline.tv\/de\/waldbraende-werfen-einen-schatten-ueber-hollywood\/#primaryimage"},"image":{"@id":"https:\/\/kulturonline.tv\/de\/waldbraende-werfen-einen-schatten-ueber-hollywood\/#primaryimage"},"thumbnailUrl":"https:\/\/kulturonline.tv\/wp-content\/uploads\/2025\/01\/Kultur-Online-TV-1-edited.jpg","datePublished":"2025-01-10T14:58:28+00:00","dateModified":"2025-01-10T15:02:03+00:00","description":"Die Flammen haben nicht nur H\u00e4user zerst\u00f6rt, sondern auch die Traumfabrik lahmgelegt. Zahlreiche Filmproduktionen und Premieren wurden in Los Angeles abgesagt.","breadcrumb":{"@id":"https:\/\/kulturonline.tv\/de\/waldbraende-werfen-einen-schatten-ueber-hollywood\/#breadcrumb"},"inLanguage":"de","potentialAction":[{"@type":"ReadAction","target":["https:\/\/kulturonline.tv\/de\/waldbraende-werfen-einen-schatten-ueber-hollywood\/"]}]},{"@type":"ImageObject","inLanguage":"de","@id":"https:\/\/kulturonline.tv\/de\/waldbraende-werfen-einen-schatten-ueber-hollywood\/#primaryimage","url":"https:\/\/kulturonline.tv\/wp-content\/uploads\/2025\/01\/Kultur-Online-TV-1-edited.jpg","contentUrl":"https:\/\/kulturonline.tv\/wp-content\/uploads\/2025\/01\/Kultur-Online-TV-1-edited.jpg","width":1126,"height":633,"caption":"Wolf Haas - o-t\u00f6ne-Lesung im Haupthof des Wiener MuseumsQuartiers 2009"},{"@type":"BreadcrumbList","@id":"https:\/\/kulturonline.tv\/de\/waldbraende-werfen-einen-schatten-ueber-hollywood\/#breadcrumb","itemListElement":[{"@type":"ListItem","position":1,"name":"Startseite","item":"https:\/\/kulturonline.tv\/de\/"},{"@type":"ListItem","position":2,"name":"Waldbr\u00e4nde werfen einen Schatten \u00fcber Hollywood"}]},{"@type":"WebSite","@id":"https:\/\/kulturonline.tv\/de\/#website","url":"https:\/\/kulturonline.tv\/de\/","name":"Kultur Online TV &amp; FM","description":"Wir sind Kultur 2.0 zum sehen &amp; h\u00f6ren","publisher":{"@id":"https:\/\/kulturonline.tv\/de\/#organization"},"potentialAction":[{"@type":"SearchAction","target":{"@type":"EntryPoint","urlTemplate":"https:\/\/kulturonline.tv\/de\/?s={search_term_string}"},"query-input":{"@type":"PropertyValueSpecification","valueRequired":true,"valueName":"search_term_string"}}],"inLanguage":"de"},{"@type":"Organization","@id":"https:\/\/kulturonline.tv\/de\/#organization","name":"Kultur Online TV","url":"https:\/\/kulturonline.tv\/de\/","logo":{"@type":"ImageObject","inLanguage":"de","@id":"https:\/\/kulturonline.tv\/de\/#\/schema\/logo\/image\/","url":"https:\/\/kulturonline.tv\/wp-content\/uploads\/2021\/08\/Kultur-Online-Tv-Logo-Endversion-neu.png","contentUrl":"https:\/\/kulturonline.tv\/wp-content\/uploads\/2021\/08\/Kultur-Online-Tv-Logo-Endversion-neu.png","width":200,"height":200,"caption":"Kultur Online TV"},"image":{"@id":"https:\/\/kulturonline.tv\/de\/#\/schema\/logo\/image\/"},"sameAs":["https:\/\/www.facebook.com\/kulturonline.tv","https:\/\/www.instagram.com\/kulturonline.tv"]},{"@type":"Person","@id":"https:\/\/kulturonline.tv\/de\/#\/schema\/person\/b0fac729bb9a0c193fb1df23449df4fe","name":"guenter.wolfgang"}]}},"_links":{"self":[{"href":"https:\/\/kulturonline.tv\/de\/wp-json\/wp\/v2\/posts\/103701","targetHints":{"allow":["GET"]}}],"collection":[{"href":"https:\/\/kulturonline.tv\/de\/wp-json\/wp\/v2\/posts"}],"about":[{"href":"https:\/\/kulturonline.tv\/de\/wp-json\/wp\/v2\/types\/post"}],"author":[{"embeddable":true,"href":"https:\/\/kulturonline.tv\/de\/wp-json\/wp\/v2\/users\/2"}],"replies":[{"embeddable":true,"href":"https:\/\/kulturonline.tv\/de\/wp-json\/wp\/v2\/comments?post=103701"}],"version-history":[{"count":1,"href":"https:\/\/kulturonline.tv\/de\/wp-json\/wp\/v2\/posts\/103701\/revisions"}],"predecessor-version":[{"id":103706,"href":"https:\/\/kulturonline.tv\/de\/wp-json\/wp\/v2\/posts\/103701\/revisions\/103706"}],"wp:featuredmedia":[{"embeddable":true,"href":"https:\/\/kulturonline.tv\/de\/wp-json\/wp\/v2\/media\/103704"}],"wp:attachment":[{"href":"https:\/\/kulturonline.tv\/de\/wp-json\/wp\/v2\/media?parent=103701"}],"wp:term":[{"taxonomy":"category","embeddable":true,"href":"https:\/\/kulturonline.tv\/de\/wp-json\/wp\/v2\/categories?post=103701"},{"taxonomy":"post_tag","embeddable":true,"href":"https:\/\/kulturonline.tv\/de\/wp-json\/wp\/v2\/tags?post=103701"}],"curies":[{"name":"wp","href":"https:\/\/api.w.org\/{rel}","templated":true}]}}