{"id":105939,"date":"2025-01-22T12:05:50","date_gmt":"2025-01-22T11:05:50","guid":{"rendered":"https:\/\/kulturonline.tv\/?p=105939"},"modified":"2025-01-22T12:09:08","modified_gmt":"2025-01-22T11:09:08","slug":"michael-friedman-ueber-die-erinnerungskultur-in-deutschland","status":"publish","type":"post","link":"https:\/\/kulturonline.tv\/de\/michael-friedman-ueber-die-erinnerungskultur-in-deutschland\/","title":{"rendered":"Michel Friedman"},"content":{"rendered":"\n<p>Michel Friedman \u00fcber die Erinnerungskultur in Deutschland. <\/p>\n\n\n\n<figure class=\"wp-block-image size-large\"><img fetchpriority=\"high\" decoding=\"async\" width=\"2048\" height=\"1152\" src=\"https:\/\/kulturonline.tv\/wp-content\/uploads\/2025\/01\/2048px-Michel_Friedman_6309291062-edited.jpg\" alt=\"\" class=\"wp-image-105942\" srcset=\"https:\/\/kulturonline.tv\/wp-content\/uploads\/2025\/01\/2048px-Michel_Friedman_6309291062-edited.jpg 2048w, https:\/\/kulturonline.tv\/wp-content\/uploads\/2025\/01\/2048px-Michel_Friedman_6309291062-edited-800x450.jpg 800w, https:\/\/kulturonline.tv\/wp-content\/uploads\/2025\/01\/2048px-Michel_Friedman_6309291062-edited-1600x900.jpg 1600w, https:\/\/kulturonline.tv\/wp-content\/uploads\/2025\/01\/2048px-Michel_Friedman_6309291062-edited-768x432.jpg 768w, https:\/\/kulturonline.tv\/wp-content\/uploads\/2025\/01\/2048px-Michel_Friedman_6309291062-edited-1536x864.jpg 1536w\" sizes=\"(max-width: 2048px) 100vw, 2048px\" \/><figcaption class=\"wp-element-caption\">Dr. Michel Friedman (Rechtsanwalt u. Journalist, Frankfurt a.M.)<\/figcaption><\/figure>\n\n\n\n<h5 class=\"wp-block-heading\">Copyright: Heinrich-B\u00f6ll-Stiftung from Berlin, Deutschland, CC BY-SA 2.0 <a href=\"https:\/\/creativecommons.org\/licenses\/by-sa\/2.0\">https:\/\/creativecommons.org\/licenses\/by-sa\/2.0<\/a>, via Wikimedia Commons<\/h5>\n\n\n\n<p>Kurz vor dem 80. Jahrestag der Befreiung von Auschwitz \u00e4u\u00dferte sich Michel Friedman besorgt \u00fcber den Zustand der deutschen Erinnerungskultur. I<\/p>\n\n\n\n<p>In einem Gespr\u00e4ch mit dem &#8222;Tagesspiegel&#8220; verglich er sie mit einem &#8222;schwarzen Loch&#8220;, in dem positive Initiativen zur Erinnerungskultur durch Relativierungen und Verharmlosungen \u00fcberschattet w\u00fcrden. <\/p>\n\n\n\n<p>Friedman machte deutlich, dass der Verlust an Erinnerung nicht erst mit dem Tod der letzten Zeitzeugen einsetzte, sondern bereits w\u00e4hrend ihrer Lebenszeit begonnen habe.<\/p>\n\n\n\n<p>Kultur Online TV-FM<\/p>\n\n\n\n<p>#news #geschichte<\/p>\n","protected":false},"excerpt":{"rendered":"<p>Michel Friedman \u00fcber die Erinnerungskultur in Deutschland. Copyright: Heinrich-B\u00f6ll-Stiftung from Berlin, Deutschland, CC BY-SA 2.0 https:\/\/creativecommons.org\/licenses\/by-sa\/2.0, via Wikimedia Commons Kurz vor dem 80. Jahrestag der Befreiung von Auschwitz \u00e4u\u00dferte sich Michel Friedman besorgt \u00fcber den Zustand der deutschen Erinnerungskultur. I In einem Gespr\u00e4ch mit dem &#8222;Tagesspiegel&#8220; verglich er sie mit einem &#8222;schwarzen Loch&#8220;, in dem [&hellip;]<\/p>\n","protected":false},"author":2,"featured_media":105944,"comment_status":"open","ping_status":"open","sticky":false,"template":"","format":"standard","meta":{"_acf_changed":false,"footnotes":""},"categories":[3],"tags":[],"class_list":["post-105939","post","type-post","status-publish","format-standard","has-post-thumbnail","hentry","category-newsflash"],"acf":[],"yoast_head":"<!-- This site is optimized with the Yoast SEO plugin v26.1.1 - https:\/\/yoast.com\/wordpress\/plugins\/seo\/ -->\n<title>Michel Friedman - Kultur Online TV &amp; FM<\/title>\n<meta name=\"description\" content=\"Er prangert die T\u00e4ter-Opfer-Umkehr von Millionen Menschen an.\" \/>\n<meta name=\"robots\" content=\"index, follow, max-snippet:-1, max-image-preview:large, max-video-preview:-1\" \/>\n<link rel=\"canonical\" href=\"https:\/\/kulturonline.tv\/de\/michael-friedman-ueber-die-erinnerungskultur-in-deutschland\/\" \/>\n<meta property=\"og:locale\" content=\"de_DE\" \/>\n<meta property=\"og:type\" content=\"article\" \/>\n<meta property=\"og:title\" content=\"Michel Friedman - Kultur Online TV &amp; FM\" \/>\n<meta property=\"og:description\" content=\"Er prangert die T\u00e4ter-Opfer-Umkehr von Millionen Menschen an.\" \/>\n<meta property=\"og:url\" content=\"https:\/\/kulturonline.tv\/de\/michael-friedman-ueber-die-erinnerungskultur-in-deutschland\/\" \/>\n<meta property=\"og:site_name\" content=\"Kultur Online TV &amp; FM\" \/>\n<meta property=\"article:publisher\" content=\"https:\/\/www.facebook.com\/kulturonline.tv\" \/>\n<meta property=\"article:published_time\" content=\"2025-01-22T11:05:50+00:00\" \/>\n<meta property=\"article:modified_time\" content=\"2025-01-22T11:09:08+00:00\" \/>\n<meta property=\"og:image\" content=\"https:\/\/kulturonline.tv\/wp-content\/uploads\/2025\/01\/image-1600x1065.png\" \/>\n\t<meta property=\"og:image:width\" content=\"1600\" \/>\n\t<meta property=\"og:image:height\" content=\"1065\" \/>\n\t<meta property=\"og:image:type\" content=\"image\/png\" \/>\n<meta name=\"author\" content=\"guenter.wolfgang\" \/>\n<meta name=\"twitter:card\" content=\"summary_large_image\" \/>\n<meta name=\"twitter:label1\" content=\"Verfasst von\" \/>\n\t<meta name=\"twitter:data1\" content=\"guenter.wolfgang\" \/>\n\t<meta name=\"twitter:label2\" content=\"Gesch\u00e4tzte Lesezeit\" \/>\n\t<meta name=\"twitter:data2\" content=\"1\u00a0Minute\" \/>\n<script type=\"application\/ld+json\" class=\"yoast-schema-graph\">{\"@context\":\"https:\/\/schema.org\",\"@graph\":[{\"@type\":\"Article\",\"@id\":\"https:\/\/kulturonline.tv\/de\/michael-friedman-ueber-die-erinnerungskultur-in-deutschland\/#article\",\"isPartOf\":{\"@id\":\"https:\/\/kulturonline.tv\/de\/michael-friedman-ueber-die-erinnerungskultur-in-deutschland\/\"},\"author\":{\"name\":\"guenter.wolfgang\",\"@id\":\"https:\/\/kulturonline.tv\/de\/#\/schema\/person\/b0fac729bb9a0c193fb1df23449df4fe\"},\"headline\":\"Michel Friedman\",\"datePublished\":\"2025-01-22T11:05:50+00:00\",\"dateModified\":\"2025-01-22T11:09:08+00:00\",\"mainEntityOfPage\":{\"@id\":\"https:\/\/kulturonline.tv\/de\/michael-friedman-ueber-die-erinnerungskultur-in-deutschland\/\"},\"wordCount\":112,\"commentCount\":0,\"publisher\":{\"@id\":\"https:\/\/kulturonline.tv\/de\/#organization\"},\"image\":{\"@id\":\"https:\/\/kulturonline.tv\/de\/michael-friedman-ueber-die-erinnerungskultur-in-deutschland\/#primaryimage\"},\"thumbnailUrl\":\"https:\/\/kulturonline.tv\/wp-content\/uploads\/2025\/01\/image.png\",\"articleSection\":[\"Newsflash\"],\"inLanguage\":\"de\",\"potentialAction\":[{\"@type\":\"CommentAction\",\"name\":\"Comment\",\"target\":[\"https:\/\/kulturonline.tv\/de\/michael-friedman-ueber-die-erinnerungskultur-in-deutschland\/#respond\"]}]},{\"@type\":\"WebPage\",\"@id\":\"https:\/\/kulturonline.tv\/de\/michael-friedman-ueber-die-erinnerungskultur-in-deutschland\/\",\"url\":\"https:\/\/kulturonline.tv\/de\/michael-friedman-ueber-die-erinnerungskultur-in-deutschland\/\",\"name\":\"Michel Friedman - Kultur Online TV &amp; FM\",\"isPartOf\":{\"@id\":\"https:\/\/kulturonline.tv\/de\/#website\"},\"primaryImageOfPage\":{\"@id\":\"https:\/\/kulturonline.tv\/de\/michael-friedman-ueber-die-erinnerungskultur-in-deutschland\/#primaryimage\"},\"image\":{\"@id\":\"https:\/\/kulturonline.tv\/de\/michael-friedman-ueber-die-erinnerungskultur-in-deutschland\/#primaryimage\"},\"thumbnailUrl\":\"https:\/\/kulturonline.tv\/wp-content\/uploads\/2025\/01\/image.png\",\"datePublished\":\"2025-01-22T11:05:50+00:00\",\"dateModified\":\"2025-01-22T11:09:08+00:00\",\"description\":\"Er prangert die T\u00e4ter-Opfer-Umkehr von Millionen Menschen an.\",\"breadcrumb\":{\"@id\":\"https:\/\/kulturonline.tv\/de\/michael-friedman-ueber-die-erinnerungskultur-in-deutschland\/#breadcrumb\"},\"inLanguage\":\"de\",\"potentialAction\":[{\"@type\":\"ReadAction\",\"target\":[\"https:\/\/kulturonline.tv\/de\/michael-friedman-ueber-die-erinnerungskultur-in-deutschland\/\"]}]},{\"@type\":\"ImageObject\",\"inLanguage\":\"de\",\"@id\":\"https:\/\/kulturonline.tv\/de\/michael-friedman-ueber-die-erinnerungskultur-in-deutschland\/#primaryimage\",\"url\":\"https:\/\/kulturonline.tv\/wp-content\/uploads\/2025\/01\/image.png\",\"contentUrl\":\"https:\/\/kulturonline.tv\/wp-content\/uploads\/2025\/01\/image.png\",\"width\":2048,\"height\":1363},{\"@type\":\"BreadcrumbList\",\"@id\":\"https:\/\/kulturonline.tv\/de\/michael-friedman-ueber-die-erinnerungskultur-in-deutschland\/#breadcrumb\",\"itemListElement\":[{\"@type\":\"ListItem\",\"position\":1,\"name\":\"Startseite\",\"item\":\"https:\/\/kulturonline.tv\/de\/\"},{\"@type\":\"ListItem\",\"position\":2,\"name\":\"Michel Friedman\"}]},{\"@type\":\"WebSite\",\"@id\":\"https:\/\/kulturonline.tv\/de\/#website\",\"url\":\"https:\/\/kulturonline.tv\/de\/\",\"name\":\"Kultur Online TV &amp; FM\",\"description\":\"Wir sind Kultur 2.0 zum sehen &amp; h\u00f6ren\",\"publisher\":{\"@id\":\"https:\/\/kulturonline.tv\/de\/#organization\"},\"potentialAction\":[{\"@type\":\"SearchAction\",\"target\":{\"@type\":\"EntryPoint\",\"urlTemplate\":\"https:\/\/kulturonline.tv\/de\/?s={search_term_string}\"},\"query-input\":{\"@type\":\"PropertyValueSpecification\",\"valueRequired\":true,\"valueName\":\"search_term_string\"}}],\"inLanguage\":\"de\"},{\"@type\":\"Organization\",\"@id\":\"https:\/\/kulturonline.tv\/de\/#organization\",\"name\":\"Kultur Online TV\",\"url\":\"https:\/\/kulturonline.tv\/de\/\",\"logo\":{\"@type\":\"ImageObject\",\"inLanguage\":\"de\",\"@id\":\"https:\/\/kulturonline.tv\/de\/#\/schema\/logo\/image\/\",\"url\":\"https:\/\/kulturonline.tv\/wp-content\/uploads\/2021\/08\/Kultur-Online-Tv-Logo-Endversion-neu.png\",\"contentUrl\":\"https:\/\/kulturonline.tv\/wp-content\/uploads\/2021\/08\/Kultur-Online-Tv-Logo-Endversion-neu.png\",\"width\":200,\"height\":200,\"caption\":\"Kultur Online TV\"},\"image\":{\"@id\":\"https:\/\/kulturonline.tv\/de\/#\/schema\/logo\/image\/\"},\"sameAs\":[\"https:\/\/www.facebook.com\/kulturonline.tv\",\"https:\/\/www.instagram.com\/kulturonline.tv\"]},{\"@type\":\"Person\",\"@id\":\"https:\/\/kulturonline.tv\/de\/#\/schema\/person\/b0fac729bb9a0c193fb1df23449df4fe\",\"name\":\"guenter.wolfgang\"}]}<\/script>\n<!-- \/ Yoast SEO plugin. -->","yoast_head_json":{"title":"Michel Friedman - Kultur Online TV &amp; FM","description":"Er prangert die T\u00e4ter-Opfer-Umkehr von Millionen Menschen an.","robots":{"index":"index","follow":"follow","max-snippet":"max-snippet:-1","max-image-preview":"max-image-preview:large","max-video-preview":"max-video-preview:-1"},"canonical":"https:\/\/kulturonline.tv\/de\/michael-friedman-ueber-die-erinnerungskultur-in-deutschland\/","og_locale":"de_DE","og_type":"article","og_title":"Michel Friedman - Kultur Online TV &amp; FM","og_description":"Er prangert die T\u00e4ter-Opfer-Umkehr von Millionen Menschen an.","og_url":"https:\/\/kulturonline.tv\/de\/michael-friedman-ueber-die-erinnerungskultur-in-deutschland\/","og_site_name":"Kultur Online TV &amp; FM","article_publisher":"https:\/\/www.facebook.com\/kulturonline.tv","article_published_time":"2025-01-22T11:05:50+00:00","article_modified_time":"2025-01-22T11:09:08+00:00","og_image":[{"width":1600,"height":1065,"url":"https:\/\/kulturonline.tv\/wp-content\/uploads\/2025\/01\/image-1600x1065.png","type":"image\/png"}],"author":"guenter.wolfgang","twitter_card":"summary_large_image","twitter_misc":{"Verfasst von":"guenter.wolfgang","Gesch\u00e4tzte Lesezeit":"1\u00a0Minute"},"schema":{"@context":"https:\/\/schema.org","@graph":[{"@type":"Article","@id":"https:\/\/kulturonline.tv\/de\/michael-friedman-ueber-die-erinnerungskultur-in-deutschland\/#article","isPartOf":{"@id":"https:\/\/kulturonline.tv\/de\/michael-friedman-ueber-die-erinnerungskultur-in-deutschland\/"},"author":{"name":"guenter.wolfgang","@id":"https:\/\/kulturonline.tv\/de\/#\/schema\/person\/b0fac729bb9a0c193fb1df23449df4fe"},"headline":"Michel Friedman","datePublished":"2025-01-22T11:05:50+00:00","dateModified":"2025-01-22T11:09:08+00:00","mainEntityOfPage":{"@id":"https:\/\/kulturonline.tv\/de\/michael-friedman-ueber-die-erinnerungskultur-in-deutschland\/"},"wordCount":112,"commentCount":0,"publisher":{"@id":"https:\/\/kulturonline.tv\/de\/#organization"},"image":{"@id":"https:\/\/kulturonline.tv\/de\/michael-friedman-ueber-die-erinnerungskultur-in-deutschland\/#primaryimage"},"thumbnailUrl":"https:\/\/kulturonline.tv\/wp-content\/uploads\/2025\/01\/image.png","articleSection":["Newsflash"],"inLanguage":"de","potentialAction":[{"@type":"CommentAction","name":"Comment","target":["https:\/\/kulturonline.tv\/de\/michael-friedman-ueber-die-erinnerungskultur-in-deutschland\/#respond"]}]},{"@type":"WebPage","@id":"https:\/\/kulturonline.tv\/de\/michael-friedman-ueber-die-erinnerungskultur-in-deutschland\/","url":"https:\/\/kulturonline.tv\/de\/michael-friedman-ueber-die-erinnerungskultur-in-deutschland\/","name":"Michel Friedman - Kultur Online TV &amp; FM","isPartOf":{"@id":"https:\/\/kulturonline.tv\/de\/#website"},"primaryImageOfPage":{"@id":"https:\/\/kulturonline.tv\/de\/michael-friedman-ueber-die-erinnerungskultur-in-deutschland\/#primaryimage"},"image":{"@id":"https:\/\/kulturonline.tv\/de\/michael-friedman-ueber-die-erinnerungskultur-in-deutschland\/#primaryimage"},"thumbnailUrl":"https:\/\/kulturonline.tv\/wp-content\/uploads\/2025\/01\/image.png","datePublished":"2025-01-22T11:05:50+00:00","dateModified":"2025-01-22T11:09:08+00:00","description":"Er prangert die T\u00e4ter-Opfer-Umkehr von Millionen Menschen an.","breadcrumb":{"@id":"https:\/\/kulturonline.tv\/de\/michael-friedman-ueber-die-erinnerungskultur-in-deutschland\/#breadcrumb"},"inLanguage":"de","potentialAction":[{"@type":"ReadAction","target":["https:\/\/kulturonline.tv\/de\/michael-friedman-ueber-die-erinnerungskultur-in-deutschland\/"]}]},{"@type":"ImageObject","inLanguage":"de","@id":"https:\/\/kulturonline.tv\/de\/michael-friedman-ueber-die-erinnerungskultur-in-deutschland\/#primaryimage","url":"https:\/\/kulturonline.tv\/wp-content\/uploads\/2025\/01\/image.png","contentUrl":"https:\/\/kulturonline.tv\/wp-content\/uploads\/2025\/01\/image.png","width":2048,"height":1363},{"@type":"BreadcrumbList","@id":"https:\/\/kulturonline.tv\/de\/michael-friedman-ueber-die-erinnerungskultur-in-deutschland\/#breadcrumb","itemListElement":[{"@type":"ListItem","position":1,"name":"Startseite","item":"https:\/\/kulturonline.tv\/de\/"},{"@type":"ListItem","position":2,"name":"Michel Friedman"}]},{"@type":"WebSite","@id":"https:\/\/kulturonline.tv\/de\/#website","url":"https:\/\/kulturonline.tv\/de\/","name":"Kultur Online TV &amp; FM","description":"Wir sind Kultur 2.0 zum sehen &amp; h\u00f6ren","publisher":{"@id":"https:\/\/kulturonline.tv\/de\/#organization"},"potentialAction":[{"@type":"SearchAction","target":{"@type":"EntryPoint","urlTemplate":"https:\/\/kulturonline.tv\/de\/?s={search_term_string}"},"query-input":{"@type":"PropertyValueSpecification","valueRequired":true,"valueName":"search_term_string"}}],"inLanguage":"de"},{"@type":"Organization","@id":"https:\/\/kulturonline.tv\/de\/#organization","name":"Kultur Online TV","url":"https:\/\/kulturonline.tv\/de\/","logo":{"@type":"ImageObject","inLanguage":"de","@id":"https:\/\/kulturonline.tv\/de\/#\/schema\/logo\/image\/","url":"https:\/\/kulturonline.tv\/wp-content\/uploads\/2021\/08\/Kultur-Online-Tv-Logo-Endversion-neu.png","contentUrl":"https:\/\/kulturonline.tv\/wp-content\/uploads\/2021\/08\/Kultur-Online-Tv-Logo-Endversion-neu.png","width":200,"height":200,"caption":"Kultur Online TV"},"image":{"@id":"https:\/\/kulturonline.tv\/de\/#\/schema\/logo\/image\/"},"sameAs":["https:\/\/www.facebook.com\/kulturonline.tv","https:\/\/www.instagram.com\/kulturonline.tv"]},{"@type":"Person","@id":"https:\/\/kulturonline.tv\/de\/#\/schema\/person\/b0fac729bb9a0c193fb1df23449df4fe","name":"guenter.wolfgang"}]}},"_links":{"self":[{"href":"https:\/\/kulturonline.tv\/de\/wp-json\/wp\/v2\/posts\/105939","targetHints":{"allow":["GET"]}}],"collection":[{"href":"https:\/\/kulturonline.tv\/de\/wp-json\/wp\/v2\/posts"}],"about":[{"href":"https:\/\/kulturonline.tv\/de\/wp-json\/wp\/v2\/types\/post"}],"author":[{"embeddable":true,"href":"https:\/\/kulturonline.tv\/de\/wp-json\/wp\/v2\/users\/2"}],"replies":[{"embeddable":true,"href":"https:\/\/kulturonline.tv\/de\/wp-json\/wp\/v2\/comments?post=105939"}],"version-history":[{"count":2,"href":"https:\/\/kulturonline.tv\/de\/wp-json\/wp\/v2\/posts\/105939\/revisions"}],"predecessor-version":[{"id":105948,"href":"https:\/\/kulturonline.tv\/de\/wp-json\/wp\/v2\/posts\/105939\/revisions\/105948"}],"wp:featuredmedia":[{"embeddable":true,"href":"https:\/\/kulturonline.tv\/de\/wp-json\/wp\/v2\/media\/105944"}],"wp:attachment":[{"href":"https:\/\/kulturonline.tv\/de\/wp-json\/wp\/v2\/media?parent=105939"}],"wp:term":[{"taxonomy":"category","embeddable":true,"href":"https:\/\/kulturonline.tv\/de\/wp-json\/wp\/v2\/categories?post=105939"},{"taxonomy":"post_tag","embeddable":true,"href":"https:\/\/kulturonline.tv\/de\/wp-json\/wp\/v2\/tags?post=105939"}],"curies":[{"name":"wp","href":"https:\/\/api.w.org\/{rel}","templated":true}]}}