{"id":105950,"date":"2025-01-22T12:53:19","date_gmt":"2025-01-22T11:53:19","guid":{"rendered":"https:\/\/kulturonline.tv\/?p=105950"},"modified":"2025-01-22T12:57:12","modified_gmt":"2025-01-22T11:57:12","slug":"elon-musk-im-deutschen-museum-abgehaengt","status":"publish","type":"post","link":"https:\/\/kulturonline.tv\/de\/elon-musk-im-deutschen-museum-abgehaengt\/","title":{"rendered":"Elon Musk im Deutschen Museum abgeh\u00e4ngt"},"content":{"rendered":"\n<p>Das Deutsche Museum in M\u00fcnchen hat eine Installation, die auch ein Portr\u00e4t des Tech-Milliard\u00e4rs Elon Musk zeigte, aus seiner Ausstellung genommen.<\/p>\n\n\n\n<figure class=\"wp-block-image size-large\"><img fetchpriority=\"high\" decoding=\"async\" width=\"1666\" height=\"937\" src=\"https:\/\/kulturonline.tv\/wp-content\/uploads\/2025\/01\/Elon_Musk_Royal_Society-edited-1.jpg\" alt=\"\" class=\"wp-image-105955\" srcset=\"https:\/\/kulturonline.tv\/wp-content\/uploads\/2025\/01\/Elon_Musk_Royal_Society-edited-1.jpg 1666w, https:\/\/kulturonline.tv\/wp-content\/uploads\/2025\/01\/Elon_Musk_Royal_Society-edited-1-800x450.jpg 800w, https:\/\/kulturonline.tv\/wp-content\/uploads\/2025\/01\/Elon_Musk_Royal_Society-edited-1-1600x900.jpg 1600w, https:\/\/kulturonline.tv\/wp-content\/uploads\/2025\/01\/Elon_Musk_Royal_Society-edited-1-768x432.jpg 768w, https:\/\/kulturonline.tv\/wp-content\/uploads\/2025\/01\/Elon_Musk_Royal_Society-edited-1-1536x864.jpg 1536w\" sizes=\"(max-width: 1666px) 100vw, 1666px\" \/><\/figure>\n\n\n\n<h5 class=\"wp-block-heading\">copyright: The Royal Society, CC BY-SA 3.0 <a href=\"https:\/\/creativecommons.org\/licenses\/by-sa\/3.0\">https:\/\/creativecommons.org\/licenses\/by-sa\/3.0<\/a>, via Wikimedia Commons<\/h5>\n\n\n\n<p>Der Gr\u00fcnder von SpaceX, Elon Musk, war in einer Ausstellung des Deutschen Museums neben anderen bedeutenden Pers\u00f6nlichkeiten der Raumfahrtgeschichte zu sehen. <\/p>\n\n\n\n<p>Aufgrund seiner j\u00fcngsten, rechtsextrem angehauchten \u00c4u\u00dferungen und Provokationen entschied sich das Museum, die gesamte Installation abzubauen, da eine isolierte Entfernung des Musk-Portr\u00e4ts technisch nicht m\u00f6glich war.<\/p>\n\n\n\n<p>Kultur Online TV-FM<\/p>\n\n\n\n<p>#news #kultur<\/p>\n","protected":false},"excerpt":{"rendered":"<p>Das Deutsche Museum in M\u00fcnchen hat eine Installation, die auch ein Portr\u00e4t des Tech-Milliard\u00e4rs Elon Musk zeigte, aus seiner Ausstellung genommen. copyright: The Royal Society, CC BY-SA 3.0 https:\/\/creativecommons.org\/licenses\/by-sa\/3.0, via Wikimedia Commons Der Gr\u00fcnder von SpaceX, Elon Musk, war in einer Ausstellung des Deutschen Museums neben anderen bedeutenden Pers\u00f6nlichkeiten der Raumfahrtgeschichte zu sehen. Aufgrund seiner [&hellip;]<\/p>\n","protected":false},"author":2,"featured_media":105955,"comment_status":"open","ping_status":"open","sticky":false,"template":"","format":"standard","meta":{"_acf_changed":false,"footnotes":""},"categories":[3,1],"tags":[],"class_list":["post-105950","post","type-post","status-publish","format-standard","has-post-thumbnail","hentry","category-newsflash","category-unkategorisiert"],"acf":[],"yoast_head":"<!-- This site is optimized with the Yoast SEO plugin v26.1.1 - https:\/\/yoast.com\/wordpress\/plugins\/seo\/ -->\n<title>Elon Musk im Deutschen Museum abgeh\u00e4ngt - Kultur Online TV &amp; FM<\/title>\n<meta name=\"description\" content=\"Der Gr\u00fcnder von SpaceX, Elon Musk, war in einer Ausstellung des Deutschen Museums neben anderen bedeutenden Pers\u00f6nlichkeiten der Raumfahrtgeschichte zu sehen.\" \/>\n<meta name=\"robots\" content=\"index, follow, max-snippet:-1, max-image-preview:large, max-video-preview:-1\" \/>\n<link rel=\"canonical\" href=\"https:\/\/kulturonline.tv\/de\/elon-musk-im-deutschen-museum-abgehaengt\/\" \/>\n<meta property=\"og:locale\" content=\"de_DE\" \/>\n<meta property=\"og:type\" content=\"article\" \/>\n<meta property=\"og:title\" content=\"Elon Musk im Deutschen Museum abgeh\u00e4ngt - Kultur Online TV &amp; FM\" \/>\n<meta property=\"og:description\" content=\"Der Gr\u00fcnder von SpaceX, Elon Musk, war in einer Ausstellung des Deutschen Museums neben anderen bedeutenden Pers\u00f6nlichkeiten der Raumfahrtgeschichte zu sehen.\" \/>\n<meta property=\"og:url\" content=\"https:\/\/kulturonline.tv\/de\/elon-musk-im-deutschen-museum-abgehaengt\/\" \/>\n<meta property=\"og:site_name\" content=\"Kultur Online TV &amp; FM\" \/>\n<meta property=\"article:publisher\" content=\"https:\/\/www.facebook.com\/kulturonline.tv\" \/>\n<meta property=\"article:published_time\" content=\"2025-01-22T11:53:19+00:00\" \/>\n<meta property=\"article:modified_time\" content=\"2025-01-22T11:57:12+00:00\" \/>\n<meta property=\"og:image\" content=\"https:\/\/kulturonline.tv\/wp-content\/uploads\/2025\/01\/Elon_Musk_Royal_Society-edited-1.jpg\" \/>\n\t<meta property=\"og:image:width\" content=\"1666\" \/>\n\t<meta property=\"og:image:height\" content=\"937\" \/>\n\t<meta property=\"og:image:type\" content=\"image\/jpeg\" \/>\n<meta name=\"author\" content=\"guenter.wolfgang\" \/>\n<meta name=\"twitter:card\" content=\"summary_large_image\" \/>\n<meta name=\"twitter:label1\" content=\"Verfasst von\" \/>\n\t<meta name=\"twitter:data1\" content=\"guenter.wolfgang\" \/>\n<script type=\"application\/ld+json\" class=\"yoast-schema-graph\">{\"@context\":\"https:\/\/schema.org\",\"@graph\":[{\"@type\":\"Article\",\"@id\":\"https:\/\/kulturonline.tv\/de\/elon-musk-im-deutschen-museum-abgehaengt\/#article\",\"isPartOf\":{\"@id\":\"https:\/\/kulturonline.tv\/de\/elon-musk-im-deutschen-museum-abgehaengt\/\"},\"author\":{\"name\":\"guenter.wolfgang\",\"@id\":\"https:\/\/kulturonline.tv\/de\/#\/schema\/person\/b0fac729bb9a0c193fb1df23449df4fe\"},\"headline\":\"Elon Musk im Deutschen Museum abgeh\u00e4ngt\",\"datePublished\":\"2025-01-22T11:53:19+00:00\",\"dateModified\":\"2025-01-22T11:57:12+00:00\",\"mainEntityOfPage\":{\"@id\":\"https:\/\/kulturonline.tv\/de\/elon-musk-im-deutschen-museum-abgehaengt\/\"},\"wordCount\":103,\"commentCount\":3,\"publisher\":{\"@id\":\"https:\/\/kulturonline.tv\/de\/#organization\"},\"image\":{\"@id\":\"https:\/\/kulturonline.tv\/de\/elon-musk-im-deutschen-museum-abgehaengt\/#primaryimage\"},\"thumbnailUrl\":\"https:\/\/kulturonline.tv\/wp-content\/uploads\/2025\/01\/Elon_Musk_Royal_Society-edited-1.jpg\",\"articleSection\":[\"Newsflash\",\"Unkategorisiert\"],\"inLanguage\":\"de\",\"potentialAction\":[{\"@type\":\"CommentAction\",\"name\":\"Comment\",\"target\":[\"https:\/\/kulturonline.tv\/de\/elon-musk-im-deutschen-museum-abgehaengt\/#respond\"]}]},{\"@type\":\"WebPage\",\"@id\":\"https:\/\/kulturonline.tv\/de\/elon-musk-im-deutschen-museum-abgehaengt\/\",\"url\":\"https:\/\/kulturonline.tv\/de\/elon-musk-im-deutschen-museum-abgehaengt\/\",\"name\":\"Elon Musk im Deutschen Museum abgeh\u00e4ngt - Kultur Online TV &amp; FM\",\"isPartOf\":{\"@id\":\"https:\/\/kulturonline.tv\/de\/#website\"},\"primaryImageOfPage\":{\"@id\":\"https:\/\/kulturonline.tv\/de\/elon-musk-im-deutschen-museum-abgehaengt\/#primaryimage\"},\"image\":{\"@id\":\"https:\/\/kulturonline.tv\/de\/elon-musk-im-deutschen-museum-abgehaengt\/#primaryimage\"},\"thumbnailUrl\":\"https:\/\/kulturonline.tv\/wp-content\/uploads\/2025\/01\/Elon_Musk_Royal_Society-edited-1.jpg\",\"datePublished\":\"2025-01-22T11:53:19+00:00\",\"dateModified\":\"2025-01-22T11:57:12+00:00\",\"description\":\"Der Gr\u00fcnder von SpaceX, Elon Musk, war in einer Ausstellung des Deutschen Museums neben anderen bedeutenden Pers\u00f6nlichkeiten der Raumfahrtgeschichte zu sehen.\",\"breadcrumb\":{\"@id\":\"https:\/\/kulturonline.tv\/de\/elon-musk-im-deutschen-museum-abgehaengt\/#breadcrumb\"},\"inLanguage\":\"de\",\"potentialAction\":[{\"@type\":\"ReadAction\",\"target\":[\"https:\/\/kulturonline.tv\/de\/elon-musk-im-deutschen-museum-abgehaengt\/\"]}]},{\"@type\":\"ImageObject\",\"inLanguage\":\"de\",\"@id\":\"https:\/\/kulturonline.tv\/de\/elon-musk-im-deutschen-museum-abgehaengt\/#primaryimage\",\"url\":\"https:\/\/kulturonline.tv\/wp-content\/uploads\/2025\/01\/Elon_Musk_Royal_Society-edited-1.jpg\",\"contentUrl\":\"https:\/\/kulturonline.tv\/wp-content\/uploads\/2025\/01\/Elon_Musk_Royal_Society-edited-1.jpg\",\"width\":1666,\"height\":937},{\"@type\":\"BreadcrumbList\",\"@id\":\"https:\/\/kulturonline.tv\/de\/elon-musk-im-deutschen-museum-abgehaengt\/#breadcrumb\",\"itemListElement\":[{\"@type\":\"ListItem\",\"position\":1,\"name\":\"Startseite\",\"item\":\"https:\/\/kulturonline.tv\/de\/\"},{\"@type\":\"ListItem\",\"position\":2,\"name\":\"Elon Musk im Deutschen Museum abgeh\u00e4ngt\"}]},{\"@type\":\"WebSite\",\"@id\":\"https:\/\/kulturonline.tv\/de\/#website\",\"url\":\"https:\/\/kulturonline.tv\/de\/\",\"name\":\"Kultur Online TV &amp; FM\",\"description\":\"Wir sind Kultur 2.0 zum sehen &amp; h\u00f6ren\",\"publisher\":{\"@id\":\"https:\/\/kulturonline.tv\/de\/#organization\"},\"potentialAction\":[{\"@type\":\"SearchAction\",\"target\":{\"@type\":\"EntryPoint\",\"urlTemplate\":\"https:\/\/kulturonline.tv\/de\/?s={search_term_string}\"},\"query-input\":{\"@type\":\"PropertyValueSpecification\",\"valueRequired\":true,\"valueName\":\"search_term_string\"}}],\"inLanguage\":\"de\"},{\"@type\":\"Organization\",\"@id\":\"https:\/\/kulturonline.tv\/de\/#organization\",\"name\":\"Kultur Online TV\",\"url\":\"https:\/\/kulturonline.tv\/de\/\",\"logo\":{\"@type\":\"ImageObject\",\"inLanguage\":\"de\",\"@id\":\"https:\/\/kulturonline.tv\/de\/#\/schema\/logo\/image\/\",\"url\":\"https:\/\/kulturonline.tv\/wp-content\/uploads\/2021\/08\/Kultur-Online-Tv-Logo-Endversion-neu.png\",\"contentUrl\":\"https:\/\/kulturonline.tv\/wp-content\/uploads\/2021\/08\/Kultur-Online-Tv-Logo-Endversion-neu.png\",\"width\":200,\"height\":200,\"caption\":\"Kultur Online TV\"},\"image\":{\"@id\":\"https:\/\/kulturonline.tv\/de\/#\/schema\/logo\/image\/\"},\"sameAs\":[\"https:\/\/www.facebook.com\/kulturonline.tv\",\"https:\/\/www.instagram.com\/kulturonline.tv\"]},{\"@type\":\"Person\",\"@id\":\"https:\/\/kulturonline.tv\/de\/#\/schema\/person\/b0fac729bb9a0c193fb1df23449df4fe\",\"name\":\"guenter.wolfgang\"}]}<\/script>\n<!-- \/ Yoast SEO plugin. -->","yoast_head_json":{"title":"Elon Musk im Deutschen Museum abgeh\u00e4ngt - Kultur Online TV &amp; FM","description":"Der Gr\u00fcnder von SpaceX, Elon Musk, war in einer Ausstellung des Deutschen Museums neben anderen bedeutenden Pers\u00f6nlichkeiten der Raumfahrtgeschichte zu sehen.","robots":{"index":"index","follow":"follow","max-snippet":"max-snippet:-1","max-image-preview":"max-image-preview:large","max-video-preview":"max-video-preview:-1"},"canonical":"https:\/\/kulturonline.tv\/de\/elon-musk-im-deutschen-museum-abgehaengt\/","og_locale":"de_DE","og_type":"article","og_title":"Elon Musk im Deutschen Museum abgeh\u00e4ngt - Kultur Online TV &amp; FM","og_description":"Der Gr\u00fcnder von SpaceX, Elon Musk, war in einer Ausstellung des Deutschen Museums neben anderen bedeutenden Pers\u00f6nlichkeiten der Raumfahrtgeschichte zu sehen.","og_url":"https:\/\/kulturonline.tv\/de\/elon-musk-im-deutschen-museum-abgehaengt\/","og_site_name":"Kultur Online TV &amp; FM","article_publisher":"https:\/\/www.facebook.com\/kulturonline.tv","article_published_time":"2025-01-22T11:53:19+00:00","article_modified_time":"2025-01-22T11:57:12+00:00","og_image":[{"width":1666,"height":937,"url":"https:\/\/kulturonline.tv\/wp-content\/uploads\/2025\/01\/Elon_Musk_Royal_Society-edited-1.jpg","type":"image\/jpeg"}],"author":"guenter.wolfgang","twitter_card":"summary_large_image","twitter_misc":{"Verfasst von":"guenter.wolfgang"},"schema":{"@context":"https:\/\/schema.org","@graph":[{"@type":"Article","@id":"https:\/\/kulturonline.tv\/de\/elon-musk-im-deutschen-museum-abgehaengt\/#article","isPartOf":{"@id":"https:\/\/kulturonline.tv\/de\/elon-musk-im-deutschen-museum-abgehaengt\/"},"author":{"name":"guenter.wolfgang","@id":"https:\/\/kulturonline.tv\/de\/#\/schema\/person\/b0fac729bb9a0c193fb1df23449df4fe"},"headline":"Elon Musk im Deutschen Museum abgeh\u00e4ngt","datePublished":"2025-01-22T11:53:19+00:00","dateModified":"2025-01-22T11:57:12+00:00","mainEntityOfPage":{"@id":"https:\/\/kulturonline.tv\/de\/elon-musk-im-deutschen-museum-abgehaengt\/"},"wordCount":103,"commentCount":3,"publisher":{"@id":"https:\/\/kulturonline.tv\/de\/#organization"},"image":{"@id":"https:\/\/kulturonline.tv\/de\/elon-musk-im-deutschen-museum-abgehaengt\/#primaryimage"},"thumbnailUrl":"https:\/\/kulturonline.tv\/wp-content\/uploads\/2025\/01\/Elon_Musk_Royal_Society-edited-1.jpg","articleSection":["Newsflash","Unkategorisiert"],"inLanguage":"de","potentialAction":[{"@type":"CommentAction","name":"Comment","target":["https:\/\/kulturonline.tv\/de\/elon-musk-im-deutschen-museum-abgehaengt\/#respond"]}]},{"@type":"WebPage","@id":"https:\/\/kulturonline.tv\/de\/elon-musk-im-deutschen-museum-abgehaengt\/","url":"https:\/\/kulturonline.tv\/de\/elon-musk-im-deutschen-museum-abgehaengt\/","name":"Elon Musk im Deutschen Museum abgeh\u00e4ngt - Kultur Online TV &amp; FM","isPartOf":{"@id":"https:\/\/kulturonline.tv\/de\/#website"},"primaryImageOfPage":{"@id":"https:\/\/kulturonline.tv\/de\/elon-musk-im-deutschen-museum-abgehaengt\/#primaryimage"},"image":{"@id":"https:\/\/kulturonline.tv\/de\/elon-musk-im-deutschen-museum-abgehaengt\/#primaryimage"},"thumbnailUrl":"https:\/\/kulturonline.tv\/wp-content\/uploads\/2025\/01\/Elon_Musk_Royal_Society-edited-1.jpg","datePublished":"2025-01-22T11:53:19+00:00","dateModified":"2025-01-22T11:57:12+00:00","description":"Der Gr\u00fcnder von SpaceX, Elon Musk, war in einer Ausstellung des Deutschen Museums neben anderen bedeutenden Pers\u00f6nlichkeiten der Raumfahrtgeschichte zu sehen.","breadcrumb":{"@id":"https:\/\/kulturonline.tv\/de\/elon-musk-im-deutschen-museum-abgehaengt\/#breadcrumb"},"inLanguage":"de","potentialAction":[{"@type":"ReadAction","target":["https:\/\/kulturonline.tv\/de\/elon-musk-im-deutschen-museum-abgehaengt\/"]}]},{"@type":"ImageObject","inLanguage":"de","@id":"https:\/\/kulturonline.tv\/de\/elon-musk-im-deutschen-museum-abgehaengt\/#primaryimage","url":"https:\/\/kulturonline.tv\/wp-content\/uploads\/2025\/01\/Elon_Musk_Royal_Society-edited-1.jpg","contentUrl":"https:\/\/kulturonline.tv\/wp-content\/uploads\/2025\/01\/Elon_Musk_Royal_Society-edited-1.jpg","width":1666,"height":937},{"@type":"BreadcrumbList","@id":"https:\/\/kulturonline.tv\/de\/elon-musk-im-deutschen-museum-abgehaengt\/#breadcrumb","itemListElement":[{"@type":"ListItem","position":1,"name":"Startseite","item":"https:\/\/kulturonline.tv\/de\/"},{"@type":"ListItem","position":2,"name":"Elon Musk im Deutschen Museum abgeh\u00e4ngt"}]},{"@type":"WebSite","@id":"https:\/\/kulturonline.tv\/de\/#website","url":"https:\/\/kulturonline.tv\/de\/","name":"Kultur Online TV &amp; FM","description":"Wir sind Kultur 2.0 zum sehen &amp; h\u00f6ren","publisher":{"@id":"https:\/\/kulturonline.tv\/de\/#organization"},"potentialAction":[{"@type":"SearchAction","target":{"@type":"EntryPoint","urlTemplate":"https:\/\/kulturonline.tv\/de\/?s={search_term_string}"},"query-input":{"@type":"PropertyValueSpecification","valueRequired":true,"valueName":"search_term_string"}}],"inLanguage":"de"},{"@type":"Organization","@id":"https:\/\/kulturonline.tv\/de\/#organization","name":"Kultur Online TV","url":"https:\/\/kulturonline.tv\/de\/","logo":{"@type":"ImageObject","inLanguage":"de","@id":"https:\/\/kulturonline.tv\/de\/#\/schema\/logo\/image\/","url":"https:\/\/kulturonline.tv\/wp-content\/uploads\/2021\/08\/Kultur-Online-Tv-Logo-Endversion-neu.png","contentUrl":"https:\/\/kulturonline.tv\/wp-content\/uploads\/2021\/08\/Kultur-Online-Tv-Logo-Endversion-neu.png","width":200,"height":200,"caption":"Kultur Online TV"},"image":{"@id":"https:\/\/kulturonline.tv\/de\/#\/schema\/logo\/image\/"},"sameAs":["https:\/\/www.facebook.com\/kulturonline.tv","https:\/\/www.instagram.com\/kulturonline.tv"]},{"@type":"Person","@id":"https:\/\/kulturonline.tv\/de\/#\/schema\/person\/b0fac729bb9a0c193fb1df23449df4fe","name":"guenter.wolfgang"}]}},"_links":{"self":[{"href":"https:\/\/kulturonline.tv\/de\/wp-json\/wp\/v2\/posts\/105950","targetHints":{"allow":["GET"]}}],"collection":[{"href":"https:\/\/kulturonline.tv\/de\/wp-json\/wp\/v2\/posts"}],"about":[{"href":"https:\/\/kulturonline.tv\/de\/wp-json\/wp\/v2\/types\/post"}],"author":[{"embeddable":true,"href":"https:\/\/kulturonline.tv\/de\/wp-json\/wp\/v2\/users\/2"}],"replies":[{"embeddable":true,"href":"https:\/\/kulturonline.tv\/de\/wp-json\/wp\/v2\/comments?post=105950"}],"version-history":[{"count":1,"href":"https:\/\/kulturonline.tv\/de\/wp-json\/wp\/v2\/posts\/105950\/revisions"}],"predecessor-version":[{"id":105959,"href":"https:\/\/kulturonline.tv\/de\/wp-json\/wp\/v2\/posts\/105950\/revisions\/105959"}],"wp:featuredmedia":[{"embeddable":true,"href":"https:\/\/kulturonline.tv\/de\/wp-json\/wp\/v2\/media\/105955"}],"wp:attachment":[{"href":"https:\/\/kulturonline.tv\/de\/wp-json\/wp\/v2\/media?parent=105950"}],"wp:term":[{"taxonomy":"category","embeddable":true,"href":"https:\/\/kulturonline.tv\/de\/wp-json\/wp\/v2\/categories?post=105950"},{"taxonomy":"post_tag","embeddable":true,"href":"https:\/\/kulturonline.tv\/de\/wp-json\/wp\/v2\/tags?post=105950"}],"curies":[{"name":"wp","href":"https:\/\/api.w.org\/{rel}","templated":true}]}}