{"id":10675,"date":"2021-11-02T07:27:46","date_gmt":"2021-11-02T06:27:46","guid":{"rendered":"https:\/\/kulturonline.tv\/?p=10675"},"modified":"2021-11-02T08:45:52","modified_gmt":"2021-11-02T07:45:52","slug":"perspektivwechsel-doppelausstellung-in-luebeck-und-rostock","status":"publish","type":"post","link":"https:\/\/kulturonline.tv\/de\/perspektivwechsel-doppelausstellung-in-luebeck-und-rostock\/","title":{"rendered":"Perspektivwechsel: Doppelausstellung in L\u00fcbeck und Rostock"},"content":{"rendered":"\n<p>Vom 10.11.2021 bis zum 23.1.2022 werfen die Kunsthalle St. Annen in L\u00fcbeck und die Kunsthalle Rostock mit ihrer Doppelausstellung Perspektivwechsel \u201eeinen gemeinsamen Blick auf die Entwicklung ihrer Sammlungen aus der Zeit der innerdeutschen Teilung bis in die Gegenwart.<\/p>\n\n\n\n<figure class=\"wp-block-image size-full\"><img fetchpriority=\"high\" decoding=\"async\" width=\"1200\" height=\"675\" src=\"https:\/\/kulturonline.tv\/wp-content\/uploads\/2021\/11\/Kultur-Onoline-TV.jpg\" alt=\"\" class=\"wp-image-10677\" srcset=\"https:\/\/kulturonline.tv\/wp-content\/uploads\/2021\/11\/Kultur-Onoline-TV.jpg 1200w, https:\/\/kulturonline.tv\/wp-content\/uploads\/2021\/11\/Kultur-Onoline-TV-600x338.jpg 600w, https:\/\/kulturonline.tv\/wp-content\/uploads\/2021\/11\/Kultur-Onoline-TV-800x450.jpg 800w, https:\/\/kulturonline.tv\/wp-content\/uploads\/2021\/11\/Kultur-Onoline-TV-768x432.jpg 768w\" sizes=\"(max-width: 1200px) 100vw, 1200px\" \/><\/figure>\n\n\n\n<p>Vom 10.11.2021 bis zum 23.1.2022 werfen die Kunsthalle St. Annen in L\u00fcbeck und die Kunsthalle Rostock mit ihrer Doppelausstellung Perspektivwechsel \u201eeinen gemeinsamen Blick auf die Entwicklung ihrer Sammlungen aus der Zeit der innerdeutschen Teilung bis in die Gegenwart. <\/p>\n\n\n\n<p>Gem\u00e4lde, Grafiken, Plastiken und Installationen aus den Best\u00e4nden beider Museen werden zusammengef\u00fchrt\u2026\u201c In L\u00fcbeck liegt der Schwerpunkt dabei mehr auf der Gegenwartskunst. Zu sehen sind zeitgleich 90 verschiedene k\u00fcnstlerische Positionen, darunter vonNorbert Bisky, J\u00f8rgen Buch, Hede B\u00fchl, Hede B\u00fchl, HAP Grieshaber, Manaf Halbouni, Angela Hampel, Leiko Ikemura, Hanna J\u00e4ger, Jo Jastram, Susanne Kandt-Horn, Per Kirkeby, Wolfgang Mattheuer, Maix Mayer, Jonathan Meese, R\u00f8de Mor, Sabine Moritz, Andreas M\u00fche, Max Neumann, Otto Niemeyer-Holstein, A. R. Penck, Sigmar Polke, Emil Schumacher, Ramona Seyfarth, Willi Sitte, Walter St\u00f6hrer, Rainer Erhard Teubert, Fred Thieler, Werner T\u00fcbke, G\u00fcnther Uecker, Andy Warhol, Willy Wolff.\u00a0<\/p>\n\n\n\n<p><a href=\"http:\/\/www.kunsthallerostock.de\/\" target=\"_blank\" rel=\"noreferrer noopener\">http:\/\/www.kunsth<\/a><a href=\"http:\/\/www.kunsthallerostock.de\/\">allerostock.de<\/a>  <a href=\"http:\/\/www.kunsthalle-st-annen.de\" target=\"_blank\" rel=\"noreferrer noopener\">www.kunsthalle-st-annen.de<\/a><\/p>\n\n\n\n<p><\/p>\n\n\n\n<p>Kultur Online TV<\/p>\n\n\n\n<p>#kunst #ausstellung<\/p>\n","protected":false},"excerpt":{"rendered":"<p>Vom 10.11.2021 bis zum 23.1.2022 werfen die Kunsthalle St. Annen in L\u00fcbeck und die Kunsthalle Rostock mit ihrer Doppelausstellung Perspektivwechsel \u201eeinen gemeinsamen Blick auf die Entwicklung ihrer Sammlungen aus der Zeit der innerdeutschen Teilung bis in die Gegenwart. Vom 10.11.2021 bis zum 23.1.2022 werfen die Kunsthalle St. Annen in L\u00fcbeck und die Kunsthalle Rostock mit [&hellip;]<\/p>\n","protected":false},"author":2,"featured_media":10677,"comment_status":"closed","ping_status":"closed","sticky":false,"template":"","format":"standard","meta":{"_acf_changed":false,"footnotes":""},"categories":[107],"tags":[],"class_list":["post-10675","post","type-post","status-publish","format-standard","has-post-thumbnail","hentry","category-kunst"],"acf":[],"yoast_head":"<!-- This site is optimized with the Yoast SEO plugin v26.1.1 - https:\/\/yoast.com\/wordpress\/plugins\/seo\/ -->\n<title>Perspektivwechsel: Doppelausstellung in L\u00fcbeck und Rostock - Kultur Online TV &amp; FM<\/title>\n<meta name=\"description\" content=\"Kultur sehen und H\u00f6ren\" \/>\n<meta name=\"robots\" content=\"index, follow, max-snippet:-1, max-image-preview:large, max-video-preview:-1\" \/>\n<link rel=\"canonical\" href=\"https:\/\/kulturonline.tv\/de\/perspektivwechsel-doppelausstellung-in-luebeck-und-rostock\/\" \/>\n<meta property=\"og:locale\" content=\"de_DE\" \/>\n<meta property=\"og:type\" content=\"article\" \/>\n<meta property=\"og:title\" content=\"Perspektivwechsel: Doppelausstellung in L\u00fcbeck und Rostock - Kultur Online TV &amp; FM\" \/>\n<meta property=\"og:description\" content=\"Kultur sehen und H\u00f6ren\" \/>\n<meta property=\"og:url\" content=\"https:\/\/kulturonline.tv\/de\/perspektivwechsel-doppelausstellung-in-luebeck-und-rostock\/\" \/>\n<meta property=\"og:site_name\" content=\"Kultur Online TV &amp; FM\" \/>\n<meta property=\"article:publisher\" content=\"https:\/\/www.facebook.com\/kulturonline.tv\" \/>\n<meta property=\"article:published_time\" content=\"2021-11-02T06:27:46+00:00\" \/>\n<meta property=\"article:modified_time\" content=\"2021-11-02T07:45:52+00:00\" \/>\n<meta property=\"og:image\" content=\"https:\/\/kulturonline.tv\/wp-content\/uploads\/2021\/11\/Kultur-Onoline-TV.jpg\" \/>\n\t<meta property=\"og:image:width\" content=\"1200\" \/>\n\t<meta property=\"og:image:height\" content=\"675\" \/>\n\t<meta property=\"og:image:type\" content=\"image\/jpeg\" \/>\n<meta name=\"author\" content=\"guenter.wolfgang\" \/>\n<meta name=\"twitter:card\" content=\"summary_large_image\" \/>\n<meta name=\"twitter:label1\" content=\"Verfasst von\" \/>\n\t<meta name=\"twitter:data1\" content=\"guenter.wolfgang\" \/>\n\t<meta name=\"twitter:label2\" content=\"Gesch\u00e4tzte Lesezeit\" \/>\n\t<meta name=\"twitter:data2\" content=\"1\u00a0Minute\" \/>\n<script type=\"application\/ld+json\" class=\"yoast-schema-graph\">{\"@context\":\"https:\/\/schema.org\",\"@graph\":[{\"@type\":\"Article\",\"@id\":\"https:\/\/kulturonline.tv\/de\/perspektivwechsel-doppelausstellung-in-luebeck-und-rostock\/#article\",\"isPartOf\":{\"@id\":\"https:\/\/kulturonline.tv\/de\/perspektivwechsel-doppelausstellung-in-luebeck-und-rostock\/\"},\"author\":{\"name\":\"guenter.wolfgang\",\"@id\":\"https:\/\/kulturonline.tv\/de\/#\/schema\/person\/b0fac729bb9a0c193fb1df23449df4fe\"},\"headline\":\"Perspektivwechsel: Doppelausstellung in L\u00fcbeck und Rostock\",\"datePublished\":\"2021-11-02T06:27:46+00:00\",\"dateModified\":\"2021-11-02T07:45:52+00:00\",\"mainEntityOfPage\":{\"@id\":\"https:\/\/kulturonline.tv\/de\/perspektivwechsel-doppelausstellung-in-luebeck-und-rostock\/\"},\"wordCount\":204,\"publisher\":{\"@id\":\"https:\/\/kulturonline.tv\/de\/#organization\"},\"image\":{\"@id\":\"https:\/\/kulturonline.tv\/de\/perspektivwechsel-doppelausstellung-in-luebeck-und-rostock\/#primaryimage\"},\"thumbnailUrl\":\"https:\/\/kulturonline.tv\/wp-content\/uploads\/2021\/11\/Kultur-Onoline-TV.jpg\",\"articleSection\":[\"Kunst\"],\"inLanguage\":\"de\"},{\"@type\":\"WebPage\",\"@id\":\"https:\/\/kulturonline.tv\/de\/perspektivwechsel-doppelausstellung-in-luebeck-und-rostock\/\",\"url\":\"https:\/\/kulturonline.tv\/de\/perspektivwechsel-doppelausstellung-in-luebeck-und-rostock\/\",\"name\":\"Perspektivwechsel: Doppelausstellung in L\u00fcbeck und Rostock - Kultur Online TV &amp; FM\",\"isPartOf\":{\"@id\":\"https:\/\/kulturonline.tv\/de\/#website\"},\"primaryImageOfPage\":{\"@id\":\"https:\/\/kulturonline.tv\/de\/perspektivwechsel-doppelausstellung-in-luebeck-und-rostock\/#primaryimage\"},\"image\":{\"@id\":\"https:\/\/kulturonline.tv\/de\/perspektivwechsel-doppelausstellung-in-luebeck-und-rostock\/#primaryimage\"},\"thumbnailUrl\":\"https:\/\/kulturonline.tv\/wp-content\/uploads\/2021\/11\/Kultur-Onoline-TV.jpg\",\"datePublished\":\"2021-11-02T06:27:46+00:00\",\"dateModified\":\"2021-11-02T07:45:52+00:00\",\"description\":\"Kultur sehen und H\u00f6ren\",\"breadcrumb\":{\"@id\":\"https:\/\/kulturonline.tv\/de\/perspektivwechsel-doppelausstellung-in-luebeck-und-rostock\/#breadcrumb\"},\"inLanguage\":\"de\",\"potentialAction\":[{\"@type\":\"ReadAction\",\"target\":[\"https:\/\/kulturonline.tv\/de\/perspektivwechsel-doppelausstellung-in-luebeck-und-rostock\/\"]}]},{\"@type\":\"ImageObject\",\"inLanguage\":\"de\",\"@id\":\"https:\/\/kulturonline.tv\/de\/perspektivwechsel-doppelausstellung-in-luebeck-und-rostock\/#primaryimage\",\"url\":\"https:\/\/kulturonline.tv\/wp-content\/uploads\/2021\/11\/Kultur-Onoline-TV.jpg\",\"contentUrl\":\"https:\/\/kulturonline.tv\/wp-content\/uploads\/2021\/11\/Kultur-Onoline-TV.jpg\",\"width\":1200,\"height\":675},{\"@type\":\"BreadcrumbList\",\"@id\":\"https:\/\/kulturonline.tv\/de\/perspektivwechsel-doppelausstellung-in-luebeck-und-rostock\/#breadcrumb\",\"itemListElement\":[{\"@type\":\"ListItem\",\"position\":1,\"name\":\"Startseite\",\"item\":\"https:\/\/kulturonline.tv\/de\/\"},{\"@type\":\"ListItem\",\"position\":2,\"name\":\"Perspektivwechsel: Doppelausstellung in L\u00fcbeck und Rostock\"}]},{\"@type\":\"WebSite\",\"@id\":\"https:\/\/kulturonline.tv\/de\/#website\",\"url\":\"https:\/\/kulturonline.tv\/de\/\",\"name\":\"Kultur Online TV &amp; FM\",\"description\":\"Wir sind Kultur 2.0 zum sehen &amp; h\u00f6ren\",\"publisher\":{\"@id\":\"https:\/\/kulturonline.tv\/de\/#organization\"},\"potentialAction\":[{\"@type\":\"SearchAction\",\"target\":{\"@type\":\"EntryPoint\",\"urlTemplate\":\"https:\/\/kulturonline.tv\/de\/?s={search_term_string}\"},\"query-input\":{\"@type\":\"PropertyValueSpecification\",\"valueRequired\":true,\"valueName\":\"search_term_string\"}}],\"inLanguage\":\"de\"},{\"@type\":\"Organization\",\"@id\":\"https:\/\/kulturonline.tv\/de\/#organization\",\"name\":\"Kultur Online TV\",\"url\":\"https:\/\/kulturonline.tv\/de\/\",\"logo\":{\"@type\":\"ImageObject\",\"inLanguage\":\"de\",\"@id\":\"https:\/\/kulturonline.tv\/de\/#\/schema\/logo\/image\/\",\"url\":\"https:\/\/kulturonline.tv\/wp-content\/uploads\/2021\/08\/Kultur-Online-Tv-Logo-Endversion-neu.png\",\"contentUrl\":\"https:\/\/kulturonline.tv\/wp-content\/uploads\/2021\/08\/Kultur-Online-Tv-Logo-Endversion-neu.png\",\"width\":200,\"height\":200,\"caption\":\"Kultur Online TV\"},\"image\":{\"@id\":\"https:\/\/kulturonline.tv\/de\/#\/schema\/logo\/image\/\"},\"sameAs\":[\"https:\/\/www.facebook.com\/kulturonline.tv\",\"https:\/\/www.instagram.com\/kulturonline.tv\"]},{\"@type\":\"Person\",\"@id\":\"https:\/\/kulturonline.tv\/de\/#\/schema\/person\/b0fac729bb9a0c193fb1df23449df4fe\",\"name\":\"guenter.wolfgang\"}]}<\/script>\n<!-- \/ Yoast SEO plugin. -->","yoast_head_json":{"title":"Perspektivwechsel: Doppelausstellung in L\u00fcbeck und Rostock - Kultur Online TV &amp; FM","description":"Kultur sehen und H\u00f6ren","robots":{"index":"index","follow":"follow","max-snippet":"max-snippet:-1","max-image-preview":"max-image-preview:large","max-video-preview":"max-video-preview:-1"},"canonical":"https:\/\/kulturonline.tv\/de\/perspektivwechsel-doppelausstellung-in-luebeck-und-rostock\/","og_locale":"de_DE","og_type":"article","og_title":"Perspektivwechsel: Doppelausstellung in L\u00fcbeck und Rostock - Kultur Online TV &amp; FM","og_description":"Kultur sehen und H\u00f6ren","og_url":"https:\/\/kulturonline.tv\/de\/perspektivwechsel-doppelausstellung-in-luebeck-und-rostock\/","og_site_name":"Kultur Online TV &amp; FM","article_publisher":"https:\/\/www.facebook.com\/kulturonline.tv","article_published_time":"2021-11-02T06:27:46+00:00","article_modified_time":"2021-11-02T07:45:52+00:00","og_image":[{"width":1200,"height":675,"url":"https:\/\/kulturonline.tv\/wp-content\/uploads\/2021\/11\/Kultur-Onoline-TV.jpg","type":"image\/jpeg"}],"author":"guenter.wolfgang","twitter_card":"summary_large_image","twitter_misc":{"Verfasst von":"guenter.wolfgang","Gesch\u00e4tzte Lesezeit":"1\u00a0Minute"},"schema":{"@context":"https:\/\/schema.org","@graph":[{"@type":"Article","@id":"https:\/\/kulturonline.tv\/de\/perspektivwechsel-doppelausstellung-in-luebeck-und-rostock\/#article","isPartOf":{"@id":"https:\/\/kulturonline.tv\/de\/perspektivwechsel-doppelausstellung-in-luebeck-und-rostock\/"},"author":{"name":"guenter.wolfgang","@id":"https:\/\/kulturonline.tv\/de\/#\/schema\/person\/b0fac729bb9a0c193fb1df23449df4fe"},"headline":"Perspektivwechsel: Doppelausstellung in L\u00fcbeck und Rostock","datePublished":"2021-11-02T06:27:46+00:00","dateModified":"2021-11-02T07:45:52+00:00","mainEntityOfPage":{"@id":"https:\/\/kulturonline.tv\/de\/perspektivwechsel-doppelausstellung-in-luebeck-und-rostock\/"},"wordCount":204,"publisher":{"@id":"https:\/\/kulturonline.tv\/de\/#organization"},"image":{"@id":"https:\/\/kulturonline.tv\/de\/perspektivwechsel-doppelausstellung-in-luebeck-und-rostock\/#primaryimage"},"thumbnailUrl":"https:\/\/kulturonline.tv\/wp-content\/uploads\/2021\/11\/Kultur-Onoline-TV.jpg","articleSection":["Kunst"],"inLanguage":"de"},{"@type":"WebPage","@id":"https:\/\/kulturonline.tv\/de\/perspektivwechsel-doppelausstellung-in-luebeck-und-rostock\/","url":"https:\/\/kulturonline.tv\/de\/perspektivwechsel-doppelausstellung-in-luebeck-und-rostock\/","name":"Perspektivwechsel: Doppelausstellung in L\u00fcbeck und Rostock - Kultur Online TV &amp; FM","isPartOf":{"@id":"https:\/\/kulturonline.tv\/de\/#website"},"primaryImageOfPage":{"@id":"https:\/\/kulturonline.tv\/de\/perspektivwechsel-doppelausstellung-in-luebeck-und-rostock\/#primaryimage"},"image":{"@id":"https:\/\/kulturonline.tv\/de\/perspektivwechsel-doppelausstellung-in-luebeck-und-rostock\/#primaryimage"},"thumbnailUrl":"https:\/\/kulturonline.tv\/wp-content\/uploads\/2021\/11\/Kultur-Onoline-TV.jpg","datePublished":"2021-11-02T06:27:46+00:00","dateModified":"2021-11-02T07:45:52+00:00","description":"Kultur sehen und H\u00f6ren","breadcrumb":{"@id":"https:\/\/kulturonline.tv\/de\/perspektivwechsel-doppelausstellung-in-luebeck-und-rostock\/#breadcrumb"},"inLanguage":"de","potentialAction":[{"@type":"ReadAction","target":["https:\/\/kulturonline.tv\/de\/perspektivwechsel-doppelausstellung-in-luebeck-und-rostock\/"]}]},{"@type":"ImageObject","inLanguage":"de","@id":"https:\/\/kulturonline.tv\/de\/perspektivwechsel-doppelausstellung-in-luebeck-und-rostock\/#primaryimage","url":"https:\/\/kulturonline.tv\/wp-content\/uploads\/2021\/11\/Kultur-Onoline-TV.jpg","contentUrl":"https:\/\/kulturonline.tv\/wp-content\/uploads\/2021\/11\/Kultur-Onoline-TV.jpg","width":1200,"height":675},{"@type":"BreadcrumbList","@id":"https:\/\/kulturonline.tv\/de\/perspektivwechsel-doppelausstellung-in-luebeck-und-rostock\/#breadcrumb","itemListElement":[{"@type":"ListItem","position":1,"name":"Startseite","item":"https:\/\/kulturonline.tv\/de\/"},{"@type":"ListItem","position":2,"name":"Perspektivwechsel: Doppelausstellung in L\u00fcbeck und Rostock"}]},{"@type":"WebSite","@id":"https:\/\/kulturonline.tv\/de\/#website","url":"https:\/\/kulturonline.tv\/de\/","name":"Kultur Online TV &amp; FM","description":"Wir sind Kultur 2.0 zum sehen &amp; h\u00f6ren","publisher":{"@id":"https:\/\/kulturonline.tv\/de\/#organization"},"potentialAction":[{"@type":"SearchAction","target":{"@type":"EntryPoint","urlTemplate":"https:\/\/kulturonline.tv\/de\/?s={search_term_string}"},"query-input":{"@type":"PropertyValueSpecification","valueRequired":true,"valueName":"search_term_string"}}],"inLanguage":"de"},{"@type":"Organization","@id":"https:\/\/kulturonline.tv\/de\/#organization","name":"Kultur Online TV","url":"https:\/\/kulturonline.tv\/de\/","logo":{"@type":"ImageObject","inLanguage":"de","@id":"https:\/\/kulturonline.tv\/de\/#\/schema\/logo\/image\/","url":"https:\/\/kulturonline.tv\/wp-content\/uploads\/2021\/08\/Kultur-Online-Tv-Logo-Endversion-neu.png","contentUrl":"https:\/\/kulturonline.tv\/wp-content\/uploads\/2021\/08\/Kultur-Online-Tv-Logo-Endversion-neu.png","width":200,"height":200,"caption":"Kultur Online TV"},"image":{"@id":"https:\/\/kulturonline.tv\/de\/#\/schema\/logo\/image\/"},"sameAs":["https:\/\/www.facebook.com\/kulturonline.tv","https:\/\/www.instagram.com\/kulturonline.tv"]},{"@type":"Person","@id":"https:\/\/kulturonline.tv\/de\/#\/schema\/person\/b0fac729bb9a0c193fb1df23449df4fe","name":"guenter.wolfgang"}]}},"_links":{"self":[{"href":"https:\/\/kulturonline.tv\/de\/wp-json\/wp\/v2\/posts\/10675","targetHints":{"allow":["GET"]}}],"collection":[{"href":"https:\/\/kulturonline.tv\/de\/wp-json\/wp\/v2\/posts"}],"about":[{"href":"https:\/\/kulturonline.tv\/de\/wp-json\/wp\/v2\/types\/post"}],"author":[{"embeddable":true,"href":"https:\/\/kulturonline.tv\/de\/wp-json\/wp\/v2\/users\/2"}],"replies":[{"embeddable":true,"href":"https:\/\/kulturonline.tv\/de\/wp-json\/wp\/v2\/comments?post=10675"}],"version-history":[{"count":0,"href":"https:\/\/kulturonline.tv\/de\/wp-json\/wp\/v2\/posts\/10675\/revisions"}],"wp:featuredmedia":[{"embeddable":true,"href":"https:\/\/kulturonline.tv\/de\/wp-json\/wp\/v2\/media\/10677"}],"wp:attachment":[{"href":"https:\/\/kulturonline.tv\/de\/wp-json\/wp\/v2\/media?parent=10675"}],"wp:term":[{"taxonomy":"category","embeddable":true,"href":"https:\/\/kulturonline.tv\/de\/wp-json\/wp\/v2\/categories?post=10675"},{"taxonomy":"post_tag","embeddable":true,"href":"https:\/\/kulturonline.tv\/de\/wp-json\/wp\/v2\/tags?post=10675"}],"curies":[{"name":"wp","href":"https:\/\/api.w.org\/{rel}","templated":true}]}}