{"id":10692,"date":"2021-11-02T08:06:16","date_gmt":"2021-11-02T07:06:16","guid":{"rendered":"https:\/\/kulturonline.tv\/?p=10692"},"modified":"2021-11-02T08:47:29","modified_gmt":"2021-11-02T07:47:29","slug":"heidelberg-ab-dem-08-november-2021-gilt-im-theater-und-orchester-heidelberg-die-neue-2g-regelung","status":"publish","type":"post","link":"https:\/\/kulturonline.tv\/de\/heidelberg-ab-dem-08-november-2021-gilt-im-theater-und-orchester-heidelberg-die-neue-2g-regelung\/","title":{"rendered":"Heidelberg: Ab dem 08. November 2021 gilt im Theater und Orchester Heidelberg die neue 2G-Regelung"},"content":{"rendered":"\n<p><strong>A<\/strong>ufg<strong>rund der steigenden Inzidenzwerte sowie der Hospitalisierungsrate hat sich die Stadt Heidelberg dazu entschieden, f\u00fcr alle st\u00e4dtischen Kulturinstitutionen mit Veranstaltungsangeboten, die 2G-Regelung anzuwenden.\u00a0<\/strong><\/p>\n\n\n\n<figure class=\"wp-block-image size-large\"><img fetchpriority=\"high\" decoding=\"async\" width=\"1600\" height=\"779\" src=\"https:\/\/kulturonline.tv\/wp-content\/uploads\/2021\/11\/Theater-Heidelberg-Kultur-Online-Tv-1600x779.jpg\" alt=\"\" class=\"wp-image-10694\" srcset=\"https:\/\/kulturonline.tv\/wp-content\/uploads\/2021\/11\/Theater-Heidelberg-Kultur-Online-Tv-1600x779.jpg 1600w, https:\/\/kulturonline.tv\/wp-content\/uploads\/2021\/11\/Theater-Heidelberg-Kultur-Online-Tv-600x292.jpg 600w, https:\/\/kulturonline.tv\/wp-content\/uploads\/2021\/11\/Theater-Heidelberg-Kultur-Online-Tv-800x390.jpg 800w, https:\/\/kulturonline.tv\/wp-content\/uploads\/2021\/11\/Theater-Heidelberg-Kultur-Online-Tv-768x374.jpg 768w, https:\/\/kulturonline.tv\/wp-content\/uploads\/2021\/11\/Theater-Heidelberg-Kultur-Online-Tv-1536x748.jpg 1536w, https:\/\/kulturonline.tv\/wp-content\/uploads\/2021\/11\/Theater-Heidelberg-Kultur-Online-Tv.jpg 2000w\" sizes=\"(max-width: 1600px) 100vw, 1600px\" \/><\/figure>\n\n\n\n<p>Die Stadt folgt damit dem in der aktuellen Corona-Verordnung des Landes Baden-W\u00fcrttemberg festgelegten 2G-Optionsmodell, das es Veranstaltern, Dienstleistern und H\u00e4ndlern erm\u00f6glicht, nur genesene oder geimpfte Personen zuzulassen.<\/p>\n\n\n\n<p>Das Theater und Orchester Heidelberg folgt der Entscheidung der Stadt und wird ab dem 8. November 2021 die 2G-Regel umsetzen.<\/p>\n\n\n\n<p>F\u00fcr Kinder und Jugendliche bis 17 Jahren gilt weiterhin die bisherige Regelung f\u00fcr den Besuch der Vorstellungen des Theaters und Orchesters Heidelberg, es werden keine zus\u00e4tzlichen Nachweise ben\u00f6tigt. Lediglich Jugendliche bis zu einem Alter von einschlie\u00dflich 17 Jahren, die nicht mehr zur Schule gehen, m\u00fcssen einen negativen Antigentest vorlegen. Ebenso ausgenommen vom Zutrittsverbot sind Personen, die sich aus medizinischen Gr\u00fcnden nicht impfen lassen k\u00f6nnen und Personen, f\u00fcr die es keine Impfempfehlung der St\u00e4ndigen Impfkommission (STIKO) gibt. Dazu z\u00e4hlen auch Schwangere und Stillende, da es f\u00fcr sie erst seit dem 10. September 2021 eine allgemeine Impfempfehlung der STIKO gibt.<\/p>\n\n\n\n<p>Kultur Online TV<\/p>\n\n\n\n<p>#theater #heidelberg #corona <\/p>\n","protected":false},"excerpt":{"rendered":"<p>Aufgrund der steigenden Inzidenzwerte sowie der Hospitalisierungsrate hat sich die Stadt Heidelberg dazu entschieden, f\u00fcr alle st\u00e4dtischen Kulturinstitutionen mit Veranstaltungsangeboten, die 2G-Regelung anzuwenden.\u00a0 Die Stadt folgt damit dem in der aktuellen Corona-Verordnung des Landes Baden-W\u00fcrttemberg festgelegten 2G-Optionsmodell, das es Veranstaltern, Dienstleistern und H\u00e4ndlern erm\u00f6glicht, nur genesene oder geimpfte Personen zuzulassen. Das Theater und Orchester Heidelberg [&hellip;]<\/p>\n","protected":false},"author":2,"featured_media":10694,"comment_status":"closed","ping_status":"closed","sticky":false,"template":"","format":"standard","meta":{"_acf_changed":false,"footnotes":""},"categories":[105],"tags":[],"class_list":["post-10692","post","type-post","status-publish","format-standard","has-post-thumbnail","hentry","category-theater"],"acf":[],"yoast_head":"<!-- This site is optimized with the Yoast SEO plugin v26.1.1 - https:\/\/yoast.com\/wordpress\/plugins\/seo\/ -->\n<title>Heidelberg: Ab dem 08. November 2021 gilt im Theater und Orchester Heidelberg die neue 2G-Regelung - Kultur Online TV &amp; FM<\/title>\n<meta name=\"description\" content=\"Kultur sehen und H\u00f6ren\" \/>\n<meta name=\"robots\" content=\"index, follow, max-snippet:-1, max-image-preview:large, max-video-preview:-1\" \/>\n<link rel=\"canonical\" href=\"https:\/\/kulturonline.tv\/de\/heidelberg-ab-dem-08-november-2021-gilt-im-theater-und-orchester-heidelberg-die-neue-2g-regelung\/\" \/>\n<meta property=\"og:locale\" content=\"de_DE\" \/>\n<meta property=\"og:type\" content=\"article\" \/>\n<meta property=\"og:title\" content=\"Heidelberg: Ab dem 08. November 2021 gilt im Theater und Orchester Heidelberg die neue 2G-Regelung - Kultur Online TV &amp; FM\" \/>\n<meta property=\"og:description\" content=\"Kultur sehen und H\u00f6ren\" \/>\n<meta property=\"og:url\" content=\"https:\/\/kulturonline.tv\/de\/heidelberg-ab-dem-08-november-2021-gilt-im-theater-und-orchester-heidelberg-die-neue-2g-regelung\/\" \/>\n<meta property=\"og:site_name\" content=\"Kultur Online TV &amp; FM\" \/>\n<meta property=\"article:publisher\" content=\"https:\/\/www.facebook.com\/kulturonline.tv\" \/>\n<meta property=\"article:published_time\" content=\"2021-11-02T07:06:16+00:00\" \/>\n<meta property=\"article:modified_time\" content=\"2021-11-02T07:47:29+00:00\" \/>\n<meta property=\"og:image\" content=\"https:\/\/kulturonline.tv\/wp-content\/uploads\/2021\/11\/Theater-Heidelberg-Kultur-Online-Tv-1600x779.jpg\" \/>\n\t<meta property=\"og:image:width\" content=\"1600\" \/>\n\t<meta property=\"og:image:height\" content=\"779\" \/>\n\t<meta property=\"og:image:type\" content=\"image\/jpeg\" \/>\n<meta name=\"author\" content=\"guenter.wolfgang\" \/>\n<meta name=\"twitter:card\" content=\"summary_large_image\" \/>\n<meta name=\"twitter:label1\" content=\"Verfasst von\" \/>\n\t<meta name=\"twitter:data1\" content=\"guenter.wolfgang\" \/>\n\t<meta name=\"twitter:label2\" content=\"Gesch\u00e4tzte Lesezeit\" \/>\n\t<meta name=\"twitter:data2\" content=\"1\u00a0Minute\" \/>\n<script type=\"application\/ld+json\" class=\"yoast-schema-graph\">{\"@context\":\"https:\/\/schema.org\",\"@graph\":[{\"@type\":\"Article\",\"@id\":\"https:\/\/kulturonline.tv\/de\/heidelberg-ab-dem-08-november-2021-gilt-im-theater-und-orchester-heidelberg-die-neue-2g-regelung\/#article\",\"isPartOf\":{\"@id\":\"https:\/\/kulturonline.tv\/de\/heidelberg-ab-dem-08-november-2021-gilt-im-theater-und-orchester-heidelberg-die-neue-2g-regelung\/\"},\"author\":{\"name\":\"guenter.wolfgang\",\"@id\":\"https:\/\/kulturonline.tv\/de\/#\/schema\/person\/b0fac729bb9a0c193fb1df23449df4fe\"},\"headline\":\"Heidelberg: Ab dem 08. November 2021 gilt im Theater und Orchester Heidelberg die neue 2G-Regelung\",\"datePublished\":\"2021-11-02T07:06:16+00:00\",\"dateModified\":\"2021-11-02T07:47:29+00:00\",\"mainEntityOfPage\":{\"@id\":\"https:\/\/kulturonline.tv\/de\/heidelberg-ab-dem-08-november-2021-gilt-im-theater-und-orchester-heidelberg-die-neue-2g-regelung\/\"},\"wordCount\":198,\"publisher\":{\"@id\":\"https:\/\/kulturonline.tv\/de\/#organization\"},\"image\":{\"@id\":\"https:\/\/kulturonline.tv\/de\/heidelberg-ab-dem-08-november-2021-gilt-im-theater-und-orchester-heidelberg-die-neue-2g-regelung\/#primaryimage\"},\"thumbnailUrl\":\"https:\/\/kulturonline.tv\/wp-content\/uploads\/2021\/11\/Theater-Heidelberg-Kultur-Online-Tv.jpg\",\"articleSection\":[\"Theater\"],\"inLanguage\":\"de\"},{\"@type\":\"WebPage\",\"@id\":\"https:\/\/kulturonline.tv\/de\/heidelberg-ab-dem-08-november-2021-gilt-im-theater-und-orchester-heidelberg-die-neue-2g-regelung\/\",\"url\":\"https:\/\/kulturonline.tv\/de\/heidelberg-ab-dem-08-november-2021-gilt-im-theater-und-orchester-heidelberg-die-neue-2g-regelung\/\",\"name\":\"Heidelberg: Ab dem 08. November 2021 gilt im Theater und Orchester Heidelberg die neue 2G-Regelung - Kultur Online TV &amp; FM\",\"isPartOf\":{\"@id\":\"https:\/\/kulturonline.tv\/de\/#website\"},\"primaryImageOfPage\":{\"@id\":\"https:\/\/kulturonline.tv\/de\/heidelberg-ab-dem-08-november-2021-gilt-im-theater-und-orchester-heidelberg-die-neue-2g-regelung\/#primaryimage\"},\"image\":{\"@id\":\"https:\/\/kulturonline.tv\/de\/heidelberg-ab-dem-08-november-2021-gilt-im-theater-und-orchester-heidelberg-die-neue-2g-regelung\/#primaryimage\"},\"thumbnailUrl\":\"https:\/\/kulturonline.tv\/wp-content\/uploads\/2021\/11\/Theater-Heidelberg-Kultur-Online-Tv.jpg\",\"datePublished\":\"2021-11-02T07:06:16+00:00\",\"dateModified\":\"2021-11-02T07:47:29+00:00\",\"description\":\"Kultur sehen und H\u00f6ren\",\"breadcrumb\":{\"@id\":\"https:\/\/kulturonline.tv\/de\/heidelberg-ab-dem-08-november-2021-gilt-im-theater-und-orchester-heidelberg-die-neue-2g-regelung\/#breadcrumb\"},\"inLanguage\":\"de\",\"potentialAction\":[{\"@type\":\"ReadAction\",\"target\":[\"https:\/\/kulturonline.tv\/de\/heidelberg-ab-dem-08-november-2021-gilt-im-theater-und-orchester-heidelberg-die-neue-2g-regelung\/\"]}]},{\"@type\":\"ImageObject\",\"inLanguage\":\"de\",\"@id\":\"https:\/\/kulturonline.tv\/de\/heidelberg-ab-dem-08-november-2021-gilt-im-theater-und-orchester-heidelberg-die-neue-2g-regelung\/#primaryimage\",\"url\":\"https:\/\/kulturonline.tv\/wp-content\/uploads\/2021\/11\/Theater-Heidelberg-Kultur-Online-Tv.jpg\",\"contentUrl\":\"https:\/\/kulturonline.tv\/wp-content\/uploads\/2021\/11\/Theater-Heidelberg-Kultur-Online-Tv.jpg\",\"width\":2000,\"height\":974},{\"@type\":\"BreadcrumbList\",\"@id\":\"https:\/\/kulturonline.tv\/de\/heidelberg-ab-dem-08-november-2021-gilt-im-theater-und-orchester-heidelberg-die-neue-2g-regelung\/#breadcrumb\",\"itemListElement\":[{\"@type\":\"ListItem\",\"position\":1,\"name\":\"Startseite\",\"item\":\"https:\/\/kulturonline.tv\/de\/\"},{\"@type\":\"ListItem\",\"position\":2,\"name\":\"Heidelberg: Ab dem 08. November 2021 gilt im Theater und Orchester Heidelberg die neue 2G-Regelung\"}]},{\"@type\":\"WebSite\",\"@id\":\"https:\/\/kulturonline.tv\/de\/#website\",\"url\":\"https:\/\/kulturonline.tv\/de\/\",\"name\":\"Kultur Online TV &amp; FM\",\"description\":\"Wir sind Kultur 2.0 zum sehen &amp; h\u00f6ren\",\"publisher\":{\"@id\":\"https:\/\/kulturonline.tv\/de\/#organization\"},\"potentialAction\":[{\"@type\":\"SearchAction\",\"target\":{\"@type\":\"EntryPoint\",\"urlTemplate\":\"https:\/\/kulturonline.tv\/de\/?s={search_term_string}\"},\"query-input\":{\"@type\":\"PropertyValueSpecification\",\"valueRequired\":true,\"valueName\":\"search_term_string\"}}],\"inLanguage\":\"de\"},{\"@type\":\"Organization\",\"@id\":\"https:\/\/kulturonline.tv\/de\/#organization\",\"name\":\"Kultur Online TV\",\"url\":\"https:\/\/kulturonline.tv\/de\/\",\"logo\":{\"@type\":\"ImageObject\",\"inLanguage\":\"de\",\"@id\":\"https:\/\/kulturonline.tv\/de\/#\/schema\/logo\/image\/\",\"url\":\"https:\/\/kulturonline.tv\/wp-content\/uploads\/2021\/08\/Kultur-Online-Tv-Logo-Endversion-neu.png\",\"contentUrl\":\"https:\/\/kulturonline.tv\/wp-content\/uploads\/2021\/08\/Kultur-Online-Tv-Logo-Endversion-neu.png\",\"width\":200,\"height\":200,\"caption\":\"Kultur Online TV\"},\"image\":{\"@id\":\"https:\/\/kulturonline.tv\/de\/#\/schema\/logo\/image\/\"},\"sameAs\":[\"https:\/\/www.facebook.com\/kulturonline.tv\",\"https:\/\/www.instagram.com\/kulturonline.tv\"]},{\"@type\":\"Person\",\"@id\":\"https:\/\/kulturonline.tv\/de\/#\/schema\/person\/b0fac729bb9a0c193fb1df23449df4fe\",\"name\":\"guenter.wolfgang\"}]}<\/script>\n<!-- \/ Yoast SEO plugin. -->","yoast_head_json":{"title":"Heidelberg: Ab dem 08. November 2021 gilt im Theater und Orchester Heidelberg die neue 2G-Regelung - Kultur Online TV &amp; FM","description":"Kultur sehen und H\u00f6ren","robots":{"index":"index","follow":"follow","max-snippet":"max-snippet:-1","max-image-preview":"max-image-preview:large","max-video-preview":"max-video-preview:-1"},"canonical":"https:\/\/kulturonline.tv\/de\/heidelberg-ab-dem-08-november-2021-gilt-im-theater-und-orchester-heidelberg-die-neue-2g-regelung\/","og_locale":"de_DE","og_type":"article","og_title":"Heidelberg: Ab dem 08. November 2021 gilt im Theater und Orchester Heidelberg die neue 2G-Regelung - Kultur Online TV &amp; FM","og_description":"Kultur sehen und H\u00f6ren","og_url":"https:\/\/kulturonline.tv\/de\/heidelberg-ab-dem-08-november-2021-gilt-im-theater-und-orchester-heidelberg-die-neue-2g-regelung\/","og_site_name":"Kultur Online TV &amp; FM","article_publisher":"https:\/\/www.facebook.com\/kulturonline.tv","article_published_time":"2021-11-02T07:06:16+00:00","article_modified_time":"2021-11-02T07:47:29+00:00","og_image":[{"width":1600,"height":779,"url":"https:\/\/kulturonline.tv\/wp-content\/uploads\/2021\/11\/Theater-Heidelberg-Kultur-Online-Tv-1600x779.jpg","type":"image\/jpeg"}],"author":"guenter.wolfgang","twitter_card":"summary_large_image","twitter_misc":{"Verfasst von":"guenter.wolfgang","Gesch\u00e4tzte Lesezeit":"1\u00a0Minute"},"schema":{"@context":"https:\/\/schema.org","@graph":[{"@type":"Article","@id":"https:\/\/kulturonline.tv\/de\/heidelberg-ab-dem-08-november-2021-gilt-im-theater-und-orchester-heidelberg-die-neue-2g-regelung\/#article","isPartOf":{"@id":"https:\/\/kulturonline.tv\/de\/heidelberg-ab-dem-08-november-2021-gilt-im-theater-und-orchester-heidelberg-die-neue-2g-regelung\/"},"author":{"name":"guenter.wolfgang","@id":"https:\/\/kulturonline.tv\/de\/#\/schema\/person\/b0fac729bb9a0c193fb1df23449df4fe"},"headline":"Heidelberg: Ab dem 08. November 2021 gilt im Theater und Orchester Heidelberg die neue 2G-Regelung","datePublished":"2021-11-02T07:06:16+00:00","dateModified":"2021-11-02T07:47:29+00:00","mainEntityOfPage":{"@id":"https:\/\/kulturonline.tv\/de\/heidelberg-ab-dem-08-november-2021-gilt-im-theater-und-orchester-heidelberg-die-neue-2g-regelung\/"},"wordCount":198,"publisher":{"@id":"https:\/\/kulturonline.tv\/de\/#organization"},"image":{"@id":"https:\/\/kulturonline.tv\/de\/heidelberg-ab-dem-08-november-2021-gilt-im-theater-und-orchester-heidelberg-die-neue-2g-regelung\/#primaryimage"},"thumbnailUrl":"https:\/\/kulturonline.tv\/wp-content\/uploads\/2021\/11\/Theater-Heidelberg-Kultur-Online-Tv.jpg","articleSection":["Theater"],"inLanguage":"de"},{"@type":"WebPage","@id":"https:\/\/kulturonline.tv\/de\/heidelberg-ab-dem-08-november-2021-gilt-im-theater-und-orchester-heidelberg-die-neue-2g-regelung\/","url":"https:\/\/kulturonline.tv\/de\/heidelberg-ab-dem-08-november-2021-gilt-im-theater-und-orchester-heidelberg-die-neue-2g-regelung\/","name":"Heidelberg: Ab dem 08. November 2021 gilt im Theater und Orchester Heidelberg die neue 2G-Regelung - Kultur Online TV &amp; FM","isPartOf":{"@id":"https:\/\/kulturonline.tv\/de\/#website"},"primaryImageOfPage":{"@id":"https:\/\/kulturonline.tv\/de\/heidelberg-ab-dem-08-november-2021-gilt-im-theater-und-orchester-heidelberg-die-neue-2g-regelung\/#primaryimage"},"image":{"@id":"https:\/\/kulturonline.tv\/de\/heidelberg-ab-dem-08-november-2021-gilt-im-theater-und-orchester-heidelberg-die-neue-2g-regelung\/#primaryimage"},"thumbnailUrl":"https:\/\/kulturonline.tv\/wp-content\/uploads\/2021\/11\/Theater-Heidelberg-Kultur-Online-Tv.jpg","datePublished":"2021-11-02T07:06:16+00:00","dateModified":"2021-11-02T07:47:29+00:00","description":"Kultur sehen und H\u00f6ren","breadcrumb":{"@id":"https:\/\/kulturonline.tv\/de\/heidelberg-ab-dem-08-november-2021-gilt-im-theater-und-orchester-heidelberg-die-neue-2g-regelung\/#breadcrumb"},"inLanguage":"de","potentialAction":[{"@type":"ReadAction","target":["https:\/\/kulturonline.tv\/de\/heidelberg-ab-dem-08-november-2021-gilt-im-theater-und-orchester-heidelberg-die-neue-2g-regelung\/"]}]},{"@type":"ImageObject","inLanguage":"de","@id":"https:\/\/kulturonline.tv\/de\/heidelberg-ab-dem-08-november-2021-gilt-im-theater-und-orchester-heidelberg-die-neue-2g-regelung\/#primaryimage","url":"https:\/\/kulturonline.tv\/wp-content\/uploads\/2021\/11\/Theater-Heidelberg-Kultur-Online-Tv.jpg","contentUrl":"https:\/\/kulturonline.tv\/wp-content\/uploads\/2021\/11\/Theater-Heidelberg-Kultur-Online-Tv.jpg","width":2000,"height":974},{"@type":"BreadcrumbList","@id":"https:\/\/kulturonline.tv\/de\/heidelberg-ab-dem-08-november-2021-gilt-im-theater-und-orchester-heidelberg-die-neue-2g-regelung\/#breadcrumb","itemListElement":[{"@type":"ListItem","position":1,"name":"Startseite","item":"https:\/\/kulturonline.tv\/de\/"},{"@type":"ListItem","position":2,"name":"Heidelberg: Ab dem 08. November 2021 gilt im Theater und Orchester Heidelberg die neue 2G-Regelung"}]},{"@type":"WebSite","@id":"https:\/\/kulturonline.tv\/de\/#website","url":"https:\/\/kulturonline.tv\/de\/","name":"Kultur Online TV &amp; FM","description":"Wir sind Kultur 2.0 zum sehen &amp; h\u00f6ren","publisher":{"@id":"https:\/\/kulturonline.tv\/de\/#organization"},"potentialAction":[{"@type":"SearchAction","target":{"@type":"EntryPoint","urlTemplate":"https:\/\/kulturonline.tv\/de\/?s={search_term_string}"},"query-input":{"@type":"PropertyValueSpecification","valueRequired":true,"valueName":"search_term_string"}}],"inLanguage":"de"},{"@type":"Organization","@id":"https:\/\/kulturonline.tv\/de\/#organization","name":"Kultur Online TV","url":"https:\/\/kulturonline.tv\/de\/","logo":{"@type":"ImageObject","inLanguage":"de","@id":"https:\/\/kulturonline.tv\/de\/#\/schema\/logo\/image\/","url":"https:\/\/kulturonline.tv\/wp-content\/uploads\/2021\/08\/Kultur-Online-Tv-Logo-Endversion-neu.png","contentUrl":"https:\/\/kulturonline.tv\/wp-content\/uploads\/2021\/08\/Kultur-Online-Tv-Logo-Endversion-neu.png","width":200,"height":200,"caption":"Kultur Online TV"},"image":{"@id":"https:\/\/kulturonline.tv\/de\/#\/schema\/logo\/image\/"},"sameAs":["https:\/\/www.facebook.com\/kulturonline.tv","https:\/\/www.instagram.com\/kulturonline.tv"]},{"@type":"Person","@id":"https:\/\/kulturonline.tv\/de\/#\/schema\/person\/b0fac729bb9a0c193fb1df23449df4fe","name":"guenter.wolfgang"}]}},"_links":{"self":[{"href":"https:\/\/kulturonline.tv\/de\/wp-json\/wp\/v2\/posts\/10692","targetHints":{"allow":["GET"]}}],"collection":[{"href":"https:\/\/kulturonline.tv\/de\/wp-json\/wp\/v2\/posts"}],"about":[{"href":"https:\/\/kulturonline.tv\/de\/wp-json\/wp\/v2\/types\/post"}],"author":[{"embeddable":true,"href":"https:\/\/kulturonline.tv\/de\/wp-json\/wp\/v2\/users\/2"}],"replies":[{"embeddable":true,"href":"https:\/\/kulturonline.tv\/de\/wp-json\/wp\/v2\/comments?post=10692"}],"version-history":[{"count":0,"href":"https:\/\/kulturonline.tv\/de\/wp-json\/wp\/v2\/posts\/10692\/revisions"}],"wp:featuredmedia":[{"embeddable":true,"href":"https:\/\/kulturonline.tv\/de\/wp-json\/wp\/v2\/media\/10694"}],"wp:attachment":[{"href":"https:\/\/kulturonline.tv\/de\/wp-json\/wp\/v2\/media?parent=10692"}],"wp:term":[{"taxonomy":"category","embeddable":true,"href":"https:\/\/kulturonline.tv\/de\/wp-json\/wp\/v2\/categories?post=10692"},{"taxonomy":"post_tag","embeddable":true,"href":"https:\/\/kulturonline.tv\/de\/wp-json\/wp\/v2\/tags?post=10692"}],"curies":[{"name":"wp","href":"https:\/\/api.w.org\/{rel}","templated":true}]}}