{"id":10758,"date":"2021-11-02T15:02:32","date_gmt":"2021-11-02T14:02:32","guid":{"rendered":"https:\/\/kulturonline.tv\/?p=10758"},"modified":"2021-11-03T10:41:33","modified_gmt":"2021-11-03T09:41:33","slug":"mit-punkten-gepunktet-yayoi-kusama","status":"publish","type":"post","link":"https:\/\/kulturonline.tv\/de\/mit-punkten-gepunktet-yayoi-kusama\/","title":{"rendered":"Mit Punkten gepunktet &#8211; Yayoi Kusama"},"content":{"rendered":"\n<p>Ein kurioses Ergebnis hat das allj\u00e4hrliche Kunstranking der Zeitschrift &#8222;Capital&#8220; heuer mit sich gebracht.<\/p>\n\n\n\n<figure class=\"wp-block-image size-full\"><img fetchpriority=\"high\" decoding=\"async\" width=\"1200\" height=\"600\" src=\"https:\/\/kulturonline.tv\/wp-content\/uploads\/2021\/11\/Yayoi-Kusama-Kultur-Online-Tv.jpg\" alt=\"\" class=\"wp-image-10760\" srcset=\"https:\/\/kulturonline.tv\/wp-content\/uploads\/2021\/11\/Yayoi-Kusama-Kultur-Online-Tv.jpg 1200w, https:\/\/kulturonline.tv\/wp-content\/uploads\/2021\/11\/Yayoi-Kusama-Kultur-Online-Tv-600x300.jpg 600w, https:\/\/kulturonline.tv\/wp-content\/uploads\/2021\/11\/Yayoi-Kusama-Kultur-Online-Tv-800x400.jpg 800w, https:\/\/kulturonline.tv\/wp-content\/uploads\/2021\/11\/Yayoi-Kusama-Kultur-Online-Tv-768x384.jpg 768w\" sizes=\"(max-width: 1200px) 100vw, 1200px\" \/><\/figure>\n\n\n\n<p>Die Liste der &#8222;Stars von morgen&#8220; wird dieses Jahr von der Japanerin Yayoi Kusama angef\u00fchrt. Dies klingt etwas bizarr angesichts ihres fortgeschrittenen Alters von 92 Jahren. Sie ist eine der bedeutendsten japanischen K\u00fcnstlerinnen der Nachkriegszeit und bereits seit den 50er-Jahren aktiv. Ihre bekanntesten Kunstwerke und Happenings entstanden in ihrer Zeit in New York, wo sie bis 1972 lebte. Wie kommt man also darauf, eine so etablierte K\u00fcnstlerin als &#8222;Star von morgen&#8220; zu bezeichnen?&nbsp;<\/p>\n\n\n\n<figure class=\"wp-block-image size-full\"><img decoding=\"async\" width=\"953\" height=\"634\" src=\"https:\/\/kulturonline.tv\/wp-content\/uploads\/2021\/11\/Kultur-Online-TV-Kunst.jpg\" alt=\"\" class=\"wp-image-10762\" srcset=\"https:\/\/kulturonline.tv\/wp-content\/uploads\/2021\/11\/Kultur-Online-TV-Kunst.jpg 953w, https:\/\/kulturonline.tv\/wp-content\/uploads\/2021\/11\/Kultur-Online-TV-Kunst-600x399.jpg 600w, https:\/\/kulturonline.tv\/wp-content\/uploads\/2021\/11\/Kultur-Online-TV-Kunst-800x532.jpg 800w, https:\/\/kulturonline.tv\/wp-content\/uploads\/2021\/11\/Kultur-Online-TV-Kunst-768x511.jpg 768w\" sizes=\"(max-width: 953px) 100vw, 953px\" \/><\/figure>\n\n\n\n<p>Kusama d\u00fcrfte davon profitiert haben, dass 2021 im Gropiusbau in Berlin eine gro\u00dfe Retrospektive ihrer Arbeiten stattgefunden hat. Da ihre mit Punkten \u00fcbers\u00e4te Kunst und ihre Infinity-R\u00e4ume, in denen man sich im Punktemeer verlieren und verstecken kann, auch durchaus f\u00fcr hippe Fotos auf der Bilderteilplattform Instagram tauglich ist, ist sie auch bei einem jungen Publikum bekannt und beliebt. Das ist freilich nicht so kaufkr\u00e4ftig, wie es so ein Kunstmarktranking erfordert. Kleine Objekte, wie ihre gepunkteten K\u00fcrbisse erfreuen sich aber derzeit gro\u00dfer Beliebtheit, im Shop des Moma kann man sie um unter 300 Dollar bestellen &#8211; derzeit wartet man allerdings, wie in so vielen anderen Bereichen, auf eine neue Lieferung.<\/p>\n\n\n\n<p>Kultur Online TV<\/p>\n\n\n\n<p>#kunst #kultur #news<\/p>\n","protected":false},"excerpt":{"rendered":"<p>Ein kurioses Ergebnis hat das allj\u00e4hrliche Kunstranking der Zeitschrift &#8222;Capital&#8220; heuer mit sich gebracht. Die Liste der &#8222;Stars von morgen&#8220; wird dieses Jahr von der Japanerin Yayoi Kusama angef\u00fchrt. Dies klingt etwas bizarr angesichts ihres fortgeschrittenen Alters von 92 Jahren. Sie ist eine der bedeutendsten japanischen K\u00fcnstlerinnen der Nachkriegszeit und bereits seit den 50er-Jahren aktiv. [&hellip;]<\/p>\n","protected":false},"author":2,"featured_media":10762,"comment_status":"closed","ping_status":"closed","sticky":false,"template":"","format":"standard","meta":{"_acf_changed":false,"footnotes":""},"categories":[107],"tags":[],"class_list":["post-10758","post","type-post","status-publish","format-standard","has-post-thumbnail","hentry","category-kunst"],"acf":[],"yoast_head":"<!-- This site is optimized with the Yoast SEO plugin v26.1.1 - https:\/\/yoast.com\/wordpress\/plugins\/seo\/ -->\n<title>Mit Punkten gepunktet - Yayoi Kusama - Kultur Online TV &amp; FM<\/title>\n<meta name=\"description\" content=\"Kultur sehen und H\u00f6ren\" \/>\n<meta name=\"robots\" content=\"index, follow, max-snippet:-1, max-image-preview:large, max-video-preview:-1\" \/>\n<link rel=\"canonical\" href=\"https:\/\/kulturonline.tv\/de\/mit-punkten-gepunktet-yayoi-kusama\/\" \/>\n<meta property=\"og:locale\" content=\"de_DE\" \/>\n<meta property=\"og:type\" content=\"article\" \/>\n<meta property=\"og:title\" content=\"Mit Punkten gepunktet - Yayoi Kusama - Kultur Online TV &amp; FM\" \/>\n<meta property=\"og:description\" content=\"Kultur sehen und H\u00f6ren\" \/>\n<meta property=\"og:url\" content=\"https:\/\/kulturonline.tv\/de\/mit-punkten-gepunktet-yayoi-kusama\/\" \/>\n<meta property=\"og:site_name\" content=\"Kultur Online TV &amp; FM\" \/>\n<meta property=\"article:publisher\" content=\"https:\/\/www.facebook.com\/kulturonline.tv\" \/>\n<meta property=\"article:published_time\" content=\"2021-11-02T14:02:32+00:00\" \/>\n<meta property=\"article:modified_time\" content=\"2021-11-03T09:41:33+00:00\" \/>\n<meta property=\"og:image\" content=\"https:\/\/kulturonline.tv\/wp-content\/uploads\/2021\/11\/Kultur-Online-TV-Kunst.jpg\" \/>\n\t<meta property=\"og:image:width\" content=\"953\" \/>\n\t<meta property=\"og:image:height\" content=\"634\" \/>\n\t<meta property=\"og:image:type\" content=\"image\/jpeg\" \/>\n<meta name=\"author\" content=\"guenter.wolfgang\" \/>\n<meta name=\"twitter:card\" content=\"summary_large_image\" \/>\n<meta name=\"twitter:label1\" content=\"Verfasst von\" \/>\n\t<meta name=\"twitter:data1\" content=\"guenter.wolfgang\" \/>\n\t<meta name=\"twitter:label2\" content=\"Gesch\u00e4tzte Lesezeit\" \/>\n\t<meta name=\"twitter:data2\" content=\"2\u00a0Minuten\" \/>\n<script type=\"application\/ld+json\" class=\"yoast-schema-graph\">{\"@context\":\"https:\/\/schema.org\",\"@graph\":[{\"@type\":\"Article\",\"@id\":\"https:\/\/kulturonline.tv\/de\/mit-punkten-gepunktet-yayoi-kusama\/#article\",\"isPartOf\":{\"@id\":\"https:\/\/kulturonline.tv\/de\/mit-punkten-gepunktet-yayoi-kusama\/\"},\"author\":{\"name\":\"guenter.wolfgang\",\"@id\":\"https:\/\/kulturonline.tv\/de\/#\/schema\/person\/b0fac729bb9a0c193fb1df23449df4fe\"},\"headline\":\"Mit Punkten gepunktet &#8211; Yayoi Kusama\",\"datePublished\":\"2021-11-02T14:02:32+00:00\",\"dateModified\":\"2021-11-03T09:41:33+00:00\",\"mainEntityOfPage\":{\"@id\":\"https:\/\/kulturonline.tv\/de\/mit-punkten-gepunktet-yayoi-kusama\/\"},\"wordCount\":217,\"publisher\":{\"@id\":\"https:\/\/kulturonline.tv\/de\/#organization\"},\"image\":{\"@id\":\"https:\/\/kulturonline.tv\/de\/mit-punkten-gepunktet-yayoi-kusama\/#primaryimage\"},\"thumbnailUrl\":\"https:\/\/kulturonline.tv\/wp-content\/uploads\/2021\/11\/Kultur-Online-TV-Kunst.jpg\",\"articleSection\":[\"Kunst\"],\"inLanguage\":\"de\"},{\"@type\":\"WebPage\",\"@id\":\"https:\/\/kulturonline.tv\/de\/mit-punkten-gepunktet-yayoi-kusama\/\",\"url\":\"https:\/\/kulturonline.tv\/de\/mit-punkten-gepunktet-yayoi-kusama\/\",\"name\":\"Mit Punkten gepunktet - Yayoi Kusama - Kultur Online TV &amp; FM\",\"isPartOf\":{\"@id\":\"https:\/\/kulturonline.tv\/de\/#website\"},\"primaryImageOfPage\":{\"@id\":\"https:\/\/kulturonline.tv\/de\/mit-punkten-gepunktet-yayoi-kusama\/#primaryimage\"},\"image\":{\"@id\":\"https:\/\/kulturonline.tv\/de\/mit-punkten-gepunktet-yayoi-kusama\/#primaryimage\"},\"thumbnailUrl\":\"https:\/\/kulturonline.tv\/wp-content\/uploads\/2021\/11\/Kultur-Online-TV-Kunst.jpg\",\"datePublished\":\"2021-11-02T14:02:32+00:00\",\"dateModified\":\"2021-11-03T09:41:33+00:00\",\"description\":\"Kultur sehen und H\u00f6ren\",\"breadcrumb\":{\"@id\":\"https:\/\/kulturonline.tv\/de\/mit-punkten-gepunktet-yayoi-kusama\/#breadcrumb\"},\"inLanguage\":\"de\",\"potentialAction\":[{\"@type\":\"ReadAction\",\"target\":[\"https:\/\/kulturonline.tv\/de\/mit-punkten-gepunktet-yayoi-kusama\/\"]}]},{\"@type\":\"ImageObject\",\"inLanguage\":\"de\",\"@id\":\"https:\/\/kulturonline.tv\/de\/mit-punkten-gepunktet-yayoi-kusama\/#primaryimage\",\"url\":\"https:\/\/kulturonline.tv\/wp-content\/uploads\/2021\/11\/Kultur-Online-TV-Kunst.jpg\",\"contentUrl\":\"https:\/\/kulturonline.tv\/wp-content\/uploads\/2021\/11\/Kultur-Online-TV-Kunst.jpg\",\"width\":953,\"height\":634},{\"@type\":\"BreadcrumbList\",\"@id\":\"https:\/\/kulturonline.tv\/de\/mit-punkten-gepunktet-yayoi-kusama\/#breadcrumb\",\"itemListElement\":[{\"@type\":\"ListItem\",\"position\":1,\"name\":\"Startseite\",\"item\":\"https:\/\/kulturonline.tv\/de\/\"},{\"@type\":\"ListItem\",\"position\":2,\"name\":\"Mit Punkten gepunktet &#8211; Yayoi Kusama\"}]},{\"@type\":\"WebSite\",\"@id\":\"https:\/\/kulturonline.tv\/de\/#website\",\"url\":\"https:\/\/kulturonline.tv\/de\/\",\"name\":\"Kultur Online TV &amp; FM\",\"description\":\"Wir sind Kultur 2.0 zum sehen &amp; h\u00f6ren\",\"publisher\":{\"@id\":\"https:\/\/kulturonline.tv\/de\/#organization\"},\"potentialAction\":[{\"@type\":\"SearchAction\",\"target\":{\"@type\":\"EntryPoint\",\"urlTemplate\":\"https:\/\/kulturonline.tv\/de\/?s={search_term_string}\"},\"query-input\":{\"@type\":\"PropertyValueSpecification\",\"valueRequired\":true,\"valueName\":\"search_term_string\"}}],\"inLanguage\":\"de\"},{\"@type\":\"Organization\",\"@id\":\"https:\/\/kulturonline.tv\/de\/#organization\",\"name\":\"Kultur Online TV\",\"url\":\"https:\/\/kulturonline.tv\/de\/\",\"logo\":{\"@type\":\"ImageObject\",\"inLanguage\":\"de\",\"@id\":\"https:\/\/kulturonline.tv\/de\/#\/schema\/logo\/image\/\",\"url\":\"https:\/\/kulturonline.tv\/wp-content\/uploads\/2021\/08\/Kultur-Online-Tv-Logo-Endversion-neu.png\",\"contentUrl\":\"https:\/\/kulturonline.tv\/wp-content\/uploads\/2021\/08\/Kultur-Online-Tv-Logo-Endversion-neu.png\",\"width\":200,\"height\":200,\"caption\":\"Kultur Online TV\"},\"image\":{\"@id\":\"https:\/\/kulturonline.tv\/de\/#\/schema\/logo\/image\/\"},\"sameAs\":[\"https:\/\/www.facebook.com\/kulturonline.tv\",\"https:\/\/www.instagram.com\/kulturonline.tv\"]},{\"@type\":\"Person\",\"@id\":\"https:\/\/kulturonline.tv\/de\/#\/schema\/person\/b0fac729bb9a0c193fb1df23449df4fe\",\"name\":\"guenter.wolfgang\"}]}<\/script>\n<!-- \/ Yoast SEO plugin. -->","yoast_head_json":{"title":"Mit Punkten gepunktet - Yayoi Kusama - Kultur Online TV &amp; FM","description":"Kultur sehen und H\u00f6ren","robots":{"index":"index","follow":"follow","max-snippet":"max-snippet:-1","max-image-preview":"max-image-preview:large","max-video-preview":"max-video-preview:-1"},"canonical":"https:\/\/kulturonline.tv\/de\/mit-punkten-gepunktet-yayoi-kusama\/","og_locale":"de_DE","og_type":"article","og_title":"Mit Punkten gepunktet - Yayoi Kusama - Kultur Online TV &amp; FM","og_description":"Kultur sehen und H\u00f6ren","og_url":"https:\/\/kulturonline.tv\/de\/mit-punkten-gepunktet-yayoi-kusama\/","og_site_name":"Kultur Online TV &amp; FM","article_publisher":"https:\/\/www.facebook.com\/kulturonline.tv","article_published_time":"2021-11-02T14:02:32+00:00","article_modified_time":"2021-11-03T09:41:33+00:00","og_image":[{"width":953,"height":634,"url":"https:\/\/kulturonline.tv\/wp-content\/uploads\/2021\/11\/Kultur-Online-TV-Kunst.jpg","type":"image\/jpeg"}],"author":"guenter.wolfgang","twitter_card":"summary_large_image","twitter_misc":{"Verfasst von":"guenter.wolfgang","Gesch\u00e4tzte Lesezeit":"2\u00a0Minuten"},"schema":{"@context":"https:\/\/schema.org","@graph":[{"@type":"Article","@id":"https:\/\/kulturonline.tv\/de\/mit-punkten-gepunktet-yayoi-kusama\/#article","isPartOf":{"@id":"https:\/\/kulturonline.tv\/de\/mit-punkten-gepunktet-yayoi-kusama\/"},"author":{"name":"guenter.wolfgang","@id":"https:\/\/kulturonline.tv\/de\/#\/schema\/person\/b0fac729bb9a0c193fb1df23449df4fe"},"headline":"Mit Punkten gepunktet &#8211; Yayoi Kusama","datePublished":"2021-11-02T14:02:32+00:00","dateModified":"2021-11-03T09:41:33+00:00","mainEntityOfPage":{"@id":"https:\/\/kulturonline.tv\/de\/mit-punkten-gepunktet-yayoi-kusama\/"},"wordCount":217,"publisher":{"@id":"https:\/\/kulturonline.tv\/de\/#organization"},"image":{"@id":"https:\/\/kulturonline.tv\/de\/mit-punkten-gepunktet-yayoi-kusama\/#primaryimage"},"thumbnailUrl":"https:\/\/kulturonline.tv\/wp-content\/uploads\/2021\/11\/Kultur-Online-TV-Kunst.jpg","articleSection":["Kunst"],"inLanguage":"de"},{"@type":"WebPage","@id":"https:\/\/kulturonline.tv\/de\/mit-punkten-gepunktet-yayoi-kusama\/","url":"https:\/\/kulturonline.tv\/de\/mit-punkten-gepunktet-yayoi-kusama\/","name":"Mit Punkten gepunktet - Yayoi Kusama - Kultur Online TV &amp; FM","isPartOf":{"@id":"https:\/\/kulturonline.tv\/de\/#website"},"primaryImageOfPage":{"@id":"https:\/\/kulturonline.tv\/de\/mit-punkten-gepunktet-yayoi-kusama\/#primaryimage"},"image":{"@id":"https:\/\/kulturonline.tv\/de\/mit-punkten-gepunktet-yayoi-kusama\/#primaryimage"},"thumbnailUrl":"https:\/\/kulturonline.tv\/wp-content\/uploads\/2021\/11\/Kultur-Online-TV-Kunst.jpg","datePublished":"2021-11-02T14:02:32+00:00","dateModified":"2021-11-03T09:41:33+00:00","description":"Kultur sehen und H\u00f6ren","breadcrumb":{"@id":"https:\/\/kulturonline.tv\/de\/mit-punkten-gepunktet-yayoi-kusama\/#breadcrumb"},"inLanguage":"de","potentialAction":[{"@type":"ReadAction","target":["https:\/\/kulturonline.tv\/de\/mit-punkten-gepunktet-yayoi-kusama\/"]}]},{"@type":"ImageObject","inLanguage":"de","@id":"https:\/\/kulturonline.tv\/de\/mit-punkten-gepunktet-yayoi-kusama\/#primaryimage","url":"https:\/\/kulturonline.tv\/wp-content\/uploads\/2021\/11\/Kultur-Online-TV-Kunst.jpg","contentUrl":"https:\/\/kulturonline.tv\/wp-content\/uploads\/2021\/11\/Kultur-Online-TV-Kunst.jpg","width":953,"height":634},{"@type":"BreadcrumbList","@id":"https:\/\/kulturonline.tv\/de\/mit-punkten-gepunktet-yayoi-kusama\/#breadcrumb","itemListElement":[{"@type":"ListItem","position":1,"name":"Startseite","item":"https:\/\/kulturonline.tv\/de\/"},{"@type":"ListItem","position":2,"name":"Mit Punkten gepunktet &#8211; Yayoi Kusama"}]},{"@type":"WebSite","@id":"https:\/\/kulturonline.tv\/de\/#website","url":"https:\/\/kulturonline.tv\/de\/","name":"Kultur Online TV &amp; FM","description":"Wir sind Kultur 2.0 zum sehen &amp; h\u00f6ren","publisher":{"@id":"https:\/\/kulturonline.tv\/de\/#organization"},"potentialAction":[{"@type":"SearchAction","target":{"@type":"EntryPoint","urlTemplate":"https:\/\/kulturonline.tv\/de\/?s={search_term_string}"},"query-input":{"@type":"PropertyValueSpecification","valueRequired":true,"valueName":"search_term_string"}}],"inLanguage":"de"},{"@type":"Organization","@id":"https:\/\/kulturonline.tv\/de\/#organization","name":"Kultur Online TV","url":"https:\/\/kulturonline.tv\/de\/","logo":{"@type":"ImageObject","inLanguage":"de","@id":"https:\/\/kulturonline.tv\/de\/#\/schema\/logo\/image\/","url":"https:\/\/kulturonline.tv\/wp-content\/uploads\/2021\/08\/Kultur-Online-Tv-Logo-Endversion-neu.png","contentUrl":"https:\/\/kulturonline.tv\/wp-content\/uploads\/2021\/08\/Kultur-Online-Tv-Logo-Endversion-neu.png","width":200,"height":200,"caption":"Kultur Online TV"},"image":{"@id":"https:\/\/kulturonline.tv\/de\/#\/schema\/logo\/image\/"},"sameAs":["https:\/\/www.facebook.com\/kulturonline.tv","https:\/\/www.instagram.com\/kulturonline.tv"]},{"@type":"Person","@id":"https:\/\/kulturonline.tv\/de\/#\/schema\/person\/b0fac729bb9a0c193fb1df23449df4fe","name":"guenter.wolfgang"}]}},"_links":{"self":[{"href":"https:\/\/kulturonline.tv\/de\/wp-json\/wp\/v2\/posts\/10758","targetHints":{"allow":["GET"]}}],"collection":[{"href":"https:\/\/kulturonline.tv\/de\/wp-json\/wp\/v2\/posts"}],"about":[{"href":"https:\/\/kulturonline.tv\/de\/wp-json\/wp\/v2\/types\/post"}],"author":[{"embeddable":true,"href":"https:\/\/kulturonline.tv\/de\/wp-json\/wp\/v2\/users\/2"}],"replies":[{"embeddable":true,"href":"https:\/\/kulturonline.tv\/de\/wp-json\/wp\/v2\/comments?post=10758"}],"version-history":[{"count":0,"href":"https:\/\/kulturonline.tv\/de\/wp-json\/wp\/v2\/posts\/10758\/revisions"}],"wp:featuredmedia":[{"embeddable":true,"href":"https:\/\/kulturonline.tv\/de\/wp-json\/wp\/v2\/media\/10762"}],"wp:attachment":[{"href":"https:\/\/kulturonline.tv\/de\/wp-json\/wp\/v2\/media?parent=10758"}],"wp:term":[{"taxonomy":"category","embeddable":true,"href":"https:\/\/kulturonline.tv\/de\/wp-json\/wp\/v2\/categories?post=10758"},{"taxonomy":"post_tag","embeddable":true,"href":"https:\/\/kulturonline.tv\/de\/wp-json\/wp\/v2\/tags?post=10758"}],"curies":[{"name":"wp","href":"https:\/\/api.w.org\/{rel}","templated":true}]}}