{"id":108313,"date":"2025-02-22T11:36:24","date_gmt":"2025-02-22T10:36:24","guid":{"rendered":"https:\/\/kulturonline.tv\/?p=108313"},"modified":"2025-02-23T14:39:23","modified_gmt":"2025-02-23T13:39:23","slug":"musikrat-sucht-lied-zur-deutschen-einheit","status":"publish","type":"post","link":"https:\/\/kulturonline.tv\/de\/musikrat-sucht-lied-zur-deutschen-einheit\/","title":{"rendered":"Musikrat sucht Lied zur deutschen Einheit"},"content":{"rendered":"\n<h4 class=\"wp-block-heading\">Text zum h\u00f6ren:<\/h4>\n\n\n\n<figure class=\"wp-block-audio\"><audio controls src=\"https:\/\/kulturonline.tv\/wp-content\/uploads\/2025\/02\/Ein-neuer-Musikwettb.mp3\"><\/audio><\/figure>\n\n\n\n<p>Ein neuer Musikwettbewerb sucht ab sofort nach einem Lied f\u00fcr den Tag der Deutschen Einheit.<\/p>\n\n\n\n<figure class=\"wp-block-image size-large\"><img fetchpriority=\"high\" decoding=\"async\" width=\"1280\" height=\"720\" src=\"https:\/\/kulturonline.tv\/wp-content\/uploads\/2025\/02\/music-6954018_1920-edited.jpg\" alt=\"\" class=\"wp-image-108318\" srcset=\"https:\/\/kulturonline.tv\/wp-content\/uploads\/2025\/02\/music-6954018_1920-edited.jpg 1280w, https:\/\/kulturonline.tv\/wp-content\/uploads\/2025\/02\/music-6954018_1920-edited-800x450.jpg 800w, https:\/\/kulturonline.tv\/wp-content\/uploads\/2025\/02\/music-6954018_1920-edited-768x432.jpg 768w\" sizes=\"(max-width: 1280px) 100vw, 1280px\" \/><\/figure>\n\n\n\n<p>Bild: Pixabay<\/p>\n\n\n\n<p>Der Deutsche Musikrat und die Initiative &#8222;3. Oktober &#8211; Deutschland singt und klingt&#8220; rufen dazu auf, Songs einzureichen, die Mut machen und f\u00fcr Vers\u00f6hnung, Frieden und Zusammenhalt werben.<\/p>\n\n\n\n<p>Dabei sind alle musikalischen Genres willkommen, und der Gewinner wird durch eine Jury und ein Publikumsvoting ermittelt. Der Preis ist attraktiv: Der Gewinner oder die Gewinnerin erh\u00e4lt die M\u00f6glichkeit, das Lied auf einer gro\u00dfen B\u00fchne zu pr\u00e4sentieren, und der Auftritt wird live im Internet und Fernsehen \u00fcbertragen. Zus\u00e4tzlich wird ein Sonderpreis von der Jury vergeben.<\/p>\n\n\n\n<p>Wer an diesem Wettbewerb teilnehmen m\u00f6chte, hat noch bis zum 29. Mai Zeit, seinen Beitrag einzureichen.<\/p>\n\n\n\n<p>Beitrag. Andreas Schwarz<\/p>\n\n\n\n<p>Kultur Online TV-FM<\/p>\n\n\n\n<p>#musik #wettbewerb <\/p>\n","protected":false},"excerpt":{"rendered":"<p>Text zum h\u00f6ren: Ein neuer Musikwettbewerb sucht ab sofort nach einem Lied f\u00fcr den Tag der Deutschen Einheit. Bild: Pixabay Der Deutsche Musikrat und die Initiative &#8222;3. Oktober &#8211; Deutschland singt und klingt&#8220; rufen dazu auf, Songs einzureichen, die Mut machen und f\u00fcr Vers\u00f6hnung, Frieden und Zusammenhalt werben. Dabei sind alle musikalischen Genres willkommen, und [&hellip;]<\/p>\n","protected":false},"author":2,"featured_media":108318,"comment_status":"open","ping_status":"open","sticky":false,"template":"","format":"standard","meta":{"_acf_changed":false,"footnotes":""},"categories":[19,3,761],"tags":[],"class_list":["post-108313","post","type-post","status-publish","format-standard","has-post-thumbnail","hentry","category-musik","category-newsflash","category-newsflash-fm"],"acf":[],"yoast_head":"<!-- This site is optimized with the Yoast SEO plugin v26.1.1 - https:\/\/yoast.com\/wordpress\/plugins\/seo\/ -->\n<title>Musikrat sucht Lied zur deutschen Einheit - Kultur Online TV &amp; FM<\/title>\n<meta name=\"description\" content=\"Ein neuer Musikwettbewerb sucht ab sofort nach einem Lied f\u00fcr den Tag der Deutschen Einheit.\" \/>\n<meta name=\"robots\" content=\"index, follow, max-snippet:-1, max-image-preview:large, max-video-preview:-1\" \/>\n<link rel=\"canonical\" href=\"https:\/\/kulturonline.tv\/de\/musikrat-sucht-lied-zur-deutschen-einheit\/\" \/>\n<meta property=\"og:locale\" content=\"de_DE\" \/>\n<meta property=\"og:type\" content=\"article\" \/>\n<meta property=\"og:title\" content=\"Musikrat sucht Lied zur deutschen Einheit - Kultur Online TV &amp; FM\" \/>\n<meta property=\"og:description\" content=\"Ein neuer Musikwettbewerb sucht ab sofort nach einem Lied f\u00fcr den Tag der Deutschen Einheit.\" \/>\n<meta property=\"og:url\" content=\"https:\/\/kulturonline.tv\/de\/musikrat-sucht-lied-zur-deutschen-einheit\/\" \/>\n<meta property=\"og:site_name\" content=\"Kultur Online TV &amp; FM\" \/>\n<meta property=\"article:publisher\" content=\"https:\/\/www.facebook.com\/kulturonline.tv\" \/>\n<meta property=\"article:published_time\" content=\"2025-02-22T10:36:24+00:00\" \/>\n<meta property=\"article:modified_time\" content=\"2025-02-23T13:39:23+00:00\" \/>\n<meta property=\"og:image\" content=\"https:\/\/kulturonline.tv\/wp-content\/uploads\/2025\/02\/music-6954018_1920-edited.jpg\" \/>\n\t<meta property=\"og:image:width\" content=\"1280\" \/>\n\t<meta property=\"og:image:height\" content=\"720\" \/>\n\t<meta property=\"og:image:type\" content=\"image\/jpeg\" \/>\n<meta name=\"author\" content=\"guenter.wolfgang\" \/>\n<meta name=\"twitter:card\" content=\"summary_large_image\" \/>\n<meta name=\"twitter:label1\" content=\"Verfasst von\" \/>\n\t<meta name=\"twitter:data1\" content=\"guenter.wolfgang\" \/>\n\t<meta name=\"twitter:label2\" content=\"Gesch\u00e4tzte Lesezeit\" \/>\n\t<meta name=\"twitter:data2\" content=\"1\u00a0Minute\" \/>\n<script type=\"application\/ld+json\" class=\"yoast-schema-graph\">{\"@context\":\"https:\/\/schema.org\",\"@graph\":[{\"@type\":\"Article\",\"@id\":\"https:\/\/kulturonline.tv\/de\/musikrat-sucht-lied-zur-deutschen-einheit\/#article\",\"isPartOf\":{\"@id\":\"https:\/\/kulturonline.tv\/de\/musikrat-sucht-lied-zur-deutschen-einheit\/\"},\"author\":{\"name\":\"guenter.wolfgang\",\"@id\":\"https:\/\/kulturonline.tv\/de\/#\/schema\/person\/b0fac729bb9a0c193fb1df23449df4fe\"},\"headline\":\"Musikrat sucht Lied zur deutschen Einheit\",\"datePublished\":\"2025-02-22T10:36:24+00:00\",\"dateModified\":\"2025-02-23T13:39:23+00:00\",\"mainEntityOfPage\":{\"@id\":\"https:\/\/kulturonline.tv\/de\/musikrat-sucht-lied-zur-deutschen-einheit\/\"},\"wordCount\":142,\"commentCount\":1,\"publisher\":{\"@id\":\"https:\/\/kulturonline.tv\/de\/#organization\"},\"image\":{\"@id\":\"https:\/\/kulturonline.tv\/de\/musikrat-sucht-lied-zur-deutschen-einheit\/#primaryimage\"},\"thumbnailUrl\":\"https:\/\/kulturonline.tv\/wp-content\/uploads\/2025\/02\/music-6954018_1920-edited.jpg\",\"articleSection\":[\"Musik\",\"Newsflash\",\"Newsflash FM\"],\"inLanguage\":\"de\",\"potentialAction\":[{\"@type\":\"CommentAction\",\"name\":\"Comment\",\"target\":[\"https:\/\/kulturonline.tv\/de\/musikrat-sucht-lied-zur-deutschen-einheit\/#respond\"]}]},{\"@type\":\"WebPage\",\"@id\":\"https:\/\/kulturonline.tv\/de\/musikrat-sucht-lied-zur-deutschen-einheit\/\",\"url\":\"https:\/\/kulturonline.tv\/de\/musikrat-sucht-lied-zur-deutschen-einheit\/\",\"name\":\"Musikrat sucht Lied zur deutschen Einheit - Kultur Online TV &amp; FM\",\"isPartOf\":{\"@id\":\"https:\/\/kulturonline.tv\/de\/#website\"},\"primaryImageOfPage\":{\"@id\":\"https:\/\/kulturonline.tv\/de\/musikrat-sucht-lied-zur-deutschen-einheit\/#primaryimage\"},\"image\":{\"@id\":\"https:\/\/kulturonline.tv\/de\/musikrat-sucht-lied-zur-deutschen-einheit\/#primaryimage\"},\"thumbnailUrl\":\"https:\/\/kulturonline.tv\/wp-content\/uploads\/2025\/02\/music-6954018_1920-edited.jpg\",\"datePublished\":\"2025-02-22T10:36:24+00:00\",\"dateModified\":\"2025-02-23T13:39:23+00:00\",\"description\":\"Ein neuer Musikwettbewerb sucht ab sofort nach einem Lied f\u00fcr den Tag der Deutschen Einheit.\",\"breadcrumb\":{\"@id\":\"https:\/\/kulturonline.tv\/de\/musikrat-sucht-lied-zur-deutschen-einheit\/#breadcrumb\"},\"inLanguage\":\"de\",\"potentialAction\":[{\"@type\":\"ReadAction\",\"target\":[\"https:\/\/kulturonline.tv\/de\/musikrat-sucht-lied-zur-deutschen-einheit\/\"]}]},{\"@type\":\"ImageObject\",\"inLanguage\":\"de\",\"@id\":\"https:\/\/kulturonline.tv\/de\/musikrat-sucht-lied-zur-deutschen-einheit\/#primaryimage\",\"url\":\"https:\/\/kulturonline.tv\/wp-content\/uploads\/2025\/02\/music-6954018_1920-edited.jpg\",\"contentUrl\":\"https:\/\/kulturonline.tv\/wp-content\/uploads\/2025\/02\/music-6954018_1920-edited.jpg\",\"width\":1280,\"height\":720},{\"@type\":\"BreadcrumbList\",\"@id\":\"https:\/\/kulturonline.tv\/de\/musikrat-sucht-lied-zur-deutschen-einheit\/#breadcrumb\",\"itemListElement\":[{\"@type\":\"ListItem\",\"position\":1,\"name\":\"Startseite\",\"item\":\"https:\/\/kulturonline.tv\/de\/\"},{\"@type\":\"ListItem\",\"position\":2,\"name\":\"Musikrat sucht Lied zur deutschen Einheit\"}]},{\"@type\":\"WebSite\",\"@id\":\"https:\/\/kulturonline.tv\/de\/#website\",\"url\":\"https:\/\/kulturonline.tv\/de\/\",\"name\":\"Kultur Online TV &amp; FM\",\"description\":\"Wir sind Kultur 2.0 zum sehen &amp; h\u00f6ren\",\"publisher\":{\"@id\":\"https:\/\/kulturonline.tv\/de\/#organization\"},\"potentialAction\":[{\"@type\":\"SearchAction\",\"target\":{\"@type\":\"EntryPoint\",\"urlTemplate\":\"https:\/\/kulturonline.tv\/de\/?s={search_term_string}\"},\"query-input\":{\"@type\":\"PropertyValueSpecification\",\"valueRequired\":true,\"valueName\":\"search_term_string\"}}],\"inLanguage\":\"de\"},{\"@type\":\"Organization\",\"@id\":\"https:\/\/kulturonline.tv\/de\/#organization\",\"name\":\"Kultur Online TV\",\"url\":\"https:\/\/kulturonline.tv\/de\/\",\"logo\":{\"@type\":\"ImageObject\",\"inLanguage\":\"de\",\"@id\":\"https:\/\/kulturonline.tv\/de\/#\/schema\/logo\/image\/\",\"url\":\"https:\/\/kulturonline.tv\/wp-content\/uploads\/2021\/08\/Kultur-Online-Tv-Logo-Endversion-neu.png\",\"contentUrl\":\"https:\/\/kulturonline.tv\/wp-content\/uploads\/2021\/08\/Kultur-Online-Tv-Logo-Endversion-neu.png\",\"width\":200,\"height\":200,\"caption\":\"Kultur Online TV\"},\"image\":{\"@id\":\"https:\/\/kulturonline.tv\/de\/#\/schema\/logo\/image\/\"},\"sameAs\":[\"https:\/\/www.facebook.com\/kulturonline.tv\",\"https:\/\/www.instagram.com\/kulturonline.tv\"]},{\"@type\":\"Person\",\"@id\":\"https:\/\/kulturonline.tv\/de\/#\/schema\/person\/b0fac729bb9a0c193fb1df23449df4fe\",\"name\":\"guenter.wolfgang\"}]}<\/script>\n<!-- \/ Yoast SEO plugin. -->","yoast_head_json":{"title":"Musikrat sucht Lied zur deutschen Einheit - Kultur Online TV &amp; FM","description":"Ein neuer Musikwettbewerb sucht ab sofort nach einem Lied f\u00fcr den Tag der Deutschen Einheit.","robots":{"index":"index","follow":"follow","max-snippet":"max-snippet:-1","max-image-preview":"max-image-preview:large","max-video-preview":"max-video-preview:-1"},"canonical":"https:\/\/kulturonline.tv\/de\/musikrat-sucht-lied-zur-deutschen-einheit\/","og_locale":"de_DE","og_type":"article","og_title":"Musikrat sucht Lied zur deutschen Einheit - Kultur Online TV &amp; FM","og_description":"Ein neuer Musikwettbewerb sucht ab sofort nach einem Lied f\u00fcr den Tag der Deutschen Einheit.","og_url":"https:\/\/kulturonline.tv\/de\/musikrat-sucht-lied-zur-deutschen-einheit\/","og_site_name":"Kultur Online TV &amp; FM","article_publisher":"https:\/\/www.facebook.com\/kulturonline.tv","article_published_time":"2025-02-22T10:36:24+00:00","article_modified_time":"2025-02-23T13:39:23+00:00","og_image":[{"width":1280,"height":720,"url":"https:\/\/kulturonline.tv\/wp-content\/uploads\/2025\/02\/music-6954018_1920-edited.jpg","type":"image\/jpeg"}],"author":"guenter.wolfgang","twitter_card":"summary_large_image","twitter_misc":{"Verfasst von":"guenter.wolfgang","Gesch\u00e4tzte Lesezeit":"1\u00a0Minute"},"schema":{"@context":"https:\/\/schema.org","@graph":[{"@type":"Article","@id":"https:\/\/kulturonline.tv\/de\/musikrat-sucht-lied-zur-deutschen-einheit\/#article","isPartOf":{"@id":"https:\/\/kulturonline.tv\/de\/musikrat-sucht-lied-zur-deutschen-einheit\/"},"author":{"name":"guenter.wolfgang","@id":"https:\/\/kulturonline.tv\/de\/#\/schema\/person\/b0fac729bb9a0c193fb1df23449df4fe"},"headline":"Musikrat sucht Lied zur deutschen Einheit","datePublished":"2025-02-22T10:36:24+00:00","dateModified":"2025-02-23T13:39:23+00:00","mainEntityOfPage":{"@id":"https:\/\/kulturonline.tv\/de\/musikrat-sucht-lied-zur-deutschen-einheit\/"},"wordCount":142,"commentCount":1,"publisher":{"@id":"https:\/\/kulturonline.tv\/de\/#organization"},"image":{"@id":"https:\/\/kulturonline.tv\/de\/musikrat-sucht-lied-zur-deutschen-einheit\/#primaryimage"},"thumbnailUrl":"https:\/\/kulturonline.tv\/wp-content\/uploads\/2025\/02\/music-6954018_1920-edited.jpg","articleSection":["Musik","Newsflash","Newsflash FM"],"inLanguage":"de","potentialAction":[{"@type":"CommentAction","name":"Comment","target":["https:\/\/kulturonline.tv\/de\/musikrat-sucht-lied-zur-deutschen-einheit\/#respond"]}]},{"@type":"WebPage","@id":"https:\/\/kulturonline.tv\/de\/musikrat-sucht-lied-zur-deutschen-einheit\/","url":"https:\/\/kulturonline.tv\/de\/musikrat-sucht-lied-zur-deutschen-einheit\/","name":"Musikrat sucht Lied zur deutschen Einheit - Kultur Online TV &amp; FM","isPartOf":{"@id":"https:\/\/kulturonline.tv\/de\/#website"},"primaryImageOfPage":{"@id":"https:\/\/kulturonline.tv\/de\/musikrat-sucht-lied-zur-deutschen-einheit\/#primaryimage"},"image":{"@id":"https:\/\/kulturonline.tv\/de\/musikrat-sucht-lied-zur-deutschen-einheit\/#primaryimage"},"thumbnailUrl":"https:\/\/kulturonline.tv\/wp-content\/uploads\/2025\/02\/music-6954018_1920-edited.jpg","datePublished":"2025-02-22T10:36:24+00:00","dateModified":"2025-02-23T13:39:23+00:00","description":"Ein neuer Musikwettbewerb sucht ab sofort nach einem Lied f\u00fcr den Tag der Deutschen Einheit.","breadcrumb":{"@id":"https:\/\/kulturonline.tv\/de\/musikrat-sucht-lied-zur-deutschen-einheit\/#breadcrumb"},"inLanguage":"de","potentialAction":[{"@type":"ReadAction","target":["https:\/\/kulturonline.tv\/de\/musikrat-sucht-lied-zur-deutschen-einheit\/"]}]},{"@type":"ImageObject","inLanguage":"de","@id":"https:\/\/kulturonline.tv\/de\/musikrat-sucht-lied-zur-deutschen-einheit\/#primaryimage","url":"https:\/\/kulturonline.tv\/wp-content\/uploads\/2025\/02\/music-6954018_1920-edited.jpg","contentUrl":"https:\/\/kulturonline.tv\/wp-content\/uploads\/2025\/02\/music-6954018_1920-edited.jpg","width":1280,"height":720},{"@type":"BreadcrumbList","@id":"https:\/\/kulturonline.tv\/de\/musikrat-sucht-lied-zur-deutschen-einheit\/#breadcrumb","itemListElement":[{"@type":"ListItem","position":1,"name":"Startseite","item":"https:\/\/kulturonline.tv\/de\/"},{"@type":"ListItem","position":2,"name":"Musikrat sucht Lied zur deutschen Einheit"}]},{"@type":"WebSite","@id":"https:\/\/kulturonline.tv\/de\/#website","url":"https:\/\/kulturonline.tv\/de\/","name":"Kultur Online TV &amp; FM","description":"Wir sind Kultur 2.0 zum sehen &amp; h\u00f6ren","publisher":{"@id":"https:\/\/kulturonline.tv\/de\/#organization"},"potentialAction":[{"@type":"SearchAction","target":{"@type":"EntryPoint","urlTemplate":"https:\/\/kulturonline.tv\/de\/?s={search_term_string}"},"query-input":{"@type":"PropertyValueSpecification","valueRequired":true,"valueName":"search_term_string"}}],"inLanguage":"de"},{"@type":"Organization","@id":"https:\/\/kulturonline.tv\/de\/#organization","name":"Kultur Online TV","url":"https:\/\/kulturonline.tv\/de\/","logo":{"@type":"ImageObject","inLanguage":"de","@id":"https:\/\/kulturonline.tv\/de\/#\/schema\/logo\/image\/","url":"https:\/\/kulturonline.tv\/wp-content\/uploads\/2021\/08\/Kultur-Online-Tv-Logo-Endversion-neu.png","contentUrl":"https:\/\/kulturonline.tv\/wp-content\/uploads\/2021\/08\/Kultur-Online-Tv-Logo-Endversion-neu.png","width":200,"height":200,"caption":"Kultur Online TV"},"image":{"@id":"https:\/\/kulturonline.tv\/de\/#\/schema\/logo\/image\/"},"sameAs":["https:\/\/www.facebook.com\/kulturonline.tv","https:\/\/www.instagram.com\/kulturonline.tv"]},{"@type":"Person","@id":"https:\/\/kulturonline.tv\/de\/#\/schema\/person\/b0fac729bb9a0c193fb1df23449df4fe","name":"guenter.wolfgang"}]}},"_links":{"self":[{"href":"https:\/\/kulturonline.tv\/de\/wp-json\/wp\/v2\/posts\/108313","targetHints":{"allow":["GET"]}}],"collection":[{"href":"https:\/\/kulturonline.tv\/de\/wp-json\/wp\/v2\/posts"}],"about":[{"href":"https:\/\/kulturonline.tv\/de\/wp-json\/wp\/v2\/types\/post"}],"author":[{"embeddable":true,"href":"https:\/\/kulturonline.tv\/de\/wp-json\/wp\/v2\/users\/2"}],"replies":[{"embeddable":true,"href":"https:\/\/kulturonline.tv\/de\/wp-json\/wp\/v2\/comments?post=108313"}],"version-history":[{"count":1,"href":"https:\/\/kulturonline.tv\/de\/wp-json\/wp\/v2\/posts\/108313\/revisions"}],"predecessor-version":[{"id":108320,"href":"https:\/\/kulturonline.tv\/de\/wp-json\/wp\/v2\/posts\/108313\/revisions\/108320"}],"wp:featuredmedia":[{"embeddable":true,"href":"https:\/\/kulturonline.tv\/de\/wp-json\/wp\/v2\/media\/108318"}],"wp:attachment":[{"href":"https:\/\/kulturonline.tv\/de\/wp-json\/wp\/v2\/media?parent=108313"}],"wp:term":[{"taxonomy":"category","embeddable":true,"href":"https:\/\/kulturonline.tv\/de\/wp-json\/wp\/v2\/categories?post=108313"},{"taxonomy":"post_tag","embeddable":true,"href":"https:\/\/kulturonline.tv\/de\/wp-json\/wp\/v2\/tags?post=108313"}],"curies":[{"name":"wp","href":"https:\/\/api.w.org\/{rel}","templated":true}]}}