{"id":108321,"date":"2025-02-22T18:59:28","date_gmt":"2025-02-22T17:59:28","guid":{"rendered":"https:\/\/kulturonline.tv\/?p=108321"},"modified":"2025-02-22T18:59:29","modified_gmt":"2025-02-22T17:59:29","slug":"jan-boehmermann-warnt-in-der-new-york-times-vor-der-afd","status":"publish","type":"post","link":"https:\/\/kulturonline.tv\/de\/jan-boehmermann-warnt-in-der-new-york-times-vor-der-afd\/","title":{"rendered":"Jan B\u00f6hmermann warnt in der New York Times vor der AfD"},"content":{"rendered":"\n<h4 class=\"wp-block-heading\">Text zum h\u00f6ren:<\/h4>\n\n\n\n<figure class=\"wp-block-audio\"><audio controls src=\"https:\/\/kulturonline.tv\/wp-content\/uploads\/2025\/02\/der-satiriker-jan-bo_hks4B4Sl.mp3\"><\/audio><\/figure>\n\n\n\n<p>Der Satiriker Jan B\u00f6hmermann warnt in einem Video auf der Website der US-Zeitung New York Times vor dem Erfolg der AfD.<\/p>\n\n\n\n<figure class=\"wp-block-image size-large\"><img fetchpriority=\"high\" decoding=\"async\" width=\"2048\" height=\"1152\" src=\"https:\/\/kulturonline.tv\/wp-content\/uploads\/2025\/02\/2048px-Jan_Boehmermann_in_Rostock_2014_02-1-edited.jpg\" alt=\"\" class=\"wp-image-108330\" srcset=\"https:\/\/kulturonline.tv\/wp-content\/uploads\/2025\/02\/2048px-Jan_Boehmermann_in_Rostock_2014_02-1-edited.jpg 2048w, https:\/\/kulturonline.tv\/wp-content\/uploads\/2025\/02\/2048px-Jan_Boehmermann_in_Rostock_2014_02-1-edited-800x450.jpg 800w, https:\/\/kulturonline.tv\/wp-content\/uploads\/2025\/02\/2048px-Jan_Boehmermann_in_Rostock_2014_02-1-edited-1600x900.jpg 1600w, https:\/\/kulturonline.tv\/wp-content\/uploads\/2025\/02\/2048px-Jan_Boehmermann_in_Rostock_2014_02-1-edited-768x432.jpg 768w, https:\/\/kulturonline.tv\/wp-content\/uploads\/2025\/02\/2048px-Jan_Boehmermann_in_Rostock_2014_02-1-edited-1536x864.jpg 1536w\" sizes=\"(max-width: 2048px) 100vw, 2048px\" \/><\/figure>\n\n\n\n<h5 class=\"wp-block-heading\">Bild copyright: Jonas Rogowski, CC BY-SA 3.0 <a href=\"https:\/\/creativecommons.org\/licenses\/by-sa\/3.0\">https:\/\/creativecommons.org\/licenses\/by-sa\/3.0<\/a>, via Wikimedia Commons<\/h5>\n\n\n\n<p>Er erl\u00e4utert in dem neun Minuten umfassenden Video die Gr\u00fcnde f\u00fcr den derzeitigen Erfolg der AfD und betont, dass dies Anlass zur Besorgnis f\u00fcr die Welt sei. <\/p>\n\n\n\n<figure class=\"wp-block-embed is-type-video is-provider-youtube wp-block-embed-youtube wp-embed-aspect-16-9 wp-has-aspect-ratio\"><div class=\"wp-block-embed__wrapper\">\n<iframe title=\"Germany\u2019s Far-Right Comeback | NYT Opinion\" width=\"800\" height=\"450\" src=\"https:\/\/www.youtube.com\/embed\/bLWLb0RM7HQ?feature=oembed\" frameborder=\"0\" allow=\"accelerometer; autoplay; clipboard-write; encrypted-media; gyroscope; picture-in-picture; web-share\" referrerpolicy=\"strict-origin-when-cross-origin\" allowfullscreen><\/iframe>\n<\/div><\/figure>\n\n\n\n<p>Das Video kann als Antwort auf Elon Musks Gastbeitrag in \u201eDie Welt\u201c interpretiert werden. Er hatte dort f\u00fcr die AfD geworben und sich im Rahmen des Bundestagswahlkampfs auch f\u00fcr die Wahl der zum Teil rechtsextremen Partei eingesetzt. In seinem Video warnt Jan B\u00f6hmermann vor der N\u00e4he von Elon Musk und der AfD zu den Ideen der Nationalsozialisten.<\/p>\n\n\n\n<div class=\"wp-block-media-text is-stacked-on-mobile\" style=\"grid-template-columns:24% auto\"><figure class=\"wp-block-media-text__media\"><img decoding=\"async\" width=\"322\" height=\"323\" src=\"https:\/\/kulturonline.tv\/wp-content\/uploads\/2025\/02\/Daumen-1.jpg\" alt=\"\" class=\"wp-image-108324 size-full\"\/><\/figure><div class=\"wp-block-media-text__content\">\n<p>BRAVO !<\/p>\n<\/div><\/div>\n\n\n\n<p>Jan B\u00f6hmermann ist einer der bekanntesten und umstrittensten Satiriker Deutschlands. Er ist bekannt f\u00fcr seine scharfe Zunge, seine spitzen Bemerkungen und seine F\u00e4higkeit, den Finger auf die wunden Punkte der Gesellschaft zu legen. Seine Sendungen sind oft polarisierend und regen oft zum Nachdenken an.<\/p>\n\n\n\n<p>Er ist ein Meister der Satire. Er versteht es, mit seinen Mitteln auf humorvolle Art und Weise auf Missst\u00e4nde hinzuweisen und damit eine breite \u00d6ffentlichkeit zu erreichen. <\/p>\n\n\n\n<p>Einige seiner bekanntesten Aktionen war der &#8222;Varoufake&#8220;, bei dem er den griechischen Finanzminister Yanis Varoufakis auf die Schippe nahm, und die &#8222;Gedicht-Aff\u00e4re&#8220;, bei der er den t\u00fcrkischen Pr\u00e4sidenten Recep Tayyip Erdo\u011fan mit einem Schm\u00e4hgedicht provozierte. <\/p>\n\n\n\n<p>Beitrag: G\u00fcnter Wolfgang<\/p>\n\n\n\n<p>Kultur Online TV-FM<\/p>\n\n\n\n<p>#medien #New York Times #AFD<\/p>\n","protected":false},"excerpt":{"rendered":"<p>Text zum h\u00f6ren: Der Satiriker Jan B\u00f6hmermann warnt in einem Video auf der Website der US-Zeitung New York Times vor dem Erfolg der AfD. Bild copyright: Jonas Rogowski, CC BY-SA 3.0 https:\/\/creativecommons.org\/licenses\/by-sa\/3.0, via Wikimedia Commons Er erl\u00e4utert in dem neun Minuten umfassenden Video die Gr\u00fcnde f\u00fcr den derzeitigen Erfolg der AfD und betont, dass dies [&hellip;]<\/p>\n","protected":false},"author":2,"featured_media":108330,"comment_status":"open","ping_status":"open","sticky":false,"template":"","format":"standard","meta":{"_acf_changed":false,"footnotes":""},"categories":[193,3],"tags":[],"class_list":["post-108321","post","type-post","status-publish","format-standard","has-post-thumbnail","hentry","category-medien","category-newsflash"],"acf":[],"yoast_head":"<!-- This site is optimized with the Yoast SEO plugin v26.1.1 - https:\/\/yoast.com\/wordpress\/plugins\/seo\/ -->\n<title>Jan B\u00f6hmermann warnt in der New York Times vor der AfD - Kultur Online TV &amp; FM<\/title>\n<meta name=\"description\" content=\"Der Satiriker Jan B\u00f6hmermann warnt in einem Video auf der Website der US-Zeitung New York Times vor dem Erfolg der AfD.\" \/>\n<meta name=\"robots\" content=\"index, follow, max-snippet:-1, max-image-preview:large, max-video-preview:-1\" \/>\n<link rel=\"canonical\" href=\"https:\/\/kulturonline.tv\/de\/jan-boehmermann-warnt-in-der-new-york-times-vor-der-afd\/\" \/>\n<meta property=\"og:locale\" content=\"de_DE\" \/>\n<meta property=\"og:type\" content=\"article\" \/>\n<meta property=\"og:title\" content=\"Jan B\u00f6hmermann warnt in der New York Times vor der AfD - Kultur Online TV &amp; FM\" \/>\n<meta property=\"og:description\" content=\"Der Satiriker Jan B\u00f6hmermann warnt in einem Video auf der Website der US-Zeitung New York Times vor dem Erfolg der AfD.\" \/>\n<meta property=\"og:url\" content=\"https:\/\/kulturonline.tv\/de\/jan-boehmermann-warnt-in-der-new-york-times-vor-der-afd\/\" \/>\n<meta property=\"og:site_name\" content=\"Kultur Online TV &amp; FM\" \/>\n<meta property=\"article:publisher\" content=\"https:\/\/www.facebook.com\/kulturonline.tv\" \/>\n<meta property=\"article:published_time\" content=\"2025-02-22T17:59:28+00:00\" \/>\n<meta property=\"article:modified_time\" content=\"2025-02-22T17:59:29+00:00\" \/>\n<meta property=\"og:image\" content=\"https:\/\/kulturonline.tv\/wp-content\/uploads\/2025\/02\/2048px-Jan_Boehmermann_in_Rostock_2014_02-1-edited.jpg\" \/>\n\t<meta property=\"og:image:width\" content=\"2048\" \/>\n\t<meta property=\"og:image:height\" content=\"1152\" \/>\n\t<meta property=\"og:image:type\" content=\"image\/jpeg\" \/>\n<meta name=\"author\" content=\"guenter.wolfgang\" \/>\n<meta name=\"twitter:card\" content=\"summary_large_image\" \/>\n<meta name=\"twitter:label1\" content=\"Verfasst von\" \/>\n\t<meta name=\"twitter:data1\" content=\"guenter.wolfgang\" \/>\n\t<meta name=\"twitter:label2\" content=\"Gesch\u00e4tzte Lesezeit\" \/>\n\t<meta name=\"twitter:data2\" content=\"1\u00a0Minute\" \/>\n<script type=\"application\/ld+json\" class=\"yoast-schema-graph\">{\"@context\":\"https:\/\/schema.org\",\"@graph\":[{\"@type\":\"Article\",\"@id\":\"https:\/\/kulturonline.tv\/de\/jan-boehmermann-warnt-in-der-new-york-times-vor-der-afd\/#article\",\"isPartOf\":{\"@id\":\"https:\/\/kulturonline.tv\/de\/jan-boehmermann-warnt-in-der-new-york-times-vor-der-afd\/\"},\"author\":{\"name\":\"guenter.wolfgang\",\"@id\":\"https:\/\/kulturonline.tv\/de\/#\/schema\/person\/b0fac729bb9a0c193fb1df23449df4fe\"},\"headline\":\"Jan B\u00f6hmermann warnt in der New York Times vor der AfD\",\"datePublished\":\"2025-02-22T17:59:28+00:00\",\"dateModified\":\"2025-02-22T17:59:29+00:00\",\"mainEntityOfPage\":{\"@id\":\"https:\/\/kulturonline.tv\/de\/jan-boehmermann-warnt-in-der-new-york-times-vor-der-afd\/\"},\"wordCount\":278,\"commentCount\":2,\"publisher\":{\"@id\":\"https:\/\/kulturonline.tv\/de\/#organization\"},\"image\":{\"@id\":\"https:\/\/kulturonline.tv\/de\/jan-boehmermann-warnt-in-der-new-york-times-vor-der-afd\/#primaryimage\"},\"thumbnailUrl\":\"https:\/\/kulturonline.tv\/wp-content\/uploads\/2025\/02\/2048px-Jan_Boehmermann_in_Rostock_2014_02-1-edited.jpg\",\"articleSection\":[\"Medien\",\"Newsflash\"],\"inLanguage\":\"de\",\"potentialAction\":[{\"@type\":\"CommentAction\",\"name\":\"Comment\",\"target\":[\"https:\/\/kulturonline.tv\/de\/jan-boehmermann-warnt-in-der-new-york-times-vor-der-afd\/#respond\"]}]},{\"@type\":\"WebPage\",\"@id\":\"https:\/\/kulturonline.tv\/de\/jan-boehmermann-warnt-in-der-new-york-times-vor-der-afd\/\",\"url\":\"https:\/\/kulturonline.tv\/de\/jan-boehmermann-warnt-in-der-new-york-times-vor-der-afd\/\",\"name\":\"Jan B\u00f6hmermann warnt in der New York Times vor der AfD - Kultur Online TV &amp; FM\",\"isPartOf\":{\"@id\":\"https:\/\/kulturonline.tv\/de\/#website\"},\"primaryImageOfPage\":{\"@id\":\"https:\/\/kulturonline.tv\/de\/jan-boehmermann-warnt-in-der-new-york-times-vor-der-afd\/#primaryimage\"},\"image\":{\"@id\":\"https:\/\/kulturonline.tv\/de\/jan-boehmermann-warnt-in-der-new-york-times-vor-der-afd\/#primaryimage\"},\"thumbnailUrl\":\"https:\/\/kulturonline.tv\/wp-content\/uploads\/2025\/02\/2048px-Jan_Boehmermann_in_Rostock_2014_02-1-edited.jpg\",\"datePublished\":\"2025-02-22T17:59:28+00:00\",\"dateModified\":\"2025-02-22T17:59:29+00:00\",\"description\":\"Der Satiriker Jan B\u00f6hmermann warnt in einem Video auf der Website der US-Zeitung New York Times vor dem Erfolg der AfD.\",\"breadcrumb\":{\"@id\":\"https:\/\/kulturonline.tv\/de\/jan-boehmermann-warnt-in-der-new-york-times-vor-der-afd\/#breadcrumb\"},\"inLanguage\":\"de\",\"potentialAction\":[{\"@type\":\"ReadAction\",\"target\":[\"https:\/\/kulturonline.tv\/de\/jan-boehmermann-warnt-in-der-new-york-times-vor-der-afd\/\"]}]},{\"@type\":\"ImageObject\",\"inLanguage\":\"de\",\"@id\":\"https:\/\/kulturonline.tv\/de\/jan-boehmermann-warnt-in-der-new-york-times-vor-der-afd\/#primaryimage\",\"url\":\"https:\/\/kulturonline.tv\/wp-content\/uploads\/2025\/02\/2048px-Jan_Boehmermann_in_Rostock_2014_02-1-edited.jpg\",\"contentUrl\":\"https:\/\/kulturonline.tv\/wp-content\/uploads\/2025\/02\/2048px-Jan_Boehmermann_in_Rostock_2014_02-1-edited.jpg\",\"width\":2048,\"height\":1152},{\"@type\":\"BreadcrumbList\",\"@id\":\"https:\/\/kulturonline.tv\/de\/jan-boehmermann-warnt-in-der-new-york-times-vor-der-afd\/#breadcrumb\",\"itemListElement\":[{\"@type\":\"ListItem\",\"position\":1,\"name\":\"Startseite\",\"item\":\"https:\/\/kulturonline.tv\/de\/\"},{\"@type\":\"ListItem\",\"position\":2,\"name\":\"Jan B\u00f6hmermann warnt in der New York Times vor der AfD\"}]},{\"@type\":\"WebSite\",\"@id\":\"https:\/\/kulturonline.tv\/de\/#website\",\"url\":\"https:\/\/kulturonline.tv\/de\/\",\"name\":\"Kultur Online TV &amp; FM\",\"description\":\"Wir sind Kultur 2.0 zum sehen &amp; h\u00f6ren\",\"publisher\":{\"@id\":\"https:\/\/kulturonline.tv\/de\/#organization\"},\"potentialAction\":[{\"@type\":\"SearchAction\",\"target\":{\"@type\":\"EntryPoint\",\"urlTemplate\":\"https:\/\/kulturonline.tv\/de\/?s={search_term_string}\"},\"query-input\":{\"@type\":\"PropertyValueSpecification\",\"valueRequired\":true,\"valueName\":\"search_term_string\"}}],\"inLanguage\":\"de\"},{\"@type\":\"Organization\",\"@id\":\"https:\/\/kulturonline.tv\/de\/#organization\",\"name\":\"Kultur Online TV\",\"url\":\"https:\/\/kulturonline.tv\/de\/\",\"logo\":{\"@type\":\"ImageObject\",\"inLanguage\":\"de\",\"@id\":\"https:\/\/kulturonline.tv\/de\/#\/schema\/logo\/image\/\",\"url\":\"https:\/\/kulturonline.tv\/wp-content\/uploads\/2021\/08\/Kultur-Online-Tv-Logo-Endversion-neu.png\",\"contentUrl\":\"https:\/\/kulturonline.tv\/wp-content\/uploads\/2021\/08\/Kultur-Online-Tv-Logo-Endversion-neu.png\",\"width\":200,\"height\":200,\"caption\":\"Kultur Online TV\"},\"image\":{\"@id\":\"https:\/\/kulturonline.tv\/de\/#\/schema\/logo\/image\/\"},\"sameAs\":[\"https:\/\/www.facebook.com\/kulturonline.tv\",\"https:\/\/www.instagram.com\/kulturonline.tv\"]},{\"@type\":\"Person\",\"@id\":\"https:\/\/kulturonline.tv\/de\/#\/schema\/person\/b0fac729bb9a0c193fb1df23449df4fe\",\"name\":\"guenter.wolfgang\"}]}<\/script>\n<!-- \/ Yoast SEO plugin. -->","yoast_head_json":{"title":"Jan B\u00f6hmermann warnt in der New York Times vor der AfD - Kultur Online TV &amp; FM","description":"Der Satiriker Jan B\u00f6hmermann warnt in einem Video auf der Website der US-Zeitung New York Times vor dem Erfolg der AfD.","robots":{"index":"index","follow":"follow","max-snippet":"max-snippet:-1","max-image-preview":"max-image-preview:large","max-video-preview":"max-video-preview:-1"},"canonical":"https:\/\/kulturonline.tv\/de\/jan-boehmermann-warnt-in-der-new-york-times-vor-der-afd\/","og_locale":"de_DE","og_type":"article","og_title":"Jan B\u00f6hmermann warnt in der New York Times vor der AfD - Kultur Online TV &amp; FM","og_description":"Der Satiriker Jan B\u00f6hmermann warnt in einem Video auf der Website der US-Zeitung New York Times vor dem Erfolg der AfD.","og_url":"https:\/\/kulturonline.tv\/de\/jan-boehmermann-warnt-in-der-new-york-times-vor-der-afd\/","og_site_name":"Kultur Online TV &amp; FM","article_publisher":"https:\/\/www.facebook.com\/kulturonline.tv","article_published_time":"2025-02-22T17:59:28+00:00","article_modified_time":"2025-02-22T17:59:29+00:00","og_image":[{"width":2048,"height":1152,"url":"https:\/\/kulturonline.tv\/wp-content\/uploads\/2025\/02\/2048px-Jan_Boehmermann_in_Rostock_2014_02-1-edited.jpg","type":"image\/jpeg"}],"author":"guenter.wolfgang","twitter_card":"summary_large_image","twitter_misc":{"Verfasst von":"guenter.wolfgang","Gesch\u00e4tzte Lesezeit":"1\u00a0Minute"},"schema":{"@context":"https:\/\/schema.org","@graph":[{"@type":"Article","@id":"https:\/\/kulturonline.tv\/de\/jan-boehmermann-warnt-in-der-new-york-times-vor-der-afd\/#article","isPartOf":{"@id":"https:\/\/kulturonline.tv\/de\/jan-boehmermann-warnt-in-der-new-york-times-vor-der-afd\/"},"author":{"name":"guenter.wolfgang","@id":"https:\/\/kulturonline.tv\/de\/#\/schema\/person\/b0fac729bb9a0c193fb1df23449df4fe"},"headline":"Jan B\u00f6hmermann warnt in der New York Times vor der AfD","datePublished":"2025-02-22T17:59:28+00:00","dateModified":"2025-02-22T17:59:29+00:00","mainEntityOfPage":{"@id":"https:\/\/kulturonline.tv\/de\/jan-boehmermann-warnt-in-der-new-york-times-vor-der-afd\/"},"wordCount":278,"commentCount":2,"publisher":{"@id":"https:\/\/kulturonline.tv\/de\/#organization"},"image":{"@id":"https:\/\/kulturonline.tv\/de\/jan-boehmermann-warnt-in-der-new-york-times-vor-der-afd\/#primaryimage"},"thumbnailUrl":"https:\/\/kulturonline.tv\/wp-content\/uploads\/2025\/02\/2048px-Jan_Boehmermann_in_Rostock_2014_02-1-edited.jpg","articleSection":["Medien","Newsflash"],"inLanguage":"de","potentialAction":[{"@type":"CommentAction","name":"Comment","target":["https:\/\/kulturonline.tv\/de\/jan-boehmermann-warnt-in-der-new-york-times-vor-der-afd\/#respond"]}]},{"@type":"WebPage","@id":"https:\/\/kulturonline.tv\/de\/jan-boehmermann-warnt-in-der-new-york-times-vor-der-afd\/","url":"https:\/\/kulturonline.tv\/de\/jan-boehmermann-warnt-in-der-new-york-times-vor-der-afd\/","name":"Jan B\u00f6hmermann warnt in der New York Times vor der AfD - Kultur Online TV &amp; FM","isPartOf":{"@id":"https:\/\/kulturonline.tv\/de\/#website"},"primaryImageOfPage":{"@id":"https:\/\/kulturonline.tv\/de\/jan-boehmermann-warnt-in-der-new-york-times-vor-der-afd\/#primaryimage"},"image":{"@id":"https:\/\/kulturonline.tv\/de\/jan-boehmermann-warnt-in-der-new-york-times-vor-der-afd\/#primaryimage"},"thumbnailUrl":"https:\/\/kulturonline.tv\/wp-content\/uploads\/2025\/02\/2048px-Jan_Boehmermann_in_Rostock_2014_02-1-edited.jpg","datePublished":"2025-02-22T17:59:28+00:00","dateModified":"2025-02-22T17:59:29+00:00","description":"Der Satiriker Jan B\u00f6hmermann warnt in einem Video auf der Website der US-Zeitung New York Times vor dem Erfolg der AfD.","breadcrumb":{"@id":"https:\/\/kulturonline.tv\/de\/jan-boehmermann-warnt-in-der-new-york-times-vor-der-afd\/#breadcrumb"},"inLanguage":"de","potentialAction":[{"@type":"ReadAction","target":["https:\/\/kulturonline.tv\/de\/jan-boehmermann-warnt-in-der-new-york-times-vor-der-afd\/"]}]},{"@type":"ImageObject","inLanguage":"de","@id":"https:\/\/kulturonline.tv\/de\/jan-boehmermann-warnt-in-der-new-york-times-vor-der-afd\/#primaryimage","url":"https:\/\/kulturonline.tv\/wp-content\/uploads\/2025\/02\/2048px-Jan_Boehmermann_in_Rostock_2014_02-1-edited.jpg","contentUrl":"https:\/\/kulturonline.tv\/wp-content\/uploads\/2025\/02\/2048px-Jan_Boehmermann_in_Rostock_2014_02-1-edited.jpg","width":2048,"height":1152},{"@type":"BreadcrumbList","@id":"https:\/\/kulturonline.tv\/de\/jan-boehmermann-warnt-in-der-new-york-times-vor-der-afd\/#breadcrumb","itemListElement":[{"@type":"ListItem","position":1,"name":"Startseite","item":"https:\/\/kulturonline.tv\/de\/"},{"@type":"ListItem","position":2,"name":"Jan B\u00f6hmermann warnt in der New York Times vor der AfD"}]},{"@type":"WebSite","@id":"https:\/\/kulturonline.tv\/de\/#website","url":"https:\/\/kulturonline.tv\/de\/","name":"Kultur Online TV &amp; FM","description":"Wir sind Kultur 2.0 zum sehen &amp; h\u00f6ren","publisher":{"@id":"https:\/\/kulturonline.tv\/de\/#organization"},"potentialAction":[{"@type":"SearchAction","target":{"@type":"EntryPoint","urlTemplate":"https:\/\/kulturonline.tv\/de\/?s={search_term_string}"},"query-input":{"@type":"PropertyValueSpecification","valueRequired":true,"valueName":"search_term_string"}}],"inLanguage":"de"},{"@type":"Organization","@id":"https:\/\/kulturonline.tv\/de\/#organization","name":"Kultur Online TV","url":"https:\/\/kulturonline.tv\/de\/","logo":{"@type":"ImageObject","inLanguage":"de","@id":"https:\/\/kulturonline.tv\/de\/#\/schema\/logo\/image\/","url":"https:\/\/kulturonline.tv\/wp-content\/uploads\/2021\/08\/Kultur-Online-Tv-Logo-Endversion-neu.png","contentUrl":"https:\/\/kulturonline.tv\/wp-content\/uploads\/2021\/08\/Kultur-Online-Tv-Logo-Endversion-neu.png","width":200,"height":200,"caption":"Kultur Online TV"},"image":{"@id":"https:\/\/kulturonline.tv\/de\/#\/schema\/logo\/image\/"},"sameAs":["https:\/\/www.facebook.com\/kulturonline.tv","https:\/\/www.instagram.com\/kulturonline.tv"]},{"@type":"Person","@id":"https:\/\/kulturonline.tv\/de\/#\/schema\/person\/b0fac729bb9a0c193fb1df23449df4fe","name":"guenter.wolfgang"}]}},"_links":{"self":[{"href":"https:\/\/kulturonline.tv\/de\/wp-json\/wp\/v2\/posts\/108321","targetHints":{"allow":["GET"]}}],"collection":[{"href":"https:\/\/kulturonline.tv\/de\/wp-json\/wp\/v2\/posts"}],"about":[{"href":"https:\/\/kulturonline.tv\/de\/wp-json\/wp\/v2\/types\/post"}],"author":[{"embeddable":true,"href":"https:\/\/kulturonline.tv\/de\/wp-json\/wp\/v2\/users\/2"}],"replies":[{"embeddable":true,"href":"https:\/\/kulturonline.tv\/de\/wp-json\/wp\/v2\/comments?post=108321"}],"version-history":[{"count":1,"href":"https:\/\/kulturonline.tv\/de\/wp-json\/wp\/v2\/posts\/108321\/revisions"}],"predecessor-version":[{"id":108334,"href":"https:\/\/kulturonline.tv\/de\/wp-json\/wp\/v2\/posts\/108321\/revisions\/108334"}],"wp:featuredmedia":[{"embeddable":true,"href":"https:\/\/kulturonline.tv\/de\/wp-json\/wp\/v2\/media\/108330"}],"wp:attachment":[{"href":"https:\/\/kulturonline.tv\/de\/wp-json\/wp\/v2\/media?parent=108321"}],"wp:term":[{"taxonomy":"category","embeddable":true,"href":"https:\/\/kulturonline.tv\/de\/wp-json\/wp\/v2\/categories?post=108321"},{"taxonomy":"post_tag","embeddable":true,"href":"https:\/\/kulturonline.tv\/de\/wp-json\/wp\/v2\/tags?post=108321"}],"curies":[{"name":"wp","href":"https:\/\/api.w.org\/{rel}","templated":true}]}}