{"id":108365,"date":"2025-02-23T14:30:41","date_gmt":"2025-02-23T13:30:41","guid":{"rendered":"https:\/\/kulturonline.tv\/?p=108365"},"modified":"2025-06-16T00:00:37","modified_gmt":"2025-06-15T22:00:37","slug":"mehr-fairness-beim-musikstreaming","status":"publish","type":"post","link":"https:\/\/kulturonline.tv\/de\/mehr-fairness-beim-musikstreaming\/","title":{"rendered":"Mehr Fairness beim Musikstreaming"},"content":{"rendered":"\n<h4 class=\"wp-block-heading\">Text zum h\u00f6ren<\/h4>\n\n\n\n<div class=\"wp-block-columns is-layout-flex wp-container-core-columns-is-layout-28f84493 wp-block-columns-is-layout-flex\">\n<div class=\"wp-block-column is-layout-flow wp-block-column-is-layout-flow\">\n<figure class=\"wp-block-audio\"><audio controls src=\"https:\/\/kulturonline.tv\/wp-content\/uploads\/2025\/02\/Text-to-Speech.wav\"><\/audio><\/figure>\n<\/div>\n\n\n\n<div class=\"wp-block-column is-layout-flow wp-block-column-is-layout-flow\"><\/div>\n<\/div>\n\n\n\n<h4 class=\"wp-block-heading\"><\/h4>\n\n\n\n<p>Eine aktuelle Studie zum Musikstreaming zeigt, dass die Einnahmen extrem ungleich verteilt sind. Nur ein sehr kleiner Teil der K\u00fcnstler verdient den Gro\u00dfteil des Geldes. <\/p>\n\n\n\n<figure class=\"wp-block-image size-full\"><img fetchpriority=\"high\" decoding=\"async\" width=\"1280\" height=\"720\" src=\"https:\/\/kulturonline.tv\/wp-content\/uploads\/2025\/02\/concert-5471816_1280-edited.jpg\" alt=\"\" class=\"wp-image-108370\" srcset=\"https:\/\/kulturonline.tv\/wp-content\/uploads\/2025\/02\/concert-5471816_1280-edited.jpg 1280w, https:\/\/kulturonline.tv\/wp-content\/uploads\/2025\/02\/concert-5471816_1280-edited-800x450.jpg 800w, https:\/\/kulturonline.tv\/wp-content\/uploads\/2025\/02\/concert-5471816_1280-edited-768x432.jpg 768w\" sizes=\"(max-width: 1280px) 100vw, 1280px\" \/><\/figure>\n\n\n\n<p>Daher sind grundlegende Reformen in Europa dringend notwendig, damit Musiker von ihren digitalen Erl\u00f6sen leben k\u00f6nnen. Kulturstaatsministerin #Claudia Roth hat bereits angek\u00fcndigt, sich f\u00fcr Verbesserungen einzusetzen. <\/p>\n\n\n\n<p>Die Verb\u00e4nde der Musikbranche begr\u00fc\u00dfen dies und fordern von der neuen Bundesregierung, die vorgeschlagenen Ma\u00dfnahmen auch tats\u00e4chlich umzusetzen.<\/p>\n\n\n\n<p>Die Musikstreaming-Industrie hat sich in den letzten Jahren rasant entwickelt und ist heute ein wichtiger Bestandteil des Musikgesch\u00e4fts. Allerdings gibt es auch Schattenseiten, die insbesondere f\u00fcr die Musikschaffenden selbst gravierende Folgen haben k\u00f6nnen.<\/p>\n\n\n\n<p>Unternehmen wie Spotify, Apple Music und Amazon Music beherrschen den Markt. Dies f\u00fchrt zu einer Abh\u00e4ngigkeit der K\u00fcnstler von diesen Plattformen.<\/p>\n\n\n\n<h1 class=\"wp-block-heading\">Intransparenz<\/h1>\n\n\n\n<p>K\u00fcnstler erhalten nur einen sehr geringen Betrag pro Stream. Um ein existenzsicherndes Einkommen zu erzielen, sind daher sehr hohe Streamzahlen erforderlich.<br>Ein Gro\u00dfteil der Einnahmen konzentriert sich auf eine kleine Anzahl sehr erfolgreicher K\u00fcnstler. Viele Musiker haben Schwierigkeiten, \u00fcberhaupt nennenswerte Einnahmen zu erzielen.<\/p>\n\n\n\n<figure class=\"wp-block-image size-full\"><img decoding=\"async\" width=\"1280\" height=\"853\" src=\"https:\/\/kulturonline.tv\/wp-content\/uploads\/2025\/02\/guitar-3943201_1280.jpg\" alt=\"\" class=\"wp-image-108366\" srcset=\"https:\/\/kulturonline.tv\/wp-content\/uploads\/2025\/02\/guitar-3943201_1280.jpg 1280w, https:\/\/kulturonline.tv\/wp-content\/uploads\/2025\/02\/guitar-3943201_1280-800x533.jpg 800w, https:\/\/kulturonline.tv\/wp-content\/uploads\/2025\/02\/guitar-3943201_1280-768x512.jpg 768w\" sizes=\"(max-width: 1280px) 100vw, 1280px\" \/><\/figure>\n\n\n\n<p>Die Berechnung der Verg\u00fctung ist oft undurchsichtig, was es K\u00fcnstlern erschwert, ihre Einnahmen nachzuvollziehen und zu pr\u00fcfen. <\/p>\n\n\n\n<h1 class=\"wp-block-heading\"><br>Auswirkungen auf die Musikbranche und wirtschaftliche Unsicherheit f\u00fcr Musiker<\/h1>\n\n\n\n<p>Viele Musiker sind gezwungen, neben ihrer k\u00fcnstlerischen T\u00e4tigkeit anderen Berufen nachzugehen, um ihren Lebensunterhalt zu sichern.<\/p>\n\n\n\n<p> <br>Kleine Labels und unabh\u00e4ngige K\u00fcnstler haben es schwerer, sich auf dem Markt zu behaupten. <\/p>\n\n\n\n<h2 class=\"wp-block-heading\"><br>Forderungen und L\u00f6sungsans\u00e4tze<\/h2>\n\n\n\n<p>Streaming-Plattformen sollten einen gr\u00f6\u00dferen Anteil ihrer Einnahmen an die K\u00fcnstler aussch\u00fctten.<br>Die Berechnung der Verg\u00fctung sollte f\u00fcr K\u00fcnstler nachvollziehbar sein. Es sollten Ma\u00dfnahmen ergriffen werden, um kleine Labels und unabh\u00e4ngige K\u00fcnstler zu unterst\u00fctzen.<\/p>\n\n\n\n<p><br>Die Rechte der K\u00fcnstler an ihren Werken sollten gest\u00e4rkt werden, um ihnen eine fairere Teilhabe an den Einnahmen zu erm\u00f6glichen.<br>Die Zukunft der Musikbranche h\u00e4ngt davon ab, dass diese Probleme angegangen werden. <\/p>\n\n\n\n<figure class=\"wp-block-image size-full\"><img decoding=\"async\" width=\"1280\" height=\"853\" src=\"https:\/\/kulturonline.tv\/wp-content\/uploads\/2025\/02\/jazz-199547_1280.jpg\" alt=\"\" class=\"wp-image-108372\" srcset=\"https:\/\/kulturonline.tv\/wp-content\/uploads\/2025\/02\/jazz-199547_1280.jpg 1280w, https:\/\/kulturonline.tv\/wp-content\/uploads\/2025\/02\/jazz-199547_1280-800x533.jpg 800w, https:\/\/kulturonline.tv\/wp-content\/uploads\/2025\/02\/jazz-199547_1280-768x512.jpg 768w\" sizes=\"(max-width: 1280px) 100vw, 1280px\" \/><\/figure>\n\n\n\n<p>Es ist wichtig, dass Musikschaffende fair f\u00fcr ihre Arbeit entlohnt werden, damit sie auch in Zukunft hochwertige und vielf\u00e4ltige Musik produzieren k\u00f6nnen.<\/p>\n\n\n\n<p>Beitrag: G\u00fcnter Wolfgang<\/p>\n\n\n\n<p>#musik #streaming #k\u00fcnstler<\/p>\n","protected":false},"excerpt":{"rendered":"<p>Text zum h\u00f6ren Eine aktuelle Studie zum Musikstreaming zeigt, dass die Einnahmen extrem ungleich verteilt sind. Nur ein sehr kleiner Teil der K\u00fcnstler verdient den Gro\u00dfteil des Geldes. Daher sind grundlegende Reformen in Europa dringend notwendig, damit Musiker von ihren digitalen Erl\u00f6sen leben k\u00f6nnen. Kulturstaatsministerin #Claudia Roth hat bereits angek\u00fcndigt, sich f\u00fcr Verbesserungen einzusetzen. Die [&hellip;]<\/p>\n","protected":false},"author":2,"featured_media":108370,"comment_status":"open","ping_status":"open","sticky":false,"template":"","format":"standard","meta":{"_acf_changed":false,"footnotes":""},"categories":[808,19],"tags":[],"class_list":["post-108365","post","type-post","status-publish","format-standard","has-post-thumbnail","hentry","category-kultur-online-fm-musikszene","category-musik"],"acf":[],"yoast_head":"<!-- This site is optimized with the Yoast SEO plugin v26.1.1 - https:\/\/yoast.com\/wordpress\/plugins\/seo\/ -->\n<title>Mehr Fairness beim Musikstreaming - Kultur Online TV &amp; FM<\/title>\n<meta name=\"description\" content=\"Kultur sehen und H\u00f6ren\" \/>\n<meta name=\"robots\" content=\"index, follow, max-snippet:-1, max-image-preview:large, max-video-preview:-1\" \/>\n<link rel=\"canonical\" href=\"https:\/\/kulturonline.tv\/de\/mehr-fairness-beim-musikstreaming\/\" \/>\n<meta property=\"og:locale\" content=\"de_DE\" \/>\n<meta property=\"og:type\" content=\"article\" \/>\n<meta property=\"og:title\" content=\"Mehr Fairness beim Musikstreaming - Kultur Online TV &amp; FM\" \/>\n<meta property=\"og:description\" content=\"Kultur sehen und H\u00f6ren\" \/>\n<meta property=\"og:url\" content=\"https:\/\/kulturonline.tv\/de\/mehr-fairness-beim-musikstreaming\/\" \/>\n<meta property=\"og:site_name\" content=\"Kultur Online TV &amp; FM\" \/>\n<meta property=\"article:publisher\" content=\"https:\/\/www.facebook.com\/kulturonline.tv\" \/>\n<meta property=\"article:published_time\" content=\"2025-02-23T13:30:41+00:00\" \/>\n<meta property=\"article:modified_time\" content=\"2025-06-15T22:00:37+00:00\" \/>\n<meta property=\"og:image\" content=\"https:\/\/kulturonline.tv\/wp-content\/uploads\/2025\/02\/concert-5471816_1280-edited.jpg\" \/>\n\t<meta property=\"og:image:width\" content=\"1280\" \/>\n\t<meta property=\"og:image:height\" content=\"720\" \/>\n\t<meta property=\"og:image:type\" content=\"image\/jpeg\" \/>\n<meta name=\"author\" content=\"guenter.wolfgang\" \/>\n<meta name=\"twitter:card\" content=\"summary_large_image\" \/>\n<meta name=\"twitter:label1\" content=\"Verfasst von\" \/>\n\t<meta name=\"twitter:data1\" content=\"guenter.wolfgang\" \/>\n\t<meta name=\"twitter:label2\" content=\"Gesch\u00e4tzte Lesezeit\" \/>\n\t<meta name=\"twitter:data2\" content=\"2\u00a0Minuten\" \/>\n<script type=\"application\/ld+json\" class=\"yoast-schema-graph\">{\"@context\":\"https:\/\/schema.org\",\"@graph\":[{\"@type\":\"Article\",\"@id\":\"https:\/\/kulturonline.tv\/de\/mehr-fairness-beim-musikstreaming\/#article\",\"isPartOf\":{\"@id\":\"https:\/\/kulturonline.tv\/de\/mehr-fairness-beim-musikstreaming\/\"},\"author\":{\"name\":\"guenter.wolfgang\",\"@id\":\"https:\/\/kulturonline.tv\/de\/#\/schema\/person\/b0fac729bb9a0c193fb1df23449df4fe\"},\"headline\":\"Mehr Fairness beim Musikstreaming\",\"datePublished\":\"2025-02-23T13:30:41+00:00\",\"dateModified\":\"2025-06-15T22:00:37+00:00\",\"mainEntityOfPage\":{\"@id\":\"https:\/\/kulturonline.tv\/de\/mehr-fairness-beim-musikstreaming\/\"},\"wordCount\":375,\"commentCount\":2,\"publisher\":{\"@id\":\"https:\/\/kulturonline.tv\/de\/#organization\"},\"image\":{\"@id\":\"https:\/\/kulturonline.tv\/de\/mehr-fairness-beim-musikstreaming\/#primaryimage\"},\"thumbnailUrl\":\"https:\/\/kulturonline.tv\/wp-content\/uploads\/2025\/02\/concert-5471816_1280-edited.jpg\",\"articleSection\":[\"Kultur Online FM Musikszene\",\"Musik\"],\"inLanguage\":\"de\",\"potentialAction\":[{\"@type\":\"CommentAction\",\"name\":\"Comment\",\"target\":[\"https:\/\/kulturonline.tv\/de\/mehr-fairness-beim-musikstreaming\/#respond\"]}]},{\"@type\":\"WebPage\",\"@id\":\"https:\/\/kulturonline.tv\/de\/mehr-fairness-beim-musikstreaming\/\",\"url\":\"https:\/\/kulturonline.tv\/de\/mehr-fairness-beim-musikstreaming\/\",\"name\":\"Mehr Fairness beim Musikstreaming - Kultur Online TV &amp; FM\",\"isPartOf\":{\"@id\":\"https:\/\/kulturonline.tv\/de\/#website\"},\"primaryImageOfPage\":{\"@id\":\"https:\/\/kulturonline.tv\/de\/mehr-fairness-beim-musikstreaming\/#primaryimage\"},\"image\":{\"@id\":\"https:\/\/kulturonline.tv\/de\/mehr-fairness-beim-musikstreaming\/#primaryimage\"},\"thumbnailUrl\":\"https:\/\/kulturonline.tv\/wp-content\/uploads\/2025\/02\/concert-5471816_1280-edited.jpg\",\"datePublished\":\"2025-02-23T13:30:41+00:00\",\"dateModified\":\"2025-06-15T22:00:37+00:00\",\"description\":\"Kultur sehen und H\u00f6ren\",\"breadcrumb\":{\"@id\":\"https:\/\/kulturonline.tv\/de\/mehr-fairness-beim-musikstreaming\/#breadcrumb\"},\"inLanguage\":\"de\",\"potentialAction\":[{\"@type\":\"ReadAction\",\"target\":[\"https:\/\/kulturonline.tv\/de\/mehr-fairness-beim-musikstreaming\/\"]}]},{\"@type\":\"ImageObject\",\"inLanguage\":\"de\",\"@id\":\"https:\/\/kulturonline.tv\/de\/mehr-fairness-beim-musikstreaming\/#primaryimage\",\"url\":\"https:\/\/kulturonline.tv\/wp-content\/uploads\/2025\/02\/concert-5471816_1280-edited.jpg\",\"contentUrl\":\"https:\/\/kulturonline.tv\/wp-content\/uploads\/2025\/02\/concert-5471816_1280-edited.jpg\",\"width\":1280,\"height\":720},{\"@type\":\"BreadcrumbList\",\"@id\":\"https:\/\/kulturonline.tv\/de\/mehr-fairness-beim-musikstreaming\/#breadcrumb\",\"itemListElement\":[{\"@type\":\"ListItem\",\"position\":1,\"name\":\"Startseite\",\"item\":\"https:\/\/kulturonline.tv\/de\/\"},{\"@type\":\"ListItem\",\"position\":2,\"name\":\"Mehr Fairness beim Musikstreaming\"}]},{\"@type\":\"WebSite\",\"@id\":\"https:\/\/kulturonline.tv\/de\/#website\",\"url\":\"https:\/\/kulturonline.tv\/de\/\",\"name\":\"Kultur Online TV &amp; FM\",\"description\":\"Wir sind Kultur 2.0 zum sehen &amp; h\u00f6ren\",\"publisher\":{\"@id\":\"https:\/\/kulturonline.tv\/de\/#organization\"},\"potentialAction\":[{\"@type\":\"SearchAction\",\"target\":{\"@type\":\"EntryPoint\",\"urlTemplate\":\"https:\/\/kulturonline.tv\/de\/?s={search_term_string}\"},\"query-input\":{\"@type\":\"PropertyValueSpecification\",\"valueRequired\":true,\"valueName\":\"search_term_string\"}}],\"inLanguage\":\"de\"},{\"@type\":\"Organization\",\"@id\":\"https:\/\/kulturonline.tv\/de\/#organization\",\"name\":\"Kultur Online TV\",\"url\":\"https:\/\/kulturonline.tv\/de\/\",\"logo\":{\"@type\":\"ImageObject\",\"inLanguage\":\"de\",\"@id\":\"https:\/\/kulturonline.tv\/de\/#\/schema\/logo\/image\/\",\"url\":\"https:\/\/kulturonline.tv\/wp-content\/uploads\/2021\/08\/Kultur-Online-Tv-Logo-Endversion-neu.png\",\"contentUrl\":\"https:\/\/kulturonline.tv\/wp-content\/uploads\/2021\/08\/Kultur-Online-Tv-Logo-Endversion-neu.png\",\"width\":200,\"height\":200,\"caption\":\"Kultur Online TV\"},\"image\":{\"@id\":\"https:\/\/kulturonline.tv\/de\/#\/schema\/logo\/image\/\"},\"sameAs\":[\"https:\/\/www.facebook.com\/kulturonline.tv\",\"https:\/\/www.instagram.com\/kulturonline.tv\"]},{\"@type\":\"Person\",\"@id\":\"https:\/\/kulturonline.tv\/de\/#\/schema\/person\/b0fac729bb9a0c193fb1df23449df4fe\",\"name\":\"guenter.wolfgang\"}]}<\/script>\n<!-- \/ Yoast SEO plugin. -->","yoast_head_json":{"title":"Mehr Fairness beim Musikstreaming - Kultur Online TV &amp; FM","description":"Kultur sehen und H\u00f6ren","robots":{"index":"index","follow":"follow","max-snippet":"max-snippet:-1","max-image-preview":"max-image-preview:large","max-video-preview":"max-video-preview:-1"},"canonical":"https:\/\/kulturonline.tv\/de\/mehr-fairness-beim-musikstreaming\/","og_locale":"de_DE","og_type":"article","og_title":"Mehr Fairness beim Musikstreaming - Kultur Online TV &amp; FM","og_description":"Kultur sehen und H\u00f6ren","og_url":"https:\/\/kulturonline.tv\/de\/mehr-fairness-beim-musikstreaming\/","og_site_name":"Kultur Online TV &amp; FM","article_publisher":"https:\/\/www.facebook.com\/kulturonline.tv","article_published_time":"2025-02-23T13:30:41+00:00","article_modified_time":"2025-06-15T22:00:37+00:00","og_image":[{"width":1280,"height":720,"url":"https:\/\/kulturonline.tv\/wp-content\/uploads\/2025\/02\/concert-5471816_1280-edited.jpg","type":"image\/jpeg"}],"author":"guenter.wolfgang","twitter_card":"summary_large_image","twitter_misc":{"Verfasst von":"guenter.wolfgang","Gesch\u00e4tzte Lesezeit":"2\u00a0Minuten"},"schema":{"@context":"https:\/\/schema.org","@graph":[{"@type":"Article","@id":"https:\/\/kulturonline.tv\/de\/mehr-fairness-beim-musikstreaming\/#article","isPartOf":{"@id":"https:\/\/kulturonline.tv\/de\/mehr-fairness-beim-musikstreaming\/"},"author":{"name":"guenter.wolfgang","@id":"https:\/\/kulturonline.tv\/de\/#\/schema\/person\/b0fac729bb9a0c193fb1df23449df4fe"},"headline":"Mehr Fairness beim Musikstreaming","datePublished":"2025-02-23T13:30:41+00:00","dateModified":"2025-06-15T22:00:37+00:00","mainEntityOfPage":{"@id":"https:\/\/kulturonline.tv\/de\/mehr-fairness-beim-musikstreaming\/"},"wordCount":375,"commentCount":2,"publisher":{"@id":"https:\/\/kulturonline.tv\/de\/#organization"},"image":{"@id":"https:\/\/kulturonline.tv\/de\/mehr-fairness-beim-musikstreaming\/#primaryimage"},"thumbnailUrl":"https:\/\/kulturonline.tv\/wp-content\/uploads\/2025\/02\/concert-5471816_1280-edited.jpg","articleSection":["Kultur Online FM Musikszene","Musik"],"inLanguage":"de","potentialAction":[{"@type":"CommentAction","name":"Comment","target":["https:\/\/kulturonline.tv\/de\/mehr-fairness-beim-musikstreaming\/#respond"]}]},{"@type":"WebPage","@id":"https:\/\/kulturonline.tv\/de\/mehr-fairness-beim-musikstreaming\/","url":"https:\/\/kulturonline.tv\/de\/mehr-fairness-beim-musikstreaming\/","name":"Mehr Fairness beim Musikstreaming - Kultur Online TV &amp; FM","isPartOf":{"@id":"https:\/\/kulturonline.tv\/de\/#website"},"primaryImageOfPage":{"@id":"https:\/\/kulturonline.tv\/de\/mehr-fairness-beim-musikstreaming\/#primaryimage"},"image":{"@id":"https:\/\/kulturonline.tv\/de\/mehr-fairness-beim-musikstreaming\/#primaryimage"},"thumbnailUrl":"https:\/\/kulturonline.tv\/wp-content\/uploads\/2025\/02\/concert-5471816_1280-edited.jpg","datePublished":"2025-02-23T13:30:41+00:00","dateModified":"2025-06-15T22:00:37+00:00","description":"Kultur sehen und H\u00f6ren","breadcrumb":{"@id":"https:\/\/kulturonline.tv\/de\/mehr-fairness-beim-musikstreaming\/#breadcrumb"},"inLanguage":"de","potentialAction":[{"@type":"ReadAction","target":["https:\/\/kulturonline.tv\/de\/mehr-fairness-beim-musikstreaming\/"]}]},{"@type":"ImageObject","inLanguage":"de","@id":"https:\/\/kulturonline.tv\/de\/mehr-fairness-beim-musikstreaming\/#primaryimage","url":"https:\/\/kulturonline.tv\/wp-content\/uploads\/2025\/02\/concert-5471816_1280-edited.jpg","contentUrl":"https:\/\/kulturonline.tv\/wp-content\/uploads\/2025\/02\/concert-5471816_1280-edited.jpg","width":1280,"height":720},{"@type":"BreadcrumbList","@id":"https:\/\/kulturonline.tv\/de\/mehr-fairness-beim-musikstreaming\/#breadcrumb","itemListElement":[{"@type":"ListItem","position":1,"name":"Startseite","item":"https:\/\/kulturonline.tv\/de\/"},{"@type":"ListItem","position":2,"name":"Mehr Fairness beim Musikstreaming"}]},{"@type":"WebSite","@id":"https:\/\/kulturonline.tv\/de\/#website","url":"https:\/\/kulturonline.tv\/de\/","name":"Kultur Online TV &amp; FM","description":"Wir sind Kultur 2.0 zum sehen &amp; h\u00f6ren","publisher":{"@id":"https:\/\/kulturonline.tv\/de\/#organization"},"potentialAction":[{"@type":"SearchAction","target":{"@type":"EntryPoint","urlTemplate":"https:\/\/kulturonline.tv\/de\/?s={search_term_string}"},"query-input":{"@type":"PropertyValueSpecification","valueRequired":true,"valueName":"search_term_string"}}],"inLanguage":"de"},{"@type":"Organization","@id":"https:\/\/kulturonline.tv\/de\/#organization","name":"Kultur Online TV","url":"https:\/\/kulturonline.tv\/de\/","logo":{"@type":"ImageObject","inLanguage":"de","@id":"https:\/\/kulturonline.tv\/de\/#\/schema\/logo\/image\/","url":"https:\/\/kulturonline.tv\/wp-content\/uploads\/2021\/08\/Kultur-Online-Tv-Logo-Endversion-neu.png","contentUrl":"https:\/\/kulturonline.tv\/wp-content\/uploads\/2021\/08\/Kultur-Online-Tv-Logo-Endversion-neu.png","width":200,"height":200,"caption":"Kultur Online TV"},"image":{"@id":"https:\/\/kulturonline.tv\/de\/#\/schema\/logo\/image\/"},"sameAs":["https:\/\/www.facebook.com\/kulturonline.tv","https:\/\/www.instagram.com\/kulturonline.tv"]},{"@type":"Person","@id":"https:\/\/kulturonline.tv\/de\/#\/schema\/person\/b0fac729bb9a0c193fb1df23449df4fe","name":"guenter.wolfgang"}]}},"_links":{"self":[{"href":"https:\/\/kulturonline.tv\/de\/wp-json\/wp\/v2\/posts\/108365","targetHints":{"allow":["GET"]}}],"collection":[{"href":"https:\/\/kulturonline.tv\/de\/wp-json\/wp\/v2\/posts"}],"about":[{"href":"https:\/\/kulturonline.tv\/de\/wp-json\/wp\/v2\/types\/post"}],"author":[{"embeddable":true,"href":"https:\/\/kulturonline.tv\/de\/wp-json\/wp\/v2\/users\/2"}],"replies":[{"embeddable":true,"href":"https:\/\/kulturonline.tv\/de\/wp-json\/wp\/v2\/comments?post=108365"}],"version-history":[{"count":1,"href":"https:\/\/kulturonline.tv\/de\/wp-json\/wp\/v2\/posts\/108365\/revisions"}],"predecessor-version":[{"id":108376,"href":"https:\/\/kulturonline.tv\/de\/wp-json\/wp\/v2\/posts\/108365\/revisions\/108376"}],"wp:featuredmedia":[{"embeddable":true,"href":"https:\/\/kulturonline.tv\/de\/wp-json\/wp\/v2\/media\/108370"}],"wp:attachment":[{"href":"https:\/\/kulturonline.tv\/de\/wp-json\/wp\/v2\/media?parent=108365"}],"wp:term":[{"taxonomy":"category","embeddable":true,"href":"https:\/\/kulturonline.tv\/de\/wp-json\/wp\/v2\/categories?post=108365"},{"taxonomy":"post_tag","embeddable":true,"href":"https:\/\/kulturonline.tv\/de\/wp-json\/wp\/v2\/tags?post=108365"}],"curies":[{"name":"wp","href":"https:\/\/api.w.org\/{rel}","templated":true}]}}