{"id":108696,"date":"2025-03-25T11:43:43","date_gmt":"2025-03-25T10:43:43","guid":{"rendered":"https:\/\/kulturonline.tv\/?p=108696"},"modified":"2025-03-25T11:44:29","modified_gmt":"2025-03-25T10:44:29","slug":"bombendrohung-gegen-orf-zentrum-areal-gesperrt","status":"publish","type":"post","link":"https:\/\/kulturonline.tv\/de\/bombendrohung-gegen-orf-zentrum-areal-gesperrt\/","title":{"rendered":"Bombendrohung gegen &#8222;ORF&#8220;-Zentrum, Areal gesperrt"},"content":{"rendered":"\n<p>Eine Bombendrohung f\u00fchrte zu einem stundenlangen Gro\u00dfeinsatz der Polizei am ORF-Zentrum K\u00fcniglberg. Ein verd\u00e4chtiges Fahrzeug wurde entdeckt und der Bereich abgesperrt. Das laufende Programm musste kurzzeitig unterbrochen werden.<\/p>\n\n\n\n<figure class=\"wp-block-image size-full\"><img fetchpriority=\"high\" decoding=\"async\" width=\"736\" height=\"324\" src=\"https:\/\/kulturonline.tv\/wp-content\/uploads\/2025\/03\/ORF-KULTUR-ONLINE-TV.jpg\" alt=\"\" class=\"wp-image-108697\"\/><\/figure>\n\n\n\n<h6 class=\"wp-block-heading\">copyright kulturonline tv Andreas Schwarz<\/h6>\n\n\n\n<p>Am fr\u00fchen Dienstagmorgen kam es am ORF-Zentrum auf dem K\u00fcniglberg, in der N\u00e4he von Schloss Sch\u00f6nbrunn, zu einem gr\u00f6\u00dferen Polizeieinsatz. Ein 53-j\u00e4hriger Mann versuchte, mit seinem Lastwagen in den Eingang des Senderzentrums zu fahren und drohte mit einer Bombe. <\/p>\n\n\n\n<p>Die Polizei war bereits seit 5 Uhr vor Ort, um ein verd\u00e4chtiges Fahrzeug mit der Aufschrift \u201eKullmann Wissen Wilton Klimawandel ad\u00e9\u201c zu untersuchen. Der Bereich um das ORF-Zentrum wurde f\u00fcr mehrere Stunden abgesperrt.<\/p>\n\n\n\n<p>Zun\u00e4chst konnte die Bombendrohung nicht best\u00e4tigt werden. Wenige Minuten sp\u00e4ter gab die Wiener Polizei jedoch \u00fcber X bekannt, dass ein Mann festgenommen wurde, der mit einem Lieferwagen die Stra\u00dfe blockierte und behauptete, eine Bombe im Fahrzeug zu haben.<\/p>\n\n\n\n<p>Kultur Online TV-FM<\/p>\n\n\n\n<p>#medien #orf #bombendrohung<\/p>\n","protected":false},"excerpt":{"rendered":"<p>Eine Bombendrohung f\u00fchrte zu einem stundenlangen Gro\u00dfeinsatz der Polizei am ORF-Zentrum K\u00fcniglberg. Ein verd\u00e4chtiges Fahrzeug wurde entdeckt und der Bereich abgesperrt. Das laufende Programm musste kurzzeitig unterbrochen werden. copyright kulturonline tv Andreas Schwarz Am fr\u00fchen Dienstagmorgen kam es am ORF-Zentrum auf dem K\u00fcniglberg, in der N\u00e4he von Schloss Sch\u00f6nbrunn, zu einem gr\u00f6\u00dferen Polizeieinsatz. Ein 53-j\u00e4hriger [&hellip;]<\/p>\n","protected":false},"author":2,"featured_media":108697,"comment_status":"open","ping_status":"open","sticky":false,"template":"","format":"standard","meta":{"_acf_changed":false,"footnotes":""},"categories":[193,3],"tags":[],"class_list":["post-108696","post","type-post","status-publish","format-standard","has-post-thumbnail","hentry","category-medien","category-newsflash"],"acf":[],"yoast_head":"<!-- This site is optimized with the Yoast SEO plugin v26.1.1 - https:\/\/yoast.com\/wordpress\/plugins\/seo\/ -->\n<title>Bombendrohung gegen &quot;ORF&quot;-Zentrum, Areal gesperrt - Kultur Online TV &amp; FM<\/title>\n<meta name=\"description\" content=\"Eine Bombendrohung f\u00fchrte zu einem stundenlangen Gro\u00dfeinsatz der Polizei am ORF-Zentrum K\u00fcniglberg.\" \/>\n<meta name=\"robots\" content=\"index, follow, max-snippet:-1, max-image-preview:large, max-video-preview:-1\" \/>\n<link rel=\"canonical\" href=\"https:\/\/kulturonline.tv\/de\/bombendrohung-gegen-orf-zentrum-areal-gesperrt\/\" \/>\n<meta property=\"og:locale\" content=\"de_DE\" \/>\n<meta property=\"og:type\" content=\"article\" \/>\n<meta property=\"og:title\" content=\"Bombendrohung gegen &quot;ORF&quot;-Zentrum, Areal gesperrt - Kultur Online TV &amp; FM\" \/>\n<meta property=\"og:description\" content=\"Eine Bombendrohung f\u00fchrte zu einem stundenlangen Gro\u00dfeinsatz der Polizei am ORF-Zentrum K\u00fcniglberg.\" \/>\n<meta property=\"og:url\" content=\"https:\/\/kulturonline.tv\/de\/bombendrohung-gegen-orf-zentrum-areal-gesperrt\/\" \/>\n<meta property=\"og:site_name\" content=\"Kultur Online TV &amp; FM\" \/>\n<meta property=\"article:publisher\" content=\"https:\/\/www.facebook.com\/kulturonline.tv\" \/>\n<meta property=\"article:published_time\" content=\"2025-03-25T10:43:43+00:00\" \/>\n<meta property=\"article:modified_time\" content=\"2025-03-25T10:44:29+00:00\" \/>\n<meta property=\"og:image\" content=\"https:\/\/kulturonline.tv\/wp-content\/uploads\/2025\/03\/ORF-KULTUR-ONLINE-TV.jpg\" \/>\n\t<meta property=\"og:image:width\" content=\"736\" \/>\n\t<meta property=\"og:image:height\" content=\"324\" \/>\n\t<meta property=\"og:image:type\" content=\"image\/jpeg\" \/>\n<meta name=\"author\" content=\"guenter.wolfgang\" \/>\n<meta name=\"twitter:card\" content=\"summary_large_image\" \/>\n<meta name=\"twitter:label1\" content=\"Verfasst von\" \/>\n\t<meta name=\"twitter:data1\" content=\"guenter.wolfgang\" \/>\n\t<meta name=\"twitter:label2\" content=\"Gesch\u00e4tzte Lesezeit\" \/>\n\t<meta name=\"twitter:data2\" content=\"1\u00a0Minute\" \/>\n<script type=\"application\/ld+json\" class=\"yoast-schema-graph\">{\"@context\":\"https:\/\/schema.org\",\"@graph\":[{\"@type\":\"Article\",\"@id\":\"https:\/\/kulturonline.tv\/de\/bombendrohung-gegen-orf-zentrum-areal-gesperrt\/#article\",\"isPartOf\":{\"@id\":\"https:\/\/kulturonline.tv\/de\/bombendrohung-gegen-orf-zentrum-areal-gesperrt\/\"},\"author\":{\"name\":\"guenter.wolfgang\",\"@id\":\"https:\/\/kulturonline.tv\/de\/#\/schema\/person\/b0fac729bb9a0c193fb1df23449df4fe\"},\"headline\":\"Bombendrohung gegen &#8222;ORF&#8220;-Zentrum, Areal gesperrt\",\"datePublished\":\"2025-03-25T10:43:43+00:00\",\"dateModified\":\"2025-03-25T10:44:29+00:00\",\"mainEntityOfPage\":{\"@id\":\"https:\/\/kulturonline.tv\/de\/bombendrohung-gegen-orf-zentrum-areal-gesperrt\/\"},\"wordCount\":170,\"commentCount\":2,\"publisher\":{\"@id\":\"https:\/\/kulturonline.tv\/de\/#organization\"},\"image\":{\"@id\":\"https:\/\/kulturonline.tv\/de\/bombendrohung-gegen-orf-zentrum-areal-gesperrt\/#primaryimage\"},\"thumbnailUrl\":\"https:\/\/kulturonline.tv\/wp-content\/uploads\/2025\/03\/ORF-KULTUR-ONLINE-TV.jpg\",\"articleSection\":[\"Medien\",\"Newsflash\"],\"inLanguage\":\"de\",\"potentialAction\":[{\"@type\":\"CommentAction\",\"name\":\"Comment\",\"target\":[\"https:\/\/kulturonline.tv\/de\/bombendrohung-gegen-orf-zentrum-areal-gesperrt\/#respond\"]}]},{\"@type\":\"WebPage\",\"@id\":\"https:\/\/kulturonline.tv\/de\/bombendrohung-gegen-orf-zentrum-areal-gesperrt\/\",\"url\":\"https:\/\/kulturonline.tv\/de\/bombendrohung-gegen-orf-zentrum-areal-gesperrt\/\",\"name\":\"Bombendrohung gegen \\\"ORF\\\"-Zentrum, Areal gesperrt - Kultur Online TV &amp; FM\",\"isPartOf\":{\"@id\":\"https:\/\/kulturonline.tv\/de\/#website\"},\"primaryImageOfPage\":{\"@id\":\"https:\/\/kulturonline.tv\/de\/bombendrohung-gegen-orf-zentrum-areal-gesperrt\/#primaryimage\"},\"image\":{\"@id\":\"https:\/\/kulturonline.tv\/de\/bombendrohung-gegen-orf-zentrum-areal-gesperrt\/#primaryimage\"},\"thumbnailUrl\":\"https:\/\/kulturonline.tv\/wp-content\/uploads\/2025\/03\/ORF-KULTUR-ONLINE-TV.jpg\",\"datePublished\":\"2025-03-25T10:43:43+00:00\",\"dateModified\":\"2025-03-25T10:44:29+00:00\",\"description\":\"Eine Bombendrohung f\u00fchrte zu einem stundenlangen Gro\u00dfeinsatz der Polizei am ORF-Zentrum K\u00fcniglberg.\",\"breadcrumb\":{\"@id\":\"https:\/\/kulturonline.tv\/de\/bombendrohung-gegen-orf-zentrum-areal-gesperrt\/#breadcrumb\"},\"inLanguage\":\"de\",\"potentialAction\":[{\"@type\":\"ReadAction\",\"target\":[\"https:\/\/kulturonline.tv\/de\/bombendrohung-gegen-orf-zentrum-areal-gesperrt\/\"]}]},{\"@type\":\"ImageObject\",\"inLanguage\":\"de\",\"@id\":\"https:\/\/kulturonline.tv\/de\/bombendrohung-gegen-orf-zentrum-areal-gesperrt\/#primaryimage\",\"url\":\"https:\/\/kulturonline.tv\/wp-content\/uploads\/2025\/03\/ORF-KULTUR-ONLINE-TV.jpg\",\"contentUrl\":\"https:\/\/kulturonline.tv\/wp-content\/uploads\/2025\/03\/ORF-KULTUR-ONLINE-TV.jpg\",\"width\":736,\"height\":324},{\"@type\":\"BreadcrumbList\",\"@id\":\"https:\/\/kulturonline.tv\/de\/bombendrohung-gegen-orf-zentrum-areal-gesperrt\/#breadcrumb\",\"itemListElement\":[{\"@type\":\"ListItem\",\"position\":1,\"name\":\"Startseite\",\"item\":\"https:\/\/kulturonline.tv\/de\/\"},{\"@type\":\"ListItem\",\"position\":2,\"name\":\"Bombendrohung gegen &#8222;ORF&#8220;-Zentrum, Areal gesperrt\"}]},{\"@type\":\"WebSite\",\"@id\":\"https:\/\/kulturonline.tv\/de\/#website\",\"url\":\"https:\/\/kulturonline.tv\/de\/\",\"name\":\"Kultur Online TV &amp; FM\",\"description\":\"Wir sind Kultur 2.0 zum sehen &amp; h\u00f6ren\",\"publisher\":{\"@id\":\"https:\/\/kulturonline.tv\/de\/#organization\"},\"potentialAction\":[{\"@type\":\"SearchAction\",\"target\":{\"@type\":\"EntryPoint\",\"urlTemplate\":\"https:\/\/kulturonline.tv\/de\/?s={search_term_string}\"},\"query-input\":{\"@type\":\"PropertyValueSpecification\",\"valueRequired\":true,\"valueName\":\"search_term_string\"}}],\"inLanguage\":\"de\"},{\"@type\":\"Organization\",\"@id\":\"https:\/\/kulturonline.tv\/de\/#organization\",\"name\":\"Kultur Online TV\",\"url\":\"https:\/\/kulturonline.tv\/de\/\",\"logo\":{\"@type\":\"ImageObject\",\"inLanguage\":\"de\",\"@id\":\"https:\/\/kulturonline.tv\/de\/#\/schema\/logo\/image\/\",\"url\":\"https:\/\/kulturonline.tv\/wp-content\/uploads\/2021\/08\/Kultur-Online-Tv-Logo-Endversion-neu.png\",\"contentUrl\":\"https:\/\/kulturonline.tv\/wp-content\/uploads\/2021\/08\/Kultur-Online-Tv-Logo-Endversion-neu.png\",\"width\":200,\"height\":200,\"caption\":\"Kultur Online TV\"},\"image\":{\"@id\":\"https:\/\/kulturonline.tv\/de\/#\/schema\/logo\/image\/\"},\"sameAs\":[\"https:\/\/www.facebook.com\/kulturonline.tv\",\"https:\/\/www.instagram.com\/kulturonline.tv\"]},{\"@type\":\"Person\",\"@id\":\"https:\/\/kulturonline.tv\/de\/#\/schema\/person\/b0fac729bb9a0c193fb1df23449df4fe\",\"name\":\"guenter.wolfgang\"}]}<\/script>\n<!-- \/ Yoast SEO plugin. -->","yoast_head_json":{"title":"Bombendrohung gegen \"ORF\"-Zentrum, Areal gesperrt - Kultur Online TV &amp; FM","description":"Eine Bombendrohung f\u00fchrte zu einem stundenlangen Gro\u00dfeinsatz der Polizei am ORF-Zentrum K\u00fcniglberg.","robots":{"index":"index","follow":"follow","max-snippet":"max-snippet:-1","max-image-preview":"max-image-preview:large","max-video-preview":"max-video-preview:-1"},"canonical":"https:\/\/kulturonline.tv\/de\/bombendrohung-gegen-orf-zentrum-areal-gesperrt\/","og_locale":"de_DE","og_type":"article","og_title":"Bombendrohung gegen \"ORF\"-Zentrum, Areal gesperrt - Kultur Online TV &amp; FM","og_description":"Eine Bombendrohung f\u00fchrte zu einem stundenlangen Gro\u00dfeinsatz der Polizei am ORF-Zentrum K\u00fcniglberg.","og_url":"https:\/\/kulturonline.tv\/de\/bombendrohung-gegen-orf-zentrum-areal-gesperrt\/","og_site_name":"Kultur Online TV &amp; FM","article_publisher":"https:\/\/www.facebook.com\/kulturonline.tv","article_published_time":"2025-03-25T10:43:43+00:00","article_modified_time":"2025-03-25T10:44:29+00:00","og_image":[{"width":736,"height":324,"url":"https:\/\/kulturonline.tv\/wp-content\/uploads\/2025\/03\/ORF-KULTUR-ONLINE-TV.jpg","type":"image\/jpeg"}],"author":"guenter.wolfgang","twitter_card":"summary_large_image","twitter_misc":{"Verfasst von":"guenter.wolfgang","Gesch\u00e4tzte Lesezeit":"1\u00a0Minute"},"schema":{"@context":"https:\/\/schema.org","@graph":[{"@type":"Article","@id":"https:\/\/kulturonline.tv\/de\/bombendrohung-gegen-orf-zentrum-areal-gesperrt\/#article","isPartOf":{"@id":"https:\/\/kulturonline.tv\/de\/bombendrohung-gegen-orf-zentrum-areal-gesperrt\/"},"author":{"name":"guenter.wolfgang","@id":"https:\/\/kulturonline.tv\/de\/#\/schema\/person\/b0fac729bb9a0c193fb1df23449df4fe"},"headline":"Bombendrohung gegen &#8222;ORF&#8220;-Zentrum, Areal gesperrt","datePublished":"2025-03-25T10:43:43+00:00","dateModified":"2025-03-25T10:44:29+00:00","mainEntityOfPage":{"@id":"https:\/\/kulturonline.tv\/de\/bombendrohung-gegen-orf-zentrum-areal-gesperrt\/"},"wordCount":170,"commentCount":2,"publisher":{"@id":"https:\/\/kulturonline.tv\/de\/#organization"},"image":{"@id":"https:\/\/kulturonline.tv\/de\/bombendrohung-gegen-orf-zentrum-areal-gesperrt\/#primaryimage"},"thumbnailUrl":"https:\/\/kulturonline.tv\/wp-content\/uploads\/2025\/03\/ORF-KULTUR-ONLINE-TV.jpg","articleSection":["Medien","Newsflash"],"inLanguage":"de","potentialAction":[{"@type":"CommentAction","name":"Comment","target":["https:\/\/kulturonline.tv\/de\/bombendrohung-gegen-orf-zentrum-areal-gesperrt\/#respond"]}]},{"@type":"WebPage","@id":"https:\/\/kulturonline.tv\/de\/bombendrohung-gegen-orf-zentrum-areal-gesperrt\/","url":"https:\/\/kulturonline.tv\/de\/bombendrohung-gegen-orf-zentrum-areal-gesperrt\/","name":"Bombendrohung gegen \"ORF\"-Zentrum, Areal gesperrt - Kultur Online TV &amp; FM","isPartOf":{"@id":"https:\/\/kulturonline.tv\/de\/#website"},"primaryImageOfPage":{"@id":"https:\/\/kulturonline.tv\/de\/bombendrohung-gegen-orf-zentrum-areal-gesperrt\/#primaryimage"},"image":{"@id":"https:\/\/kulturonline.tv\/de\/bombendrohung-gegen-orf-zentrum-areal-gesperrt\/#primaryimage"},"thumbnailUrl":"https:\/\/kulturonline.tv\/wp-content\/uploads\/2025\/03\/ORF-KULTUR-ONLINE-TV.jpg","datePublished":"2025-03-25T10:43:43+00:00","dateModified":"2025-03-25T10:44:29+00:00","description":"Eine Bombendrohung f\u00fchrte zu einem stundenlangen Gro\u00dfeinsatz der Polizei am ORF-Zentrum K\u00fcniglberg.","breadcrumb":{"@id":"https:\/\/kulturonline.tv\/de\/bombendrohung-gegen-orf-zentrum-areal-gesperrt\/#breadcrumb"},"inLanguage":"de","potentialAction":[{"@type":"ReadAction","target":["https:\/\/kulturonline.tv\/de\/bombendrohung-gegen-orf-zentrum-areal-gesperrt\/"]}]},{"@type":"ImageObject","inLanguage":"de","@id":"https:\/\/kulturonline.tv\/de\/bombendrohung-gegen-orf-zentrum-areal-gesperrt\/#primaryimage","url":"https:\/\/kulturonline.tv\/wp-content\/uploads\/2025\/03\/ORF-KULTUR-ONLINE-TV.jpg","contentUrl":"https:\/\/kulturonline.tv\/wp-content\/uploads\/2025\/03\/ORF-KULTUR-ONLINE-TV.jpg","width":736,"height":324},{"@type":"BreadcrumbList","@id":"https:\/\/kulturonline.tv\/de\/bombendrohung-gegen-orf-zentrum-areal-gesperrt\/#breadcrumb","itemListElement":[{"@type":"ListItem","position":1,"name":"Startseite","item":"https:\/\/kulturonline.tv\/de\/"},{"@type":"ListItem","position":2,"name":"Bombendrohung gegen &#8222;ORF&#8220;-Zentrum, Areal gesperrt"}]},{"@type":"WebSite","@id":"https:\/\/kulturonline.tv\/de\/#website","url":"https:\/\/kulturonline.tv\/de\/","name":"Kultur Online TV &amp; FM","description":"Wir sind Kultur 2.0 zum sehen &amp; h\u00f6ren","publisher":{"@id":"https:\/\/kulturonline.tv\/de\/#organization"},"potentialAction":[{"@type":"SearchAction","target":{"@type":"EntryPoint","urlTemplate":"https:\/\/kulturonline.tv\/de\/?s={search_term_string}"},"query-input":{"@type":"PropertyValueSpecification","valueRequired":true,"valueName":"search_term_string"}}],"inLanguage":"de"},{"@type":"Organization","@id":"https:\/\/kulturonline.tv\/de\/#organization","name":"Kultur Online TV","url":"https:\/\/kulturonline.tv\/de\/","logo":{"@type":"ImageObject","inLanguage":"de","@id":"https:\/\/kulturonline.tv\/de\/#\/schema\/logo\/image\/","url":"https:\/\/kulturonline.tv\/wp-content\/uploads\/2021\/08\/Kultur-Online-Tv-Logo-Endversion-neu.png","contentUrl":"https:\/\/kulturonline.tv\/wp-content\/uploads\/2021\/08\/Kultur-Online-Tv-Logo-Endversion-neu.png","width":200,"height":200,"caption":"Kultur Online TV"},"image":{"@id":"https:\/\/kulturonline.tv\/de\/#\/schema\/logo\/image\/"},"sameAs":["https:\/\/www.facebook.com\/kulturonline.tv","https:\/\/www.instagram.com\/kulturonline.tv"]},{"@type":"Person","@id":"https:\/\/kulturonline.tv\/de\/#\/schema\/person\/b0fac729bb9a0c193fb1df23449df4fe","name":"guenter.wolfgang"}]}},"_links":{"self":[{"href":"https:\/\/kulturonline.tv\/de\/wp-json\/wp\/v2\/posts\/108696","targetHints":{"allow":["GET"]}}],"collection":[{"href":"https:\/\/kulturonline.tv\/de\/wp-json\/wp\/v2\/posts"}],"about":[{"href":"https:\/\/kulturonline.tv\/de\/wp-json\/wp\/v2\/types\/post"}],"author":[{"embeddable":true,"href":"https:\/\/kulturonline.tv\/de\/wp-json\/wp\/v2\/users\/2"}],"replies":[{"embeddable":true,"href":"https:\/\/kulturonline.tv\/de\/wp-json\/wp\/v2\/comments?post=108696"}],"version-history":[{"count":1,"href":"https:\/\/kulturonline.tv\/de\/wp-json\/wp\/v2\/posts\/108696\/revisions"}],"predecessor-version":[{"id":108699,"href":"https:\/\/kulturonline.tv\/de\/wp-json\/wp\/v2\/posts\/108696\/revisions\/108699"}],"wp:featuredmedia":[{"embeddable":true,"href":"https:\/\/kulturonline.tv\/de\/wp-json\/wp\/v2\/media\/108697"}],"wp:attachment":[{"href":"https:\/\/kulturonline.tv\/de\/wp-json\/wp\/v2\/media?parent=108696"}],"wp:term":[{"taxonomy":"category","embeddable":true,"href":"https:\/\/kulturonline.tv\/de\/wp-json\/wp\/v2\/categories?post=108696"},{"taxonomy":"post_tag","embeddable":true,"href":"https:\/\/kulturonline.tv\/de\/wp-json\/wp\/v2\/tags?post=108696"}],"curies":[{"name":"wp","href":"https:\/\/api.w.org\/{rel}","templated":true}]}}