{"id":108702,"date":"2025-03-25T12:25:54","date_gmt":"2025-03-25T11:25:54","guid":{"rendered":"https:\/\/kulturonline.tv\/?p=108702"},"modified":"2025-03-25T12:26:02","modified_gmt":"2025-03-25T11:26:02","slug":"die-weisse-rose-als-musical","status":"publish","type":"post","link":"https:\/\/kulturonline.tv\/de\/die-weisse-rose-als-musical\/","title":{"rendered":"Die Wei\u00dfe Rose&#8220; als Musical"},"content":{"rendered":"\n<p><strong>Die Geschichte rund um die Geschwister Hans und Sophie Scholl und die NS- Widerstandgruppe &#8222;Die Wei\u00dfe Rose&#8220; kommt zum ersten Mal als Musical auf die B\u00fchne.<\/strong><\/p>\n\n\n\n<figure class=\"wp-block-image size-full\"><img fetchpriority=\"high\" decoding=\"async\" width=\"771\" height=\"388\" src=\"https:\/\/kulturonline.tv\/wp-content\/uploads\/2025\/03\/die-weise-rosse-kultur-online-tv.jpg\" alt=\"\" class=\"wp-image-108703\" srcset=\"https:\/\/kulturonline.tv\/wp-content\/uploads\/2025\/03\/die-weise-rosse-kultur-online-tv.jpg 771w, https:\/\/kulturonline.tv\/wp-content\/uploads\/2025\/03\/die-weise-rosse-kultur-online-tv-768x386.jpg 768w\" sizes=\"(max-width: 771px) 100vw, 771px\" \/><\/figure>\n\n\n\n<p>Die Weltpremiere des Musicals \u00fcber die Geschwister Scholl und ihre Widerstandsgruppe \u201eDie Wei\u00dfe Rose\u201c ist im Juni im Festspielhaus Neuschwanstein geplant. Im Juli soll es weitere Auff\u00fchrungen im Deutschen Theater in M\u00fcnchen geben. F\u00fcr Schulklassen sind gesonderte Vorstellungen vorgesehen.<\/p>\n\n\n\n<p>Hinter dem Projekt stehen der Komponist Alex Melcher und seine Frau Vera Bolten, die das Drehbuch verfasst hat. Beide sind in der Musical-Branche bekannt und haben in zahlreichen Produktionen Hauptrollen gespielt.<\/p>\n\n\n\n<p>Kultur Online TV-FM<\/p>\n\n\n\n<p>#news #theater #musical #geschichte<\/p>\n","protected":false},"excerpt":{"rendered":"<p>Die Geschichte rund um die Geschwister Hans und Sophie Scholl und die NS- Widerstandgruppe &#8222;Die Wei\u00dfe Rose&#8220; kommt zum ersten Mal als Musical auf die B\u00fchne. Die Weltpremiere des Musicals \u00fcber die Geschwister Scholl und ihre Widerstandsgruppe \u201eDie Wei\u00dfe Rose\u201c ist im Juni im Festspielhaus Neuschwanstein geplant. Im Juli soll es weitere Auff\u00fchrungen im Deutschen [&hellip;]<\/p>\n","protected":false},"author":2,"featured_media":108703,"comment_status":"open","ping_status":"open","sticky":false,"template":"","format":"standard","meta":{"_acf_changed":false,"footnotes":""},"categories":[105],"tags":[],"class_list":["post-108702","post","type-post","status-publish","format-standard","has-post-thumbnail","hentry","category-theater"],"acf":[],"yoast_head":"<!-- This site is optimized with the Yoast SEO plugin v26.1.1 - https:\/\/yoast.com\/wordpress\/plugins\/seo\/ -->\n<title>Die Wei\u00dfe Rose&quot; als Musical - Kultur Online TV &amp; FM<\/title>\n<meta name=\"description\" content=\"Die Geschichte rund um die Geschwister Hans und Sophie Scholl und die NS- Widerstandgruppe &quot;Die Wei\u00dfe Rose&quot; kommt zum ersten Mal als Musical auf die B\u00fchne.\" \/>\n<meta name=\"robots\" content=\"index, follow, max-snippet:-1, max-image-preview:large, max-video-preview:-1\" \/>\n<link rel=\"canonical\" href=\"https:\/\/kulturonline.tv\/de\/die-weisse-rose-als-musical\/\" \/>\n<meta property=\"og:locale\" content=\"de_DE\" \/>\n<meta property=\"og:type\" content=\"article\" \/>\n<meta property=\"og:title\" content=\"Die Wei\u00dfe Rose&quot; als Musical - Kultur Online TV &amp; FM\" \/>\n<meta property=\"og:description\" content=\"Die Geschichte rund um die Geschwister Hans und Sophie Scholl und die NS- Widerstandgruppe &quot;Die Wei\u00dfe Rose&quot; kommt zum ersten Mal als Musical auf die B\u00fchne.\" \/>\n<meta property=\"og:url\" content=\"https:\/\/kulturonline.tv\/de\/die-weisse-rose-als-musical\/\" \/>\n<meta property=\"og:site_name\" content=\"Kultur Online TV &amp; FM\" \/>\n<meta property=\"article:publisher\" content=\"https:\/\/www.facebook.com\/kulturonline.tv\" \/>\n<meta property=\"article:published_time\" content=\"2025-03-25T11:25:54+00:00\" \/>\n<meta property=\"article:modified_time\" content=\"2025-03-25T11:26:02+00:00\" \/>\n<meta property=\"og:image\" content=\"https:\/\/kulturonline.tv\/wp-content\/uploads\/2025\/03\/die-weise-rosse-kultur-online-tv.jpg\" \/>\n\t<meta property=\"og:image:width\" content=\"771\" \/>\n\t<meta property=\"og:image:height\" content=\"388\" \/>\n\t<meta property=\"og:image:type\" content=\"image\/jpeg\" \/>\n<meta name=\"author\" content=\"guenter.wolfgang\" \/>\n<meta name=\"twitter:card\" content=\"summary_large_image\" \/>\n<meta name=\"twitter:label1\" content=\"Verfasst von\" \/>\n\t<meta name=\"twitter:data1\" content=\"guenter.wolfgang\" \/>\n\t<meta name=\"twitter:label2\" content=\"Gesch\u00e4tzte Lesezeit\" \/>\n\t<meta name=\"twitter:data2\" content=\"1\u00a0Minute\" \/>\n<script type=\"application\/ld+json\" class=\"yoast-schema-graph\">{\"@context\":\"https:\/\/schema.org\",\"@graph\":[{\"@type\":\"Article\",\"@id\":\"https:\/\/kulturonline.tv\/de\/die-weisse-rose-als-musical\/#article\",\"isPartOf\":{\"@id\":\"https:\/\/kulturonline.tv\/de\/die-weisse-rose-als-musical\/\"},\"author\":{\"name\":\"guenter.wolfgang\",\"@id\":\"https:\/\/kulturonline.tv\/de\/#\/schema\/person\/b0fac729bb9a0c193fb1df23449df4fe\"},\"headline\":\"Die Wei\u00dfe Rose&#8220; als Musical\",\"datePublished\":\"2025-03-25T11:25:54+00:00\",\"dateModified\":\"2025-03-25T11:26:02+00:00\",\"mainEntityOfPage\":{\"@id\":\"https:\/\/kulturonline.tv\/de\/die-weisse-rose-als-musical\/\"},\"wordCount\":115,\"commentCount\":4,\"publisher\":{\"@id\":\"https:\/\/kulturonline.tv\/de\/#organization\"},\"image\":{\"@id\":\"https:\/\/kulturonline.tv\/de\/die-weisse-rose-als-musical\/#primaryimage\"},\"thumbnailUrl\":\"https:\/\/kulturonline.tv\/wp-content\/uploads\/2025\/03\/die-weise-rosse-kultur-online-tv.jpg\",\"articleSection\":[\"Theater\"],\"inLanguage\":\"de\",\"potentialAction\":[{\"@type\":\"CommentAction\",\"name\":\"Comment\",\"target\":[\"https:\/\/kulturonline.tv\/de\/die-weisse-rose-als-musical\/#respond\"]}]},{\"@type\":\"WebPage\",\"@id\":\"https:\/\/kulturonline.tv\/de\/die-weisse-rose-als-musical\/\",\"url\":\"https:\/\/kulturonline.tv\/de\/die-weisse-rose-als-musical\/\",\"name\":\"Die Wei\u00dfe Rose\\\" als Musical - Kultur Online TV &amp; FM\",\"isPartOf\":{\"@id\":\"https:\/\/kulturonline.tv\/de\/#website\"},\"primaryImageOfPage\":{\"@id\":\"https:\/\/kulturonline.tv\/de\/die-weisse-rose-als-musical\/#primaryimage\"},\"image\":{\"@id\":\"https:\/\/kulturonline.tv\/de\/die-weisse-rose-als-musical\/#primaryimage\"},\"thumbnailUrl\":\"https:\/\/kulturonline.tv\/wp-content\/uploads\/2025\/03\/die-weise-rosse-kultur-online-tv.jpg\",\"datePublished\":\"2025-03-25T11:25:54+00:00\",\"dateModified\":\"2025-03-25T11:26:02+00:00\",\"description\":\"Die Geschichte rund um die Geschwister Hans und Sophie Scholl und die NS- Widerstandgruppe \\\"Die Wei\u00dfe Rose\\\" kommt zum ersten Mal als Musical auf die B\u00fchne.\",\"breadcrumb\":{\"@id\":\"https:\/\/kulturonline.tv\/de\/die-weisse-rose-als-musical\/#breadcrumb\"},\"inLanguage\":\"de\",\"potentialAction\":[{\"@type\":\"ReadAction\",\"target\":[\"https:\/\/kulturonline.tv\/de\/die-weisse-rose-als-musical\/\"]}]},{\"@type\":\"ImageObject\",\"inLanguage\":\"de\",\"@id\":\"https:\/\/kulturonline.tv\/de\/die-weisse-rose-als-musical\/#primaryimage\",\"url\":\"https:\/\/kulturonline.tv\/wp-content\/uploads\/2025\/03\/die-weise-rosse-kultur-online-tv.jpg\",\"contentUrl\":\"https:\/\/kulturonline.tv\/wp-content\/uploads\/2025\/03\/die-weise-rosse-kultur-online-tv.jpg\",\"width\":771,\"height\":388},{\"@type\":\"BreadcrumbList\",\"@id\":\"https:\/\/kulturonline.tv\/de\/die-weisse-rose-als-musical\/#breadcrumb\",\"itemListElement\":[{\"@type\":\"ListItem\",\"position\":1,\"name\":\"Startseite\",\"item\":\"https:\/\/kulturonline.tv\/de\/\"},{\"@type\":\"ListItem\",\"position\":2,\"name\":\"Die Wei\u00dfe Rose&#8220; als Musical\"}]},{\"@type\":\"WebSite\",\"@id\":\"https:\/\/kulturonline.tv\/de\/#website\",\"url\":\"https:\/\/kulturonline.tv\/de\/\",\"name\":\"Kultur Online TV &amp; FM\",\"description\":\"Wir sind Kultur 2.0 zum sehen &amp; h\u00f6ren\",\"publisher\":{\"@id\":\"https:\/\/kulturonline.tv\/de\/#organization\"},\"potentialAction\":[{\"@type\":\"SearchAction\",\"target\":{\"@type\":\"EntryPoint\",\"urlTemplate\":\"https:\/\/kulturonline.tv\/de\/?s={search_term_string}\"},\"query-input\":{\"@type\":\"PropertyValueSpecification\",\"valueRequired\":true,\"valueName\":\"search_term_string\"}}],\"inLanguage\":\"de\"},{\"@type\":\"Organization\",\"@id\":\"https:\/\/kulturonline.tv\/de\/#organization\",\"name\":\"Kultur Online TV\",\"url\":\"https:\/\/kulturonline.tv\/de\/\",\"logo\":{\"@type\":\"ImageObject\",\"inLanguage\":\"de\",\"@id\":\"https:\/\/kulturonline.tv\/de\/#\/schema\/logo\/image\/\",\"url\":\"https:\/\/kulturonline.tv\/wp-content\/uploads\/2021\/08\/Kultur-Online-Tv-Logo-Endversion-neu.png\",\"contentUrl\":\"https:\/\/kulturonline.tv\/wp-content\/uploads\/2021\/08\/Kultur-Online-Tv-Logo-Endversion-neu.png\",\"width\":200,\"height\":200,\"caption\":\"Kultur Online TV\"},\"image\":{\"@id\":\"https:\/\/kulturonline.tv\/de\/#\/schema\/logo\/image\/\"},\"sameAs\":[\"https:\/\/www.facebook.com\/kulturonline.tv\",\"https:\/\/www.instagram.com\/kulturonline.tv\"]},{\"@type\":\"Person\",\"@id\":\"https:\/\/kulturonline.tv\/de\/#\/schema\/person\/b0fac729bb9a0c193fb1df23449df4fe\",\"name\":\"guenter.wolfgang\"}]}<\/script>\n<!-- \/ Yoast SEO plugin. -->","yoast_head_json":{"title":"Die Wei\u00dfe Rose\" als Musical - Kultur Online TV &amp; FM","description":"Die Geschichte rund um die Geschwister Hans und Sophie Scholl und die NS- Widerstandgruppe \"Die Wei\u00dfe Rose\" kommt zum ersten Mal als Musical auf die B\u00fchne.","robots":{"index":"index","follow":"follow","max-snippet":"max-snippet:-1","max-image-preview":"max-image-preview:large","max-video-preview":"max-video-preview:-1"},"canonical":"https:\/\/kulturonline.tv\/de\/die-weisse-rose-als-musical\/","og_locale":"de_DE","og_type":"article","og_title":"Die Wei\u00dfe Rose\" als Musical - Kultur Online TV &amp; FM","og_description":"Die Geschichte rund um die Geschwister Hans und Sophie Scholl und die NS- Widerstandgruppe \"Die Wei\u00dfe Rose\" kommt zum ersten Mal als Musical auf die B\u00fchne.","og_url":"https:\/\/kulturonline.tv\/de\/die-weisse-rose-als-musical\/","og_site_name":"Kultur Online TV &amp; FM","article_publisher":"https:\/\/www.facebook.com\/kulturonline.tv","article_published_time":"2025-03-25T11:25:54+00:00","article_modified_time":"2025-03-25T11:26:02+00:00","og_image":[{"width":771,"height":388,"url":"https:\/\/kulturonline.tv\/wp-content\/uploads\/2025\/03\/die-weise-rosse-kultur-online-tv.jpg","type":"image\/jpeg"}],"author":"guenter.wolfgang","twitter_card":"summary_large_image","twitter_misc":{"Verfasst von":"guenter.wolfgang","Gesch\u00e4tzte Lesezeit":"1\u00a0Minute"},"schema":{"@context":"https:\/\/schema.org","@graph":[{"@type":"Article","@id":"https:\/\/kulturonline.tv\/de\/die-weisse-rose-als-musical\/#article","isPartOf":{"@id":"https:\/\/kulturonline.tv\/de\/die-weisse-rose-als-musical\/"},"author":{"name":"guenter.wolfgang","@id":"https:\/\/kulturonline.tv\/de\/#\/schema\/person\/b0fac729bb9a0c193fb1df23449df4fe"},"headline":"Die Wei\u00dfe Rose&#8220; als Musical","datePublished":"2025-03-25T11:25:54+00:00","dateModified":"2025-03-25T11:26:02+00:00","mainEntityOfPage":{"@id":"https:\/\/kulturonline.tv\/de\/die-weisse-rose-als-musical\/"},"wordCount":115,"commentCount":4,"publisher":{"@id":"https:\/\/kulturonline.tv\/de\/#organization"},"image":{"@id":"https:\/\/kulturonline.tv\/de\/die-weisse-rose-als-musical\/#primaryimage"},"thumbnailUrl":"https:\/\/kulturonline.tv\/wp-content\/uploads\/2025\/03\/die-weise-rosse-kultur-online-tv.jpg","articleSection":["Theater"],"inLanguage":"de","potentialAction":[{"@type":"CommentAction","name":"Comment","target":["https:\/\/kulturonline.tv\/de\/die-weisse-rose-als-musical\/#respond"]}]},{"@type":"WebPage","@id":"https:\/\/kulturonline.tv\/de\/die-weisse-rose-als-musical\/","url":"https:\/\/kulturonline.tv\/de\/die-weisse-rose-als-musical\/","name":"Die Wei\u00dfe Rose\" als Musical - Kultur Online TV &amp; FM","isPartOf":{"@id":"https:\/\/kulturonline.tv\/de\/#website"},"primaryImageOfPage":{"@id":"https:\/\/kulturonline.tv\/de\/die-weisse-rose-als-musical\/#primaryimage"},"image":{"@id":"https:\/\/kulturonline.tv\/de\/die-weisse-rose-als-musical\/#primaryimage"},"thumbnailUrl":"https:\/\/kulturonline.tv\/wp-content\/uploads\/2025\/03\/die-weise-rosse-kultur-online-tv.jpg","datePublished":"2025-03-25T11:25:54+00:00","dateModified":"2025-03-25T11:26:02+00:00","description":"Die Geschichte rund um die Geschwister Hans und Sophie Scholl und die NS- Widerstandgruppe \"Die Wei\u00dfe Rose\" kommt zum ersten Mal als Musical auf die B\u00fchne.","breadcrumb":{"@id":"https:\/\/kulturonline.tv\/de\/die-weisse-rose-als-musical\/#breadcrumb"},"inLanguage":"de","potentialAction":[{"@type":"ReadAction","target":["https:\/\/kulturonline.tv\/de\/die-weisse-rose-als-musical\/"]}]},{"@type":"ImageObject","inLanguage":"de","@id":"https:\/\/kulturonline.tv\/de\/die-weisse-rose-als-musical\/#primaryimage","url":"https:\/\/kulturonline.tv\/wp-content\/uploads\/2025\/03\/die-weise-rosse-kultur-online-tv.jpg","contentUrl":"https:\/\/kulturonline.tv\/wp-content\/uploads\/2025\/03\/die-weise-rosse-kultur-online-tv.jpg","width":771,"height":388},{"@type":"BreadcrumbList","@id":"https:\/\/kulturonline.tv\/de\/die-weisse-rose-als-musical\/#breadcrumb","itemListElement":[{"@type":"ListItem","position":1,"name":"Startseite","item":"https:\/\/kulturonline.tv\/de\/"},{"@type":"ListItem","position":2,"name":"Die Wei\u00dfe Rose&#8220; als Musical"}]},{"@type":"WebSite","@id":"https:\/\/kulturonline.tv\/de\/#website","url":"https:\/\/kulturonline.tv\/de\/","name":"Kultur Online TV &amp; FM","description":"Wir sind Kultur 2.0 zum sehen &amp; h\u00f6ren","publisher":{"@id":"https:\/\/kulturonline.tv\/de\/#organization"},"potentialAction":[{"@type":"SearchAction","target":{"@type":"EntryPoint","urlTemplate":"https:\/\/kulturonline.tv\/de\/?s={search_term_string}"},"query-input":{"@type":"PropertyValueSpecification","valueRequired":true,"valueName":"search_term_string"}}],"inLanguage":"de"},{"@type":"Organization","@id":"https:\/\/kulturonline.tv\/de\/#organization","name":"Kultur Online TV","url":"https:\/\/kulturonline.tv\/de\/","logo":{"@type":"ImageObject","inLanguage":"de","@id":"https:\/\/kulturonline.tv\/de\/#\/schema\/logo\/image\/","url":"https:\/\/kulturonline.tv\/wp-content\/uploads\/2021\/08\/Kultur-Online-Tv-Logo-Endversion-neu.png","contentUrl":"https:\/\/kulturonline.tv\/wp-content\/uploads\/2021\/08\/Kultur-Online-Tv-Logo-Endversion-neu.png","width":200,"height":200,"caption":"Kultur Online TV"},"image":{"@id":"https:\/\/kulturonline.tv\/de\/#\/schema\/logo\/image\/"},"sameAs":["https:\/\/www.facebook.com\/kulturonline.tv","https:\/\/www.instagram.com\/kulturonline.tv"]},{"@type":"Person","@id":"https:\/\/kulturonline.tv\/de\/#\/schema\/person\/b0fac729bb9a0c193fb1df23449df4fe","name":"guenter.wolfgang"}]}},"_links":{"self":[{"href":"https:\/\/kulturonline.tv\/de\/wp-json\/wp\/v2\/posts\/108702","targetHints":{"allow":["GET"]}}],"collection":[{"href":"https:\/\/kulturonline.tv\/de\/wp-json\/wp\/v2\/posts"}],"about":[{"href":"https:\/\/kulturonline.tv\/de\/wp-json\/wp\/v2\/types\/post"}],"author":[{"embeddable":true,"href":"https:\/\/kulturonline.tv\/de\/wp-json\/wp\/v2\/users\/2"}],"replies":[{"embeddable":true,"href":"https:\/\/kulturonline.tv\/de\/wp-json\/wp\/v2\/comments?post=108702"}],"version-history":[{"count":1,"href":"https:\/\/kulturonline.tv\/de\/wp-json\/wp\/v2\/posts\/108702\/revisions"}],"predecessor-version":[{"id":108705,"href":"https:\/\/kulturonline.tv\/de\/wp-json\/wp\/v2\/posts\/108702\/revisions\/108705"}],"wp:featuredmedia":[{"embeddable":true,"href":"https:\/\/kulturonline.tv\/de\/wp-json\/wp\/v2\/media\/108703"}],"wp:attachment":[{"href":"https:\/\/kulturonline.tv\/de\/wp-json\/wp\/v2\/media?parent=108702"}],"wp:term":[{"taxonomy":"category","embeddable":true,"href":"https:\/\/kulturonline.tv\/de\/wp-json\/wp\/v2\/categories?post=108702"},{"taxonomy":"post_tag","embeddable":true,"href":"https:\/\/kulturonline.tv\/de\/wp-json\/wp\/v2\/tags?post=108702"}],"curies":[{"name":"wp","href":"https:\/\/api.w.org\/{rel}","templated":true}]}}