{"id":109244,"date":"2025-05-02T11:31:31","date_gmt":"2025-05-02T09:31:31","guid":{"rendered":"https:\/\/kulturonline.tv\/?p=109244"},"modified":"2025-05-02T11:31:34","modified_gmt":"2025-05-02T09:31:34","slug":"demons-ausstellung-alexander-hoeller","status":"publish","type":"post","link":"https:\/\/kulturonline.tv\/de\/demons-ausstellung-alexander-hoeller\/","title":{"rendered":"\u201eDemons\u201c Ausstellung Alexander H\u00f6ller"},"content":{"rendered":"\n<p><strong>10.<\/strong> <strong>Mai bis 7. Juni 2025 Galerie Hegemann, M\u00fcnchen<\/strong><\/p>\n\n\n\n<p>Mit \u201eDEMONS\u201c pr\u00e4sentiert Alexander H\u00f6ller seine neue Werkreihe. Und kn\u00fcpft damit an ein Ursujet der Malerei an, das er stilistisch und metaphorisch in die Jetztzeit \u00fcberf\u00fchrt.<\/p>\n\n\n\n<figure class=\"wp-block-image size-full\"><img fetchpriority=\"high\" decoding=\"async\" width=\"1126\" height=\"633\" src=\"https:\/\/kulturonline.tv\/wp-content\/uploads\/2025\/05\/Alexander-Hoeller-Demons-Atelier-Kultur-Online-TV-FM-edited.jpg\" alt=\"\" class=\"wp-image-109247\" srcset=\"https:\/\/kulturonline.tv\/wp-content\/uploads\/2025\/05\/Alexander-Hoeller-Demons-Atelier-Kultur-Online-TV-FM-edited.jpg 1126w, https:\/\/kulturonline.tv\/wp-content\/uploads\/2025\/05\/Alexander-Hoeller-Demons-Atelier-Kultur-Online-TV-FM-edited-800x450.jpg 800w, https:\/\/kulturonline.tv\/wp-content\/uploads\/2025\/05\/Alexander-Hoeller-Demons-Atelier-Kultur-Online-TV-FM-edited-768x432.jpg 768w\" sizes=\"(max-width: 1126px) 100vw, 1126px\" \/><\/figure>\n\n\n\n<h5 class=\"wp-block-heading\">\u00a9 Bild Alexander H\u00f6ller \/ Zierer Communications<\/h5>\n\n\n\n<p>D\u00e4monen hielten unter dem Einfluss des christlichen Glaubens und der katholischen Kirche sp\u00e4testens mit dem Mittelalter Einzug in die abendl\u00e4ndische Kunst. Wobei sie bis heute nichts an Faszination eingeb\u00fc\u00dft haben. <\/p>\n\n\n\n<figure class=\"wp-block-embed is-type-video is-provider-youtube wp-block-embed-youtube wp-embed-aspect-16-9 wp-has-aspect-ratio\"><div class=\"wp-block-embed__wrapper\">\n<iframe title=\"THE ALEXANDER HOELLER STORY\" width=\"800\" height=\"450\" src=\"https:\/\/www.youtube.com\/embed\/b0Yxxm7kO0o?start=51&#038;feature=oembed\" frameborder=\"0\" allow=\"accelerometer; autoplay; clipboard-write; encrypted-media; gyroscope; picture-in-picture; web-share\" referrerpolicy=\"strict-origin-when-cross-origin\" allowfullscreen><\/iframe>\n<\/div><\/figure>\n\n\n\n<p>Alexander H\u00f6ller nimmt sich in seiner neuen Werkreihe \u201eDEMONS\u201c dieses symboltr\u00e4chtigen Themas an; und erweitert es sowohl um stilistische wie metaphorische Komponenten, die von Aufbruch, Erneuerung und Erl\u00f6sung k\u00fcnden. Damit kn\u00fcpft er an die antike Lesart von Geistern und Zwischenwesen an, die als Mittler zwischen Gut und B\u00f6se bzw. den G\u00f6ttern und den Menschen galten.<\/p>\n\n\n\n<p><br>Gleichzeitig sind Alexander H\u00f6llers neue Bilder eine Referenz an die vielbeschworenen inneren D\u00e4monen, die bildende K\u00fcnstler wie James Ensor, Vincent van Gogh und Edvard Munch, aber auch viele Literaten und Musiker Zeit ihres Lebens und Schaffens qu\u00e4lten \u2013 und dabei doch entscheidend antrieben. <\/p>\n\n\n\n<figure class=\"wp-block-image size-large\"><img decoding=\"async\" width=\"1600\" height=\"1513\" src=\"https:\/\/kulturonline.tv\/wp-content\/uploads\/2025\/05\/Alexander-Hoeller_BLISS_2024_copyright-Hagen-Schaefer-1600x1513.jpg\" alt=\"\" class=\"wp-image-109249\" srcset=\"https:\/\/kulturonline.tv\/wp-content\/uploads\/2025\/05\/Alexander-Hoeller_BLISS_2024_copyright-Hagen-Schaefer-1600x1513.jpg 1600w, https:\/\/kulturonline.tv\/wp-content\/uploads\/2025\/05\/Alexander-Hoeller_BLISS_2024_copyright-Hagen-Schaefer-800x757.jpg 800w, https:\/\/kulturonline.tv\/wp-content\/uploads\/2025\/05\/Alexander-Hoeller_BLISS_2024_copyright-Hagen-Schaefer-768x726.jpg 768w, https:\/\/kulturonline.tv\/wp-content\/uploads\/2025\/05\/Alexander-Hoeller_BLISS_2024_copyright-Hagen-Schaefer-1536x1453.jpg 1536w, https:\/\/kulturonline.tv\/wp-content\/uploads\/2025\/05\/Alexander-Hoeller_BLISS_2024_copyright-Hagen-Schaefer.jpg 2048w\" sizes=\"(max-width: 1600px) 100vw, 1600px\" \/><\/figure>\n\n\n\n<h5 class=\"wp-block-heading\">\u00a9 Bild Alexander H\u00f6ller \/ Zierer Communications<\/h5>\n\n\n\n<p>D\u00e4monen sind mithin dialektisch zu begreifen: Als Seelenpeiniger und dunkle M\u00e4chte einerseits \u2013 als Motor und Stimulator f\u00fcr die sowohl menschliche als auch k\u00fcnstlerische L\u00e4uterung und Reifung andererseits.<\/p>\n\n\n\n<p><br>Dieser zweideutige Anspruch an das D\u00e4monen-Sujet schl\u00e4gt sich bei Alexander H\u00f6ller in einer Motivik nieder, die Versatzst\u00fccke von entbl\u00f6\u00dften M\u00fcndern und Z\u00e4hnen sowie von Augen pr\u00e4sentiert und diese zu rudiment\u00e4ren Antlitzen komponiert. <\/p>\n\n\n\n<p>Dabei agiert er im Modus der Dekonstruktion, wo die Fragmentierung und Formenaufl\u00f6sung zum Bruch mit Linien, Ebenen und Symmetrien f\u00fchrt. Trotz des skizzenhaften, geometrisch konzipierten Stils erhalten die Figuren so eine malerische Tiefe und bringen aus ihrer Zerlegung in Einzelkomponenten eine neue Formensprache hervor.<\/p>\n\n\n\n<figure class=\"wp-block-image size-large\"><img decoding=\"async\" width=\"1600\" height=\"1518\" src=\"https:\/\/kulturonline.tv\/wp-content\/uploads\/2025\/05\/Alexander-Hoeller_DAMIANO_2024_copyright-Hagen-Schaefer-1-1600x1518.jpg\" alt=\"\" class=\"wp-image-109255\" srcset=\"https:\/\/kulturonline.tv\/wp-content\/uploads\/2025\/05\/Alexander-Hoeller_DAMIANO_2024_copyright-Hagen-Schaefer-1-1600x1518.jpg 1600w, https:\/\/kulturonline.tv\/wp-content\/uploads\/2025\/05\/Alexander-Hoeller_DAMIANO_2024_copyright-Hagen-Schaefer-1-800x759.jpg 800w, https:\/\/kulturonline.tv\/wp-content\/uploads\/2025\/05\/Alexander-Hoeller_DAMIANO_2024_copyright-Hagen-Schaefer-1-768x729.jpg 768w, https:\/\/kulturonline.tv\/wp-content\/uploads\/2025\/05\/Alexander-Hoeller_DAMIANO_2024_copyright-Hagen-Schaefer-1-1536x1457.jpg 1536w, https:\/\/kulturonline.tv\/wp-content\/uploads\/2025\/05\/Alexander-Hoeller_DAMIANO_2024_copyright-Hagen-Schaefer-1.jpg 2048w\" sizes=\"(max-width: 1600px) 100vw, 1600px\" \/><\/figure>\n\n\n\n<h5 class=\"wp-block-heading\">\u00a9 Bild Alexander H\u00f6ller \/ Zierer Communications<\/h5>\n\n\n\n<p><br>Sind die Augen und M\u00fcnder in ihren zeichenhaften Verzerrungen und der Reduktion auf ihre lineare Essenz in dramatischem Schwarz-Wei\u00df gehalten und betonen somit die dunkle Seite des D\u00e4monischen, bestechen einzelne Bildfl\u00e4chen sowie die Hintergr\u00fcnde durch eine polychrome, h\u00e4ufig in Komplement\u00e4r-kontrasten gehaltene Farbgebung aus Rot- und Gr\u00fcn- sowie Orange- und Blaut\u00f6nen. Das latent Bedrohliche wird hier somit farbtechnisch gebrochen und in eine hedonistische Chromatik \u00fcberf\u00fchrt.<\/p>\n\n\n\n<p>Oder anders gesagt: Die D\u00e4monen werden einer positiven Konnotation zugef\u00fchrt. Genau das ist die Intention von Alexander H\u00f6ller. Durch das Prinzip der Zerst\u00f6rung von Formen und des komplement\u00e4ren Farbarrangements suggeriert er das \u00dcberwinden der inneren D\u00e4monen, die ihn umtreiben; und erm\u00f6glicht damit ihre Transition in etwas Gutes und  Sinnstiftendes. <\/p>\n\n\n\n<figure class=\"wp-block-image size-large\"><img loading=\"lazy\" decoding=\"async\" width=\"1067\" height=\"1600\" src=\"https:\/\/kulturonline.tv\/wp-content\/uploads\/2025\/05\/Alexander-Hoeller-Portrait-1067x1600.jpeg\" alt=\"\" class=\"wp-image-109263\" srcset=\"https:\/\/kulturonline.tv\/wp-content\/uploads\/2025\/05\/Alexander-Hoeller-Portrait-1067x1600.jpeg 1067w, https:\/\/kulturonline.tv\/wp-content\/uploads\/2025\/05\/Alexander-Hoeller-Portrait-533x800.jpeg 533w, https:\/\/kulturonline.tv\/wp-content\/uploads\/2025\/05\/Alexander-Hoeller-Portrait-768x1152.jpeg 768w, https:\/\/kulturonline.tv\/wp-content\/uploads\/2025\/05\/Alexander-Hoeller-Portrait-1024x1536.jpeg 1024w\" sizes=\"(max-width: 1067px) 100vw, 1067px\" \/><\/figure>\n\n\n\n<h5 class=\"wp-block-heading\">\u00a9 Bild Alexander H\u00f6ller \/ Zierer Communications<\/h5>\n\n\n\n<p>Die innere Wahrheit, mithin der Kampf mit den seelischen D\u00e4monen sowie der Prozess sich ihnen schlussendlich zu stellen und sie zu befrieden, \u00fcbertr\u00e4gt sich auf die Leinwand und wird zur bildlichen Wahrheit. Damit entspricht Alexander H\u00f6ller Paul C\u00e9zannes Anliegen \u201evom Schulden der Wahrheit in der Malerei\u201c.<\/p>\n\n\n\n<p>Eine weitere, wenngleich ihm unbewusste Referenz kommt jenen Arbeiten Alexander H\u00f6llers zu, in denen Augen das Bildgeschehen dominieren; so wirken sie wie eine zeitgen\u00f6ssische Fortf\u00fchrung von Ernst Wilhelm Nays ikonischen Augenbildern von 1964\/1965.<\/p>\n\n\n\n<p> Es geht um den Doppeleffekt des Schauens und Angeschaut-Werdens, des Impacts und Re-Impacts, welches sich zwischen Werk und Betrachter entspinnt \u2013 und so zu einer Spiegelung wird. Wie dereinst Nay kleidet Alexander H\u00f6ller die Augenformen in dynamische, abstrakte Kontexte und verbindet sie mit einer expressiven, stark kontrastierenden Farbsprache.<\/p>\n\n\n\n<figure class=\"wp-block-image size-full\"><img loading=\"lazy\" decoding=\"async\" width=\"906\" height=\"510\" src=\"https:\/\/kulturonline.tv\/wp-content\/uploads\/2025\/05\/Foto-Einladung-edited.jpg\" alt=\"\" class=\"wp-image-109265\" srcset=\"https:\/\/kulturonline.tv\/wp-content\/uploads\/2025\/05\/Foto-Einladung-edited.jpg 906w, https:\/\/kulturonline.tv\/wp-content\/uploads\/2025\/05\/Foto-Einladung-edited-800x450.jpg 800w, https:\/\/kulturonline.tv\/wp-content\/uploads\/2025\/05\/Foto-Einladung-edited-768x432.jpg 768w\" sizes=\"(max-width: 906px) 100vw, 906px\" \/><\/figure>\n\n\n\n<h5 class=\"wp-block-heading\">\u00a9 Bild Alexander H\u00f6ller \/ Zierer Communications<\/h5>\n\n\n\n<p><br>Ihre Komplexit\u00e4t verdanken die \u201eDEMONS\u201c-Arbeiten zudem den vielen zugrundeliegenden Papierschichten, die aus den \u00dcberklebungen alter Gem\u00e4lde resultieren. Die bereits zitierte malerische Tiefe erhalten die Werke dann aus einer Mixed Media-Technik, bei der Alexander H\u00f6ller zun\u00e4chst Spraypaint f\u00fcr die \u00dcbertragung seiner Vorskizzen verwendet, um die Motive dann mit \u00d6lkreide und Acrylfarbe sukzessiv herauszuarbeiten. <\/p>\n\n\n\n<p>So ergibt sich technisch wie materiell ein Spiel aus mehreren<br>Ebenen, welches den dreidimensionalen Charakter der Gem\u00e4lde verst\u00e4rkt. Startete Alexander H\u00f6ller die \u201eDEMONS\u201c-Reihe zun\u00e4chst in dunkleren Farben, so wurden die Arbeiten im<br>Lauf der Zeit heller, polychromer und sinnlicher. <\/p>\n\n\n\n<p>Das veranschaulicht einmal mehr, wie im Zuge k\u00fcnstlerischer Kontemplation und Konfrontation das D\u00fcstere in Seele und Werk zur\u00fccktritt \u2013 und in eine Katharsis m\u00fcndet, an deren Ende Krisenbew\u00e4ltigung, Neuorientierung und Selbstfindung stehen.<\/p>\n\n\n\n<p>In seinem Atelier vor den Toren M\u00fcnchens arbeitet der junge K\u00fcnstler meist bis tief in die Nacht, untermalt von harter und treibender Rockmusik. 1996 in Schweinfurt geboren, bemalte Alexander H\u00f6ller bereits als Kind Steine aus dem elterlichen Garten und verkaufte sie f\u00fcr 1 Euro. <\/p>\n\n\n\n<p>Mit 17 verlie\u00df er ein Jahr vor dem Abitur das Gymnasium, um sich ganz der Malerei widmen zu k\u00f6nnen. \u201eIch habe die Schule abgebrochen, nicht um K\u00fcnstler zu \u201awerden\u2018, sondern um K\u00fcnstler zu \u201asein\u2018.\u201c, sagt er heute.<\/p>\n\n\n\n<p><br>Weil er noch zu jung war, besuchte Alexander H\u00f6ller ein Jahr lang die private Freie Kunstwerkstatt in M\u00fcnchen. Schlie\u00dflich wurde er zum Wintersemester 2015 \u2013 ohne Abitur \u2013 als Student an der Akademie der Bildenden K\u00fcnste in N\u00fcrnberg angenommen. Dort studierte er u. a. bei Professor Thomas Hartmann. <\/p>\n\n\n\n<p>Von 2018 bis 2020 absolvierte er mit Diplom die Akademie der Bildenden K\u00fcnste in M\u00fcnchen, eine der bedeutendsten und \u00e4ltesten Kunsthochschulen Deutschlands. Seine Werke wurden in zahlreichen Ausstellungen u. a. in N\u00fcrnberg, Regensburg, Berlin, M\u00fcnchen, Wien sowie bei der ART Karlsruhe und in der Kunsthalle Schweinfurt gezeigt. In den USA wurden die Werke in Aspen, Chicago und in Miami zur Art Basel ausgestellt.<br><\/p>\n\n\n\n<p><strong>Die Werkzyklen:<\/strong><br>Sein erster Werkzyklus \u201eWald\u201c ist rein abstrakt gepr\u00e4gt und weist dabei Anleihen beim Informel auf. In den vielschichtigen, komplexen Gem\u00e4lden greift H\u00f6ller die archaisch gewachsenen Vegetationsmuster von W\u00e4ldern und Geh\u00f6lzen auf und entwirft mit hochfiligranen Ver\u00e4stelungen und undurchdringlichen<br>Netzstrukturen g\u00e4nzlich abstrahierte Naturansichten, die in ihrem Gestus an die abstrakten Expressionisten um Jackson Pollock, Franz Kline und Cy Twombly erinnern.<\/p>\n\n\n\n<p>Gleichzeitig sind sie eine Hommage an den Mythos deutscher Wald, der von den Malern der Romantik implementiert und im 20. Jahrhundert von K\u00fcnstlern wie Anselm Kiefer und Georg Baselitz thematisch fortgef\u00fchrt wurde, die H\u00f6ller zu seinen Idolen z\u00e4hlt.<\/p>\n\n\n\n<p><br>Mit seiner zweiten Serie \u201eDer stumme Schrei\u201c wechselt H\u00f6ller ins verhalten Figurative und fokussiert einen stark zeichnerischen Duktus. Hier sind es hybride Wesen und kubistisch bis orbikular angerissene Figuren, die dem Betrachter den gestreckten Mittelfinger zeigen. Damit will H\u00f6ller f\u00fcr die Freiheit des Individuums eintreten, zu dessen Naturrecht es geh\u00f6ren soll, sich fernab gesellschaftlicher Konventionen, \u00fcberzogener<br>Anspr\u00fcche und bigotter Moralvorstellungen auszuleben. <\/p>\n\n\n\n<p>Mit den gezielten Fragmentierungen und formelhaft skizzierten Figuren verweist Alexander H\u00f6ller auf Vorbilder wie Pablo Picasso und Jean-Michel Basquiat, die gleichfalls f\u00fcr die Freiheit der Kunst und die Unabh\u00e4ngigkeit des Geistes eintraten.<\/p>\n\n\n\n<p><br>Seine Werkreihe \u201eNeuronen\u201c besteht aus Objekten mit fluoreszierenden Schn\u00fcren, die mit ihrer synapsenartigen Struktur gleichsam menschliche Kognition und Naturintelligenz sichtbar machen sollen.<br>F\u00fcr alle Werke l\u00e4sst Alexander H\u00f6ller seine Leinw\u00e4nde in einem belgischen Handwerksbetrieb, die auch Damien Hirst und Gerhard Richter beliefern, herstellen.<\/p>\n\n\n\n<p><br><strong>Ausstellung: 10. Mai \u2013 7. Juni 2025<br>Galerie Hegemann<br>Hackenstr.5, 80331 M\u00fcnchen<\/strong><br><a href=\"https:\/\/www.galerie-hegemann.de\/\">https:\/\/www.galerie-hegemann.de\/<\/a><\/p>\n\n\n\n<p>Kultur Online TV-FM<\/p>\n\n\n\n<p>#ausstellung #m\u00fcnchen #galerie<\/p>\n\n\n\n<p><\/p>\n","protected":false},"excerpt":{"rendered":"<p>10. Mai bis 7. Juni 2025 Galerie Hegemann, M\u00fcnchen Mit \u201eDEMONS\u201c pr\u00e4sentiert Alexander H\u00f6ller seine neue Werkreihe. Und kn\u00fcpft damit an ein Ursujet der Malerei an, das er stilistisch und metaphorisch in die Jetztzeit \u00fcberf\u00fchrt. \u00a9 Bild Alexander H\u00f6ller \/ Zierer Communications D\u00e4monen hielten unter dem Einfluss des christlichen Glaubens und der katholischen Kirche sp\u00e4testens [&hellip;]<\/p>\n","protected":false},"author":2,"featured_media":109265,"comment_status":"open","ping_status":"open","sticky":false,"template":"","format":"standard","meta":{"_acf_changed":false,"footnotes":""},"categories":[107,3],"tags":[],"class_list":["post-109244","post","type-post","status-publish","format-standard","has-post-thumbnail","hentry","category-kunst","category-newsflash"],"acf":[],"yoast_head":"<!-- This site is optimized with the Yoast SEO plugin v26.1.1 - https:\/\/yoast.com\/wordpress\/plugins\/seo\/ -->\n<title>\u201eDemons\u201c Ausstellung Alexander H\u00f6ller - Kultur Online TV &amp; FM<\/title>\n<meta name=\"description\" content=\"Mit \u201eDEMONS\u201c pr\u00e4sentiert Alexander H\u00f6ller seine neue Werkreihe. Und kn\u00fcpft damit an ein Ursujet der Malerei an, das er stilistisch und metaphorisch in die Jetztzeit \u00fcberf\u00fchrt.\" \/>\n<meta name=\"robots\" content=\"index, follow, max-snippet:-1, max-image-preview:large, max-video-preview:-1\" \/>\n<link rel=\"canonical\" href=\"https:\/\/kulturonline.tv\/de\/demons-ausstellung-alexander-hoeller\/\" \/>\n<meta property=\"og:locale\" content=\"de_DE\" \/>\n<meta property=\"og:type\" content=\"article\" \/>\n<meta property=\"og:title\" content=\"\u201eDemons\u201c Ausstellung Alexander H\u00f6ller - Kultur Online TV &amp; FM\" \/>\n<meta property=\"og:description\" content=\"Mit \u201eDEMONS\u201c pr\u00e4sentiert Alexander H\u00f6ller seine neue Werkreihe. Und kn\u00fcpft damit an ein Ursujet der Malerei an, das er stilistisch und metaphorisch in die Jetztzeit \u00fcberf\u00fchrt.\" \/>\n<meta property=\"og:url\" content=\"https:\/\/kulturonline.tv\/de\/demons-ausstellung-alexander-hoeller\/\" \/>\n<meta property=\"og:site_name\" content=\"Kultur Online TV &amp; FM\" \/>\n<meta property=\"article:publisher\" content=\"https:\/\/www.facebook.com\/kulturonline.tv\" \/>\n<meta property=\"article:published_time\" content=\"2025-05-02T09:31:31+00:00\" \/>\n<meta property=\"article:modified_time\" content=\"2025-05-02T09:31:34+00:00\" \/>\n<meta property=\"og:image\" content=\"https:\/\/kulturonline.tv\/wp-content\/uploads\/2025\/05\/Foto-Einladung-edited.jpg\" \/>\n\t<meta property=\"og:image:width\" content=\"906\" \/>\n\t<meta property=\"og:image:height\" content=\"510\" \/>\n\t<meta property=\"og:image:type\" content=\"image\/jpeg\" \/>\n<meta name=\"author\" content=\"guenter.wolfgang\" \/>\n<meta name=\"twitter:card\" content=\"summary_large_image\" \/>\n<meta name=\"twitter:label1\" content=\"Verfasst von\" \/>\n\t<meta name=\"twitter:data1\" content=\"guenter.wolfgang\" \/>\n\t<meta name=\"twitter:label2\" content=\"Gesch\u00e4tzte Lesezeit\" \/>\n\t<meta name=\"twitter:data2\" content=\"6\u00a0Minuten\" \/>\n<script type=\"application\/ld+json\" class=\"yoast-schema-graph\">{\"@context\":\"https:\/\/schema.org\",\"@graph\":[{\"@type\":\"Article\",\"@id\":\"https:\/\/kulturonline.tv\/de\/demons-ausstellung-alexander-hoeller\/#article\",\"isPartOf\":{\"@id\":\"https:\/\/kulturonline.tv\/de\/demons-ausstellung-alexander-hoeller\/\"},\"author\":{\"name\":\"guenter.wolfgang\",\"@id\":\"https:\/\/kulturonline.tv\/de\/#\/schema\/person\/b0fac729bb9a0c193fb1df23449df4fe\"},\"headline\":\"\u201eDemons\u201c Ausstellung Alexander H\u00f6ller\",\"datePublished\":\"2025-05-02T09:31:31+00:00\",\"dateModified\":\"2025-05-02T09:31:34+00:00\",\"mainEntityOfPage\":{\"@id\":\"https:\/\/kulturonline.tv\/de\/demons-ausstellung-alexander-hoeller\/\"},\"wordCount\":1218,\"commentCount\":0,\"publisher\":{\"@id\":\"https:\/\/kulturonline.tv\/de\/#organization\"},\"image\":{\"@id\":\"https:\/\/kulturonline.tv\/de\/demons-ausstellung-alexander-hoeller\/#primaryimage\"},\"thumbnailUrl\":\"https:\/\/kulturonline.tv\/wp-content\/uploads\/2025\/05\/Foto-Einladung-edited.jpg\",\"articleSection\":[\"Kunst\",\"Newsflash\"],\"inLanguage\":\"de\",\"potentialAction\":[{\"@type\":\"CommentAction\",\"name\":\"Comment\",\"target\":[\"https:\/\/kulturonline.tv\/de\/demons-ausstellung-alexander-hoeller\/#respond\"]}]},{\"@type\":\"WebPage\",\"@id\":\"https:\/\/kulturonline.tv\/de\/demons-ausstellung-alexander-hoeller\/\",\"url\":\"https:\/\/kulturonline.tv\/de\/demons-ausstellung-alexander-hoeller\/\",\"name\":\"\u201eDemons\u201c Ausstellung Alexander H\u00f6ller - Kultur Online TV &amp; FM\",\"isPartOf\":{\"@id\":\"https:\/\/kulturonline.tv\/de\/#website\"},\"primaryImageOfPage\":{\"@id\":\"https:\/\/kulturonline.tv\/de\/demons-ausstellung-alexander-hoeller\/#primaryimage\"},\"image\":{\"@id\":\"https:\/\/kulturonline.tv\/de\/demons-ausstellung-alexander-hoeller\/#primaryimage\"},\"thumbnailUrl\":\"https:\/\/kulturonline.tv\/wp-content\/uploads\/2025\/05\/Foto-Einladung-edited.jpg\",\"datePublished\":\"2025-05-02T09:31:31+00:00\",\"dateModified\":\"2025-05-02T09:31:34+00:00\",\"description\":\"Mit \u201eDEMONS\u201c pr\u00e4sentiert Alexander H\u00f6ller seine neue Werkreihe. Und kn\u00fcpft damit an ein Ursujet der Malerei an, das er stilistisch und metaphorisch in die Jetztzeit \u00fcberf\u00fchrt.\",\"breadcrumb\":{\"@id\":\"https:\/\/kulturonline.tv\/de\/demons-ausstellung-alexander-hoeller\/#breadcrumb\"},\"inLanguage\":\"de\",\"potentialAction\":[{\"@type\":\"ReadAction\",\"target\":[\"https:\/\/kulturonline.tv\/de\/demons-ausstellung-alexander-hoeller\/\"]}]},{\"@type\":\"ImageObject\",\"inLanguage\":\"de\",\"@id\":\"https:\/\/kulturonline.tv\/de\/demons-ausstellung-alexander-hoeller\/#primaryimage\",\"url\":\"https:\/\/kulturonline.tv\/wp-content\/uploads\/2025\/05\/Foto-Einladung-edited.jpg\",\"contentUrl\":\"https:\/\/kulturonline.tv\/wp-content\/uploads\/2025\/05\/Foto-Einladung-edited.jpg\",\"width\":906,\"height\":510},{\"@type\":\"BreadcrumbList\",\"@id\":\"https:\/\/kulturonline.tv\/de\/demons-ausstellung-alexander-hoeller\/#breadcrumb\",\"itemListElement\":[{\"@type\":\"ListItem\",\"position\":1,\"name\":\"Startseite\",\"item\":\"https:\/\/kulturonline.tv\/de\/\"},{\"@type\":\"ListItem\",\"position\":2,\"name\":\"\u201eDemons\u201c Ausstellung Alexander H\u00f6ller\"}]},{\"@type\":\"WebSite\",\"@id\":\"https:\/\/kulturonline.tv\/de\/#website\",\"url\":\"https:\/\/kulturonline.tv\/de\/\",\"name\":\"Kultur Online TV &amp; FM\",\"description\":\"Wir sind Kultur 2.0 zum sehen &amp; h\u00f6ren\",\"publisher\":{\"@id\":\"https:\/\/kulturonline.tv\/de\/#organization\"},\"potentialAction\":[{\"@type\":\"SearchAction\",\"target\":{\"@type\":\"EntryPoint\",\"urlTemplate\":\"https:\/\/kulturonline.tv\/de\/?s={search_term_string}\"},\"query-input\":{\"@type\":\"PropertyValueSpecification\",\"valueRequired\":true,\"valueName\":\"search_term_string\"}}],\"inLanguage\":\"de\"},{\"@type\":\"Organization\",\"@id\":\"https:\/\/kulturonline.tv\/de\/#organization\",\"name\":\"Kultur Online TV\",\"url\":\"https:\/\/kulturonline.tv\/de\/\",\"logo\":{\"@type\":\"ImageObject\",\"inLanguage\":\"de\",\"@id\":\"https:\/\/kulturonline.tv\/de\/#\/schema\/logo\/image\/\",\"url\":\"https:\/\/kulturonline.tv\/wp-content\/uploads\/2021\/08\/Kultur-Online-Tv-Logo-Endversion-neu.png\",\"contentUrl\":\"https:\/\/kulturonline.tv\/wp-content\/uploads\/2021\/08\/Kultur-Online-Tv-Logo-Endversion-neu.png\",\"width\":200,\"height\":200,\"caption\":\"Kultur Online TV\"},\"image\":{\"@id\":\"https:\/\/kulturonline.tv\/de\/#\/schema\/logo\/image\/\"},\"sameAs\":[\"https:\/\/www.facebook.com\/kulturonline.tv\",\"https:\/\/www.instagram.com\/kulturonline.tv\"]},{\"@type\":\"Person\",\"@id\":\"https:\/\/kulturonline.tv\/de\/#\/schema\/person\/b0fac729bb9a0c193fb1df23449df4fe\",\"name\":\"guenter.wolfgang\"}]}<\/script>\n<!-- \/ Yoast SEO plugin. -->","yoast_head_json":{"title":"\u201eDemons\u201c Ausstellung Alexander H\u00f6ller - Kultur Online TV &amp; FM","description":"Mit \u201eDEMONS\u201c pr\u00e4sentiert Alexander H\u00f6ller seine neue Werkreihe. Und kn\u00fcpft damit an ein Ursujet der Malerei an, das er stilistisch und metaphorisch in die Jetztzeit \u00fcberf\u00fchrt.","robots":{"index":"index","follow":"follow","max-snippet":"max-snippet:-1","max-image-preview":"max-image-preview:large","max-video-preview":"max-video-preview:-1"},"canonical":"https:\/\/kulturonline.tv\/de\/demons-ausstellung-alexander-hoeller\/","og_locale":"de_DE","og_type":"article","og_title":"\u201eDemons\u201c Ausstellung Alexander H\u00f6ller - Kultur Online TV &amp; FM","og_description":"Mit \u201eDEMONS\u201c pr\u00e4sentiert Alexander H\u00f6ller seine neue Werkreihe. Und kn\u00fcpft damit an ein Ursujet der Malerei an, das er stilistisch und metaphorisch in die Jetztzeit \u00fcberf\u00fchrt.","og_url":"https:\/\/kulturonline.tv\/de\/demons-ausstellung-alexander-hoeller\/","og_site_name":"Kultur Online TV &amp; FM","article_publisher":"https:\/\/www.facebook.com\/kulturonline.tv","article_published_time":"2025-05-02T09:31:31+00:00","article_modified_time":"2025-05-02T09:31:34+00:00","og_image":[{"width":906,"height":510,"url":"https:\/\/kulturonline.tv\/wp-content\/uploads\/2025\/05\/Foto-Einladung-edited.jpg","type":"image\/jpeg"}],"author":"guenter.wolfgang","twitter_card":"summary_large_image","twitter_misc":{"Verfasst von":"guenter.wolfgang","Gesch\u00e4tzte Lesezeit":"6\u00a0Minuten"},"schema":{"@context":"https:\/\/schema.org","@graph":[{"@type":"Article","@id":"https:\/\/kulturonline.tv\/de\/demons-ausstellung-alexander-hoeller\/#article","isPartOf":{"@id":"https:\/\/kulturonline.tv\/de\/demons-ausstellung-alexander-hoeller\/"},"author":{"name":"guenter.wolfgang","@id":"https:\/\/kulturonline.tv\/de\/#\/schema\/person\/b0fac729bb9a0c193fb1df23449df4fe"},"headline":"\u201eDemons\u201c Ausstellung Alexander H\u00f6ller","datePublished":"2025-05-02T09:31:31+00:00","dateModified":"2025-05-02T09:31:34+00:00","mainEntityOfPage":{"@id":"https:\/\/kulturonline.tv\/de\/demons-ausstellung-alexander-hoeller\/"},"wordCount":1218,"commentCount":0,"publisher":{"@id":"https:\/\/kulturonline.tv\/de\/#organization"},"image":{"@id":"https:\/\/kulturonline.tv\/de\/demons-ausstellung-alexander-hoeller\/#primaryimage"},"thumbnailUrl":"https:\/\/kulturonline.tv\/wp-content\/uploads\/2025\/05\/Foto-Einladung-edited.jpg","articleSection":["Kunst","Newsflash"],"inLanguage":"de","potentialAction":[{"@type":"CommentAction","name":"Comment","target":["https:\/\/kulturonline.tv\/de\/demons-ausstellung-alexander-hoeller\/#respond"]}]},{"@type":"WebPage","@id":"https:\/\/kulturonline.tv\/de\/demons-ausstellung-alexander-hoeller\/","url":"https:\/\/kulturonline.tv\/de\/demons-ausstellung-alexander-hoeller\/","name":"\u201eDemons\u201c Ausstellung Alexander H\u00f6ller - Kultur Online TV &amp; FM","isPartOf":{"@id":"https:\/\/kulturonline.tv\/de\/#website"},"primaryImageOfPage":{"@id":"https:\/\/kulturonline.tv\/de\/demons-ausstellung-alexander-hoeller\/#primaryimage"},"image":{"@id":"https:\/\/kulturonline.tv\/de\/demons-ausstellung-alexander-hoeller\/#primaryimage"},"thumbnailUrl":"https:\/\/kulturonline.tv\/wp-content\/uploads\/2025\/05\/Foto-Einladung-edited.jpg","datePublished":"2025-05-02T09:31:31+00:00","dateModified":"2025-05-02T09:31:34+00:00","description":"Mit \u201eDEMONS\u201c pr\u00e4sentiert Alexander H\u00f6ller seine neue Werkreihe. Und kn\u00fcpft damit an ein Ursujet der Malerei an, das er stilistisch und metaphorisch in die Jetztzeit \u00fcberf\u00fchrt.","breadcrumb":{"@id":"https:\/\/kulturonline.tv\/de\/demons-ausstellung-alexander-hoeller\/#breadcrumb"},"inLanguage":"de","potentialAction":[{"@type":"ReadAction","target":["https:\/\/kulturonline.tv\/de\/demons-ausstellung-alexander-hoeller\/"]}]},{"@type":"ImageObject","inLanguage":"de","@id":"https:\/\/kulturonline.tv\/de\/demons-ausstellung-alexander-hoeller\/#primaryimage","url":"https:\/\/kulturonline.tv\/wp-content\/uploads\/2025\/05\/Foto-Einladung-edited.jpg","contentUrl":"https:\/\/kulturonline.tv\/wp-content\/uploads\/2025\/05\/Foto-Einladung-edited.jpg","width":906,"height":510},{"@type":"BreadcrumbList","@id":"https:\/\/kulturonline.tv\/de\/demons-ausstellung-alexander-hoeller\/#breadcrumb","itemListElement":[{"@type":"ListItem","position":1,"name":"Startseite","item":"https:\/\/kulturonline.tv\/de\/"},{"@type":"ListItem","position":2,"name":"\u201eDemons\u201c Ausstellung Alexander H\u00f6ller"}]},{"@type":"WebSite","@id":"https:\/\/kulturonline.tv\/de\/#website","url":"https:\/\/kulturonline.tv\/de\/","name":"Kultur Online TV &amp; FM","description":"Wir sind Kultur 2.0 zum sehen &amp; h\u00f6ren","publisher":{"@id":"https:\/\/kulturonline.tv\/de\/#organization"},"potentialAction":[{"@type":"SearchAction","target":{"@type":"EntryPoint","urlTemplate":"https:\/\/kulturonline.tv\/de\/?s={search_term_string}"},"query-input":{"@type":"PropertyValueSpecification","valueRequired":true,"valueName":"search_term_string"}}],"inLanguage":"de"},{"@type":"Organization","@id":"https:\/\/kulturonline.tv\/de\/#organization","name":"Kultur Online TV","url":"https:\/\/kulturonline.tv\/de\/","logo":{"@type":"ImageObject","inLanguage":"de","@id":"https:\/\/kulturonline.tv\/de\/#\/schema\/logo\/image\/","url":"https:\/\/kulturonline.tv\/wp-content\/uploads\/2021\/08\/Kultur-Online-Tv-Logo-Endversion-neu.png","contentUrl":"https:\/\/kulturonline.tv\/wp-content\/uploads\/2021\/08\/Kultur-Online-Tv-Logo-Endversion-neu.png","width":200,"height":200,"caption":"Kultur Online TV"},"image":{"@id":"https:\/\/kulturonline.tv\/de\/#\/schema\/logo\/image\/"},"sameAs":["https:\/\/www.facebook.com\/kulturonline.tv","https:\/\/www.instagram.com\/kulturonline.tv"]},{"@type":"Person","@id":"https:\/\/kulturonline.tv\/de\/#\/schema\/person\/b0fac729bb9a0c193fb1df23449df4fe","name":"guenter.wolfgang"}]}},"_links":{"self":[{"href":"https:\/\/kulturonline.tv\/de\/wp-json\/wp\/v2\/posts\/109244","targetHints":{"allow":["GET"]}}],"collection":[{"href":"https:\/\/kulturonline.tv\/de\/wp-json\/wp\/v2\/posts"}],"about":[{"href":"https:\/\/kulturonline.tv\/de\/wp-json\/wp\/v2\/types\/post"}],"author":[{"embeddable":true,"href":"https:\/\/kulturonline.tv\/de\/wp-json\/wp\/v2\/users\/2"}],"replies":[{"embeddable":true,"href":"https:\/\/kulturonline.tv\/de\/wp-json\/wp\/v2\/comments?post=109244"}],"version-history":[{"count":1,"href":"https:\/\/kulturonline.tv\/de\/wp-json\/wp\/v2\/posts\/109244\/revisions"}],"predecessor-version":[{"id":109267,"href":"https:\/\/kulturonline.tv\/de\/wp-json\/wp\/v2\/posts\/109244\/revisions\/109267"}],"wp:featuredmedia":[{"embeddable":true,"href":"https:\/\/kulturonline.tv\/de\/wp-json\/wp\/v2\/media\/109265"}],"wp:attachment":[{"href":"https:\/\/kulturonline.tv\/de\/wp-json\/wp\/v2\/media?parent=109244"}],"wp:term":[{"taxonomy":"category","embeddable":true,"href":"https:\/\/kulturonline.tv\/de\/wp-json\/wp\/v2\/categories?post=109244"},{"taxonomy":"post_tag","embeddable":true,"href":"https:\/\/kulturonline.tv\/de\/wp-json\/wp\/v2\/tags?post=109244"}],"curies":[{"name":"wp","href":"https:\/\/api.w.org\/{rel}","templated":true}]}}