{"id":10957,"date":"2021-11-04T08:37:52","date_gmt":"2021-11-04T07:37:52","guid":{"rendered":"https:\/\/kulturonline.tv\/?p=10957"},"modified":"2021-11-04T08:37:54","modified_gmt":"2021-11-04T07:37:54","slug":"digital-art-museum-kunst-und-kultur-als-wirtschaftsfaktor","status":"publish","type":"post","link":"https:\/\/kulturonline.tv\/de\/digital-art-museum-kunst-und-kultur-als-wirtschaftsfaktor\/","title":{"rendered":"Digital Art Museum &#8211; Kunst und Kultur als Wirtschaftsfaktor"},"content":{"rendered":"\n<p>Hamburgs Strahlkraft nimmt f\u00fcr Touristen durch Europas ersten digitalen Kunst-Museum zu.<\/p>\n\n\n\n<figure class=\"wp-block-image size-large\"><img fetchpriority=\"high\" decoding=\"async\" width=\"2560\" height=\"1440\" src=\"https:\/\/kulturonline.tv\/wp-content\/uploads\/2021\/11\/Bildschirmfoto-2021-11-04-um-08.12.17-edited.png\" alt=\"\" class=\"wp-image-10961\" srcset=\"https:\/\/kulturonline.tv\/wp-content\/uploads\/2021\/11\/Bildschirmfoto-2021-11-04-um-08.12.17-edited.png 2560w, https:\/\/kulturonline.tv\/wp-content\/uploads\/2021\/11\/Bildschirmfoto-2021-11-04-um-08.12.17-edited-600x338.png 600w, https:\/\/kulturonline.tv\/wp-content\/uploads\/2021\/11\/Bildschirmfoto-2021-11-04-um-08.12.17-edited-800x450.png 800w, https:\/\/kulturonline.tv\/wp-content\/uploads\/2021\/11\/Bildschirmfoto-2021-11-04-um-08.12.17-edited-1600x900.png 1600w, https:\/\/kulturonline.tv\/wp-content\/uploads\/2021\/11\/Bildschirmfoto-2021-11-04-um-08.12.17-edited-768x432.png 768w, https:\/\/kulturonline.tv\/wp-content\/uploads\/2021\/11\/Bildschirmfoto-2021-11-04-um-08.12.17-edited-1536x864.png 1536w, https:\/\/kulturonline.tv\/wp-content\/uploads\/2021\/11\/Bildschirmfoto-2021-11-04-um-08.12.17-edited-2048x1152.png 2048w\" sizes=\"(max-width: 2560px) 100vw, 2560px\" \/><figcaption>\u00a9 teamLab<\/figcaption><\/figure>\n\n\n\n<p>Lars Hinrichs initiiert die permanente Ausstellung teamLab Borderless Hamburg. Auf \u00fcber 7000 qm entsteht in der \u00f6stlichen HafenCity Europas erstes und gr\u00f6\u00dftes digitales Museum. Hinrichs ist besonders von er Idee \u00fcberzeugt, da er auf einer gemeinsamen Reise mit dem B\u00fcrgermeister Peter Tschentscher sich das digitale Museum in Tokio anschaute und total geflasht nach Hamburg zur\u00fcckkehrte. 45 Millionen Euro soll das Museum kosten, die auch Tschentscher voll unterst\u00fctzt. <\/p>\n\n\n\n<p>Das f\u00fcr 2024 geplante Museum zeigt die vielf\u00e4ltigen Perspektiven der Digitalisierung und ermutigt sich weiter in der Gestaltung der digitalen Zukunft einzubringen. Die digitale Kunst ist nur der n\u00e4chste logische Schritt, laut Hinrichs. <\/p>\n\n\n\n<p>Die Zielgruppe wird von &#8222;null bis 99&#8220; auf &#8222;null bis 120&#8220; erweitert. Angesichts der zunehmenden Lebenserwartung schien es der Gesch\u00e4ftsf\u00fchrerin des digitalen Museums Caren Brockmann sinnreich.<\/p>\n\n\n\n<p>Der Antrieb der Neugier lie\u00df jetzt schon den Ticketverkauf erfolgreich starten. Mehrere Hundert Interessierte sicherten sich schon jetzt f\u00fcr ein nicht gebautes Museum ein Ticket f\u00fcr die geplante Ausstellung.<\/p>\n\n\n\n<p>Kutur Online Tv<\/p>\n\n\n\n<p>#hamburg #digital #kultur #kunst<\/p>\n","protected":false},"excerpt":{"rendered":"<p>Hamburgs Strahlkraft nimmt f\u00fcr Touristen durch Europas ersten digitalen Kunst-Museum zu. Lars Hinrichs initiiert die permanente Ausstellung teamLab Borderless Hamburg. Auf \u00fcber 7000 qm entsteht in der \u00f6stlichen HafenCity Europas erstes und gr\u00f6\u00dftes digitales Museum. Hinrichs ist besonders von er Idee \u00fcberzeugt, da er auf einer gemeinsamen Reise mit dem B\u00fcrgermeister Peter Tschentscher sich das [&hellip;]<\/p>\n","protected":false},"author":2,"featured_media":10961,"comment_status":"closed","ping_status":"closed","sticky":false,"template":"","format":"standard","meta":{"_acf_changed":false,"footnotes":""},"categories":[107],"tags":[],"class_list":["post-10957","post","type-post","status-publish","format-standard","has-post-thumbnail","hentry","category-kunst"],"acf":[],"yoast_head":"<!-- This site is optimized with the Yoast SEO plugin v26.1.1 - https:\/\/yoast.com\/wordpress\/plugins\/seo\/ -->\n<title>Digital Art Museum - Kunst und Kultur als Wirtschaftsfaktor - Kultur Online TV &amp; FM<\/title>\n<meta name=\"description\" content=\"Kultur sehen und H\u00f6ren\" \/>\n<meta name=\"robots\" content=\"index, follow, max-snippet:-1, max-image-preview:large, max-video-preview:-1\" \/>\n<link rel=\"canonical\" href=\"https:\/\/kulturonline.tv\/de\/digital-art-museum-kunst-und-kultur-als-wirtschaftsfaktor\/\" \/>\n<meta property=\"og:locale\" content=\"de_DE\" \/>\n<meta property=\"og:type\" content=\"article\" \/>\n<meta property=\"og:title\" content=\"Digital Art Museum - Kunst und Kultur als Wirtschaftsfaktor - Kultur Online TV &amp; FM\" \/>\n<meta property=\"og:description\" content=\"Kultur sehen und H\u00f6ren\" \/>\n<meta property=\"og:url\" content=\"https:\/\/kulturonline.tv\/de\/digital-art-museum-kunst-und-kultur-als-wirtschaftsfaktor\/\" \/>\n<meta property=\"og:site_name\" content=\"Kultur Online TV &amp; FM\" \/>\n<meta property=\"article:publisher\" content=\"https:\/\/www.facebook.com\/kulturonline.tv\" \/>\n<meta property=\"article:published_time\" content=\"2021-11-04T07:37:52+00:00\" \/>\n<meta property=\"article:modified_time\" content=\"2021-11-04T07:37:54+00:00\" \/>\n<meta property=\"og:image\" content=\"https:\/\/kulturonline.tv\/wp-content\/uploads\/2021\/11\/Bildschirmfoto-2021-11-04-um-08.12.17-edited-1600x900.png\" \/>\n\t<meta property=\"og:image:width\" content=\"1600\" \/>\n\t<meta property=\"og:image:height\" content=\"900\" \/>\n\t<meta property=\"og:image:type\" content=\"image\/png\" \/>\n<meta name=\"author\" content=\"guenter.wolfgang\" \/>\n<meta name=\"twitter:card\" content=\"summary_large_image\" \/>\n<meta name=\"twitter:label1\" content=\"Verfasst von\" \/>\n\t<meta name=\"twitter:data1\" content=\"guenter.wolfgang\" \/>\n\t<meta name=\"twitter:label2\" content=\"Gesch\u00e4tzte Lesezeit\" \/>\n\t<meta name=\"twitter:data2\" content=\"1\u00a0Minute\" \/>\n<script type=\"application\/ld+json\" class=\"yoast-schema-graph\">{\"@context\":\"https:\/\/schema.org\",\"@graph\":[{\"@type\":\"Article\",\"@id\":\"https:\/\/kulturonline.tv\/de\/digital-art-museum-kunst-und-kultur-als-wirtschaftsfaktor\/#article\",\"isPartOf\":{\"@id\":\"https:\/\/kulturonline.tv\/de\/digital-art-museum-kunst-und-kultur-als-wirtschaftsfaktor\/\"},\"author\":{\"name\":\"guenter.wolfgang\",\"@id\":\"https:\/\/kulturonline.tv\/de\/#\/schema\/person\/b0fac729bb9a0c193fb1df23449df4fe\"},\"headline\":\"Digital Art Museum &#8211; Kunst und Kultur als Wirtschaftsfaktor\",\"datePublished\":\"2021-11-04T07:37:52+00:00\",\"dateModified\":\"2021-11-04T07:37:54+00:00\",\"mainEntityOfPage\":{\"@id\":\"https:\/\/kulturonline.tv\/de\/digital-art-museum-kunst-und-kultur-als-wirtschaftsfaktor\/\"},\"wordCount\":190,\"publisher\":{\"@id\":\"https:\/\/kulturonline.tv\/de\/#organization\"},\"image\":{\"@id\":\"https:\/\/kulturonline.tv\/de\/digital-art-museum-kunst-und-kultur-als-wirtschaftsfaktor\/#primaryimage\"},\"thumbnailUrl\":\"https:\/\/kulturonline.tv\/wp-content\/uploads\/2021\/11\/Bildschirmfoto-2021-11-04-um-08.12.17-edited.png\",\"articleSection\":[\"Kunst\"],\"inLanguage\":\"de\"},{\"@type\":\"WebPage\",\"@id\":\"https:\/\/kulturonline.tv\/de\/digital-art-museum-kunst-und-kultur-als-wirtschaftsfaktor\/\",\"url\":\"https:\/\/kulturonline.tv\/de\/digital-art-museum-kunst-und-kultur-als-wirtschaftsfaktor\/\",\"name\":\"Digital Art Museum - Kunst und Kultur als Wirtschaftsfaktor - Kultur Online TV &amp; FM\",\"isPartOf\":{\"@id\":\"https:\/\/kulturonline.tv\/de\/#website\"},\"primaryImageOfPage\":{\"@id\":\"https:\/\/kulturonline.tv\/de\/digital-art-museum-kunst-und-kultur-als-wirtschaftsfaktor\/#primaryimage\"},\"image\":{\"@id\":\"https:\/\/kulturonline.tv\/de\/digital-art-museum-kunst-und-kultur-als-wirtschaftsfaktor\/#primaryimage\"},\"thumbnailUrl\":\"https:\/\/kulturonline.tv\/wp-content\/uploads\/2021\/11\/Bildschirmfoto-2021-11-04-um-08.12.17-edited.png\",\"datePublished\":\"2021-11-04T07:37:52+00:00\",\"dateModified\":\"2021-11-04T07:37:54+00:00\",\"description\":\"Kultur sehen und H\u00f6ren\",\"breadcrumb\":{\"@id\":\"https:\/\/kulturonline.tv\/de\/digital-art-museum-kunst-und-kultur-als-wirtschaftsfaktor\/#breadcrumb\"},\"inLanguage\":\"de\",\"potentialAction\":[{\"@type\":\"ReadAction\",\"target\":[\"https:\/\/kulturonline.tv\/de\/digital-art-museum-kunst-und-kultur-als-wirtschaftsfaktor\/\"]}]},{\"@type\":\"ImageObject\",\"inLanguage\":\"de\",\"@id\":\"https:\/\/kulturonline.tv\/de\/digital-art-museum-kunst-und-kultur-als-wirtschaftsfaktor\/#primaryimage\",\"url\":\"https:\/\/kulturonline.tv\/wp-content\/uploads\/2021\/11\/Bildschirmfoto-2021-11-04-um-08.12.17-edited.png\",\"contentUrl\":\"https:\/\/kulturonline.tv\/wp-content\/uploads\/2021\/11\/Bildschirmfoto-2021-11-04-um-08.12.17-edited.png\",\"width\":2560,\"height\":1440},{\"@type\":\"BreadcrumbList\",\"@id\":\"https:\/\/kulturonline.tv\/de\/digital-art-museum-kunst-und-kultur-als-wirtschaftsfaktor\/#breadcrumb\",\"itemListElement\":[{\"@type\":\"ListItem\",\"position\":1,\"name\":\"Startseite\",\"item\":\"https:\/\/kulturonline.tv\/de\/\"},{\"@type\":\"ListItem\",\"position\":2,\"name\":\"Digital Art Museum &#8211; Kunst und Kultur als Wirtschaftsfaktor\"}]},{\"@type\":\"WebSite\",\"@id\":\"https:\/\/kulturonline.tv\/de\/#website\",\"url\":\"https:\/\/kulturonline.tv\/de\/\",\"name\":\"Kultur Online TV &amp; FM\",\"description\":\"Wir sind Kultur 2.0 zum sehen &amp; h\u00f6ren\",\"publisher\":{\"@id\":\"https:\/\/kulturonline.tv\/de\/#organization\"},\"potentialAction\":[{\"@type\":\"SearchAction\",\"target\":{\"@type\":\"EntryPoint\",\"urlTemplate\":\"https:\/\/kulturonline.tv\/de\/?s={search_term_string}\"},\"query-input\":{\"@type\":\"PropertyValueSpecification\",\"valueRequired\":true,\"valueName\":\"search_term_string\"}}],\"inLanguage\":\"de\"},{\"@type\":\"Organization\",\"@id\":\"https:\/\/kulturonline.tv\/de\/#organization\",\"name\":\"Kultur Online TV\",\"url\":\"https:\/\/kulturonline.tv\/de\/\",\"logo\":{\"@type\":\"ImageObject\",\"inLanguage\":\"de\",\"@id\":\"https:\/\/kulturonline.tv\/de\/#\/schema\/logo\/image\/\",\"url\":\"https:\/\/kulturonline.tv\/wp-content\/uploads\/2021\/08\/Kultur-Online-Tv-Logo-Endversion-neu.png\",\"contentUrl\":\"https:\/\/kulturonline.tv\/wp-content\/uploads\/2021\/08\/Kultur-Online-Tv-Logo-Endversion-neu.png\",\"width\":200,\"height\":200,\"caption\":\"Kultur Online TV\"},\"image\":{\"@id\":\"https:\/\/kulturonline.tv\/de\/#\/schema\/logo\/image\/\"},\"sameAs\":[\"https:\/\/www.facebook.com\/kulturonline.tv\",\"https:\/\/www.instagram.com\/kulturonline.tv\"]},{\"@type\":\"Person\",\"@id\":\"https:\/\/kulturonline.tv\/de\/#\/schema\/person\/b0fac729bb9a0c193fb1df23449df4fe\",\"name\":\"guenter.wolfgang\"}]}<\/script>\n<!-- \/ Yoast SEO plugin. -->","yoast_head_json":{"title":"Digital Art Museum - Kunst und Kultur als Wirtschaftsfaktor - Kultur Online TV &amp; FM","description":"Kultur sehen und H\u00f6ren","robots":{"index":"index","follow":"follow","max-snippet":"max-snippet:-1","max-image-preview":"max-image-preview:large","max-video-preview":"max-video-preview:-1"},"canonical":"https:\/\/kulturonline.tv\/de\/digital-art-museum-kunst-und-kultur-als-wirtschaftsfaktor\/","og_locale":"de_DE","og_type":"article","og_title":"Digital Art Museum - Kunst und Kultur als Wirtschaftsfaktor - Kultur Online TV &amp; FM","og_description":"Kultur sehen und H\u00f6ren","og_url":"https:\/\/kulturonline.tv\/de\/digital-art-museum-kunst-und-kultur-als-wirtschaftsfaktor\/","og_site_name":"Kultur Online TV &amp; FM","article_publisher":"https:\/\/www.facebook.com\/kulturonline.tv","article_published_time":"2021-11-04T07:37:52+00:00","article_modified_time":"2021-11-04T07:37:54+00:00","og_image":[{"width":1600,"height":900,"url":"https:\/\/kulturonline.tv\/wp-content\/uploads\/2021\/11\/Bildschirmfoto-2021-11-04-um-08.12.17-edited-1600x900.png","type":"image\/png"}],"author":"guenter.wolfgang","twitter_card":"summary_large_image","twitter_misc":{"Verfasst von":"guenter.wolfgang","Gesch\u00e4tzte Lesezeit":"1\u00a0Minute"},"schema":{"@context":"https:\/\/schema.org","@graph":[{"@type":"Article","@id":"https:\/\/kulturonline.tv\/de\/digital-art-museum-kunst-und-kultur-als-wirtschaftsfaktor\/#article","isPartOf":{"@id":"https:\/\/kulturonline.tv\/de\/digital-art-museum-kunst-und-kultur-als-wirtschaftsfaktor\/"},"author":{"name":"guenter.wolfgang","@id":"https:\/\/kulturonline.tv\/de\/#\/schema\/person\/b0fac729bb9a0c193fb1df23449df4fe"},"headline":"Digital Art Museum &#8211; Kunst und Kultur als Wirtschaftsfaktor","datePublished":"2021-11-04T07:37:52+00:00","dateModified":"2021-11-04T07:37:54+00:00","mainEntityOfPage":{"@id":"https:\/\/kulturonline.tv\/de\/digital-art-museum-kunst-und-kultur-als-wirtschaftsfaktor\/"},"wordCount":190,"publisher":{"@id":"https:\/\/kulturonline.tv\/de\/#organization"},"image":{"@id":"https:\/\/kulturonline.tv\/de\/digital-art-museum-kunst-und-kultur-als-wirtschaftsfaktor\/#primaryimage"},"thumbnailUrl":"https:\/\/kulturonline.tv\/wp-content\/uploads\/2021\/11\/Bildschirmfoto-2021-11-04-um-08.12.17-edited.png","articleSection":["Kunst"],"inLanguage":"de"},{"@type":"WebPage","@id":"https:\/\/kulturonline.tv\/de\/digital-art-museum-kunst-und-kultur-als-wirtschaftsfaktor\/","url":"https:\/\/kulturonline.tv\/de\/digital-art-museum-kunst-und-kultur-als-wirtschaftsfaktor\/","name":"Digital Art Museum - Kunst und Kultur als Wirtschaftsfaktor - Kultur Online TV &amp; FM","isPartOf":{"@id":"https:\/\/kulturonline.tv\/de\/#website"},"primaryImageOfPage":{"@id":"https:\/\/kulturonline.tv\/de\/digital-art-museum-kunst-und-kultur-als-wirtschaftsfaktor\/#primaryimage"},"image":{"@id":"https:\/\/kulturonline.tv\/de\/digital-art-museum-kunst-und-kultur-als-wirtschaftsfaktor\/#primaryimage"},"thumbnailUrl":"https:\/\/kulturonline.tv\/wp-content\/uploads\/2021\/11\/Bildschirmfoto-2021-11-04-um-08.12.17-edited.png","datePublished":"2021-11-04T07:37:52+00:00","dateModified":"2021-11-04T07:37:54+00:00","description":"Kultur sehen und H\u00f6ren","breadcrumb":{"@id":"https:\/\/kulturonline.tv\/de\/digital-art-museum-kunst-und-kultur-als-wirtschaftsfaktor\/#breadcrumb"},"inLanguage":"de","potentialAction":[{"@type":"ReadAction","target":["https:\/\/kulturonline.tv\/de\/digital-art-museum-kunst-und-kultur-als-wirtschaftsfaktor\/"]}]},{"@type":"ImageObject","inLanguage":"de","@id":"https:\/\/kulturonline.tv\/de\/digital-art-museum-kunst-und-kultur-als-wirtschaftsfaktor\/#primaryimage","url":"https:\/\/kulturonline.tv\/wp-content\/uploads\/2021\/11\/Bildschirmfoto-2021-11-04-um-08.12.17-edited.png","contentUrl":"https:\/\/kulturonline.tv\/wp-content\/uploads\/2021\/11\/Bildschirmfoto-2021-11-04-um-08.12.17-edited.png","width":2560,"height":1440},{"@type":"BreadcrumbList","@id":"https:\/\/kulturonline.tv\/de\/digital-art-museum-kunst-und-kultur-als-wirtschaftsfaktor\/#breadcrumb","itemListElement":[{"@type":"ListItem","position":1,"name":"Startseite","item":"https:\/\/kulturonline.tv\/de\/"},{"@type":"ListItem","position":2,"name":"Digital Art Museum &#8211; Kunst und Kultur als Wirtschaftsfaktor"}]},{"@type":"WebSite","@id":"https:\/\/kulturonline.tv\/de\/#website","url":"https:\/\/kulturonline.tv\/de\/","name":"Kultur Online TV &amp; FM","description":"Wir sind Kultur 2.0 zum sehen &amp; h\u00f6ren","publisher":{"@id":"https:\/\/kulturonline.tv\/de\/#organization"},"potentialAction":[{"@type":"SearchAction","target":{"@type":"EntryPoint","urlTemplate":"https:\/\/kulturonline.tv\/de\/?s={search_term_string}"},"query-input":{"@type":"PropertyValueSpecification","valueRequired":true,"valueName":"search_term_string"}}],"inLanguage":"de"},{"@type":"Organization","@id":"https:\/\/kulturonline.tv\/de\/#organization","name":"Kultur Online TV","url":"https:\/\/kulturonline.tv\/de\/","logo":{"@type":"ImageObject","inLanguage":"de","@id":"https:\/\/kulturonline.tv\/de\/#\/schema\/logo\/image\/","url":"https:\/\/kulturonline.tv\/wp-content\/uploads\/2021\/08\/Kultur-Online-Tv-Logo-Endversion-neu.png","contentUrl":"https:\/\/kulturonline.tv\/wp-content\/uploads\/2021\/08\/Kultur-Online-Tv-Logo-Endversion-neu.png","width":200,"height":200,"caption":"Kultur Online TV"},"image":{"@id":"https:\/\/kulturonline.tv\/de\/#\/schema\/logo\/image\/"},"sameAs":["https:\/\/www.facebook.com\/kulturonline.tv","https:\/\/www.instagram.com\/kulturonline.tv"]},{"@type":"Person","@id":"https:\/\/kulturonline.tv\/de\/#\/schema\/person\/b0fac729bb9a0c193fb1df23449df4fe","name":"guenter.wolfgang"}]}},"_links":{"self":[{"href":"https:\/\/kulturonline.tv\/de\/wp-json\/wp\/v2\/posts\/10957","targetHints":{"allow":["GET"]}}],"collection":[{"href":"https:\/\/kulturonline.tv\/de\/wp-json\/wp\/v2\/posts"}],"about":[{"href":"https:\/\/kulturonline.tv\/de\/wp-json\/wp\/v2\/types\/post"}],"author":[{"embeddable":true,"href":"https:\/\/kulturonline.tv\/de\/wp-json\/wp\/v2\/users\/2"}],"replies":[{"embeddable":true,"href":"https:\/\/kulturonline.tv\/de\/wp-json\/wp\/v2\/comments?post=10957"}],"version-history":[{"count":0,"href":"https:\/\/kulturonline.tv\/de\/wp-json\/wp\/v2\/posts\/10957\/revisions"}],"wp:featuredmedia":[{"embeddable":true,"href":"https:\/\/kulturonline.tv\/de\/wp-json\/wp\/v2\/media\/10961"}],"wp:attachment":[{"href":"https:\/\/kulturonline.tv\/de\/wp-json\/wp\/v2\/media?parent=10957"}],"wp:term":[{"taxonomy":"category","embeddable":true,"href":"https:\/\/kulturonline.tv\/de\/wp-json\/wp\/v2\/categories?post=10957"},{"taxonomy":"post_tag","embeddable":true,"href":"https:\/\/kulturonline.tv\/de\/wp-json\/wp\/v2\/tags?post=10957"}],"curies":[{"name":"wp","href":"https:\/\/api.w.org\/{rel}","templated":true}]}}