{"id":110088,"date":"2025-06-05T14:29:49","date_gmt":"2025-06-05T12:29:49","guid":{"rendered":"https:\/\/kulturonline.tv\/?p=110088"},"modified":"2025-06-05T14:32:20","modified_gmt":"2025-06-05T12:32:20","slug":"sylt-art-fair","status":"publish","type":"post","link":"https:\/\/kulturonline.tv\/de\/sylt-art-fair\/","title":{"rendered":"SYLT ART FAIR"},"content":{"rendered":"\n<p>Das \u201eWho is Who\u201c der internationalen Kunstszene<br>bei der 6. SYLT ART FAIR auf Sylt! 07.Juni &#8211; 14.September 2025<\/p>\n\n\n\n<figure class=\"wp-block-image size-large\"><img fetchpriority=\"high\" decoding=\"async\" width=\"2560\" height=\"1440\" src=\"https:\/\/kulturonline.tv\/wp-content\/uploads\/2025\/06\/Sylt-Art-Fair-2024-2-\u00a9OskarLee-1-edited-scaled.jpg\" alt=\"\" class=\"wp-image-110091\" srcset=\"https:\/\/kulturonline.tv\/wp-content\/uploads\/2025\/06\/Sylt-Art-Fair-2024-2-\u00a9OskarLee-1-edited-scaled.jpg 2560w, https:\/\/kulturonline.tv\/wp-content\/uploads\/2025\/06\/Sylt-Art-Fair-2024-2-\u00a9OskarLee-1-edited-800x450.jpg 800w, https:\/\/kulturonline.tv\/wp-content\/uploads\/2025\/06\/Sylt-Art-Fair-2024-2-\u00a9OskarLee-1-edited-1600x900.jpg 1600w, https:\/\/kulturonline.tv\/wp-content\/uploads\/2025\/06\/Sylt-Art-Fair-2024-2-\u00a9OskarLee-1-edited-768x432.jpg 768w, https:\/\/kulturonline.tv\/wp-content\/uploads\/2025\/06\/Sylt-Art-Fair-2024-2-\u00a9OskarLee-1-edited-1536x864.jpg 1536w, https:\/\/kulturonline.tv\/wp-content\/uploads\/2025\/06\/Sylt-Art-Fair-2024-2-\u00a9OskarLee-1-edited-2048x1152.jpg 2048w\" sizes=\"(max-width: 2560px) 100vw, 2560px\" \/><\/figure>\n\n\n\n<h5 class=\"wp-block-heading\">\u00a9 Bild \/ Agentur Zierer Communication<\/h5>\n\n\n\n<p>Die 6. SYLT ART FAIR zeigt diesen Sommer nicht nur \u00fcber 400 Kunstwerke von international renommiertesten zeitgen\u00f6ssischen K\u00fcnstlern und spannenden Newcomern, sondern auch zwei<br>Sonderausstellungen: <\/p>\n\n\n\n<p>Die Erste pr\u00e4sentiert besondere Werke des vision\u00e4ren K\u00fcnstlers Max Ernst und eine Skulpturenschau pr\u00e4sentiert Arbeiten von Ai Weiwei, G\u00fcnther Uecker, Heinz Mack, Tony Cragg, Erwin Wurm, Bernar Venet, Jeff Koons, J\u00f6rg Immendorff, Markus L\u00fcpertz und weiteren K\u00fcnstlern.<\/p>\n\n\n\n<figure class=\"wp-block-image size-large\"><img decoding=\"async\" width=\"2560\" height=\"1440\" src=\"https:\/\/kulturonline.tv\/wp-content\/uploads\/2025\/06\/Dirk-Geuer_1_C-Geuer-Geuer-Art-edited-scaled.jpg\" alt=\"\" class=\"wp-image-110099\" srcset=\"https:\/\/kulturonline.tv\/wp-content\/uploads\/2025\/06\/Dirk-Geuer_1_C-Geuer-Geuer-Art-edited-scaled.jpg 2560w, https:\/\/kulturonline.tv\/wp-content\/uploads\/2025\/06\/Dirk-Geuer_1_C-Geuer-Geuer-Art-edited-800x450.jpg 800w, https:\/\/kulturonline.tv\/wp-content\/uploads\/2025\/06\/Dirk-Geuer_1_C-Geuer-Geuer-Art-edited-1600x900.jpg 1600w, https:\/\/kulturonline.tv\/wp-content\/uploads\/2025\/06\/Dirk-Geuer_1_C-Geuer-Geuer-Art-edited-768x432.jpg 768w, https:\/\/kulturonline.tv\/wp-content\/uploads\/2025\/06\/Dirk-Geuer_1_C-Geuer-Geuer-Art-edited-1536x864.jpg 1536w, https:\/\/kulturonline.tv\/wp-content\/uploads\/2025\/06\/Dirk-Geuer_1_C-Geuer-Geuer-Art-edited-2048x1152.jpg 2048w\" sizes=\"(max-width: 2560px) 100vw, 2560px\" \/><\/figure>\n\n\n\n<h5 class=\"wp-block-heading\">Bild: Dirk Geuer Association for Art in Pulic<\/h5>\n\n\n\n<p><br>Auf Sylt erwartet die Besucher: innen eine exklusive Auswahl an hochwertigen, limitierten Editionen aus den Bereichen Skulptur und Grafik. Das Angebot wird erg\u00e4nzt durch exklusive Unikate auf Papier und Leinwand sowie ausdrucksstarke Skulpturen. Abgerundet wird das vielseitige Portfolio durch ausgew\u00e4hlte, hochwertige Fotografien.<\/p>\n\n\n\n<p><br>Ein breites Spektrum der zeitgen\u00f6ssischen Kunst bis hin zu Street Art und Pop-Art wird bei der SYLT ART FAIR in der neuen Bootshalle List auf 600 qm ausgestellt: <\/p>\n\n\n\n<p>Werke von internationalen Topstars der Kunst wie Gerhard Richter, Erwin Wurm, Tony Cragg, Bernar Venet, Otto Piene, Ai Weiwei, Max Ernst, G\u00fcnther Uecker, Heinz Mack, Gottfried Helnwein, Julian Schnabel, Damien Hirst, David LaChapelle, Jeff Koons, Markus L\u00fcpertz, Mel Ramos und Jiri Dokoupil sowie international aufstrebender K\u00fcnstler:innen von Dieter Nuhr und Rita Sabo, \u00fcber Dietmar Brixy, Ben Buechner und Juan Amador bis hin zu Gregory de la Haba und Felix Giesen.<\/p>\n\n\n\n<figure class=\"wp-block-image size-large\"><img decoding=\"async\" width=\"1600\" height=\"1199\" src=\"https:\/\/kulturonline.tv\/wp-content\/uploads\/2025\/06\/02_Joerg-Immendorf_Jahr-1993-2003_-Staendchen-fuer-B.-und-D.--1600x1199.jpg\" alt=\"\" class=\"wp-image-110101\" srcset=\"https:\/\/kulturonline.tv\/wp-content\/uploads\/2025\/06\/02_Joerg-Immendorf_Jahr-1993-2003_-Staendchen-fuer-B.-und-D.--1600x1199.jpg 1600w, https:\/\/kulturonline.tv\/wp-content\/uploads\/2025\/06\/02_Joerg-Immendorf_Jahr-1993-2003_-Staendchen-fuer-B.-und-D.--800x600.jpg 800w, https:\/\/kulturonline.tv\/wp-content\/uploads\/2025\/06\/02_Joerg-Immendorf_Jahr-1993-2003_-Staendchen-fuer-B.-und-D.--768x576.jpg 768w, https:\/\/kulturonline.tv\/wp-content\/uploads\/2025\/06\/02_Joerg-Immendorf_Jahr-1993-2003_-Staendchen-fuer-B.-und-D.--1536x1151.jpg 1536w, https:\/\/kulturonline.tv\/wp-content\/uploads\/2025\/06\/02_Joerg-Immendorf_Jahr-1993-2003_-Staendchen-fuer-B.-und-D.--2048x1535.jpg 2048w\" sizes=\"(max-width: 1600px) 100vw, 1600px\" \/><figcaption class=\"wp-element-caption\">St\u00e4ndchen f\u00fcr B. und D.<\/figcaption><\/figure>\n\n\n\n<p>Durch eine Reihe von Wechselausstellungen wird das Repertoire erg\u00e4nzt, sodass die Besucher stets eine neue und abwechslungsreiche Auswahl an Kunst erleben k\u00f6nnen.<br>Mit diesem Kunstprojekt wird Sylt im Sommer 2025 erneut zur B\u00fchne der Kunst. Kuratiert wird die Sylt Art Fair von Dirk Geuer \u2013 einem international anerkannten Kunstexperten, der seit \u00fcber 37 Jahren auf dem internationalen Kunstmarkt t\u00e4tig ist. Im Jahr 2024 verantwortete er als Chefkurator die Sonderausstellungen der Biennale Arte im ikonischen Salone Sansoviano (Biblioteca Nazionale Marciana, Museo Correr) in Venedig. Zudem wurde er zum Kurator der Nachhaltigkeitsausstellungen der Internationalen Gartenbauausstellung (IGA) 2027 ernannt.<\/p>\n\n\n\n<figure class=\"wp-block-image size-large\"><img loading=\"lazy\" decoding=\"async\" width=\"1600\" height=\"1177\" src=\"https:\/\/kulturonline.tv\/wp-content\/uploads\/2025\/06\/01_Jiri-Dokoupil_Wand_Jahr-2020-2022_Untitled-1600x1177.png\" alt=\"\" class=\"wp-image-110103\" srcset=\"https:\/\/kulturonline.tv\/wp-content\/uploads\/2025\/06\/01_Jiri-Dokoupil_Wand_Jahr-2020-2022_Untitled-1600x1177.png 1600w, https:\/\/kulturonline.tv\/wp-content\/uploads\/2025\/06\/01_Jiri-Dokoupil_Wand_Jahr-2020-2022_Untitled-800x588.png 800w, https:\/\/kulturonline.tv\/wp-content\/uploads\/2025\/06\/01_Jiri-Dokoupil_Wand_Jahr-2020-2022_Untitled-768x565.png 768w, https:\/\/kulturonline.tv\/wp-content\/uploads\/2025\/06\/01_Jiri-Dokoupil_Wand_Jahr-2020-2022_Untitled-1536x1130.png 1536w, https:\/\/kulturonline.tv\/wp-content\/uploads\/2025\/06\/01_Jiri-Dokoupil_Wand_Jahr-2020-2022_Untitled.png 1606w\" sizes=\"(max-width: 1600px) 100vw, 1600px\" \/><\/figure>\n\n\n\n<p><br>Als Aufsichtsratsmitglied &amp; Kurator mit Verantwortung f\u00fcr den Bereich Kunst f\u00fcr die Expo 2035 in Berlin und Sonderbotschafter der Fondation Musica e Sacra Arte des Vatikan setzt er sich weltweit f\u00fcr bedeutende Kunst- und Kulturprojekte ein.<br>Organisiert wird die Sylt Art Fair von der Geuer &amp; Geuer Art GmbH in Zusammenarbeit mit dem artstar Verlag.<\/p>\n\n\n\n<p><br>Die Sylt Art Fair bietet einen vielf\u00e4ltigen Veranstaltungskalender mit Events wie Art Nights, K\u00fcnstlertalks und Meet &amp; Greets, bei denen Kunstliebhaber nicht nur mehr \u00fcber die Werke erfahren,<br>sondern auch mit den K\u00fcnstlern pers\u00f6nlich ins Gespr\u00e4ch kommen. Der Eintritt zur Ausstellung ist frei, und wer mit dem Auto kommt, findet direkt neben der Halle ausreichend kostenlose Parkpl\u00e4tze.<\/p>\n\n\n\n<div class=\"wp-block-media-text is-stacked-on-mobile\"><figure class=\"wp-block-media-text__media\"><img loading=\"lazy\" decoding=\"async\" width=\"1400\" height=\"392\" src=\"https:\/\/kulturonline.tv\/wp-content\/uploads\/2025\/06\/sylt-art-fair-logo-quadrat.jpg\" alt=\"\" class=\"wp-image-110095 size-full\" srcset=\"https:\/\/kulturonline.tv\/wp-content\/uploads\/2025\/06\/sylt-art-fair-logo-quadrat.jpg 1400w, https:\/\/kulturonline.tv\/wp-content\/uploads\/2025\/06\/sylt-art-fair-logo-quadrat-800x224.jpg 800w, https:\/\/kulturonline.tv\/wp-content\/uploads\/2025\/06\/sylt-art-fair-logo-quadrat-768x215.jpg 768w\" sizes=\"(max-width: 1400px) 100vw, 1400px\" \/><\/figure><div class=\"wp-block-media-text__content\">\n<p><\/p>\n<\/div><\/div>\n\n\n\n<h4 class=\"wp-block-heading\"><strong>Adresse &amp; \u00d6ffnungszeiten:<br>SYLT ART FAIR<br>Neue Bootshalle List Am Hafen 5<br>25992 List auf Sylt<br>t\u00e4glich zwischen 12 und 19 Uhr ge\u00f6ffnet<\/strong><\/h4>\n\n\n\n<p><\/p>\n\n\n\n<p>Kultur Online TV-FM<\/p>\n\n\n\n<p>#sylt #ausstellung #k\u00fcnstler<\/p>\n","protected":false},"excerpt":{"rendered":"<p>Das \u201eWho is Who\u201c der internationalen Kunstszenebei der 6. SYLT ART FAIR auf Sylt! 07.Juni &#8211; 14.September 2025 \u00a9 Bild \/ Agentur Zierer Communication Die 6. SYLT ART FAIR zeigt diesen Sommer nicht nur \u00fcber 400 Kunstwerke von international renommiertesten zeitgen\u00f6ssischen K\u00fcnstlern und spannenden Newcomern, sondern auch zweiSonderausstellungen: Die Erste pr\u00e4sentiert besondere Werke des vision\u00e4ren [&hellip;]<\/p>\n","protected":false},"author":2,"featured_media":110091,"comment_status":"open","ping_status":"open","sticky":false,"template":"","format":"standard","meta":{"_acf_changed":false,"footnotes":""},"categories":[107,3],"tags":[],"class_list":["post-110088","post","type-post","status-publish","format-standard","has-post-thumbnail","hentry","category-kunst","category-newsflash"],"acf":[],"yoast_head":"<!-- This site is optimized with the Yoast SEO plugin v26.1.1 - https:\/\/yoast.com\/wordpress\/plugins\/seo\/ -->\n<title>SYLT ART FAIR - Kultur Online TV &amp; FM<\/title>\n<meta name=\"description\" content=\"Das \u201eWho is Who\u201c der internationalen Kunstszenebei der 6. SYLT ART FAIR auf Sylt! 07.Juni - 14.September 2025\" \/>\n<meta name=\"robots\" content=\"index, follow, max-snippet:-1, max-image-preview:large, max-video-preview:-1\" \/>\n<link rel=\"canonical\" href=\"https:\/\/kulturonline.tv\/de\/sylt-art-fair\/\" \/>\n<meta property=\"og:locale\" content=\"de_DE\" \/>\n<meta property=\"og:type\" content=\"article\" \/>\n<meta property=\"og:title\" content=\"SYLT ART FAIR - Kultur Online TV &amp; FM\" \/>\n<meta property=\"og:description\" content=\"Das \u201eWho is Who\u201c der internationalen Kunstszenebei der 6. SYLT ART FAIR auf Sylt! 07.Juni - 14.September 2025\" \/>\n<meta property=\"og:url\" content=\"https:\/\/kulturonline.tv\/de\/sylt-art-fair\/\" \/>\n<meta property=\"og:site_name\" content=\"Kultur Online TV &amp; FM\" \/>\n<meta property=\"article:publisher\" content=\"https:\/\/www.facebook.com\/kulturonline.tv\" \/>\n<meta property=\"article:published_time\" content=\"2025-06-05T12:29:49+00:00\" \/>\n<meta property=\"article:modified_time\" content=\"2025-06-05T12:32:20+00:00\" \/>\n<meta property=\"og:image\" content=\"https:\/\/kulturonline.tv\/wp-content\/uploads\/2025\/06\/Sylt-Art-Fair-2024-2-\u00a9OskarLee-1-edited-scaled.jpg\" \/>\n\t<meta property=\"og:image:width\" content=\"2560\" \/>\n\t<meta property=\"og:image:height\" content=\"1440\" \/>\n\t<meta property=\"og:image:type\" content=\"image\/jpeg\" \/>\n<meta name=\"author\" content=\"guenter.wolfgang\" \/>\n<meta name=\"twitter:card\" content=\"summary_large_image\" \/>\n<meta name=\"twitter:label1\" content=\"Verfasst von\" \/>\n\t<meta name=\"twitter:data1\" content=\"guenter.wolfgang\" \/>\n\t<meta name=\"twitter:label2\" content=\"Gesch\u00e4tzte Lesezeit\" \/>\n\t<meta name=\"twitter:data2\" content=\"2\u00a0Minuten\" \/>\n<script type=\"application\/ld+json\" class=\"yoast-schema-graph\">{\"@context\":\"https:\/\/schema.org\",\"@graph\":[{\"@type\":\"Article\",\"@id\":\"https:\/\/kulturonline.tv\/de\/sylt-art-fair\/#article\",\"isPartOf\":{\"@id\":\"https:\/\/kulturonline.tv\/de\/sylt-art-fair\/\"},\"author\":{\"name\":\"guenter.wolfgang\",\"@id\":\"https:\/\/kulturonline.tv\/de\/#\/schema\/person\/b0fac729bb9a0c193fb1df23449df4fe\"},\"headline\":\"SYLT ART FAIR\",\"datePublished\":\"2025-06-05T12:29:49+00:00\",\"dateModified\":\"2025-06-05T12:32:20+00:00\",\"mainEntityOfPage\":{\"@id\":\"https:\/\/kulturonline.tv\/de\/sylt-art-fair\/\"},\"wordCount\":494,\"commentCount\":5,\"publisher\":{\"@id\":\"https:\/\/kulturonline.tv\/de\/#organization\"},\"image\":{\"@id\":\"https:\/\/kulturonline.tv\/de\/sylt-art-fair\/#primaryimage\"},\"thumbnailUrl\":\"https:\/\/kulturonline.tv\/wp-content\/uploads\/2025\/06\/Sylt-Art-Fair-2024-2-\u00a9OskarLee-1-edited-scaled.jpg\",\"articleSection\":[\"Kunst\",\"Newsflash\"],\"inLanguage\":\"de\",\"potentialAction\":[{\"@type\":\"CommentAction\",\"name\":\"Comment\",\"target\":[\"https:\/\/kulturonline.tv\/de\/sylt-art-fair\/#respond\"]}]},{\"@type\":\"WebPage\",\"@id\":\"https:\/\/kulturonline.tv\/de\/sylt-art-fair\/\",\"url\":\"https:\/\/kulturonline.tv\/de\/sylt-art-fair\/\",\"name\":\"SYLT ART FAIR - Kultur Online TV &amp; FM\",\"isPartOf\":{\"@id\":\"https:\/\/kulturonline.tv\/de\/#website\"},\"primaryImageOfPage\":{\"@id\":\"https:\/\/kulturonline.tv\/de\/sylt-art-fair\/#primaryimage\"},\"image\":{\"@id\":\"https:\/\/kulturonline.tv\/de\/sylt-art-fair\/#primaryimage\"},\"thumbnailUrl\":\"https:\/\/kulturonline.tv\/wp-content\/uploads\/2025\/06\/Sylt-Art-Fair-2024-2-\u00a9OskarLee-1-edited-scaled.jpg\",\"datePublished\":\"2025-06-05T12:29:49+00:00\",\"dateModified\":\"2025-06-05T12:32:20+00:00\",\"description\":\"Das \u201eWho is Who\u201c der internationalen Kunstszenebei der 6. SYLT ART FAIR auf Sylt! 07.Juni - 14.September 2025\",\"breadcrumb\":{\"@id\":\"https:\/\/kulturonline.tv\/de\/sylt-art-fair\/#breadcrumb\"},\"inLanguage\":\"de\",\"potentialAction\":[{\"@type\":\"ReadAction\",\"target\":[\"https:\/\/kulturonline.tv\/de\/sylt-art-fair\/\"]}]},{\"@type\":\"ImageObject\",\"inLanguage\":\"de\",\"@id\":\"https:\/\/kulturonline.tv\/de\/sylt-art-fair\/#primaryimage\",\"url\":\"https:\/\/kulturonline.tv\/wp-content\/uploads\/2025\/06\/Sylt-Art-Fair-2024-2-\u00a9OskarLee-1-edited-scaled.jpg\",\"contentUrl\":\"https:\/\/kulturonline.tv\/wp-content\/uploads\/2025\/06\/Sylt-Art-Fair-2024-2-\u00a9OskarLee-1-edited-scaled.jpg\",\"width\":2560,\"height\":1440},{\"@type\":\"BreadcrumbList\",\"@id\":\"https:\/\/kulturonline.tv\/de\/sylt-art-fair\/#breadcrumb\",\"itemListElement\":[{\"@type\":\"ListItem\",\"position\":1,\"name\":\"Startseite\",\"item\":\"https:\/\/kulturonline.tv\/de\/\"},{\"@type\":\"ListItem\",\"position\":2,\"name\":\"SYLT ART FAIR\"}]},{\"@type\":\"WebSite\",\"@id\":\"https:\/\/kulturonline.tv\/de\/#website\",\"url\":\"https:\/\/kulturonline.tv\/de\/\",\"name\":\"Kultur Online TV &amp; FM\",\"description\":\"Wir sind Kultur 2.0 zum sehen &amp; h\u00f6ren\",\"publisher\":{\"@id\":\"https:\/\/kulturonline.tv\/de\/#organization\"},\"potentialAction\":[{\"@type\":\"SearchAction\",\"target\":{\"@type\":\"EntryPoint\",\"urlTemplate\":\"https:\/\/kulturonline.tv\/de\/?s={search_term_string}\"},\"query-input\":{\"@type\":\"PropertyValueSpecification\",\"valueRequired\":true,\"valueName\":\"search_term_string\"}}],\"inLanguage\":\"de\"},{\"@type\":\"Organization\",\"@id\":\"https:\/\/kulturonline.tv\/de\/#organization\",\"name\":\"Kultur Online TV\",\"url\":\"https:\/\/kulturonline.tv\/de\/\",\"logo\":{\"@type\":\"ImageObject\",\"inLanguage\":\"de\",\"@id\":\"https:\/\/kulturonline.tv\/de\/#\/schema\/logo\/image\/\",\"url\":\"https:\/\/kulturonline.tv\/wp-content\/uploads\/2021\/08\/Kultur-Online-Tv-Logo-Endversion-neu.png\",\"contentUrl\":\"https:\/\/kulturonline.tv\/wp-content\/uploads\/2021\/08\/Kultur-Online-Tv-Logo-Endversion-neu.png\",\"width\":200,\"height\":200,\"caption\":\"Kultur Online TV\"},\"image\":{\"@id\":\"https:\/\/kulturonline.tv\/de\/#\/schema\/logo\/image\/\"},\"sameAs\":[\"https:\/\/www.facebook.com\/kulturonline.tv\",\"https:\/\/www.instagram.com\/kulturonline.tv\"]},{\"@type\":\"Person\",\"@id\":\"https:\/\/kulturonline.tv\/de\/#\/schema\/person\/b0fac729bb9a0c193fb1df23449df4fe\",\"name\":\"guenter.wolfgang\"}]}<\/script>\n<!-- \/ Yoast SEO plugin. -->","yoast_head_json":{"title":"SYLT ART FAIR - Kultur Online TV &amp; FM","description":"Das \u201eWho is Who\u201c der internationalen Kunstszenebei der 6. SYLT ART FAIR auf Sylt! 07.Juni - 14.September 2025","robots":{"index":"index","follow":"follow","max-snippet":"max-snippet:-1","max-image-preview":"max-image-preview:large","max-video-preview":"max-video-preview:-1"},"canonical":"https:\/\/kulturonline.tv\/de\/sylt-art-fair\/","og_locale":"de_DE","og_type":"article","og_title":"SYLT ART FAIR - Kultur Online TV &amp; FM","og_description":"Das \u201eWho is Who\u201c der internationalen Kunstszenebei der 6. SYLT ART FAIR auf Sylt! 07.Juni - 14.September 2025","og_url":"https:\/\/kulturonline.tv\/de\/sylt-art-fair\/","og_site_name":"Kultur Online TV &amp; FM","article_publisher":"https:\/\/www.facebook.com\/kulturonline.tv","article_published_time":"2025-06-05T12:29:49+00:00","article_modified_time":"2025-06-05T12:32:20+00:00","og_image":[{"width":2560,"height":1440,"url":"https:\/\/kulturonline.tv\/wp-content\/uploads\/2025\/06\/Sylt-Art-Fair-2024-2-\u00a9OskarLee-1-edited-scaled.jpg","type":"image\/jpeg"}],"author":"guenter.wolfgang","twitter_card":"summary_large_image","twitter_misc":{"Verfasst von":"guenter.wolfgang","Gesch\u00e4tzte Lesezeit":"2\u00a0Minuten"},"schema":{"@context":"https:\/\/schema.org","@graph":[{"@type":"Article","@id":"https:\/\/kulturonline.tv\/de\/sylt-art-fair\/#article","isPartOf":{"@id":"https:\/\/kulturonline.tv\/de\/sylt-art-fair\/"},"author":{"name":"guenter.wolfgang","@id":"https:\/\/kulturonline.tv\/de\/#\/schema\/person\/b0fac729bb9a0c193fb1df23449df4fe"},"headline":"SYLT ART FAIR","datePublished":"2025-06-05T12:29:49+00:00","dateModified":"2025-06-05T12:32:20+00:00","mainEntityOfPage":{"@id":"https:\/\/kulturonline.tv\/de\/sylt-art-fair\/"},"wordCount":494,"commentCount":5,"publisher":{"@id":"https:\/\/kulturonline.tv\/de\/#organization"},"image":{"@id":"https:\/\/kulturonline.tv\/de\/sylt-art-fair\/#primaryimage"},"thumbnailUrl":"https:\/\/kulturonline.tv\/wp-content\/uploads\/2025\/06\/Sylt-Art-Fair-2024-2-\u00a9OskarLee-1-edited-scaled.jpg","articleSection":["Kunst","Newsflash"],"inLanguage":"de","potentialAction":[{"@type":"CommentAction","name":"Comment","target":["https:\/\/kulturonline.tv\/de\/sylt-art-fair\/#respond"]}]},{"@type":"WebPage","@id":"https:\/\/kulturonline.tv\/de\/sylt-art-fair\/","url":"https:\/\/kulturonline.tv\/de\/sylt-art-fair\/","name":"SYLT ART FAIR - Kultur Online TV &amp; FM","isPartOf":{"@id":"https:\/\/kulturonline.tv\/de\/#website"},"primaryImageOfPage":{"@id":"https:\/\/kulturonline.tv\/de\/sylt-art-fair\/#primaryimage"},"image":{"@id":"https:\/\/kulturonline.tv\/de\/sylt-art-fair\/#primaryimage"},"thumbnailUrl":"https:\/\/kulturonline.tv\/wp-content\/uploads\/2025\/06\/Sylt-Art-Fair-2024-2-\u00a9OskarLee-1-edited-scaled.jpg","datePublished":"2025-06-05T12:29:49+00:00","dateModified":"2025-06-05T12:32:20+00:00","description":"Das \u201eWho is Who\u201c der internationalen Kunstszenebei der 6. SYLT ART FAIR auf Sylt! 07.Juni - 14.September 2025","breadcrumb":{"@id":"https:\/\/kulturonline.tv\/de\/sylt-art-fair\/#breadcrumb"},"inLanguage":"de","potentialAction":[{"@type":"ReadAction","target":["https:\/\/kulturonline.tv\/de\/sylt-art-fair\/"]}]},{"@type":"ImageObject","inLanguage":"de","@id":"https:\/\/kulturonline.tv\/de\/sylt-art-fair\/#primaryimage","url":"https:\/\/kulturonline.tv\/wp-content\/uploads\/2025\/06\/Sylt-Art-Fair-2024-2-\u00a9OskarLee-1-edited-scaled.jpg","contentUrl":"https:\/\/kulturonline.tv\/wp-content\/uploads\/2025\/06\/Sylt-Art-Fair-2024-2-\u00a9OskarLee-1-edited-scaled.jpg","width":2560,"height":1440},{"@type":"BreadcrumbList","@id":"https:\/\/kulturonline.tv\/de\/sylt-art-fair\/#breadcrumb","itemListElement":[{"@type":"ListItem","position":1,"name":"Startseite","item":"https:\/\/kulturonline.tv\/de\/"},{"@type":"ListItem","position":2,"name":"SYLT ART FAIR"}]},{"@type":"WebSite","@id":"https:\/\/kulturonline.tv\/de\/#website","url":"https:\/\/kulturonline.tv\/de\/","name":"Kultur Online TV &amp; FM","description":"Wir sind Kultur 2.0 zum sehen &amp; h\u00f6ren","publisher":{"@id":"https:\/\/kulturonline.tv\/de\/#organization"},"potentialAction":[{"@type":"SearchAction","target":{"@type":"EntryPoint","urlTemplate":"https:\/\/kulturonline.tv\/de\/?s={search_term_string}"},"query-input":{"@type":"PropertyValueSpecification","valueRequired":true,"valueName":"search_term_string"}}],"inLanguage":"de"},{"@type":"Organization","@id":"https:\/\/kulturonline.tv\/de\/#organization","name":"Kultur Online TV","url":"https:\/\/kulturonline.tv\/de\/","logo":{"@type":"ImageObject","inLanguage":"de","@id":"https:\/\/kulturonline.tv\/de\/#\/schema\/logo\/image\/","url":"https:\/\/kulturonline.tv\/wp-content\/uploads\/2021\/08\/Kultur-Online-Tv-Logo-Endversion-neu.png","contentUrl":"https:\/\/kulturonline.tv\/wp-content\/uploads\/2021\/08\/Kultur-Online-Tv-Logo-Endversion-neu.png","width":200,"height":200,"caption":"Kultur Online TV"},"image":{"@id":"https:\/\/kulturonline.tv\/de\/#\/schema\/logo\/image\/"},"sameAs":["https:\/\/www.facebook.com\/kulturonline.tv","https:\/\/www.instagram.com\/kulturonline.tv"]},{"@type":"Person","@id":"https:\/\/kulturonline.tv\/de\/#\/schema\/person\/b0fac729bb9a0c193fb1df23449df4fe","name":"guenter.wolfgang"}]}},"_links":{"self":[{"href":"https:\/\/kulturonline.tv\/de\/wp-json\/wp\/v2\/posts\/110088","targetHints":{"allow":["GET"]}}],"collection":[{"href":"https:\/\/kulturonline.tv\/de\/wp-json\/wp\/v2\/posts"}],"about":[{"href":"https:\/\/kulturonline.tv\/de\/wp-json\/wp\/v2\/types\/post"}],"author":[{"embeddable":true,"href":"https:\/\/kulturonline.tv\/de\/wp-json\/wp\/v2\/users\/2"}],"replies":[{"embeddable":true,"href":"https:\/\/kulturonline.tv\/de\/wp-json\/wp\/v2\/comments?post=110088"}],"version-history":[{"count":2,"href":"https:\/\/kulturonline.tv\/de\/wp-json\/wp\/v2\/posts\/110088\/revisions"}],"predecessor-version":[{"id":110107,"href":"https:\/\/kulturonline.tv\/de\/wp-json\/wp\/v2\/posts\/110088\/revisions\/110107"}],"wp:featuredmedia":[{"embeddable":true,"href":"https:\/\/kulturonline.tv\/de\/wp-json\/wp\/v2\/media\/110091"}],"wp:attachment":[{"href":"https:\/\/kulturonline.tv\/de\/wp-json\/wp\/v2\/media?parent=110088"}],"wp:term":[{"taxonomy":"category","embeddable":true,"href":"https:\/\/kulturonline.tv\/de\/wp-json\/wp\/v2\/categories?post=110088"},{"taxonomy":"post_tag","embeddable":true,"href":"https:\/\/kulturonline.tv\/de\/wp-json\/wp\/v2\/tags?post=110088"}],"curies":[{"name":"wp","href":"https:\/\/api.w.org\/{rel}","templated":true}]}}