{"id":110329,"date":"2025-06-13T10:41:18","date_gmt":"2025-06-13T08:41:18","guid":{"rendered":"https:\/\/kulturonline.tv\/?p=110329"},"modified":"2025-06-13T22:32:36","modified_gmt":"2025-06-13T20:32:36","slug":"margaritha-wantischek","status":"publish","type":"post","link":"https:\/\/kulturonline.tv\/de\/margaritha-wantischek\/","title":{"rendered":"K\u00fcnstlerin Margaritha Wantischek"},"content":{"rendered":"\n<p>Nach dem Matura Studium in Paris und Wien zu Malerei, Theologie, Philosophie sowie Erfahrungen am Theater am Petersplatz in Wien arbeitete Margaritha Wanitschek nach ihrer R\u00fcckkehr wieder in Schwaz in Tirol u.\u2009a. als Werbegraphikerin bei der Firma Swarovski. <\/p>\n\n\n\n<figure class=\"wp-block-embed is-type-video is-provider-youtube wp-block-embed-youtube wp-embed-aspect-16-9 wp-has-aspect-ratio\"><div class=\"wp-block-embed__wrapper\">\n<iframe title=\"Margaritha Wantischek\" width=\"800\" height=\"450\" src=\"https:\/\/www.youtube.com\/embed\/T9T2TQhl6jI?start=80&#038;feature=oembed\" frameborder=\"0\" allow=\"accelerometer; autoplay; clipboard-write; encrypted-media; gyroscope; picture-in-picture; web-share\" referrerpolicy=\"strict-origin-when-cross-origin\" allowfullscreen><\/iframe>\n<\/div><\/figure>\n\n\n\n<p>\u00a9 Kultur Online FM <\/p>\n\n\n\n<p>Die K\u00fcnstlerin mit gro\u00dfer N\u00e4he zur Literatur, will ihre eigenen Arbeiten nicht detailliert erkl\u00e4ren. Dies w\u00fcrde dem Betrachter die M\u00f6glichkeit nehmen, \u00fcber die Interpretation durch seine eigene Fantasie sich dem Thema zu n\u00e4hern. Es ist, was der Betrachter, der das Bild durch seine Betrachtung vervollst\u00e4ndigt, zu sehen gewillt ist. <\/p>\n\n\n\n<p>Trotzdem ein Versuch, der einem unvoreingenommenen Sehen nicht im Wege steht. Wir haben Margaritha Wanitschek in Ihrem Atelier in Schwaz in Tirol besucht. G\u00fcnter Wolfgang hat mit der K\u00fcnstlering gesprochen. <\/p>\n\n\n\n<p>#audio #gespr\u00e4ch #tirol<\/p>\n","protected":false},"excerpt":{"rendered":"<p>Nach dem Matura Studium in Paris und Wien zu Malerei, Theologie, Philosophie sowie Erfahrungen am Theater am Petersplatz in Wien arbeitete Margaritha Wanitschek nach ihrer R\u00fcckkehr wieder in Schwaz in Tirol u.\u2009a. als Werbegraphikerin bei der Firma Swarovski. \u00a9 Kultur Online FM Die K\u00fcnstlerin mit gro\u00dfer N\u00e4he zur Literatur, will ihre eigenen Arbeiten nicht detailliert [&hellip;]<\/p>\n","protected":false},"author":2,"featured_media":110355,"comment_status":"open","ping_status":"open","sticky":false,"template":"","format":"standard","meta":{"_acf_changed":false,"footnotes":""},"categories":[789],"tags":[],"class_list":["post-110329","post","type-post","status-publish","format-standard","has-post-thumbnail","hentry","category-audiothek-im-gespraech"],"acf":[],"yoast_head":"<!-- This site is optimized with the Yoast SEO plugin v26.1.1 - https:\/\/yoast.com\/wordpress\/plugins\/seo\/ -->\n<title>K\u00fcnstlerin Margaritha Wantischek - Kultur Online TV &amp; FM<\/title>\n<meta name=\"description\" content=\"Wir haben Margaritha Wanitschek in Ihrem Atelier in Schwaz in Tirol besucht. G\u00fcnter Wolfgang hat mit der K\u00fcnstlering gesprochen.\" \/>\n<meta name=\"robots\" content=\"index, follow, max-snippet:-1, max-image-preview:large, max-video-preview:-1\" \/>\n<link rel=\"canonical\" href=\"https:\/\/kulturonline.tv\/de\/margaritha-wantischek\/\" \/>\n<meta property=\"og:locale\" content=\"de_DE\" \/>\n<meta property=\"og:type\" content=\"article\" \/>\n<meta property=\"og:title\" content=\"K\u00fcnstlerin Margaritha Wantischek - Kultur Online TV &amp; FM\" \/>\n<meta property=\"og:description\" content=\"Wir haben Margaritha Wanitschek in Ihrem Atelier in Schwaz in Tirol besucht. G\u00fcnter Wolfgang hat mit der K\u00fcnstlering gesprochen.\" \/>\n<meta property=\"og:url\" content=\"https:\/\/kulturonline.tv\/de\/margaritha-wantischek\/\" \/>\n<meta property=\"og:site_name\" content=\"Kultur Online TV &amp; FM\" \/>\n<meta property=\"article:publisher\" content=\"https:\/\/www.facebook.com\/kulturonline.tv\" \/>\n<meta property=\"article:published_time\" content=\"2025-06-13T08:41:18+00:00\" \/>\n<meta property=\"article:modified_time\" content=\"2025-06-13T20:32:36+00:00\" \/>\n<meta property=\"og:image\" content=\"https:\/\/kulturonline.tv\/wp-content\/uploads\/2025\/06\/Blue-Neon-Movie-Trailer-Youtube-Thumbnail-6.jpg\" \/>\n\t<meta property=\"og:image:width\" content=\"1280\" \/>\n\t<meta property=\"og:image:height\" content=\"720\" \/>\n\t<meta property=\"og:image:type\" content=\"image\/jpeg\" \/>\n<meta name=\"author\" content=\"guenter.wolfgang\" \/>\n<meta name=\"twitter:card\" content=\"summary_large_image\" \/>\n<meta name=\"twitter:label1\" content=\"Verfasst von\" \/>\n\t<meta name=\"twitter:data1\" content=\"guenter.wolfgang\" \/>\n\t<meta name=\"twitter:label2\" content=\"Gesch\u00e4tzte Lesezeit\" \/>\n\t<meta name=\"twitter:data2\" content=\"1\u00a0Minute\" \/>\n<script type=\"application\/ld+json\" class=\"yoast-schema-graph\">{\"@context\":\"https:\/\/schema.org\",\"@graph\":[{\"@type\":\"Article\",\"@id\":\"https:\/\/kulturonline.tv\/de\/margaritha-wantischek\/#article\",\"isPartOf\":{\"@id\":\"https:\/\/kulturonline.tv\/de\/margaritha-wantischek\/\"},\"author\":{\"name\":\"guenter.wolfgang\",\"@id\":\"https:\/\/kulturonline.tv\/de\/#\/schema\/person\/b0fac729bb9a0c193fb1df23449df4fe\"},\"headline\":\"K\u00fcnstlerin Margaritha Wantischek\",\"datePublished\":\"2025-06-13T08:41:18+00:00\",\"dateModified\":\"2025-06-13T20:32:36+00:00\",\"mainEntityOfPage\":{\"@id\":\"https:\/\/kulturonline.tv\/de\/margaritha-wantischek\/\"},\"wordCount\":153,\"commentCount\":3,\"publisher\":{\"@id\":\"https:\/\/kulturonline.tv\/de\/#organization\"},\"image\":{\"@id\":\"https:\/\/kulturonline.tv\/de\/margaritha-wantischek\/#primaryimage\"},\"thumbnailUrl\":\"https:\/\/kulturonline.tv\/wp-content\/uploads\/2025\/06\/Blue-Neon-Movie-Trailer-Youtube-Thumbnail-6.jpg\",\"articleSection\":[\"Audiothek im Gespr\u00e4ch\"],\"inLanguage\":\"de\",\"potentialAction\":[{\"@type\":\"CommentAction\",\"name\":\"Comment\",\"target\":[\"https:\/\/kulturonline.tv\/de\/margaritha-wantischek\/#respond\"]}]},{\"@type\":\"WebPage\",\"@id\":\"https:\/\/kulturonline.tv\/de\/margaritha-wantischek\/\",\"url\":\"https:\/\/kulturonline.tv\/de\/margaritha-wantischek\/\",\"name\":\"K\u00fcnstlerin Margaritha Wantischek - Kultur Online TV &amp; FM\",\"isPartOf\":{\"@id\":\"https:\/\/kulturonline.tv\/de\/#website\"},\"primaryImageOfPage\":{\"@id\":\"https:\/\/kulturonline.tv\/de\/margaritha-wantischek\/#primaryimage\"},\"image\":{\"@id\":\"https:\/\/kulturonline.tv\/de\/margaritha-wantischek\/#primaryimage\"},\"thumbnailUrl\":\"https:\/\/kulturonline.tv\/wp-content\/uploads\/2025\/06\/Blue-Neon-Movie-Trailer-Youtube-Thumbnail-6.jpg\",\"datePublished\":\"2025-06-13T08:41:18+00:00\",\"dateModified\":\"2025-06-13T20:32:36+00:00\",\"description\":\"Wir haben Margaritha Wanitschek in Ihrem Atelier in Schwaz in Tirol besucht. G\u00fcnter Wolfgang hat mit der K\u00fcnstlering gesprochen.\",\"breadcrumb\":{\"@id\":\"https:\/\/kulturonline.tv\/de\/margaritha-wantischek\/#breadcrumb\"},\"inLanguage\":\"de\",\"potentialAction\":[{\"@type\":\"ReadAction\",\"target\":[\"https:\/\/kulturonline.tv\/de\/margaritha-wantischek\/\"]}]},{\"@type\":\"ImageObject\",\"inLanguage\":\"de\",\"@id\":\"https:\/\/kulturonline.tv\/de\/margaritha-wantischek\/#primaryimage\",\"url\":\"https:\/\/kulturonline.tv\/wp-content\/uploads\/2025\/06\/Blue-Neon-Movie-Trailer-Youtube-Thumbnail-6.jpg\",\"contentUrl\":\"https:\/\/kulturonline.tv\/wp-content\/uploads\/2025\/06\/Blue-Neon-Movie-Trailer-Youtube-Thumbnail-6.jpg\",\"width\":1280,\"height\":720},{\"@type\":\"BreadcrumbList\",\"@id\":\"https:\/\/kulturonline.tv\/de\/margaritha-wantischek\/#breadcrumb\",\"itemListElement\":[{\"@type\":\"ListItem\",\"position\":1,\"name\":\"Startseite\",\"item\":\"https:\/\/kulturonline.tv\/de\/\"},{\"@type\":\"ListItem\",\"position\":2,\"name\":\"K\u00fcnstlerin Margaritha Wantischek\"}]},{\"@type\":\"WebSite\",\"@id\":\"https:\/\/kulturonline.tv\/de\/#website\",\"url\":\"https:\/\/kulturonline.tv\/de\/\",\"name\":\"Kultur Online TV &amp; FM\",\"description\":\"Wir sind Kultur 2.0 zum sehen &amp; h\u00f6ren\",\"publisher\":{\"@id\":\"https:\/\/kulturonline.tv\/de\/#organization\"},\"potentialAction\":[{\"@type\":\"SearchAction\",\"target\":{\"@type\":\"EntryPoint\",\"urlTemplate\":\"https:\/\/kulturonline.tv\/de\/?s={search_term_string}\"},\"query-input\":{\"@type\":\"PropertyValueSpecification\",\"valueRequired\":true,\"valueName\":\"search_term_string\"}}],\"inLanguage\":\"de\"},{\"@type\":\"Organization\",\"@id\":\"https:\/\/kulturonline.tv\/de\/#organization\",\"name\":\"Kultur Online TV\",\"url\":\"https:\/\/kulturonline.tv\/de\/\",\"logo\":{\"@type\":\"ImageObject\",\"inLanguage\":\"de\",\"@id\":\"https:\/\/kulturonline.tv\/de\/#\/schema\/logo\/image\/\",\"url\":\"https:\/\/kulturonline.tv\/wp-content\/uploads\/2021\/08\/Kultur-Online-Tv-Logo-Endversion-neu.png\",\"contentUrl\":\"https:\/\/kulturonline.tv\/wp-content\/uploads\/2021\/08\/Kultur-Online-Tv-Logo-Endversion-neu.png\",\"width\":200,\"height\":200,\"caption\":\"Kultur Online TV\"},\"image\":{\"@id\":\"https:\/\/kulturonline.tv\/de\/#\/schema\/logo\/image\/\"},\"sameAs\":[\"https:\/\/www.facebook.com\/kulturonline.tv\",\"https:\/\/www.instagram.com\/kulturonline.tv\"]},{\"@type\":\"Person\",\"@id\":\"https:\/\/kulturonline.tv\/de\/#\/schema\/person\/b0fac729bb9a0c193fb1df23449df4fe\",\"name\":\"guenter.wolfgang\"}]}<\/script>\n<!-- \/ Yoast SEO plugin. -->","yoast_head_json":{"title":"K\u00fcnstlerin Margaritha Wantischek - Kultur Online TV &amp; FM","description":"Wir haben Margaritha Wanitschek in Ihrem Atelier in Schwaz in Tirol besucht. G\u00fcnter Wolfgang hat mit der K\u00fcnstlering gesprochen.","robots":{"index":"index","follow":"follow","max-snippet":"max-snippet:-1","max-image-preview":"max-image-preview:large","max-video-preview":"max-video-preview:-1"},"canonical":"https:\/\/kulturonline.tv\/de\/margaritha-wantischek\/","og_locale":"de_DE","og_type":"article","og_title":"K\u00fcnstlerin Margaritha Wantischek - Kultur Online TV &amp; FM","og_description":"Wir haben Margaritha Wanitschek in Ihrem Atelier in Schwaz in Tirol besucht. G\u00fcnter Wolfgang hat mit der K\u00fcnstlering gesprochen.","og_url":"https:\/\/kulturonline.tv\/de\/margaritha-wantischek\/","og_site_name":"Kultur Online TV &amp; FM","article_publisher":"https:\/\/www.facebook.com\/kulturonline.tv","article_published_time":"2025-06-13T08:41:18+00:00","article_modified_time":"2025-06-13T20:32:36+00:00","og_image":[{"width":1280,"height":720,"url":"https:\/\/kulturonline.tv\/wp-content\/uploads\/2025\/06\/Blue-Neon-Movie-Trailer-Youtube-Thumbnail-6.jpg","type":"image\/jpeg"}],"author":"guenter.wolfgang","twitter_card":"summary_large_image","twitter_misc":{"Verfasst von":"guenter.wolfgang","Gesch\u00e4tzte Lesezeit":"1\u00a0Minute"},"schema":{"@context":"https:\/\/schema.org","@graph":[{"@type":"Article","@id":"https:\/\/kulturonline.tv\/de\/margaritha-wantischek\/#article","isPartOf":{"@id":"https:\/\/kulturonline.tv\/de\/margaritha-wantischek\/"},"author":{"name":"guenter.wolfgang","@id":"https:\/\/kulturonline.tv\/de\/#\/schema\/person\/b0fac729bb9a0c193fb1df23449df4fe"},"headline":"K\u00fcnstlerin Margaritha Wantischek","datePublished":"2025-06-13T08:41:18+00:00","dateModified":"2025-06-13T20:32:36+00:00","mainEntityOfPage":{"@id":"https:\/\/kulturonline.tv\/de\/margaritha-wantischek\/"},"wordCount":153,"commentCount":3,"publisher":{"@id":"https:\/\/kulturonline.tv\/de\/#organization"},"image":{"@id":"https:\/\/kulturonline.tv\/de\/margaritha-wantischek\/#primaryimage"},"thumbnailUrl":"https:\/\/kulturonline.tv\/wp-content\/uploads\/2025\/06\/Blue-Neon-Movie-Trailer-Youtube-Thumbnail-6.jpg","articleSection":["Audiothek im Gespr\u00e4ch"],"inLanguage":"de","potentialAction":[{"@type":"CommentAction","name":"Comment","target":["https:\/\/kulturonline.tv\/de\/margaritha-wantischek\/#respond"]}]},{"@type":"WebPage","@id":"https:\/\/kulturonline.tv\/de\/margaritha-wantischek\/","url":"https:\/\/kulturonline.tv\/de\/margaritha-wantischek\/","name":"K\u00fcnstlerin Margaritha Wantischek - Kultur Online TV &amp; FM","isPartOf":{"@id":"https:\/\/kulturonline.tv\/de\/#website"},"primaryImageOfPage":{"@id":"https:\/\/kulturonline.tv\/de\/margaritha-wantischek\/#primaryimage"},"image":{"@id":"https:\/\/kulturonline.tv\/de\/margaritha-wantischek\/#primaryimage"},"thumbnailUrl":"https:\/\/kulturonline.tv\/wp-content\/uploads\/2025\/06\/Blue-Neon-Movie-Trailer-Youtube-Thumbnail-6.jpg","datePublished":"2025-06-13T08:41:18+00:00","dateModified":"2025-06-13T20:32:36+00:00","description":"Wir haben Margaritha Wanitschek in Ihrem Atelier in Schwaz in Tirol besucht. G\u00fcnter Wolfgang hat mit der K\u00fcnstlering gesprochen.","breadcrumb":{"@id":"https:\/\/kulturonline.tv\/de\/margaritha-wantischek\/#breadcrumb"},"inLanguage":"de","potentialAction":[{"@type":"ReadAction","target":["https:\/\/kulturonline.tv\/de\/margaritha-wantischek\/"]}]},{"@type":"ImageObject","inLanguage":"de","@id":"https:\/\/kulturonline.tv\/de\/margaritha-wantischek\/#primaryimage","url":"https:\/\/kulturonline.tv\/wp-content\/uploads\/2025\/06\/Blue-Neon-Movie-Trailer-Youtube-Thumbnail-6.jpg","contentUrl":"https:\/\/kulturonline.tv\/wp-content\/uploads\/2025\/06\/Blue-Neon-Movie-Trailer-Youtube-Thumbnail-6.jpg","width":1280,"height":720},{"@type":"BreadcrumbList","@id":"https:\/\/kulturonline.tv\/de\/margaritha-wantischek\/#breadcrumb","itemListElement":[{"@type":"ListItem","position":1,"name":"Startseite","item":"https:\/\/kulturonline.tv\/de\/"},{"@type":"ListItem","position":2,"name":"K\u00fcnstlerin Margaritha Wantischek"}]},{"@type":"WebSite","@id":"https:\/\/kulturonline.tv\/de\/#website","url":"https:\/\/kulturonline.tv\/de\/","name":"Kultur Online TV &amp; FM","description":"Wir sind Kultur 2.0 zum sehen &amp; h\u00f6ren","publisher":{"@id":"https:\/\/kulturonline.tv\/de\/#organization"},"potentialAction":[{"@type":"SearchAction","target":{"@type":"EntryPoint","urlTemplate":"https:\/\/kulturonline.tv\/de\/?s={search_term_string}"},"query-input":{"@type":"PropertyValueSpecification","valueRequired":true,"valueName":"search_term_string"}}],"inLanguage":"de"},{"@type":"Organization","@id":"https:\/\/kulturonline.tv\/de\/#organization","name":"Kultur Online TV","url":"https:\/\/kulturonline.tv\/de\/","logo":{"@type":"ImageObject","inLanguage":"de","@id":"https:\/\/kulturonline.tv\/de\/#\/schema\/logo\/image\/","url":"https:\/\/kulturonline.tv\/wp-content\/uploads\/2021\/08\/Kultur-Online-Tv-Logo-Endversion-neu.png","contentUrl":"https:\/\/kulturonline.tv\/wp-content\/uploads\/2021\/08\/Kultur-Online-Tv-Logo-Endversion-neu.png","width":200,"height":200,"caption":"Kultur Online TV"},"image":{"@id":"https:\/\/kulturonline.tv\/de\/#\/schema\/logo\/image\/"},"sameAs":["https:\/\/www.facebook.com\/kulturonline.tv","https:\/\/www.instagram.com\/kulturonline.tv"]},{"@type":"Person","@id":"https:\/\/kulturonline.tv\/de\/#\/schema\/person\/b0fac729bb9a0c193fb1df23449df4fe","name":"guenter.wolfgang"}]}},"_links":{"self":[{"href":"https:\/\/kulturonline.tv\/de\/wp-json\/wp\/v2\/posts\/110329","targetHints":{"allow":["GET"]}}],"collection":[{"href":"https:\/\/kulturonline.tv\/de\/wp-json\/wp\/v2\/posts"}],"about":[{"href":"https:\/\/kulturonline.tv\/de\/wp-json\/wp\/v2\/types\/post"}],"author":[{"embeddable":true,"href":"https:\/\/kulturonline.tv\/de\/wp-json\/wp\/v2\/users\/2"}],"replies":[{"embeddable":true,"href":"https:\/\/kulturonline.tv\/de\/wp-json\/wp\/v2\/comments?post=110329"}],"version-history":[{"count":2,"href":"https:\/\/kulturonline.tv\/de\/wp-json\/wp\/v2\/posts\/110329\/revisions"}],"predecessor-version":[{"id":110477,"href":"https:\/\/kulturonline.tv\/de\/wp-json\/wp\/v2\/posts\/110329\/revisions\/110477"}],"wp:featuredmedia":[{"embeddable":true,"href":"https:\/\/kulturonline.tv\/de\/wp-json\/wp\/v2\/media\/110355"}],"wp:attachment":[{"href":"https:\/\/kulturonline.tv\/de\/wp-json\/wp\/v2\/media?parent=110329"}],"wp:term":[{"taxonomy":"category","embeddable":true,"href":"https:\/\/kulturonline.tv\/de\/wp-json\/wp\/v2\/categories?post=110329"},{"taxonomy":"post_tag","embeddable":true,"href":"https:\/\/kulturonline.tv\/de\/wp-json\/wp\/v2\/tags?post=110329"}],"curies":[{"name":"wp","href":"https:\/\/api.w.org\/{rel}","templated":true}]}}