{"id":111551,"date":"2025-06-23T15:05:52","date_gmt":"2025-06-23T13:05:52","guid":{"rendered":"https:\/\/kulturonline.tv\/?p=111551"},"modified":"2025-06-23T18:10:13","modified_gmt":"2025-06-23T16:10:13","slug":"tippauftakt-der-tegernsee-art-masters-2025-mit-tony-cragg","status":"publish","type":"post","link":"https:\/\/kulturonline.tv\/de\/tippauftakt-der-tegernsee-art-masters-2025-mit-tony-cragg\/","title":{"rendered":"Tipp:Auftakt der Tegernsee\u00a0Art\u00a0Masters 2025 mit Tony Cragg"},"content":{"rendered":"\n<p>Mit zwei monumentalen Skulpturen des britischen K\u00fcnstler Tony Cragg beginnt im Tegernseer Tal die k\u00fcnstlerische Einstimmung auf die Tegernsee Art Masters 2026. Die Werke \u201eRunner\u201c und \u201eWE\u201c markieren den Auftakt zur Ausstellung \u201eSeemeile Nr. 1 \u2013 Elemente\u201c, die 2026 Kunst, Natur und gesellschaftliche Themen<br>miteinander verbinden wird.<\/p>\n\n\n\n<figure class=\"wp-block-image size-full is-resized\"><img fetchpriority=\"high\" decoding=\"async\" width=\"475\" height=\"576\" src=\"https:\/\/kulturonline.tv\/wp-content\/uploads\/2025\/06\/RunnerSeeweb_JPG.avif\" alt=\"\" class=\"wp-image-111554\" style=\"width:645px;height:auto\"\/><\/figure>\n\n\n\n<h5 class=\"wp-block-heading\">\u00a9 Bilder Zierer Communications <\/h5>\n\n\n\n<h2 class=\"wp-block-heading\"><strong>Kunst rund um den See<\/strong> <strong>mit Craggs monumentalen Bronzeskultpturen <\/strong><\/h2>\n\n\n\n<p><br>Nach einer 670 Kilometer Reise aus dem Atelier und Skulpturenpark in Wuppertal wurden die Bronzearbeiten mit<br>Spezialkr\u00e4nen an ihren Standorten installiert. Die \u00fcber vier Meter hohe und 4450 kg schwere Skulptur \u201eRunner\u201c am Seeufer hat einen gesch\u00e4tzten Wert von 1,2 Millionen Euro.<\/p>\n\n\n\n<figure class=\"wp-block-image size-large\"><img decoding=\"async\" width=\"1200\" height=\"1600\" src=\"https:\/\/kulturonline.tv\/wp-content\/uploads\/2025\/06\/WE_Skulptur_Toni-Cragg-1-1200x1600.jpg\" alt=\"\" class=\"wp-image-111563\" srcset=\"https:\/\/kulturonline.tv\/wp-content\/uploads\/2025\/06\/WE_Skulptur_Toni-Cragg-1-1200x1600.jpg 1200w, https:\/\/kulturonline.tv\/wp-content\/uploads\/2025\/06\/WE_Skulptur_Toni-Cragg-1-600x800.jpg 600w, https:\/\/kulturonline.tv\/wp-content\/uploads\/2025\/06\/WE_Skulptur_Toni-Cragg-1-768x1024.jpg 768w, https:\/\/kulturonline.tv\/wp-content\/uploads\/2025\/06\/WE_Skulptur_Toni-Cragg-1-1152x1536.jpg 1152w, https:\/\/kulturonline.tv\/wp-content\/uploads\/2025\/06\/WE_Skulptur_Toni-Cragg-1-1536x2048.jpg 1536w, https:\/\/kulturonline.tv\/wp-content\/uploads\/2025\/06\/WE_Skulptur_Toni-Cragg-1-scaled.jpg 1920w\" sizes=\"(max-width: 1200px) 100vw, 1200px\" \/><\/figure>\n\n\n\n<h5 class=\"wp-block-heading\">\u00a9 Bilder Zierer Communications <\/h5>\n\n\n\n<p>Sie beeindruckt durch ihre spiralf\u00f6rmige Form, in der Bewegung, Energie und das Fortschreiten des Lebens sichtbar werden. 2024 stand an dieser prominenten Stelle der \u201eBaum des Lebens\u201c von Stefan Szczesny.<\/p>\n\n\n\n<p><br>Das Werk \u201eWE\u201c wurde in Kooperation mit der Olaf-Gulbransson-Gesellschaft e.V. vor dem Olaf Gulbransson Museum in Tegernsee platziert. Die \u00fcbereinandergeschichteten, organisch wirkenden Formen thematisieren die Komplexit\u00e4t menschlicher Identit\u00e4t und die Beziehung zwischen Individuum und Gesellschaft. Beide Skulpturen bleiben 100 Tage im \u00f6ffentlichen Raum sichtbar und bilden den Auftakt zur Hauptausstellung im kommenden Jahr.<\/p>\n\n\n\n<p><strong>Tegernsee Art Masters 2026: Seemeile Nr. 1 \u2013 Elemente. Eine kuratierte Kunstlandschaft.<\/strong><\/p>\n\n\n\n<p>Unter der Leitung der international renommierten Kuratorin Dr. Ellen Andrea Seehusen werden die Tegernsee Art<br>Masters 2026 internationale Positionen der zeitgen\u00f6ssischen Kunst. <\/p>\n\n\n\n<p>Werke von Daniel Buren, Manolo Vald\u00e9s, Bernar Venet, Fabrizio Plessi, Pedro Cabrita Reis, Bettina Pousttchi, Hamish Fulton pr\u00e4sentieren und viele weitere K\u00fcnstler werden einladen Kunst entlang des Sees neu zu entdecken.<\/p>\n\n\n\n<p><br>Das kuratorische Konzept der Seemeile versteht sich als begehbare Kunststrecke rund um den Tegernsee. Im<br>Mittelpunkt stehen die f\u00fcnf Elemente Erde, Wasser, Feuer, Luft und \u00c4ther. Skulptur, Natur und Kultur treten entlang dieser Route in einen Dialog und schaffen eine sinnlich erfahrbare Verbindung zwischen Landschaft und k\u00fcnstlerischem Ausdruck.<\/p>\n\n\n\n<p><br>Dr. Seehusen bringt ihre langj\u00e4hrige Erfahrung im internationalen Kunstmanagement und der Markenkommunikation ein. Ihr Netzwerk aus Museen, Institutionen und globalen Premiummarken pr\u00e4gt das Profil der Ausstellung und st\u00e4rkt den Br\u00fcckenschlag zwischen Kunst und Gesellschaft.<\/p>\n\n\n\n<p><br>Neben den Skulpturen im \u00f6ffentlichen Raum werden 2026 begleitende Ausstellungen im Olaf Gulbransson Museum sowie exklusive Kunst- und Kulturveranstaltungen das Gesamtprogramm bereichern.<\/p>\n\n\n\n<h2 class=\"wp-block-heading\">Die Initiatoren<\/h2>\n\n\n\n<p><br>Tr\u00e4ger der Ausstellung ist der Tegernsee Art Masters e.V. unter dem Vorsitz von Thomas Tomaschek und Initiator<br>Heino Stamm. In Zusammenarbeit mit der Buchmann Galerie Berlin, die Tony Cragg seit 1983 vertritt, sowie zahlreichen Partnern aus der Region entsteht ein Kunstprojekt mit internationaler Ausstrahlung. Besucher, Sammler, Sponsoren und Kunstliebhaber sind eingeladen, Kunst in einer neuen Dimension zu erleben.<\/p>\n\n\n\n<p><\/p>\n\n\n\n<p><strong>Die Tony Cragg Skulpturen<\/strong><\/p>\n\n\n\n<p>30.Juni bis 15.September 2025<\/p>\n\n\n\n<p>Skulptur \u201eRunner\u201c<br>Ganghofer\/ Ecke \u00dcberfahrt Stra\u00dfe<\/p>\n\n\n\n<p>Skulptur \u201eWE\u201c<br>Olaf Gulbransson Museum<br>Dienstag bis Sonntag: 10:00\u201317:00 Uhr<br>Olaf-Gulbransson-Stra\u00dfe 2\u20136<br>83684 Tegernsee<br>Website:<strong> www.olaf-gulbransson-museum.de<\/strong><\/p>\n\n\n\n<p><br>Kultur Online TV-FM<\/p>\n\n\n\n<p>#kunst #kultur #tegernsee<\/p>\n\n\n\n<p><\/p>\n","protected":false},"excerpt":{"rendered":"<p>Mit zwei monumentalen Skulpturen des britischen K\u00fcnstler Tony Cragg beginnt im Tegernseer Tal die k\u00fcnstlerische Einstimmung auf die Tegernsee Art Masters 2026. Die Werke \u201eRunner\u201c und \u201eWE\u201c markieren den Auftakt zur Ausstellung \u201eSeemeile Nr. 1 \u2013 Elemente\u201c, die 2026 Kunst, Natur und gesellschaftliche Themenmiteinander verbinden wird. \u00a9 Bilder Zierer Communications Kunst rund um den See [&hellip;]<\/p>\n","protected":false},"author":2,"featured_media":111556,"comment_status":"open","ping_status":"open","sticky":false,"template":"","format":"standard","meta":{"_acf_changed":false,"footnotes":""},"categories":[107,3],"tags":[],"class_list":["post-111551","post","type-post","status-publish","format-standard","has-post-thumbnail","hentry","category-kunst","category-newsflash"],"acf":[],"yoast_head":"<!-- This site is optimized with the Yoast SEO plugin v26.1.1 - https:\/\/yoast.com\/wordpress\/plugins\/seo\/ -->\n<title>Tipp:Auftakt der Tegernsee\u00a0Art\u00a0Masters 2025 mit Tony Cragg - Kultur Online TV &amp; FM<\/title>\n<meta name=\"description\" content=\"Am Sonntag, den 29. Juni 2025, findet am Tegernsee ein besonderer Kunstmoment statt.\" \/>\n<meta name=\"robots\" content=\"index, follow, max-snippet:-1, max-image-preview:large, max-video-preview:-1\" \/>\n<link rel=\"canonical\" href=\"https:\/\/kulturonline.tv\/de\/tippauftakt-der-tegernsee-art-masters-2025-mit-tony-cragg\/\" \/>\n<meta property=\"og:locale\" content=\"de_DE\" \/>\n<meta property=\"og:type\" content=\"article\" \/>\n<meta property=\"og:title\" content=\"Tipp:Auftakt der Tegernsee\u00a0Art\u00a0Masters 2025 mit Tony Cragg - Kultur Online TV &amp; FM\" \/>\n<meta property=\"og:description\" content=\"Am Sonntag, den 29. Juni 2025, findet am Tegernsee ein besonderer Kunstmoment statt.\" \/>\n<meta property=\"og:url\" content=\"https:\/\/kulturonline.tv\/de\/tippauftakt-der-tegernsee-art-masters-2025-mit-tony-cragg\/\" \/>\n<meta property=\"og:site_name\" content=\"Kultur Online TV &amp; FM\" \/>\n<meta property=\"article:publisher\" content=\"https:\/\/www.facebook.com\/kulturonline.tv\" \/>\n<meta property=\"article:published_time\" content=\"2025-06-23T13:05:52+00:00\" \/>\n<meta property=\"article:modified_time\" content=\"2025-06-23T16:10:13+00:00\" \/>\n<meta property=\"og:image\" content=\"https:\/\/kulturonline.tv\/wp-content\/uploads\/2025\/06\/KUltur-Online-TV-bei9trag.jpg\" \/>\n\t<meta property=\"og:image:width\" content=\"527\" \/>\n\t<meta property=\"og:image:height\" content=\"396\" \/>\n\t<meta property=\"og:image:type\" content=\"image\/jpeg\" \/>\n<meta name=\"author\" content=\"guenter.wolfgang\" \/>\n<meta name=\"twitter:card\" content=\"summary_large_image\" \/>\n<meta name=\"twitter:label1\" content=\"Verfasst von\" \/>\n\t<meta name=\"twitter:data1\" content=\"guenter.wolfgang\" \/>\n\t<meta name=\"twitter:label2\" content=\"Gesch\u00e4tzte Lesezeit\" \/>\n\t<meta name=\"twitter:data2\" content=\"2\u00a0Minuten\" \/>\n<script type=\"application\/ld+json\" class=\"yoast-schema-graph\">{\"@context\":\"https:\/\/schema.org\",\"@graph\":[{\"@type\":\"Article\",\"@id\":\"https:\/\/kulturonline.tv\/de\/tippauftakt-der-tegernsee-art-masters-2025-mit-tony-cragg\/#article\",\"isPartOf\":{\"@id\":\"https:\/\/kulturonline.tv\/de\/tippauftakt-der-tegernsee-art-masters-2025-mit-tony-cragg\/\"},\"author\":{\"name\":\"guenter.wolfgang\",\"@id\":\"https:\/\/kulturonline.tv\/de\/#\/schema\/person\/b0fac729bb9a0c193fb1df23449df4fe\"},\"headline\":\"Tipp:Auftakt der Tegernsee\u00a0Art\u00a0Masters 2025 mit Tony Cragg\",\"datePublished\":\"2025-06-23T13:05:52+00:00\",\"dateModified\":\"2025-06-23T16:10:13+00:00\",\"mainEntityOfPage\":{\"@id\":\"https:\/\/kulturonline.tv\/de\/tippauftakt-der-tegernsee-art-masters-2025-mit-tony-cragg\/\"},\"wordCount\":458,\"commentCount\":1,\"publisher\":{\"@id\":\"https:\/\/kulturonline.tv\/de\/#organization\"},\"image\":{\"@id\":\"https:\/\/kulturonline.tv\/de\/tippauftakt-der-tegernsee-art-masters-2025-mit-tony-cragg\/#primaryimage\"},\"thumbnailUrl\":\"https:\/\/kulturonline.tv\/wp-content\/uploads\/2025\/06\/KUltur-Online-TV-bei9trag.jpg\",\"articleSection\":[\"Kunst\",\"Newsflash\"],\"inLanguage\":\"de\",\"potentialAction\":[{\"@type\":\"CommentAction\",\"name\":\"Comment\",\"target\":[\"https:\/\/kulturonline.tv\/de\/tippauftakt-der-tegernsee-art-masters-2025-mit-tony-cragg\/#respond\"]}]},{\"@type\":\"WebPage\",\"@id\":\"https:\/\/kulturonline.tv\/de\/tippauftakt-der-tegernsee-art-masters-2025-mit-tony-cragg\/\",\"url\":\"https:\/\/kulturonline.tv\/de\/tippauftakt-der-tegernsee-art-masters-2025-mit-tony-cragg\/\",\"name\":\"Tipp:Auftakt der Tegernsee\u00a0Art\u00a0Masters 2025 mit Tony Cragg - Kultur Online TV &amp; FM\",\"isPartOf\":{\"@id\":\"https:\/\/kulturonline.tv\/de\/#website\"},\"primaryImageOfPage\":{\"@id\":\"https:\/\/kulturonline.tv\/de\/tippauftakt-der-tegernsee-art-masters-2025-mit-tony-cragg\/#primaryimage\"},\"image\":{\"@id\":\"https:\/\/kulturonline.tv\/de\/tippauftakt-der-tegernsee-art-masters-2025-mit-tony-cragg\/#primaryimage\"},\"thumbnailUrl\":\"https:\/\/kulturonline.tv\/wp-content\/uploads\/2025\/06\/KUltur-Online-TV-bei9trag.jpg\",\"datePublished\":\"2025-06-23T13:05:52+00:00\",\"dateModified\":\"2025-06-23T16:10:13+00:00\",\"description\":\"Am Sonntag, den 29. Juni 2025, findet am Tegernsee ein besonderer Kunstmoment statt.\",\"breadcrumb\":{\"@id\":\"https:\/\/kulturonline.tv\/de\/tippauftakt-der-tegernsee-art-masters-2025-mit-tony-cragg\/#breadcrumb\"},\"inLanguage\":\"de\",\"potentialAction\":[{\"@type\":\"ReadAction\",\"target\":[\"https:\/\/kulturonline.tv\/de\/tippauftakt-der-tegernsee-art-masters-2025-mit-tony-cragg\/\"]}]},{\"@type\":\"ImageObject\",\"inLanguage\":\"de\",\"@id\":\"https:\/\/kulturonline.tv\/de\/tippauftakt-der-tegernsee-art-masters-2025-mit-tony-cragg\/#primaryimage\",\"url\":\"https:\/\/kulturonline.tv\/wp-content\/uploads\/2025\/06\/KUltur-Online-TV-bei9trag.jpg\",\"contentUrl\":\"https:\/\/kulturonline.tv\/wp-content\/uploads\/2025\/06\/KUltur-Online-TV-bei9trag.jpg\",\"width\":527,\"height\":396},{\"@type\":\"BreadcrumbList\",\"@id\":\"https:\/\/kulturonline.tv\/de\/tippauftakt-der-tegernsee-art-masters-2025-mit-tony-cragg\/#breadcrumb\",\"itemListElement\":[{\"@type\":\"ListItem\",\"position\":1,\"name\":\"Startseite\",\"item\":\"https:\/\/kulturonline.tv\/de\/\"},{\"@type\":\"ListItem\",\"position\":2,\"name\":\"Tipp:Auftakt der Tegernsee\u00a0Art\u00a0Masters 2025 mit Tony Cragg\"}]},{\"@type\":\"WebSite\",\"@id\":\"https:\/\/kulturonline.tv\/de\/#website\",\"url\":\"https:\/\/kulturonline.tv\/de\/\",\"name\":\"Kultur Online TV &amp; FM\",\"description\":\"Wir sind Kultur 2.0 zum sehen &amp; h\u00f6ren\",\"publisher\":{\"@id\":\"https:\/\/kulturonline.tv\/de\/#organization\"},\"potentialAction\":[{\"@type\":\"SearchAction\",\"target\":{\"@type\":\"EntryPoint\",\"urlTemplate\":\"https:\/\/kulturonline.tv\/de\/?s={search_term_string}\"},\"query-input\":{\"@type\":\"PropertyValueSpecification\",\"valueRequired\":true,\"valueName\":\"search_term_string\"}}],\"inLanguage\":\"de\"},{\"@type\":\"Organization\",\"@id\":\"https:\/\/kulturonline.tv\/de\/#organization\",\"name\":\"Kultur Online TV\",\"url\":\"https:\/\/kulturonline.tv\/de\/\",\"logo\":{\"@type\":\"ImageObject\",\"inLanguage\":\"de\",\"@id\":\"https:\/\/kulturonline.tv\/de\/#\/schema\/logo\/image\/\",\"url\":\"https:\/\/kulturonline.tv\/wp-content\/uploads\/2021\/08\/Kultur-Online-Tv-Logo-Endversion-neu.png\",\"contentUrl\":\"https:\/\/kulturonline.tv\/wp-content\/uploads\/2021\/08\/Kultur-Online-Tv-Logo-Endversion-neu.png\",\"width\":200,\"height\":200,\"caption\":\"Kultur Online TV\"},\"image\":{\"@id\":\"https:\/\/kulturonline.tv\/de\/#\/schema\/logo\/image\/\"},\"sameAs\":[\"https:\/\/www.facebook.com\/kulturonline.tv\",\"https:\/\/www.instagram.com\/kulturonline.tv\"]},{\"@type\":\"Person\",\"@id\":\"https:\/\/kulturonline.tv\/de\/#\/schema\/person\/b0fac729bb9a0c193fb1df23449df4fe\",\"name\":\"guenter.wolfgang\"}]}<\/script>\n<!-- \/ Yoast SEO plugin. -->","yoast_head_json":{"title":"Tipp:Auftakt der Tegernsee\u00a0Art\u00a0Masters 2025 mit Tony Cragg - Kultur Online TV &amp; FM","description":"Am Sonntag, den 29. Juni 2025, findet am Tegernsee ein besonderer Kunstmoment statt.","robots":{"index":"index","follow":"follow","max-snippet":"max-snippet:-1","max-image-preview":"max-image-preview:large","max-video-preview":"max-video-preview:-1"},"canonical":"https:\/\/kulturonline.tv\/de\/tippauftakt-der-tegernsee-art-masters-2025-mit-tony-cragg\/","og_locale":"de_DE","og_type":"article","og_title":"Tipp:Auftakt der Tegernsee\u00a0Art\u00a0Masters 2025 mit Tony Cragg - Kultur Online TV &amp; FM","og_description":"Am Sonntag, den 29. Juni 2025, findet am Tegernsee ein besonderer Kunstmoment statt.","og_url":"https:\/\/kulturonline.tv\/de\/tippauftakt-der-tegernsee-art-masters-2025-mit-tony-cragg\/","og_site_name":"Kultur Online TV &amp; FM","article_publisher":"https:\/\/www.facebook.com\/kulturonline.tv","article_published_time":"2025-06-23T13:05:52+00:00","article_modified_time":"2025-06-23T16:10:13+00:00","og_image":[{"width":527,"height":396,"url":"https:\/\/kulturonline.tv\/wp-content\/uploads\/2025\/06\/KUltur-Online-TV-bei9trag.jpg","type":"image\/jpeg"}],"author":"guenter.wolfgang","twitter_card":"summary_large_image","twitter_misc":{"Verfasst von":"guenter.wolfgang","Gesch\u00e4tzte Lesezeit":"2\u00a0Minuten"},"schema":{"@context":"https:\/\/schema.org","@graph":[{"@type":"Article","@id":"https:\/\/kulturonline.tv\/de\/tippauftakt-der-tegernsee-art-masters-2025-mit-tony-cragg\/#article","isPartOf":{"@id":"https:\/\/kulturonline.tv\/de\/tippauftakt-der-tegernsee-art-masters-2025-mit-tony-cragg\/"},"author":{"name":"guenter.wolfgang","@id":"https:\/\/kulturonline.tv\/de\/#\/schema\/person\/b0fac729bb9a0c193fb1df23449df4fe"},"headline":"Tipp:Auftakt der Tegernsee\u00a0Art\u00a0Masters 2025 mit Tony Cragg","datePublished":"2025-06-23T13:05:52+00:00","dateModified":"2025-06-23T16:10:13+00:00","mainEntityOfPage":{"@id":"https:\/\/kulturonline.tv\/de\/tippauftakt-der-tegernsee-art-masters-2025-mit-tony-cragg\/"},"wordCount":458,"commentCount":1,"publisher":{"@id":"https:\/\/kulturonline.tv\/de\/#organization"},"image":{"@id":"https:\/\/kulturonline.tv\/de\/tippauftakt-der-tegernsee-art-masters-2025-mit-tony-cragg\/#primaryimage"},"thumbnailUrl":"https:\/\/kulturonline.tv\/wp-content\/uploads\/2025\/06\/KUltur-Online-TV-bei9trag.jpg","articleSection":["Kunst","Newsflash"],"inLanguage":"de","potentialAction":[{"@type":"CommentAction","name":"Comment","target":["https:\/\/kulturonline.tv\/de\/tippauftakt-der-tegernsee-art-masters-2025-mit-tony-cragg\/#respond"]}]},{"@type":"WebPage","@id":"https:\/\/kulturonline.tv\/de\/tippauftakt-der-tegernsee-art-masters-2025-mit-tony-cragg\/","url":"https:\/\/kulturonline.tv\/de\/tippauftakt-der-tegernsee-art-masters-2025-mit-tony-cragg\/","name":"Tipp:Auftakt der Tegernsee\u00a0Art\u00a0Masters 2025 mit Tony Cragg - Kultur Online TV &amp; FM","isPartOf":{"@id":"https:\/\/kulturonline.tv\/de\/#website"},"primaryImageOfPage":{"@id":"https:\/\/kulturonline.tv\/de\/tippauftakt-der-tegernsee-art-masters-2025-mit-tony-cragg\/#primaryimage"},"image":{"@id":"https:\/\/kulturonline.tv\/de\/tippauftakt-der-tegernsee-art-masters-2025-mit-tony-cragg\/#primaryimage"},"thumbnailUrl":"https:\/\/kulturonline.tv\/wp-content\/uploads\/2025\/06\/KUltur-Online-TV-bei9trag.jpg","datePublished":"2025-06-23T13:05:52+00:00","dateModified":"2025-06-23T16:10:13+00:00","description":"Am Sonntag, den 29. Juni 2025, findet am Tegernsee ein besonderer Kunstmoment statt.","breadcrumb":{"@id":"https:\/\/kulturonline.tv\/de\/tippauftakt-der-tegernsee-art-masters-2025-mit-tony-cragg\/#breadcrumb"},"inLanguage":"de","potentialAction":[{"@type":"ReadAction","target":["https:\/\/kulturonline.tv\/de\/tippauftakt-der-tegernsee-art-masters-2025-mit-tony-cragg\/"]}]},{"@type":"ImageObject","inLanguage":"de","@id":"https:\/\/kulturonline.tv\/de\/tippauftakt-der-tegernsee-art-masters-2025-mit-tony-cragg\/#primaryimage","url":"https:\/\/kulturonline.tv\/wp-content\/uploads\/2025\/06\/KUltur-Online-TV-bei9trag.jpg","contentUrl":"https:\/\/kulturonline.tv\/wp-content\/uploads\/2025\/06\/KUltur-Online-TV-bei9trag.jpg","width":527,"height":396},{"@type":"BreadcrumbList","@id":"https:\/\/kulturonline.tv\/de\/tippauftakt-der-tegernsee-art-masters-2025-mit-tony-cragg\/#breadcrumb","itemListElement":[{"@type":"ListItem","position":1,"name":"Startseite","item":"https:\/\/kulturonline.tv\/de\/"},{"@type":"ListItem","position":2,"name":"Tipp:Auftakt der Tegernsee\u00a0Art\u00a0Masters 2025 mit Tony Cragg"}]},{"@type":"WebSite","@id":"https:\/\/kulturonline.tv\/de\/#website","url":"https:\/\/kulturonline.tv\/de\/","name":"Kultur Online TV &amp; FM","description":"Wir sind Kultur 2.0 zum sehen &amp; h\u00f6ren","publisher":{"@id":"https:\/\/kulturonline.tv\/de\/#organization"},"potentialAction":[{"@type":"SearchAction","target":{"@type":"EntryPoint","urlTemplate":"https:\/\/kulturonline.tv\/de\/?s={search_term_string}"},"query-input":{"@type":"PropertyValueSpecification","valueRequired":true,"valueName":"search_term_string"}}],"inLanguage":"de"},{"@type":"Organization","@id":"https:\/\/kulturonline.tv\/de\/#organization","name":"Kultur Online TV","url":"https:\/\/kulturonline.tv\/de\/","logo":{"@type":"ImageObject","inLanguage":"de","@id":"https:\/\/kulturonline.tv\/de\/#\/schema\/logo\/image\/","url":"https:\/\/kulturonline.tv\/wp-content\/uploads\/2021\/08\/Kultur-Online-Tv-Logo-Endversion-neu.png","contentUrl":"https:\/\/kulturonline.tv\/wp-content\/uploads\/2021\/08\/Kultur-Online-Tv-Logo-Endversion-neu.png","width":200,"height":200,"caption":"Kultur Online TV"},"image":{"@id":"https:\/\/kulturonline.tv\/de\/#\/schema\/logo\/image\/"},"sameAs":["https:\/\/www.facebook.com\/kulturonline.tv","https:\/\/www.instagram.com\/kulturonline.tv"]},{"@type":"Person","@id":"https:\/\/kulturonline.tv\/de\/#\/schema\/person\/b0fac729bb9a0c193fb1df23449df4fe","name":"guenter.wolfgang"}]}},"_links":{"self":[{"href":"https:\/\/kulturonline.tv\/de\/wp-json\/wp\/v2\/posts\/111551","targetHints":{"allow":["GET"]}}],"collection":[{"href":"https:\/\/kulturonline.tv\/de\/wp-json\/wp\/v2\/posts"}],"about":[{"href":"https:\/\/kulturonline.tv\/de\/wp-json\/wp\/v2\/types\/post"}],"author":[{"embeddable":true,"href":"https:\/\/kulturonline.tv\/de\/wp-json\/wp\/v2\/users\/2"}],"replies":[{"embeddable":true,"href":"https:\/\/kulturonline.tv\/de\/wp-json\/wp\/v2\/comments?post=111551"}],"version-history":[{"count":4,"href":"https:\/\/kulturonline.tv\/de\/wp-json\/wp\/v2\/posts\/111551\/revisions"}],"predecessor-version":[{"id":111565,"href":"https:\/\/kulturonline.tv\/de\/wp-json\/wp\/v2\/posts\/111551\/revisions\/111565"}],"wp:featuredmedia":[{"embeddable":true,"href":"https:\/\/kulturonline.tv\/de\/wp-json\/wp\/v2\/media\/111556"}],"wp:attachment":[{"href":"https:\/\/kulturonline.tv\/de\/wp-json\/wp\/v2\/media?parent=111551"}],"wp:term":[{"taxonomy":"category","embeddable":true,"href":"https:\/\/kulturonline.tv\/de\/wp-json\/wp\/v2\/categories?post=111551"},{"taxonomy":"post_tag","embeddable":true,"href":"https:\/\/kulturonline.tv\/de\/wp-json\/wp\/v2\/tags?post=111551"}],"curies":[{"name":"wp","href":"https:\/\/api.w.org\/{rel}","templated":true}]}}