{"id":116561,"date":"2025-08-25T20:00:48","date_gmt":"2025-08-25T18:00:48","guid":{"rendered":"https:\/\/kulturonline.tv\/?p=116561"},"modified":"2025-11-30T12:11:41","modified_gmt":"2025-11-30T11:11:41","slug":"treffpunkt-salzburg-ein-genuss-2","status":"publish","type":"post","link":"https:\/\/kulturonline.tv\/de\/treffpunkt-salzburg-ein-genuss-2\/","title":{"rendered":"Treffpunkt: Salzburg ein Genuss"},"content":{"rendered":"\n<div style=\"height:19px\" aria-hidden=\"true\" class=\"wp-block-spacer\"><\/div>\n\n\n\n<figure class=\"wp-block-embed is-type-video is-provider-youtube wp-block-embed-youtube wp-embed-aspect-16-9 wp-has-aspect-ratio\"><div class=\"wp-block-embed__wrapper\">\n<iframe title=\"Treffpunkt: Salzburg ein Genuss\" width=\"800\" height=\"450\" src=\"https:\/\/www.youtube.com\/embed\/6fjVVGvv3xg?feature=oembed&#038;enablejsapi=1&#038;origin=https:\/\/kulturonline.tv\" frameborder=\"0\" allow=\"accelerometer; autoplay; clipboard-write; encrypted-media; gyroscope; picture-in-picture; web-share\" referrerpolicy=\"strict-origin-when-cross-origin\" allowfullscreen><\/iframe>\n<\/div><\/figure>\n\n\n\n<figure class=\"wp-block-image size-full\"><a href=\"https:\/\/kulturonline.tv\/de\/mediathek\/\"><img fetchpriority=\"high\" decoding=\"async\" width=\"2500\" height=\"400\" src=\"https:\/\/kulturonline.tv\/wp-content\/uploads\/2025\/08\/MEDIATHEK-2.png\" alt=\"\" class=\"wp-image-119136\" srcset=\"https:\/\/kulturonline.tv\/wp-content\/uploads\/2025\/08\/MEDIATHEK-2.png 2500w, https:\/\/kulturonline.tv\/wp-content\/uploads\/2025\/08\/MEDIATHEK-2-800x128.png 800w, https:\/\/kulturonline.tv\/wp-content\/uploads\/2025\/08\/MEDIATHEK-2-1600x256.png 1600w, https:\/\/kulturonline.tv\/wp-content\/uploads\/2025\/08\/MEDIATHEK-2-768x123.png 768w, https:\/\/kulturonline.tv\/wp-content\/uploads\/2025\/08\/MEDIATHEK-2-1536x246.png 1536w, https:\/\/kulturonline.tv\/wp-content\/uploads\/2025\/08\/MEDIATHEK-2-2048x328.png 2048w\" sizes=\"(max-width: 2500px) 100vw, 2500px\" \/><\/a><\/figure>\n\n\n\n<p><\/p>\n\n\n\n<p>Mit unserem neuen Videoformat \u201eTreffpunkt\u201c zeigen wir die einzigartige Vielfalt von St\u00e4dten und Regionen.<\/p>\n\n\n\n<p>\u201eTreffpunkt\u201c ist mehr als nur eine einfache Reise durch Regionen. Es ist eine Begegnung mit den Menschen, den Traditionen und den versteckten Sch\u00e4tzen, die jede Gegend einzigartig machen.<\/p>\n\n\n\n<p>In jeder Folge von \u201eTreffpunkt\u201c tauchen wir tief in eine neue Region ein, entdecken atemberaubende Landschaften, probieren die lokale K\u00fcche und lernen die Geschichten der Menschen kennen, die dort leben. Wir zeigen dir, was eine Region wirklich ausmacht, von lebendigen St\u00e4dten bis hin zu idyllischen D\u00f6rfern und unber\u00fchrter Natur.<\/p>\n\n\n\n<p>Lass dich inspirieren! Begib dich mit uns auf eine Entdeckungsreise, wie vielf\u00e4ltig unsere Welt ist. Treffpunkt \u2013 wo Geschichten lebendig werden.<\/p>\n\n\n\n<p>In unserer ersten Ausgabe waren wir in Salzburg unterwegs!<\/p>\n\n\n\n<figure class=\"wp-block-image size-full\"><img decoding=\"async\" width=\"1065\" height=\"599\" src=\"https:\/\/kulturonline.tv\/wp-content\/uploads\/2025\/08\/Blick-auf-die-Festung-Hohensalzburg-2-edited.jpg\" alt=\"\" class=\"wp-image-116562\" srcset=\"https:\/\/kulturonline.tv\/wp-content\/uploads\/2025\/08\/Blick-auf-die-Festung-Hohensalzburg-2-edited.jpg 1065w, https:\/\/kulturonline.tv\/wp-content\/uploads\/2025\/08\/Blick-auf-die-Festung-Hohensalzburg-2-edited-800x450.jpg 800w, https:\/\/kulturonline.tv\/wp-content\/uploads\/2025\/08\/Blick-auf-die-Festung-Hohensalzburg-2-edited-768x432.jpg 768w\" sizes=\"(max-width: 1065px) 100vw, 1065px\" \/><\/figure>\n\n\n\n<p>Salzburg zu entdecken, ist eine wahre Freude. Die interessantesten Ecken der \u00e4ltesten Stadt \u00d6sterreichs sind fu\u00dfl\u00e4ufig zu erreichen. Die Erkundung kann direkt vom Hauptbahnhof aus geschehen und tr\u00e4gt eine wunderbare Vielfalt in sich.<br>Erster magischer Anziehungspunkt ist das Schloss Mirabell mit seinem immer bl\u00fchenden bunten Garten. Urspr\u00fcnglich wurde es 1606 von F\u00fcrsterzbischof Wolf Dietrich von Raitenau f\u00fcr seine Geliebte Salome Alt und ihren 15 gemeinsamen Kindern erbaut und in sp\u00e4terer Zeit zu diesem herrlichen Kleinod ausgebaut. Am Eingang gr\u00fc\u00dft das Schloss, am Ausgang Richtung Altstadt ist schon die Silhouette der Festung zu erkennen.<\/p>\n\n\n\n<h1 class=\"wp-block-heading\">Festung und Fluss<\/h1>\n\n\n\n<p>Ein Blick in die Geschichte zeigt, dass diese beeindruckende Burg bereits im 11. Jahrhundert genutzt wurde und den Herrschenden als m\u00e4chtiger Schutz diente. Stellen Sie sich vor: Zu ihrer Hochzeit war sie so autark, dass bis zu 300 Menschen dort ein ganzes Jahr lang von der Au\u00dfenwelt abgeschnitten leben konnten! Sp\u00e4ter, als die F\u00fcrsterzbisch\u00f6fe in die Stadt zogen, wandelte sich ihre Rolle, und die Festung wurde zur Kaserne. Heute ist sie mit einer Fl\u00e4che von 32.000 Quadratmetern eine der gr\u00f6\u00dften Burgen Europas \u2013 ein wahrhaft gigantisches Bauwerk.<\/p>\n\n\n\n<p>Wenn wir uns der Altstadt n\u00e4hern, f\u00fchrt uns der Weg \u00fcber die Salzach. Dieser Fluss, der seinen Ursprung bei den beeindruckenden Krimmler Wasserf\u00e4llen hat, schl\u00e4ngelt sich \u00fcber 226 Kilometer, bevor er in den Inn m\u00fcndet \u2013 an einer Stelle, die auch als Geburtsort von Papst Benedikt XVI. bekannt ist. Doch die Salzach war mehr als nur ein Fluss: Sie war die Lebensader, auf der das &#8222;wei\u00dfe Gold&#8220; transportiert wurde, das Salzburg zu seiner damaligen Gr\u00f6\u00dfe verhalf. Dank des geschickten Agierens von Eberhard II. im 13. Jahrhundert dominierte Salzburg den Salzhandel im gesamten Ostalpenraum. Er gilt als \u201eVater des Landes Salzburg\u201c, der das Herrschaftsgebiet sogar bis in den bayerischen Rupertiwinkel ausdehnte. Die letzte Ritterschlacht bei M\u00fchldorf am Inn im Jahr 1322 besiegelte schlie\u00dflich die endg\u00fcltige Trennung von Bayern und festigte die Eigenst\u00e4ndigkeit des Landes, das einst zum bayerischen Stammesland geh\u00f6rte.<\/p>\n\n\n\n<h1 class=\"wp-block-heading\">Dom, Altstadt und Residenz<\/h1>\n\n\n\n<figure class=\"wp-block-image size-large\"><img decoding=\"async\" width=\"1600\" height=\"900\" src=\"https:\/\/kulturonline.tv\/wp-content\/uploads\/2025\/08\/collegiate-church-122752_1920-1-edited-1600x900.jpg\" alt=\"\" class=\"wp-image-115918\" srcset=\"https:\/\/kulturonline.tv\/wp-content\/uploads\/2025\/08\/collegiate-church-122752_1920-1-edited-1600x900.jpg 1600w, https:\/\/kulturonline.tv\/wp-content\/uploads\/2025\/08\/collegiate-church-122752_1920-1-edited-800x450.jpg 800w, https:\/\/kulturonline.tv\/wp-content\/uploads\/2025\/08\/collegiate-church-122752_1920-1-edited-768x432.jpg 768w, https:\/\/kulturonline.tv\/wp-content\/uploads\/2025\/08\/collegiate-church-122752_1920-1-edited-1536x864.jpg 1536w, https:\/\/kulturonline.tv\/wp-content\/uploads\/2025\/08\/collegiate-church-122752_1920-1-edited.jpg 1920w\" sizes=\"(max-width: 1600px) 100vw, 1600px\" \/><\/figure>\n\n\n\n<p>Nachdem wir uns in die Altstadt begeben haben, wird schnell klar, dass hier weit mehr verborgen liegt als nur die Getreidegasse. \u00dcberall laden kleine und gro\u00dfe Gassen zum Entdecken ein, und wer genau hinsieht, findet \u00fcber 100 Handwerksbetriebe. Was f\u00fcr eine Vielfalt! Ob Uhrmacher, Messermacher oder die charmante Knopferlmacherin \u2013 hier trifft altes Handwerk auf neue Gen\u00fcsse, die uns aus B\u00e4ckereien und Patisserien entgegenstr\u00f6men.<\/p>\n\n\n\n<p>Im Zentrum dieser historischen Kulisse erhebt sich der Dom, ein strahlend wei\u00dfes Monument der einstigen kirchlichen Macht. Mein Blick f\u00e4llt auf die Statue des <strong>Heiligen Rupert<\/strong>, der nicht umsonst als \u201eApostel Bayerns\u201c bekannt ist. Er kam einst aus Regensburg und pr\u00e4gte das Schicksal des schon von den R\u00f6mern besiedelten Salzburgs nachhaltig. Die Gr\u00fcndung des <strong>Erzstifts St. Peter<\/strong> geht auf ihn zur\u00fcck \u2013 ein Ort, an dem man heute noch frisches Brot aus der alten B\u00e4ckerei bekommt und sich im Stiftskulinarium verw\u00f6hnen lassen kann.<\/p>\n\n\n\n<p>Ein Blick auf das Domportal verr\u00e4t uns die Geschichte: Auch der Heilige Virgil, der hier etwas sp\u00e4ter wirkte, war eine pr\u00e4gende Gestalt. Er war der Bauherr der ersten Kathedrale, die jedoch immer wieder den Flammen zum Opfer fiel. Erst unter der \u00c4gide von Erzbischof Wolf Dietrich von Raitenau wurde der Dom schlie\u00dflich zu dem monumentalen Bauwerk, das wir heute kennen.<\/p>\n\n\n\n<p>Wolf Dietrich schuf auch die Residenz, die sich von au\u00dfen festungsartig pr\u00e4sentiert, dann aber in einer eleganten Verbindung mit dem Dom in die Stadtkulisse f\u00fcgt. Die Salzburger F\u00fcrsterzbisch\u00f6fe hatten eine einzigartige Doppelrolle: Sie waren nicht nur geistliche, sondern auch weltliche Herrscher, was ihnen im Titel den Namenszusatz \u201eF\u00fcrst\u201c einbrachte. Ihre Macht reichte so weit, dass sie sogar Bisch\u00f6fe ernennen konnten.<\/p>\n\n\n\n<p>Diese besondere Eigenst\u00e4ndigkeit endete jedoch nach den Napoleonischen Kriegen. Salzburg wurde dem Habsburger Reich einverleibt, und der Rupertiwinkel mit Orten wie Tittmoning, Trostberg und Traunstein kehrte zu Bayern zur\u00fcck \u2013 ein historischer Kreis schloss sich, denn schon vor 1229 hatte diese Region zu Bayern geh\u00f6rt. Der Name Rupertiwinkel erinnert bis heute an den Heiligen Rupert, der das Gebiet einst von Regensburg aus christianisierte.<\/p>\n\n\n\n<h1 class=\"wp-block-heading\">Erlebnisreiche Kulturstadt<\/h1>\n\n\n\n<p>Heute pulsiert Salzburg vor kultureller Energie. Bei jedem Besuch entdecke ich neue Darbietungen: junge K\u00fcnstler, oft ausgebildet am Mozarteum, f\u00fcllen die Gassen mit ihren gro\u00dfartigen Stimmen. Einmal traf ich sogar Igor, einen Maler, der direkt neben dem Dom sein Atelier unter freiem Himmel aufgeschlagen hatte. Ein anderes Mal spielte eine junge Schauspielerin in der N\u00e4he von Jaume Plensas beeindruckenden K\u00f6pfen gleich f\u00fcnf verschiedene Rollen.<\/p>\n\n\n\n<p>Gerade diese Mischung macht den Zauber Salzburgs aus: Wo Geschichte auf Gegenwart trifft, entstehen einzigartige Momente. Plensas sinnliche K\u00f6pfe, die Frauen von f\u00fcnf Kontinenten darstellen, sind m\u00e4chtig in ihrer Gr\u00f6\u00dfe, f\u00fcgen sich aber \u00fcberraschend sanft in das historische Ensemble ein. Auch im DomQuartier erlebt man diese Symbiose, wo der weltbekannte zeitgen\u00f6ssische Bildhauer Tony Cragg seine Werke in den ehrw\u00fcrdigen alten R\u00e4umen der F\u00fcrsterzbisch\u00f6fe ausstellt.<\/p>\n\n\n\n<p>Salzburg ist ein Ort, an dem sich Altes und Neues auf harmonische und ganzheitliche Weise begegnen. Es ist kein Wunder, dass die zahlreichen kulturellen Veranstaltungen G\u00e4ste aus der ganzen Welt anziehen.<\/p>\n\n\n\n<p>Kultur Online TV<\/p>\n\n\n\n<p>#mediathek #treffpunkt #magazin <\/p>\n\n\n\n<p><\/p>\n\n\n\n<p><\/p>\n\n\n\n<p><\/p>\n","protected":false},"excerpt":{"rendered":"<p>Mit unserem neuen Videoformat \u201eTreffpunkt\u201c zeigen wir die einzigartige Vielfalt von St\u00e4dten und Regionen. \u201eTreffpunkt\u201c ist mehr als nur eine einfache Reise durch Regionen. Es ist eine Begegnung mit den Menschen, den Traditionen und den versteckten Sch\u00e4tzen, die jede Gegend einzigartig machen. In jeder Folge von \u201eTreffpunkt\u201c tauchen wir tief in eine neue Region ein, [&hellip;]<\/p>\n","protected":false},"author":2,"featured_media":119637,"comment_status":"closed","ping_status":"closed","sticky":false,"template":"","format":"standard","meta":{"_acf_changed":false,"footnotes":""},"categories":[985,871,901],"tags":[],"class_list":["post-116561","post","type-post","status-publish","format-standard","has-post-thumbnail","hentry","category-kultur-online-fm-aus-den-regionen","category-mediathek-treffpunkt","category-meistgelesene-beitraege"],"acf":[],"yoast_head":"<!-- This site is optimized with the Yoast SEO plugin v26.1.1 - https:\/\/yoast.com\/wordpress\/plugins\/seo\/ -->\n<title>Treffpunkt: Salzburg ein Genuss - Kultur Online TV &amp; FM<\/title>\n<meta name=\"description\" content=\"Mit unserem neuen Videoformat \u201eTreffpunkt\u201c zeigen wir die einzigartige Vielfalt von St\u00e4dten und Regionen.\u201eTreffpunkt\u201c ist mehr als nur eine einfache Reise durch Regionen. Es ist eine Begegnung mit den Menschen, den Traditionen und den versteckten Sch\u00e4tzen, die jede Gegend einzigartig machen.\" \/>\n<meta name=\"robots\" content=\"index, follow, max-snippet:-1, max-image-preview:large, max-video-preview:-1\" \/>\n<link rel=\"canonical\" href=\"https:\/\/kulturonline.tv\/de\/treffpunkt-salzburg-ein-genuss-2\/\" \/>\n<meta property=\"og:locale\" content=\"de_DE\" \/>\n<meta property=\"og:type\" content=\"article\" \/>\n<meta property=\"og:title\" content=\"Treffpunkt: Salzburg ein Genuss - Kultur Online TV &amp; FM\" \/>\n<meta property=\"og:description\" content=\"Mit unserem neuen Videoformat \u201eTreffpunkt\u201c zeigen wir die einzigartige Vielfalt von St\u00e4dten und Regionen.\u201eTreffpunkt\u201c ist mehr als nur eine einfache Reise durch Regionen. Es ist eine Begegnung mit den Menschen, den Traditionen und den versteckten Sch\u00e4tzen, die jede Gegend einzigartig machen.\" \/>\n<meta property=\"og:url\" content=\"https:\/\/kulturonline.tv\/de\/treffpunkt-salzburg-ein-genuss-2\/\" \/>\n<meta property=\"og:site_name\" content=\"Kultur Online TV &amp; FM\" \/>\n<meta property=\"article:publisher\" content=\"https:\/\/www.facebook.com\/kulturonline.tv\" \/>\n<meta property=\"article:published_time\" content=\"2025-08-25T18:00:48+00:00\" \/>\n<meta property=\"article:modified_time\" content=\"2025-11-30T11:11:41+00:00\" \/>\n<meta property=\"og:image\" content=\"https:\/\/kulturonline.tv\/wp-content\/uploads\/2025\/08\/Salzburg-Treffpunkt-Kultur-Online-TV.png\" \/>\n\t<meta property=\"og:image:width\" content=\"800\" \/>\n\t<meta property=\"og:image:height\" content=\"450\" \/>\n\t<meta property=\"og:image:type\" content=\"image\/png\" \/>\n<meta name=\"author\" content=\"guenter.wolfgang\" \/>\n<meta name=\"twitter:card\" content=\"summary_large_image\" \/>\n<meta name=\"twitter:label1\" content=\"Verfasst von\" \/>\n\t<meta name=\"twitter:data1\" content=\"guenter.wolfgang\" \/>\n\t<meta name=\"twitter:label2\" content=\"Gesch\u00e4tzte Lesezeit\" \/>\n\t<meta name=\"twitter:data2\" content=\"5\u00a0Minuten\" \/>\n<script type=\"application\/ld+json\" class=\"yoast-schema-graph\">{\"@context\":\"https:\/\/schema.org\",\"@graph\":[{\"@type\":\"Article\",\"@id\":\"https:\/\/kulturonline.tv\/de\/treffpunkt-salzburg-ein-genuss-2\/#article\",\"isPartOf\":{\"@id\":\"https:\/\/kulturonline.tv\/de\/treffpunkt-salzburg-ein-genuss-2\/\"},\"author\":{\"name\":\"guenter.wolfgang\",\"@id\":\"https:\/\/kulturonline.tv\/de\/#\/schema\/person\/b0fac729bb9a0c193fb1df23449df4fe\"},\"headline\":\"Treffpunkt: Salzburg ein Genuss\",\"datePublished\":\"2025-08-25T18:00:48+00:00\",\"dateModified\":\"2025-11-30T11:11:41+00:00\",\"mainEntityOfPage\":{\"@id\":\"https:\/\/kulturonline.tv\/de\/treffpunkt-salzburg-ein-genuss-2\/\"},\"wordCount\":1019,\"publisher\":{\"@id\":\"https:\/\/kulturonline.tv\/de\/#organization\"},\"image\":{\"@id\":\"https:\/\/kulturonline.tv\/de\/treffpunkt-salzburg-ein-genuss-2\/#primaryimage\"},\"thumbnailUrl\":\"https:\/\/kulturonline.tv\/wp-content\/uploads\/2025\/08\/Salzburg-Treffpunkt-Kultur-Online-TV.png\",\"articleSection\":[\"Kultur Online FM Aus den Regionen\",\"Mediathek Treffpunkt\",\"Meistgelesene Beitr\u00e4ge\"],\"inLanguage\":\"de\"},{\"@type\":\"WebPage\",\"@id\":\"https:\/\/kulturonline.tv\/de\/treffpunkt-salzburg-ein-genuss-2\/\",\"url\":\"https:\/\/kulturonline.tv\/de\/treffpunkt-salzburg-ein-genuss-2\/\",\"name\":\"Treffpunkt: Salzburg ein Genuss - Kultur Online TV &amp; FM\",\"isPartOf\":{\"@id\":\"https:\/\/kulturonline.tv\/de\/#website\"},\"primaryImageOfPage\":{\"@id\":\"https:\/\/kulturonline.tv\/de\/treffpunkt-salzburg-ein-genuss-2\/#primaryimage\"},\"image\":{\"@id\":\"https:\/\/kulturonline.tv\/de\/treffpunkt-salzburg-ein-genuss-2\/#primaryimage\"},\"thumbnailUrl\":\"https:\/\/kulturonline.tv\/wp-content\/uploads\/2025\/08\/Salzburg-Treffpunkt-Kultur-Online-TV.png\",\"datePublished\":\"2025-08-25T18:00:48+00:00\",\"dateModified\":\"2025-11-30T11:11:41+00:00\",\"description\":\"Mit unserem neuen Videoformat \u201eTreffpunkt\u201c zeigen wir die einzigartige Vielfalt von St\u00e4dten und Regionen.\u201eTreffpunkt\u201c ist mehr als nur eine einfache Reise durch Regionen. Es ist eine Begegnung mit den Menschen, den Traditionen und den versteckten Sch\u00e4tzen, die jede Gegend einzigartig machen.\",\"breadcrumb\":{\"@id\":\"https:\/\/kulturonline.tv\/de\/treffpunkt-salzburg-ein-genuss-2\/#breadcrumb\"},\"inLanguage\":\"de\",\"potentialAction\":[{\"@type\":\"ReadAction\",\"target\":[\"https:\/\/kulturonline.tv\/de\/treffpunkt-salzburg-ein-genuss-2\/\"]}]},{\"@type\":\"ImageObject\",\"inLanguage\":\"de\",\"@id\":\"https:\/\/kulturonline.tv\/de\/treffpunkt-salzburg-ein-genuss-2\/#primaryimage\",\"url\":\"https:\/\/kulturonline.tv\/wp-content\/uploads\/2025\/08\/Salzburg-Treffpunkt-Kultur-Online-TV.png\",\"contentUrl\":\"https:\/\/kulturonline.tv\/wp-content\/uploads\/2025\/08\/Salzburg-Treffpunkt-Kultur-Online-TV.png\",\"width\":1280,\"height\":720},{\"@type\":\"BreadcrumbList\",\"@id\":\"https:\/\/kulturonline.tv\/de\/treffpunkt-salzburg-ein-genuss-2\/#breadcrumb\",\"itemListElement\":[{\"@type\":\"ListItem\",\"position\":1,\"name\":\"Startseite\",\"item\":\"https:\/\/kulturonline.tv\/de\/\"},{\"@type\":\"ListItem\",\"position\":2,\"name\":\"Treffpunkt: Salzburg ein Genuss\"}]},{\"@type\":\"WebSite\",\"@id\":\"https:\/\/kulturonline.tv\/de\/#website\",\"url\":\"https:\/\/kulturonline.tv\/de\/\",\"name\":\"Kultur Online TV &amp; FM\",\"description\":\"Wir sind Kultur 2.0 zum sehen &amp; h\u00f6ren\",\"publisher\":{\"@id\":\"https:\/\/kulturonline.tv\/de\/#organization\"},\"potentialAction\":[{\"@type\":\"SearchAction\",\"target\":{\"@type\":\"EntryPoint\",\"urlTemplate\":\"https:\/\/kulturonline.tv\/de\/?s={search_term_string}\"},\"query-input\":{\"@type\":\"PropertyValueSpecification\",\"valueRequired\":true,\"valueName\":\"search_term_string\"}}],\"inLanguage\":\"de\"},{\"@type\":\"Organization\",\"@id\":\"https:\/\/kulturonline.tv\/de\/#organization\",\"name\":\"Kultur Online TV\",\"url\":\"https:\/\/kulturonline.tv\/de\/\",\"logo\":{\"@type\":\"ImageObject\",\"inLanguage\":\"de\",\"@id\":\"https:\/\/kulturonline.tv\/de\/#\/schema\/logo\/image\/\",\"url\":\"https:\/\/kulturonline.tv\/wp-content\/uploads\/2021\/08\/Kultur-Online-Tv-Logo-Endversion-neu.png\",\"contentUrl\":\"https:\/\/kulturonline.tv\/wp-content\/uploads\/2021\/08\/Kultur-Online-Tv-Logo-Endversion-neu.png\",\"width\":200,\"height\":200,\"caption\":\"Kultur Online TV\"},\"image\":{\"@id\":\"https:\/\/kulturonline.tv\/de\/#\/schema\/logo\/image\/\"},\"sameAs\":[\"https:\/\/www.facebook.com\/kulturonline.tv\",\"https:\/\/www.instagram.com\/kulturonline.tv\"]},{\"@type\":\"Person\",\"@id\":\"https:\/\/kulturonline.tv\/de\/#\/schema\/person\/b0fac729bb9a0c193fb1df23449df4fe\",\"name\":\"guenter.wolfgang\"}]}<\/script>\n<!-- \/ Yoast SEO plugin. -->","yoast_head_json":{"title":"Treffpunkt: Salzburg ein Genuss - Kultur Online TV &amp; FM","description":"Mit unserem neuen Videoformat \u201eTreffpunkt\u201c zeigen wir die einzigartige Vielfalt von St\u00e4dten und Regionen.\u201eTreffpunkt\u201c ist mehr als nur eine einfache Reise durch Regionen. Es ist eine Begegnung mit den Menschen, den Traditionen und den versteckten Sch\u00e4tzen, die jede Gegend einzigartig machen.","robots":{"index":"index","follow":"follow","max-snippet":"max-snippet:-1","max-image-preview":"max-image-preview:large","max-video-preview":"max-video-preview:-1"},"canonical":"https:\/\/kulturonline.tv\/de\/treffpunkt-salzburg-ein-genuss-2\/","og_locale":"de_DE","og_type":"article","og_title":"Treffpunkt: Salzburg ein Genuss - Kultur Online TV &amp; FM","og_description":"Mit unserem neuen Videoformat \u201eTreffpunkt\u201c zeigen wir die einzigartige Vielfalt von St\u00e4dten und Regionen.\u201eTreffpunkt\u201c ist mehr als nur eine einfache Reise durch Regionen. Es ist eine Begegnung mit den Menschen, den Traditionen und den versteckten Sch\u00e4tzen, die jede Gegend einzigartig machen.","og_url":"https:\/\/kulturonline.tv\/de\/treffpunkt-salzburg-ein-genuss-2\/","og_site_name":"Kultur Online TV &amp; FM","article_publisher":"https:\/\/www.facebook.com\/kulturonline.tv","article_published_time":"2025-08-25T18:00:48+00:00","article_modified_time":"2025-11-30T11:11:41+00:00","og_image":[{"url":"https:\/\/kulturonline.tv\/wp-content\/uploads\/2025\/08\/Salzburg-Treffpunkt-Kultur-Online-TV.png","width":800,"height":450,"type":"image\/png"}],"author":"guenter.wolfgang","twitter_card":"summary_large_image","twitter_misc":{"Verfasst von":"guenter.wolfgang","Gesch\u00e4tzte Lesezeit":"5\u00a0Minuten"},"schema":{"@context":"https:\/\/schema.org","@graph":[{"@type":"Article","@id":"https:\/\/kulturonline.tv\/de\/treffpunkt-salzburg-ein-genuss-2\/#article","isPartOf":{"@id":"https:\/\/kulturonline.tv\/de\/treffpunkt-salzburg-ein-genuss-2\/"},"author":{"name":"guenter.wolfgang","@id":"https:\/\/kulturonline.tv\/de\/#\/schema\/person\/b0fac729bb9a0c193fb1df23449df4fe"},"headline":"Treffpunkt: Salzburg ein Genuss","datePublished":"2025-08-25T18:00:48+00:00","dateModified":"2025-11-30T11:11:41+00:00","mainEntityOfPage":{"@id":"https:\/\/kulturonline.tv\/de\/treffpunkt-salzburg-ein-genuss-2\/"},"wordCount":1019,"publisher":{"@id":"https:\/\/kulturonline.tv\/de\/#organization"},"image":{"@id":"https:\/\/kulturonline.tv\/de\/treffpunkt-salzburg-ein-genuss-2\/#primaryimage"},"thumbnailUrl":"https:\/\/kulturonline.tv\/wp-content\/uploads\/2025\/08\/Salzburg-Treffpunkt-Kultur-Online-TV.png","articleSection":["Kultur Online FM Aus den Regionen","Mediathek Treffpunkt","Meistgelesene Beitr\u00e4ge"],"inLanguage":"de"},{"@type":"WebPage","@id":"https:\/\/kulturonline.tv\/de\/treffpunkt-salzburg-ein-genuss-2\/","url":"https:\/\/kulturonline.tv\/de\/treffpunkt-salzburg-ein-genuss-2\/","name":"Treffpunkt: Salzburg ein Genuss - Kultur Online TV &amp; FM","isPartOf":{"@id":"https:\/\/kulturonline.tv\/de\/#website"},"primaryImageOfPage":{"@id":"https:\/\/kulturonline.tv\/de\/treffpunkt-salzburg-ein-genuss-2\/#primaryimage"},"image":{"@id":"https:\/\/kulturonline.tv\/de\/treffpunkt-salzburg-ein-genuss-2\/#primaryimage"},"thumbnailUrl":"https:\/\/kulturonline.tv\/wp-content\/uploads\/2025\/08\/Salzburg-Treffpunkt-Kultur-Online-TV.png","datePublished":"2025-08-25T18:00:48+00:00","dateModified":"2025-11-30T11:11:41+00:00","description":"Mit unserem neuen Videoformat \u201eTreffpunkt\u201c zeigen wir die einzigartige Vielfalt von St\u00e4dten und Regionen.\u201eTreffpunkt\u201c ist mehr als nur eine einfache Reise durch Regionen. Es ist eine Begegnung mit den Menschen, den Traditionen und den versteckten Sch\u00e4tzen, die jede Gegend einzigartig machen.","breadcrumb":{"@id":"https:\/\/kulturonline.tv\/de\/treffpunkt-salzburg-ein-genuss-2\/#breadcrumb"},"inLanguage":"de","potentialAction":[{"@type":"ReadAction","target":["https:\/\/kulturonline.tv\/de\/treffpunkt-salzburg-ein-genuss-2\/"]}]},{"@type":"ImageObject","inLanguage":"de","@id":"https:\/\/kulturonline.tv\/de\/treffpunkt-salzburg-ein-genuss-2\/#primaryimage","url":"https:\/\/kulturonline.tv\/wp-content\/uploads\/2025\/08\/Salzburg-Treffpunkt-Kultur-Online-TV.png","contentUrl":"https:\/\/kulturonline.tv\/wp-content\/uploads\/2025\/08\/Salzburg-Treffpunkt-Kultur-Online-TV.png","width":1280,"height":720},{"@type":"BreadcrumbList","@id":"https:\/\/kulturonline.tv\/de\/treffpunkt-salzburg-ein-genuss-2\/#breadcrumb","itemListElement":[{"@type":"ListItem","position":1,"name":"Startseite","item":"https:\/\/kulturonline.tv\/de\/"},{"@type":"ListItem","position":2,"name":"Treffpunkt: Salzburg ein Genuss"}]},{"@type":"WebSite","@id":"https:\/\/kulturonline.tv\/de\/#website","url":"https:\/\/kulturonline.tv\/de\/","name":"Kultur Online TV &amp; FM","description":"Wir sind Kultur 2.0 zum sehen &amp; h\u00f6ren","publisher":{"@id":"https:\/\/kulturonline.tv\/de\/#organization"},"potentialAction":[{"@type":"SearchAction","target":{"@type":"EntryPoint","urlTemplate":"https:\/\/kulturonline.tv\/de\/?s={search_term_string}"},"query-input":{"@type":"PropertyValueSpecification","valueRequired":true,"valueName":"search_term_string"}}],"inLanguage":"de"},{"@type":"Organization","@id":"https:\/\/kulturonline.tv\/de\/#organization","name":"Kultur Online TV","url":"https:\/\/kulturonline.tv\/de\/","logo":{"@type":"ImageObject","inLanguage":"de","@id":"https:\/\/kulturonline.tv\/de\/#\/schema\/logo\/image\/","url":"https:\/\/kulturonline.tv\/wp-content\/uploads\/2021\/08\/Kultur-Online-Tv-Logo-Endversion-neu.png","contentUrl":"https:\/\/kulturonline.tv\/wp-content\/uploads\/2021\/08\/Kultur-Online-Tv-Logo-Endversion-neu.png","width":200,"height":200,"caption":"Kultur Online TV"},"image":{"@id":"https:\/\/kulturonline.tv\/de\/#\/schema\/logo\/image\/"},"sameAs":["https:\/\/www.facebook.com\/kulturonline.tv","https:\/\/www.instagram.com\/kulturonline.tv"]},{"@type":"Person","@id":"https:\/\/kulturonline.tv\/de\/#\/schema\/person\/b0fac729bb9a0c193fb1df23449df4fe","name":"guenter.wolfgang"}]}},"_links":{"self":[{"href":"https:\/\/kulturonline.tv\/de\/wp-json\/wp\/v2\/posts\/116561","targetHints":{"allow":["GET"]}}],"collection":[{"href":"https:\/\/kulturonline.tv\/de\/wp-json\/wp\/v2\/posts"}],"about":[{"href":"https:\/\/kulturonline.tv\/de\/wp-json\/wp\/v2\/types\/post"}],"author":[{"embeddable":true,"href":"https:\/\/kulturonline.tv\/de\/wp-json\/wp\/v2\/users\/2"}],"replies":[{"embeddable":true,"href":"https:\/\/kulturonline.tv\/de\/wp-json\/wp\/v2\/comments?post=116561"}],"version-history":[{"count":11,"href":"https:\/\/kulturonline.tv\/de\/wp-json\/wp\/v2\/posts\/116561\/revisions"}],"predecessor-version":[{"id":119142,"href":"https:\/\/kulturonline.tv\/de\/wp-json\/wp\/v2\/posts\/116561\/revisions\/119142"}],"wp:featuredmedia":[{"embeddable":true,"href":"https:\/\/kulturonline.tv\/de\/wp-json\/wp\/v2\/media\/119637"}],"wp:attachment":[{"href":"https:\/\/kulturonline.tv\/de\/wp-json\/wp\/v2\/media?parent=116561"}],"wp:term":[{"taxonomy":"category","embeddable":true,"href":"https:\/\/kulturonline.tv\/de\/wp-json\/wp\/v2\/categories?post=116561"},{"taxonomy":"post_tag","embeddable":true,"href":"https:\/\/kulturonline.tv\/de\/wp-json\/wp\/v2\/tags?post=116561"}],"curies":[{"name":"wp","href":"https:\/\/api.w.org\/{rel}","templated":true}]}}