{"id":119062,"date":"2025-09-07T00:00:56","date_gmt":"2025-09-06T22:00:56","guid":{"rendered":"https:\/\/kulturonline.tv\/?p=119062"},"modified":"2025-09-07T09:16:00","modified_gmt":"2025-09-07T07:16:00","slug":"ermittlungen-gegen-ehepaar-wegen-gestohlenem-nazi-gemaelde","status":"publish","type":"post","link":"https:\/\/kulturonline.tv\/de\/ermittlungen-gegen-ehepaar-wegen-gestohlenem-nazi-gemaelde\/","title":{"rendered":"Ermittlungen gegen Ehepaar wegen gestohlenem Nazi-Gem\u00e4lde"},"content":{"rendered":"\n<p>In Argentinien laufen Ermittlungen gegen ein Ehepaar wegen Hehlerei mit einem von den Nazis gestohlenen Gem\u00e4lde. Es handelt sich um ein Werk des italienischen Barockmalers Giuseppe Ghislandi mit dem Titel &#8222;Portr\u00e4t einer Dame&#8220;.<\/p>\n\n\n\n<figure class=\"wp-block-embed is-type-video is-provider-youtube wp-block-embed-youtube wp-embed-aspect-16-9 wp-has-aspect-ratio\"><div class=\"wp-block-embed__wrapper\">\n<iframe title=\"Nazi-Looted Painting Discovered in Argentina Real Estate Listing\" width=\"800\" height=\"450\" src=\"https:\/\/www.youtube.com\/embed\/pBN9VvWo22Y?feature=oembed&#038;enablejsapi=1&#038;origin=https:\/\/kulturonline.tv\" frameborder=\"0\" allow=\"accelerometer; autoplay; clipboard-write; encrypted-media; gyroscope; picture-in-picture; web-share\" referrerpolicy=\"strict-origin-when-cross-origin\" allowfullscreen><\/iframe>\n<\/div><\/figure>\n\n\n\n<p>Das Gem\u00e4lde geh\u00f6rte urspr\u00fcnglich dem j\u00fcdischen Kunsth\u00e4ndler Jacques Goudstikker, dem es w\u00e4hrend der deutschen Besatzung der Niederlande entwendet wurde. Es kam nach Kriegsende mit dem Finanzberater Hermann G\u00f6rings, Friedrich Kadgien, nach Argentinien.<\/p>\n\n\n\n<p>Die Ermittlungen begannen, nachdem das Gem\u00e4lde in einer Immobilienanzeige entdeckt wurde, die die Tochter von Friedrich Kadgien und ihr Ehemann ver\u00f6ffentlicht hatten. Obwohl das Paar das Bild den Beh\u00f6rden \u00fcbergeben hat, wird nun gegen sie wegen des Verdachts der Unterschlagung ermittelt. Das Gem\u00e4lde soll einen Wert von rund 50.000 US-Dollar haben.<\/p>\n\n\n\n<p>Derzeit wird das Kunstwerk in einer speziellen Kammer verwahrt, und es wird untersucht, wie es genau in den Besitz der Familie gelangte. Die Familie behauptet, das Bild rechtm\u00e4\u00dfig erworben zu haben und hat Dokumente vorgelegt, die angeblich ihre Eigentumsrechte belegen, darunter eine angebliche Quittung \u00fcber den Kauf von einem deutschen Museum aus dem Jahr 1943.<\/p>\n\n\n\n<p>Kultur Online TV<\/p>\n\n\n\n<p>#news #kunst <\/p>\n","protected":false},"excerpt":{"rendered":"<p>In Argentinien laufen Ermittlungen gegen ein Ehepaar wegen Hehlerei mit einem von den Nazis gestohlenen Gem\u00e4lde. Es handelt sich um ein Werk des italienischen Barockmalers Giuseppe Ghislandi mit dem Titel &#8222;Portr\u00e4t einer Dame&#8220;. Das Gem\u00e4lde geh\u00f6rte urspr\u00fcnglich dem j\u00fcdischen Kunsth\u00e4ndler Jacques Goudstikker, dem es w\u00e4hrend der deutschen Besatzung der Niederlande entwendet wurde. Es kam nach [&hellip;]<\/p>\n","protected":false},"author":2,"featured_media":119072,"comment_status":"closed","ping_status":"closed","sticky":false,"template":"","format":"standard","meta":{"_acf_changed":false,"footnotes":""},"categories":[107,890,3],"tags":[],"class_list":["post-119062","post","type-post","status-publish","format-standard","has-post-thumbnail","hentry","category-kunst","category-news-storys-aus-der-musikszene","category-newsflash"],"acf":[],"yoast_head":"<!-- This site is optimized with the Yoast SEO plugin v26.1.1 - https:\/\/yoast.com\/wordpress\/plugins\/seo\/ -->\n<title>Ermittlungen gegen Ehepaar wegen gestohlenem Nazi-Gem\u00e4lde - Kultur Online TV &amp; FM<\/title>\n<meta name=\"description\" content=\"In Argentinien laufen Ermittlungen gegen ein Ehepaar wegen Hehlerei mit einem von den Nazis gestohlenen Gem\u00e4lde. Es handelt sich um ein Werk des italienischen Barockmalers Giuseppe Ghislandi mit dem Titel &quot;Portr\u00e4t einer Dame&quot;.\" \/>\n<meta name=\"robots\" content=\"index, follow, max-snippet:-1, max-image-preview:large, max-video-preview:-1\" \/>\n<link rel=\"canonical\" href=\"https:\/\/kulturonline.tv\/de\/ermittlungen-gegen-ehepaar-wegen-gestohlenem-nazi-gemaelde\/\" \/>\n<meta property=\"og:locale\" content=\"de_DE\" \/>\n<meta property=\"og:type\" content=\"article\" \/>\n<meta property=\"og:title\" content=\"Ermittlungen gegen Ehepaar wegen gestohlenem Nazi-Gem\u00e4lde - Kultur Online TV &amp; FM\" \/>\n<meta property=\"og:description\" content=\"In Argentinien laufen Ermittlungen gegen ein Ehepaar wegen Hehlerei mit einem von den Nazis gestohlenen Gem\u00e4lde. Es handelt sich um ein Werk des italienischen Barockmalers Giuseppe Ghislandi mit dem Titel &quot;Portr\u00e4t einer Dame&quot;.\" \/>\n<meta property=\"og:url\" content=\"https:\/\/kulturonline.tv\/de\/ermittlungen-gegen-ehepaar-wegen-gestohlenem-nazi-gemaelde\/\" \/>\n<meta property=\"og:site_name\" content=\"Kultur Online TV &amp; FM\" \/>\n<meta property=\"article:publisher\" content=\"https:\/\/www.facebook.com\/kulturonline.tv\" \/>\n<meta property=\"article:published_time\" content=\"2025-09-06T22:00:56+00:00\" \/>\n<meta property=\"article:modified_time\" content=\"2025-09-07T07:16:00+00:00\" \/>\n<meta property=\"og:image\" content=\"https:\/\/kulturonline.tv\/wp-content\/uploads\/2025\/09\/Kultur-Online-FM-2-2-edited.png\" \/>\n\t<meta property=\"og:image:width\" content=\"654\" \/>\n\t<meta property=\"og:image:height\" content=\"368\" \/>\n\t<meta property=\"og:image:type\" content=\"image\/png\" \/>\n<meta name=\"author\" content=\"guenter.wolfgang\" \/>\n<meta name=\"twitter:card\" content=\"summary_large_image\" \/>\n<meta name=\"twitter:label1\" content=\"Verfasst von\" \/>\n\t<meta name=\"twitter:data1\" content=\"guenter.wolfgang\" \/>\n\t<meta name=\"twitter:label2\" content=\"Gesch\u00e4tzte Lesezeit\" \/>\n\t<meta name=\"twitter:data2\" content=\"1\u00a0Minute\" \/>\n<script type=\"application\/ld+json\" class=\"yoast-schema-graph\">{\"@context\":\"https:\/\/schema.org\",\"@graph\":[{\"@type\":\"Article\",\"@id\":\"https:\/\/kulturonline.tv\/de\/ermittlungen-gegen-ehepaar-wegen-gestohlenem-nazi-gemaelde\/#article\",\"isPartOf\":{\"@id\":\"https:\/\/kulturonline.tv\/de\/ermittlungen-gegen-ehepaar-wegen-gestohlenem-nazi-gemaelde\/\"},\"author\":{\"name\":\"guenter.wolfgang\",\"@id\":\"https:\/\/kulturonline.tv\/de\/#\/schema\/person\/b0fac729bb9a0c193fb1df23449df4fe\"},\"headline\":\"Ermittlungen gegen Ehepaar wegen gestohlenem Nazi-Gem\u00e4lde\",\"datePublished\":\"2025-09-06T22:00:56+00:00\",\"dateModified\":\"2025-09-07T07:16:00+00:00\",\"mainEntityOfPage\":{\"@id\":\"https:\/\/kulturonline.tv\/de\/ermittlungen-gegen-ehepaar-wegen-gestohlenem-nazi-gemaelde\/\"},\"wordCount\":204,\"publisher\":{\"@id\":\"https:\/\/kulturonline.tv\/de\/#organization\"},\"image\":{\"@id\":\"https:\/\/kulturonline.tv\/de\/ermittlungen-gegen-ehepaar-wegen-gestohlenem-nazi-gemaelde\/#primaryimage\"},\"thumbnailUrl\":\"https:\/\/kulturonline.tv\/wp-content\/uploads\/2025\/09\/Kultur-Online-FM-2-2-edited.png\",\"articleSection\":[\"Kunst\",\"News &amp; Storys aus der Musikszene\",\"Newsflash\"],\"inLanguage\":\"de\"},{\"@type\":\"WebPage\",\"@id\":\"https:\/\/kulturonline.tv\/de\/ermittlungen-gegen-ehepaar-wegen-gestohlenem-nazi-gemaelde\/\",\"url\":\"https:\/\/kulturonline.tv\/de\/ermittlungen-gegen-ehepaar-wegen-gestohlenem-nazi-gemaelde\/\",\"name\":\"Ermittlungen gegen Ehepaar wegen gestohlenem Nazi-Gem\u00e4lde - Kultur Online TV &amp; FM\",\"isPartOf\":{\"@id\":\"https:\/\/kulturonline.tv\/de\/#website\"},\"primaryImageOfPage\":{\"@id\":\"https:\/\/kulturonline.tv\/de\/ermittlungen-gegen-ehepaar-wegen-gestohlenem-nazi-gemaelde\/#primaryimage\"},\"image\":{\"@id\":\"https:\/\/kulturonline.tv\/de\/ermittlungen-gegen-ehepaar-wegen-gestohlenem-nazi-gemaelde\/#primaryimage\"},\"thumbnailUrl\":\"https:\/\/kulturonline.tv\/wp-content\/uploads\/2025\/09\/Kultur-Online-FM-2-2-edited.png\",\"datePublished\":\"2025-09-06T22:00:56+00:00\",\"dateModified\":\"2025-09-07T07:16:00+00:00\",\"description\":\"In Argentinien laufen Ermittlungen gegen ein Ehepaar wegen Hehlerei mit einem von den Nazis gestohlenen Gem\u00e4lde. Es handelt sich um ein Werk des italienischen Barockmalers Giuseppe Ghislandi mit dem Titel \\\"Portr\u00e4t einer Dame\\\".\",\"breadcrumb\":{\"@id\":\"https:\/\/kulturonline.tv\/de\/ermittlungen-gegen-ehepaar-wegen-gestohlenem-nazi-gemaelde\/#breadcrumb\"},\"inLanguage\":\"de\",\"potentialAction\":[{\"@type\":\"ReadAction\",\"target\":[\"https:\/\/kulturonline.tv\/de\/ermittlungen-gegen-ehepaar-wegen-gestohlenem-nazi-gemaelde\/\"]}]},{\"@type\":\"ImageObject\",\"inLanguage\":\"de\",\"@id\":\"https:\/\/kulturonline.tv\/de\/ermittlungen-gegen-ehepaar-wegen-gestohlenem-nazi-gemaelde\/#primaryimage\",\"url\":\"https:\/\/kulturonline.tv\/wp-content\/uploads\/2025\/09\/Kultur-Online-FM-2-2-edited.png\",\"contentUrl\":\"https:\/\/kulturonline.tv\/wp-content\/uploads\/2025\/09\/Kultur-Online-FM-2-2-edited.png\",\"width\":654,\"height\":368},{\"@type\":\"BreadcrumbList\",\"@id\":\"https:\/\/kulturonline.tv\/de\/ermittlungen-gegen-ehepaar-wegen-gestohlenem-nazi-gemaelde\/#breadcrumb\",\"itemListElement\":[{\"@type\":\"ListItem\",\"position\":1,\"name\":\"Startseite\",\"item\":\"https:\/\/kulturonline.tv\/de\/\"},{\"@type\":\"ListItem\",\"position\":2,\"name\":\"Ermittlungen gegen Ehepaar wegen gestohlenem Nazi-Gem\u00e4lde\"}]},{\"@type\":\"WebSite\",\"@id\":\"https:\/\/kulturonline.tv\/de\/#website\",\"url\":\"https:\/\/kulturonline.tv\/de\/\",\"name\":\"Kultur Online TV &amp; FM\",\"description\":\"Wir sind Kultur 2.0 zum sehen &amp; h\u00f6ren\",\"publisher\":{\"@id\":\"https:\/\/kulturonline.tv\/de\/#organization\"},\"potentialAction\":[{\"@type\":\"SearchAction\",\"target\":{\"@type\":\"EntryPoint\",\"urlTemplate\":\"https:\/\/kulturonline.tv\/de\/?s={search_term_string}\"},\"query-input\":{\"@type\":\"PropertyValueSpecification\",\"valueRequired\":true,\"valueName\":\"search_term_string\"}}],\"inLanguage\":\"de\"},{\"@type\":\"Organization\",\"@id\":\"https:\/\/kulturonline.tv\/de\/#organization\",\"name\":\"Kultur Online TV\",\"url\":\"https:\/\/kulturonline.tv\/de\/\",\"logo\":{\"@type\":\"ImageObject\",\"inLanguage\":\"de\",\"@id\":\"https:\/\/kulturonline.tv\/de\/#\/schema\/logo\/image\/\",\"url\":\"https:\/\/kulturonline.tv\/wp-content\/uploads\/2021\/08\/Kultur-Online-Tv-Logo-Endversion-neu.png\",\"contentUrl\":\"https:\/\/kulturonline.tv\/wp-content\/uploads\/2021\/08\/Kultur-Online-Tv-Logo-Endversion-neu.png\",\"width\":200,\"height\":200,\"caption\":\"Kultur Online TV\"},\"image\":{\"@id\":\"https:\/\/kulturonline.tv\/de\/#\/schema\/logo\/image\/\"},\"sameAs\":[\"https:\/\/www.facebook.com\/kulturonline.tv\",\"https:\/\/www.instagram.com\/kulturonline.tv\"]},{\"@type\":\"Person\",\"@id\":\"https:\/\/kulturonline.tv\/de\/#\/schema\/person\/b0fac729bb9a0c193fb1df23449df4fe\",\"name\":\"guenter.wolfgang\"}]}<\/script>\n<!-- \/ Yoast SEO plugin. -->","yoast_head_json":{"title":"Ermittlungen gegen Ehepaar wegen gestohlenem Nazi-Gem\u00e4lde - Kultur Online TV &amp; FM","description":"In Argentinien laufen Ermittlungen gegen ein Ehepaar wegen Hehlerei mit einem von den Nazis gestohlenen Gem\u00e4lde. Es handelt sich um ein Werk des italienischen Barockmalers Giuseppe Ghislandi mit dem Titel \"Portr\u00e4t einer Dame\".","robots":{"index":"index","follow":"follow","max-snippet":"max-snippet:-1","max-image-preview":"max-image-preview:large","max-video-preview":"max-video-preview:-1"},"canonical":"https:\/\/kulturonline.tv\/de\/ermittlungen-gegen-ehepaar-wegen-gestohlenem-nazi-gemaelde\/","og_locale":"de_DE","og_type":"article","og_title":"Ermittlungen gegen Ehepaar wegen gestohlenem Nazi-Gem\u00e4lde - Kultur Online TV &amp; FM","og_description":"In Argentinien laufen Ermittlungen gegen ein Ehepaar wegen Hehlerei mit einem von den Nazis gestohlenen Gem\u00e4lde. Es handelt sich um ein Werk des italienischen Barockmalers Giuseppe Ghislandi mit dem Titel \"Portr\u00e4t einer Dame\".","og_url":"https:\/\/kulturonline.tv\/de\/ermittlungen-gegen-ehepaar-wegen-gestohlenem-nazi-gemaelde\/","og_site_name":"Kultur Online TV &amp; FM","article_publisher":"https:\/\/www.facebook.com\/kulturonline.tv","article_published_time":"2025-09-06T22:00:56+00:00","article_modified_time":"2025-09-07T07:16:00+00:00","og_image":[{"width":654,"height":368,"url":"https:\/\/kulturonline.tv\/wp-content\/uploads\/2025\/09\/Kultur-Online-FM-2-2-edited.png","type":"image\/png"}],"author":"guenter.wolfgang","twitter_card":"summary_large_image","twitter_misc":{"Verfasst von":"guenter.wolfgang","Gesch\u00e4tzte Lesezeit":"1\u00a0Minute"},"schema":{"@context":"https:\/\/schema.org","@graph":[{"@type":"Article","@id":"https:\/\/kulturonline.tv\/de\/ermittlungen-gegen-ehepaar-wegen-gestohlenem-nazi-gemaelde\/#article","isPartOf":{"@id":"https:\/\/kulturonline.tv\/de\/ermittlungen-gegen-ehepaar-wegen-gestohlenem-nazi-gemaelde\/"},"author":{"name":"guenter.wolfgang","@id":"https:\/\/kulturonline.tv\/de\/#\/schema\/person\/b0fac729bb9a0c193fb1df23449df4fe"},"headline":"Ermittlungen gegen Ehepaar wegen gestohlenem Nazi-Gem\u00e4lde","datePublished":"2025-09-06T22:00:56+00:00","dateModified":"2025-09-07T07:16:00+00:00","mainEntityOfPage":{"@id":"https:\/\/kulturonline.tv\/de\/ermittlungen-gegen-ehepaar-wegen-gestohlenem-nazi-gemaelde\/"},"wordCount":204,"publisher":{"@id":"https:\/\/kulturonline.tv\/de\/#organization"},"image":{"@id":"https:\/\/kulturonline.tv\/de\/ermittlungen-gegen-ehepaar-wegen-gestohlenem-nazi-gemaelde\/#primaryimage"},"thumbnailUrl":"https:\/\/kulturonline.tv\/wp-content\/uploads\/2025\/09\/Kultur-Online-FM-2-2-edited.png","articleSection":["Kunst","News &amp; Storys aus der Musikszene","Newsflash"],"inLanguage":"de"},{"@type":"WebPage","@id":"https:\/\/kulturonline.tv\/de\/ermittlungen-gegen-ehepaar-wegen-gestohlenem-nazi-gemaelde\/","url":"https:\/\/kulturonline.tv\/de\/ermittlungen-gegen-ehepaar-wegen-gestohlenem-nazi-gemaelde\/","name":"Ermittlungen gegen Ehepaar wegen gestohlenem Nazi-Gem\u00e4lde - Kultur Online TV &amp; FM","isPartOf":{"@id":"https:\/\/kulturonline.tv\/de\/#website"},"primaryImageOfPage":{"@id":"https:\/\/kulturonline.tv\/de\/ermittlungen-gegen-ehepaar-wegen-gestohlenem-nazi-gemaelde\/#primaryimage"},"image":{"@id":"https:\/\/kulturonline.tv\/de\/ermittlungen-gegen-ehepaar-wegen-gestohlenem-nazi-gemaelde\/#primaryimage"},"thumbnailUrl":"https:\/\/kulturonline.tv\/wp-content\/uploads\/2025\/09\/Kultur-Online-FM-2-2-edited.png","datePublished":"2025-09-06T22:00:56+00:00","dateModified":"2025-09-07T07:16:00+00:00","description":"In Argentinien laufen Ermittlungen gegen ein Ehepaar wegen Hehlerei mit einem von den Nazis gestohlenen Gem\u00e4lde. Es handelt sich um ein Werk des italienischen Barockmalers Giuseppe Ghislandi mit dem Titel \"Portr\u00e4t einer Dame\".","breadcrumb":{"@id":"https:\/\/kulturonline.tv\/de\/ermittlungen-gegen-ehepaar-wegen-gestohlenem-nazi-gemaelde\/#breadcrumb"},"inLanguage":"de","potentialAction":[{"@type":"ReadAction","target":["https:\/\/kulturonline.tv\/de\/ermittlungen-gegen-ehepaar-wegen-gestohlenem-nazi-gemaelde\/"]}]},{"@type":"ImageObject","inLanguage":"de","@id":"https:\/\/kulturonline.tv\/de\/ermittlungen-gegen-ehepaar-wegen-gestohlenem-nazi-gemaelde\/#primaryimage","url":"https:\/\/kulturonline.tv\/wp-content\/uploads\/2025\/09\/Kultur-Online-FM-2-2-edited.png","contentUrl":"https:\/\/kulturonline.tv\/wp-content\/uploads\/2025\/09\/Kultur-Online-FM-2-2-edited.png","width":654,"height":368},{"@type":"BreadcrumbList","@id":"https:\/\/kulturonline.tv\/de\/ermittlungen-gegen-ehepaar-wegen-gestohlenem-nazi-gemaelde\/#breadcrumb","itemListElement":[{"@type":"ListItem","position":1,"name":"Startseite","item":"https:\/\/kulturonline.tv\/de\/"},{"@type":"ListItem","position":2,"name":"Ermittlungen gegen Ehepaar wegen gestohlenem Nazi-Gem\u00e4lde"}]},{"@type":"WebSite","@id":"https:\/\/kulturonline.tv\/de\/#website","url":"https:\/\/kulturonline.tv\/de\/","name":"Kultur Online TV &amp; FM","description":"Wir sind Kultur 2.0 zum sehen &amp; h\u00f6ren","publisher":{"@id":"https:\/\/kulturonline.tv\/de\/#organization"},"potentialAction":[{"@type":"SearchAction","target":{"@type":"EntryPoint","urlTemplate":"https:\/\/kulturonline.tv\/de\/?s={search_term_string}"},"query-input":{"@type":"PropertyValueSpecification","valueRequired":true,"valueName":"search_term_string"}}],"inLanguage":"de"},{"@type":"Organization","@id":"https:\/\/kulturonline.tv\/de\/#organization","name":"Kultur Online TV","url":"https:\/\/kulturonline.tv\/de\/","logo":{"@type":"ImageObject","inLanguage":"de","@id":"https:\/\/kulturonline.tv\/de\/#\/schema\/logo\/image\/","url":"https:\/\/kulturonline.tv\/wp-content\/uploads\/2021\/08\/Kultur-Online-Tv-Logo-Endversion-neu.png","contentUrl":"https:\/\/kulturonline.tv\/wp-content\/uploads\/2021\/08\/Kultur-Online-Tv-Logo-Endversion-neu.png","width":200,"height":200,"caption":"Kultur Online TV"},"image":{"@id":"https:\/\/kulturonline.tv\/de\/#\/schema\/logo\/image\/"},"sameAs":["https:\/\/www.facebook.com\/kulturonline.tv","https:\/\/www.instagram.com\/kulturonline.tv"]},{"@type":"Person","@id":"https:\/\/kulturonline.tv\/de\/#\/schema\/person\/b0fac729bb9a0c193fb1df23449df4fe","name":"guenter.wolfgang"}]}},"_links":{"self":[{"href":"https:\/\/kulturonline.tv\/de\/wp-json\/wp\/v2\/posts\/119062","targetHints":{"allow":["GET"]}}],"collection":[{"href":"https:\/\/kulturonline.tv\/de\/wp-json\/wp\/v2\/posts"}],"about":[{"href":"https:\/\/kulturonline.tv\/de\/wp-json\/wp\/v2\/types\/post"}],"author":[{"embeddable":true,"href":"https:\/\/kulturonline.tv\/de\/wp-json\/wp\/v2\/users\/2"}],"replies":[{"embeddable":true,"href":"https:\/\/kulturonline.tv\/de\/wp-json\/wp\/v2\/comments?post=119062"}],"version-history":[{"count":4,"href":"https:\/\/kulturonline.tv\/de\/wp-json\/wp\/v2\/posts\/119062\/revisions"}],"predecessor-version":[{"id":119077,"href":"https:\/\/kulturonline.tv\/de\/wp-json\/wp\/v2\/posts\/119062\/revisions\/119077"}],"wp:featuredmedia":[{"embeddable":true,"href":"https:\/\/kulturonline.tv\/de\/wp-json\/wp\/v2\/media\/119072"}],"wp:attachment":[{"href":"https:\/\/kulturonline.tv\/de\/wp-json\/wp\/v2\/media?parent=119062"}],"wp:term":[{"taxonomy":"category","embeddable":true,"href":"https:\/\/kulturonline.tv\/de\/wp-json\/wp\/v2\/categories?post=119062"},{"taxonomy":"post_tag","embeddable":true,"href":"https:\/\/kulturonline.tv\/de\/wp-json\/wp\/v2\/tags?post=119062"}],"curies":[{"name":"wp","href":"https:\/\/api.w.org\/{rel}","templated":true}]}}