{"id":119928,"date":"2025-09-16T12:46:53","date_gmt":"2025-09-16T10:46:53","guid":{"rendered":"https:\/\/kulturonline.tv\/?p=119928"},"modified":"2025-09-16T12:46:56","modified_gmt":"2025-09-16T10:46:56","slug":"margot-friedlaender-preis","status":"publish","type":"post","link":"https:\/\/kulturonline.tv\/de\/margot-friedlaender-preis\/","title":{"rendered":"Margot Friedl\u00e4nder Preis"},"content":{"rendered":"\n<p><strong>In Berlin wird heute der Margot-Friedl\u00e4nder-Preis vergeben.<\/strong><\/p>\n\n\n\n<p>F\u00fcnf Pers\u00f6nlichkeiten und Initiativen werden heute (16.September 2025) f\u00fcr ihren Einsatz f\u00fcr Toleranz, Menschlichkeit und Demokratie gew\u00fcrdigt. Die Auszeichnungen sind Teil der Margot-Friedl\u00e4nder-Stiftung, die 2023 gegr\u00fcndet wurde. Sie sind mit insgesamt 25.000 Euro dotiert und stehen unter der Schirmherrschaft von Bundespr\u00e4sident Frank-Walter Steinmeier. Die Namensgeberin, die Holocaust-\u00dcberlebende Margot Friedl\u00e4nder, verstarb k\u00fcrzlich am 9. Mai in Berlin im Alter von 103 Jahren.<\/p>\n\n\n\n<figure class=\"wp-block-image size-full\"><img fetchpriority=\"high\" decoding=\"async\" width=\"946\" height=\"532\" src=\"https:\/\/kulturonline.tv\/wp-content\/uploads\/2025\/09\/Margot_Friedlaender_Kultur-Online-TV-edited.jpg\" alt=\"\" class=\"wp-image-119931\" srcset=\"https:\/\/kulturonline.tv\/wp-content\/uploads\/2025\/09\/Margot_Friedlaender_Kultur-Online-TV-edited.jpg 946w, https:\/\/kulturonline.tv\/wp-content\/uploads\/2025\/09\/Margot_Friedlaender_Kultur-Online-TV-edited-800x450.jpg 800w, https:\/\/kulturonline.tv\/wp-content\/uploads\/2025\/09\/Margot_Friedlaender_Kultur-Online-TV-edited-768x432.jpg 768w\" sizes=\"(max-width: 946px) 100vw, 946px\" \/><figcaption class=\"wp-element-caption\">\u00a9 Bild This photo is free to use under Creative Commons license CC-BY-4.0 and must be credited: &#8222;CC-BY-4.0:  \u00a9 European Union 2022 \u2013 Source: EP&#8220;. <br><br><\/figcaption><\/figure>\n\n\n\n<p>Margot Friedl\u00e4nder (1921\u20132025) war eine beeindruckende Pers\u00f6nlichkeit, die als eine der letzten Holocaust-\u00dcberlebenden ihre Lebensgeschichte teilte, um die Erinnerung wachzuhalten und f\u00fcr Menschlichkeit, Toleranz und Demokratie einzutreten. Ihr Leben, gepr\u00e4gt von tiefem Leid und au\u00dfergew\u00f6hnlichem Mut, wurde zu einer Botschaft der Hoffnung f\u00fcr Generationen.<\/p>\n\n\n\n<p>Fr\u00fches Leben und Verfolgung<br>Geboren am 5. November 1921 als Anni Margot Bendheim in Berlin, verbrachte sie eine beh\u00fctete Kindheit, die durch die Macht\u00fcbernahme der Nationalsozialisten ein j\u00e4hes Ende fand. Als J\u00fcdin wurde sie zunehmend diskriminiert und musste Zwangsarbeit leisten. Im Jahr 1943 wurde ihre Familie auseinandergerissen: Ihr j\u00fcngerer Bruder Ralph und ihre Mutter Auguste wurden nach Auschwitz deportiert, wo sie ermordet wurden. Margot selbst schaffte es zun\u00e4chst, unterzutauchen und lebte 15 Monate lang versteckt in Berlin.<\/p>\n\n\n\n<p>Im April 1944 wurde sie jedoch von sogenannten \u201eGreifern\u201c gefasst und in das Ghetto Theresienstadt deportiert. Die letzten Worte ihrer Mutter, die sie nicht mehr pers\u00f6nlich h\u00f6rte, aber von einem Nachbarn \u00fcbermittelt bekam, wurden zum Leitmotiv ihres Lebens: \u201eVersuche, dein Leben zu machen.\u201c<\/p>\n\n\n\n<p>Neuanfang und sp\u00e4te R\u00fcckkehr<br>Nach der Befreiung des Lagers durch die Rote Armee im Mai 1945 war Margot die einzige \u00dcberlebende ihrer Familie. Sie heiratete Adolf Friedl\u00e4nder, den sie im Ghetto kennengelernt hatte, und wanderte 1946 mit ihm in die USA aus. Dort lebte sie \u00fcber 60 Jahre in New York. \u00dcber ihre Vergangenheit sprachen die beiden nie. Erst nach dem Tod ihres Mannes im Jahr 1997 fand sie \u00fcber ein j\u00fcdisches Kulturzentrum wieder den Weg zur Auseinandersetzung mit ihrer Geschichte.<\/p>\n\n\n\n<p>Im Jahr 2003 besuchte sie auf Einladung des Berliner Senats erstmals wieder ihre Heimatstadt. Ihre R\u00fcckkehr und die Begegnungen mit jungen Menschen \u00fcberzeugten sie, dauerhaft nach Deutschland zur\u00fcckzukehren. 2010 zog sie endg\u00fcltig nach Berlin und widmete sich fortan ihrer Mission als Zeitzeugin.<\/p>\n\n\n\n<p>Die Mission und das Erbe<br>Margot Friedl\u00e4nder reiste unerm\u00fcdlich durch Deutschland, um in Schulen und an Gedenkst\u00e4tten mit jungen Menschen zu sprechen. Ihre Botschaft war klar und eindringlich: \u201eIch will, dass ihr wisst, was geschehen ist. Ihr sollt es nicht selbst erleben. Seid Menschen! Seid wachsam!\u201c Sie erz\u00e4hlte nicht nur von den Gr\u00e4ueln, sondern auch von den wenigen Menschen, die ihr geholfen hatten, und betonte damit die Bedeutung von Menschlichkeit und Zivilcourage.<\/p>\n\n\n\n<p>Ihr Buch \u201eVersuche, dein Leben zu machen\u201c (2008), das nach den Worten ihrer Mutter benannt ist, wurde zu einem vielbeachteten Werk. F\u00fcr ihr unerm\u00fcdliches Engagement erhielt sie zahlreiche Auszeichnungen, darunter das Bundesverdienstkreuz und die Ehrenb\u00fcrgerw\u00fcrde von Berlin.<\/p>\n\n\n\n<p>Um ihr Lebenswerk fortzuf\u00fchren, gr\u00fcndete sie 2023 die Margot-Friedl\u00e4nder-Stiftung. Die Stiftung setzt sich f\u00fcr Toleranz, Menschlichkeit und Demokratie ein und vergibt j\u00e4hrlich den Margot Friedl\u00e4nder Preis an Initiativen, die sich gegen Antisemitismus und Ausgrenzung starkmachen.<\/p>\n\n\n\n<p>Margot Friedl\u00e4nder verstarb am 9. Mai 2025 im Alter von 103 Jahren in Berlin. Sie hinterl\u00e4sst ein Erbe, das uns alle daran erinnert, dass die Erinnerung an die Vergangenheit die Grundlage f\u00fcr eine bessere Zukunft ist.<\/p>\n\n\n\n<p>Kultur Online TV-FM<\/p>\n\n\n\n<p>#news #kultur #preis<\/p>\n","protected":false},"excerpt":{"rendered":"<p>In Berlin wird heute der Margot-Friedl\u00e4nder-Preis vergeben. F\u00fcnf Pers\u00f6nlichkeiten und Initiativen werden heute (16.September 2025) f\u00fcr ihren Einsatz f\u00fcr Toleranz, Menschlichkeit und Demokratie gew\u00fcrdigt. Die Auszeichnungen sind Teil der Margot-Friedl\u00e4nder-Stiftung, die 2023 gegr\u00fcndet wurde. Sie sind mit insgesamt 25.000 Euro dotiert und stehen unter der Schirmherrschaft von Bundespr\u00e4sident Frank-Walter Steinmeier. Die Namensgeberin, die Holocaust-\u00dcberlebende Margot [&hellip;]<\/p>\n","protected":false},"author":2,"featured_media":119931,"comment_status":"closed","ping_status":"closed","sticky":false,"template":"","format":"standard","meta":{"_acf_changed":false,"footnotes":""},"categories":[3],"tags":[],"class_list":["post-119928","post","type-post","status-publish","format-standard","has-post-thumbnail","hentry","category-newsflash"],"acf":[],"yoast_head":"<!-- This site is optimized with the Yoast SEO plugin v26.1.1 - https:\/\/yoast.com\/wordpress\/plugins\/seo\/ -->\n<title>Margot Friedl\u00e4nder Preis - Kultur Online TV &amp; FM<\/title>\n<meta name=\"description\" content=\"F\u00fcnf Pers\u00f6nlichkeiten und Initiativen werden heute (16.September 2025) f\u00fcr ihren Einsatz f\u00fcr Toleranz, Menschlichkeit und Demokratie gew\u00fcrdigt. Die Auszeichnungen sind Teil der Margot-Friedl\u00e4nder-Stiftung, die 2023 gegr\u00fcndet wurde. Sie sind mit insgesamt 25.000 Euro dotiert und stehen unter der Schirmherrschaft von Bundespr\u00e4sident Frank-Walter Steinmeier. Die Namensgeberin, die Holocaust-\u00dcberlebende Margot Friedl\u00e4nder, verstarb k\u00fcrzlich am 9. Mai in Berlin im Alter von 103 Jahren.\" \/>\n<meta name=\"robots\" content=\"index, follow, max-snippet:-1, max-image-preview:large, max-video-preview:-1\" \/>\n<link rel=\"canonical\" href=\"https:\/\/kulturonline.tv\/de\/margot-friedlaender-preis\/\" \/>\n<meta property=\"og:locale\" content=\"de_DE\" \/>\n<meta property=\"og:type\" content=\"article\" \/>\n<meta property=\"og:title\" content=\"Margot Friedl\u00e4nder Preis - Kultur Online TV &amp; FM\" \/>\n<meta property=\"og:description\" content=\"F\u00fcnf Pers\u00f6nlichkeiten und Initiativen werden heute (16.September 2025) f\u00fcr ihren Einsatz f\u00fcr Toleranz, Menschlichkeit und Demokratie gew\u00fcrdigt. Die Auszeichnungen sind Teil der Margot-Friedl\u00e4nder-Stiftung, die 2023 gegr\u00fcndet wurde. Sie sind mit insgesamt 25.000 Euro dotiert und stehen unter der Schirmherrschaft von Bundespr\u00e4sident Frank-Walter Steinmeier. Die Namensgeberin, die Holocaust-\u00dcberlebende Margot Friedl\u00e4nder, verstarb k\u00fcrzlich am 9. Mai in Berlin im Alter von 103 Jahren.\" \/>\n<meta property=\"og:url\" content=\"https:\/\/kulturonline.tv\/de\/margot-friedlaender-preis\/\" \/>\n<meta property=\"og:site_name\" content=\"Kultur Online TV &amp; FM\" \/>\n<meta property=\"article:publisher\" content=\"https:\/\/www.facebook.com\/kulturonline.tv\" \/>\n<meta property=\"article:published_time\" content=\"2025-09-16T10:46:53+00:00\" \/>\n<meta property=\"article:modified_time\" content=\"2025-09-16T10:46:56+00:00\" \/>\n<meta property=\"og:image\" content=\"https:\/\/kulturonline.tv\/wp-content\/uploads\/2025\/09\/Margot_Friedlaender_Kultur-Online-TV-edited.jpg\" \/>\n\t<meta property=\"og:image:width\" content=\"946\" \/>\n\t<meta property=\"og:image:height\" content=\"532\" \/>\n\t<meta property=\"og:image:type\" content=\"image\/jpeg\" \/>\n<meta name=\"author\" content=\"guenter.wolfgang\" \/>\n<meta name=\"twitter:card\" content=\"summary_large_image\" \/>\n<meta name=\"twitter:label1\" content=\"Verfasst von\" \/>\n\t<meta name=\"twitter:data1\" content=\"guenter.wolfgang\" \/>\n\t<meta name=\"twitter:label2\" content=\"Gesch\u00e4tzte Lesezeit\" \/>\n\t<meta name=\"twitter:data2\" content=\"3\u00a0Minuten\" \/>\n<script type=\"application\/ld+json\" class=\"yoast-schema-graph\">{\"@context\":\"https:\/\/schema.org\",\"@graph\":[{\"@type\":\"Article\",\"@id\":\"https:\/\/kulturonline.tv\/de\/margot-friedlaender-preis\/#article\",\"isPartOf\":{\"@id\":\"https:\/\/kulturonline.tv\/de\/margot-friedlaender-preis\/\"},\"author\":{\"name\":\"guenter.wolfgang\",\"@id\":\"https:\/\/kulturonline.tv\/de\/#\/schema\/person\/b0fac729bb9a0c193fb1df23449df4fe\"},\"headline\":\"Margot Friedl\u00e4nder Preis\",\"datePublished\":\"2025-09-16T10:46:53+00:00\",\"dateModified\":\"2025-09-16T10:46:56+00:00\",\"mainEntityOfPage\":{\"@id\":\"https:\/\/kulturonline.tv\/de\/margot-friedlaender-preis\/\"},\"wordCount\":595,\"publisher\":{\"@id\":\"https:\/\/kulturonline.tv\/de\/#organization\"},\"image\":{\"@id\":\"https:\/\/kulturonline.tv\/de\/margot-friedlaender-preis\/#primaryimage\"},\"thumbnailUrl\":\"https:\/\/kulturonline.tv\/wp-content\/uploads\/2025\/09\/Margot_Friedlaender_Kultur-Online-TV-edited.jpg\",\"articleSection\":[\"Newsflash\"],\"inLanguage\":\"de\"},{\"@type\":\"WebPage\",\"@id\":\"https:\/\/kulturonline.tv\/de\/margot-friedlaender-preis\/\",\"url\":\"https:\/\/kulturonline.tv\/de\/margot-friedlaender-preis\/\",\"name\":\"Margot Friedl\u00e4nder Preis - Kultur Online TV &amp; FM\",\"isPartOf\":{\"@id\":\"https:\/\/kulturonline.tv\/de\/#website\"},\"primaryImageOfPage\":{\"@id\":\"https:\/\/kulturonline.tv\/de\/margot-friedlaender-preis\/#primaryimage\"},\"image\":{\"@id\":\"https:\/\/kulturonline.tv\/de\/margot-friedlaender-preis\/#primaryimage\"},\"thumbnailUrl\":\"https:\/\/kulturonline.tv\/wp-content\/uploads\/2025\/09\/Margot_Friedlaender_Kultur-Online-TV-edited.jpg\",\"datePublished\":\"2025-09-16T10:46:53+00:00\",\"dateModified\":\"2025-09-16T10:46:56+00:00\",\"description\":\"F\u00fcnf Pers\u00f6nlichkeiten und Initiativen werden heute (16.September 2025) f\u00fcr ihren Einsatz f\u00fcr Toleranz, Menschlichkeit und Demokratie gew\u00fcrdigt. Die Auszeichnungen sind Teil der Margot-Friedl\u00e4nder-Stiftung, die 2023 gegr\u00fcndet wurde. Sie sind mit insgesamt 25.000 Euro dotiert und stehen unter der Schirmherrschaft von Bundespr\u00e4sident Frank-Walter Steinmeier. Die Namensgeberin, die Holocaust-\u00dcberlebende Margot Friedl\u00e4nder, verstarb k\u00fcrzlich am 9. Mai in Berlin im Alter von 103 Jahren.\",\"breadcrumb\":{\"@id\":\"https:\/\/kulturonline.tv\/de\/margot-friedlaender-preis\/#breadcrumb\"},\"inLanguage\":\"de\",\"potentialAction\":[{\"@type\":\"ReadAction\",\"target\":[\"https:\/\/kulturonline.tv\/de\/margot-friedlaender-preis\/\"]}]},{\"@type\":\"ImageObject\",\"inLanguage\":\"de\",\"@id\":\"https:\/\/kulturonline.tv\/de\/margot-friedlaender-preis\/#primaryimage\",\"url\":\"https:\/\/kulturonline.tv\/wp-content\/uploads\/2025\/09\/Margot_Friedlaender_Kultur-Online-TV-edited.jpg\",\"contentUrl\":\"https:\/\/kulturonline.tv\/wp-content\/uploads\/2025\/09\/Margot_Friedlaender_Kultur-Online-TV-edited.jpg\",\"width\":946,\"height\":532,\"caption\":\"This photo is free to use under Creative Commons license CC-BY-4.0 and must be credited: \\\"CC-BY-4.0: \u00a9 European Union 2022 \u2013 Source: EP\\\". No model release form if applicable. ---------------------------------------- For the high resolution, please contact: Laia Ros, European Parliament, Information General Directoratem, Web Communication Unit, Picture Editor. E-mail: laia.rospadulles@ext.europarl.europa.eu\"},{\"@type\":\"BreadcrumbList\",\"@id\":\"https:\/\/kulturonline.tv\/de\/margot-friedlaender-preis\/#breadcrumb\",\"itemListElement\":[{\"@type\":\"ListItem\",\"position\":1,\"name\":\"Startseite\",\"item\":\"https:\/\/kulturonline.tv\/de\/\"},{\"@type\":\"ListItem\",\"position\":2,\"name\":\"Margot Friedl\u00e4nder Preis\"}]},{\"@type\":\"WebSite\",\"@id\":\"https:\/\/kulturonline.tv\/de\/#website\",\"url\":\"https:\/\/kulturonline.tv\/de\/\",\"name\":\"Kultur Online TV &amp; FM\",\"description\":\"Wir sind Kultur 2.0 zum sehen &amp; h\u00f6ren\",\"publisher\":{\"@id\":\"https:\/\/kulturonline.tv\/de\/#organization\"},\"potentialAction\":[{\"@type\":\"SearchAction\",\"target\":{\"@type\":\"EntryPoint\",\"urlTemplate\":\"https:\/\/kulturonline.tv\/de\/?s={search_term_string}\"},\"query-input\":{\"@type\":\"PropertyValueSpecification\",\"valueRequired\":true,\"valueName\":\"search_term_string\"}}],\"inLanguage\":\"de\"},{\"@type\":\"Organization\",\"@id\":\"https:\/\/kulturonline.tv\/de\/#organization\",\"name\":\"Kultur Online TV\",\"url\":\"https:\/\/kulturonline.tv\/de\/\",\"logo\":{\"@type\":\"ImageObject\",\"inLanguage\":\"de\",\"@id\":\"https:\/\/kulturonline.tv\/de\/#\/schema\/logo\/image\/\",\"url\":\"https:\/\/kulturonline.tv\/wp-content\/uploads\/2021\/08\/Kultur-Online-Tv-Logo-Endversion-neu.png\",\"contentUrl\":\"https:\/\/kulturonline.tv\/wp-content\/uploads\/2021\/08\/Kultur-Online-Tv-Logo-Endversion-neu.png\",\"width\":200,\"height\":200,\"caption\":\"Kultur Online TV\"},\"image\":{\"@id\":\"https:\/\/kulturonline.tv\/de\/#\/schema\/logo\/image\/\"},\"sameAs\":[\"https:\/\/www.facebook.com\/kulturonline.tv\",\"https:\/\/www.instagram.com\/kulturonline.tv\"]},{\"@type\":\"Person\",\"@id\":\"https:\/\/kulturonline.tv\/de\/#\/schema\/person\/b0fac729bb9a0c193fb1df23449df4fe\",\"name\":\"guenter.wolfgang\"}]}<\/script>\n<!-- \/ Yoast SEO plugin. -->","yoast_head_json":{"title":"Margot Friedl\u00e4nder Preis - Kultur Online TV &amp; FM","description":"F\u00fcnf Pers\u00f6nlichkeiten und Initiativen werden heute (16.September 2025) f\u00fcr ihren Einsatz f\u00fcr Toleranz, Menschlichkeit und Demokratie gew\u00fcrdigt. Die Auszeichnungen sind Teil der Margot-Friedl\u00e4nder-Stiftung, die 2023 gegr\u00fcndet wurde. Sie sind mit insgesamt 25.000 Euro dotiert und stehen unter der Schirmherrschaft von Bundespr\u00e4sident Frank-Walter Steinmeier. Die Namensgeberin, die Holocaust-\u00dcberlebende Margot Friedl\u00e4nder, verstarb k\u00fcrzlich am 9. Mai in Berlin im Alter von 103 Jahren.","robots":{"index":"index","follow":"follow","max-snippet":"max-snippet:-1","max-image-preview":"max-image-preview:large","max-video-preview":"max-video-preview:-1"},"canonical":"https:\/\/kulturonline.tv\/de\/margot-friedlaender-preis\/","og_locale":"de_DE","og_type":"article","og_title":"Margot Friedl\u00e4nder Preis - Kultur Online TV &amp; FM","og_description":"F\u00fcnf Pers\u00f6nlichkeiten und Initiativen werden heute (16.September 2025) f\u00fcr ihren Einsatz f\u00fcr Toleranz, Menschlichkeit und Demokratie gew\u00fcrdigt. Die Auszeichnungen sind Teil der Margot-Friedl\u00e4nder-Stiftung, die 2023 gegr\u00fcndet wurde. Sie sind mit insgesamt 25.000 Euro dotiert und stehen unter der Schirmherrschaft von Bundespr\u00e4sident Frank-Walter Steinmeier. Die Namensgeberin, die Holocaust-\u00dcberlebende Margot Friedl\u00e4nder, verstarb k\u00fcrzlich am 9. Mai in Berlin im Alter von 103 Jahren.","og_url":"https:\/\/kulturonline.tv\/de\/margot-friedlaender-preis\/","og_site_name":"Kultur Online TV &amp; FM","article_publisher":"https:\/\/www.facebook.com\/kulturonline.tv","article_published_time":"2025-09-16T10:46:53+00:00","article_modified_time":"2025-09-16T10:46:56+00:00","og_image":[{"width":946,"height":532,"url":"https:\/\/kulturonline.tv\/wp-content\/uploads\/2025\/09\/Margot_Friedlaender_Kultur-Online-TV-edited.jpg","type":"image\/jpeg"}],"author":"guenter.wolfgang","twitter_card":"summary_large_image","twitter_misc":{"Verfasst von":"guenter.wolfgang","Gesch\u00e4tzte Lesezeit":"3\u00a0Minuten"},"schema":{"@context":"https:\/\/schema.org","@graph":[{"@type":"Article","@id":"https:\/\/kulturonline.tv\/de\/margot-friedlaender-preis\/#article","isPartOf":{"@id":"https:\/\/kulturonline.tv\/de\/margot-friedlaender-preis\/"},"author":{"name":"guenter.wolfgang","@id":"https:\/\/kulturonline.tv\/de\/#\/schema\/person\/b0fac729bb9a0c193fb1df23449df4fe"},"headline":"Margot Friedl\u00e4nder Preis","datePublished":"2025-09-16T10:46:53+00:00","dateModified":"2025-09-16T10:46:56+00:00","mainEntityOfPage":{"@id":"https:\/\/kulturonline.tv\/de\/margot-friedlaender-preis\/"},"wordCount":595,"publisher":{"@id":"https:\/\/kulturonline.tv\/de\/#organization"},"image":{"@id":"https:\/\/kulturonline.tv\/de\/margot-friedlaender-preis\/#primaryimage"},"thumbnailUrl":"https:\/\/kulturonline.tv\/wp-content\/uploads\/2025\/09\/Margot_Friedlaender_Kultur-Online-TV-edited.jpg","articleSection":["Newsflash"],"inLanguage":"de"},{"@type":"WebPage","@id":"https:\/\/kulturonline.tv\/de\/margot-friedlaender-preis\/","url":"https:\/\/kulturonline.tv\/de\/margot-friedlaender-preis\/","name":"Margot Friedl\u00e4nder Preis - Kultur Online TV &amp; FM","isPartOf":{"@id":"https:\/\/kulturonline.tv\/de\/#website"},"primaryImageOfPage":{"@id":"https:\/\/kulturonline.tv\/de\/margot-friedlaender-preis\/#primaryimage"},"image":{"@id":"https:\/\/kulturonline.tv\/de\/margot-friedlaender-preis\/#primaryimage"},"thumbnailUrl":"https:\/\/kulturonline.tv\/wp-content\/uploads\/2025\/09\/Margot_Friedlaender_Kultur-Online-TV-edited.jpg","datePublished":"2025-09-16T10:46:53+00:00","dateModified":"2025-09-16T10:46:56+00:00","description":"F\u00fcnf Pers\u00f6nlichkeiten und Initiativen werden heute (16.September 2025) f\u00fcr ihren Einsatz f\u00fcr Toleranz, Menschlichkeit und Demokratie gew\u00fcrdigt. Die Auszeichnungen sind Teil der Margot-Friedl\u00e4nder-Stiftung, die 2023 gegr\u00fcndet wurde. Sie sind mit insgesamt 25.000 Euro dotiert und stehen unter der Schirmherrschaft von Bundespr\u00e4sident Frank-Walter Steinmeier. Die Namensgeberin, die Holocaust-\u00dcberlebende Margot Friedl\u00e4nder, verstarb k\u00fcrzlich am 9. Mai in Berlin im Alter von 103 Jahren.","breadcrumb":{"@id":"https:\/\/kulturonline.tv\/de\/margot-friedlaender-preis\/#breadcrumb"},"inLanguage":"de","potentialAction":[{"@type":"ReadAction","target":["https:\/\/kulturonline.tv\/de\/margot-friedlaender-preis\/"]}]},{"@type":"ImageObject","inLanguage":"de","@id":"https:\/\/kulturonline.tv\/de\/margot-friedlaender-preis\/#primaryimage","url":"https:\/\/kulturonline.tv\/wp-content\/uploads\/2025\/09\/Margot_Friedlaender_Kultur-Online-TV-edited.jpg","contentUrl":"https:\/\/kulturonline.tv\/wp-content\/uploads\/2025\/09\/Margot_Friedlaender_Kultur-Online-TV-edited.jpg","width":946,"height":532,"caption":"This photo is free to use under Creative Commons license CC-BY-4.0 and must be credited: \"CC-BY-4.0: \u00a9 European Union 2022 \u2013 Source: EP\". No model release form if applicable. ---------------------------------------- For the high resolution, please contact: Laia Ros, European Parliament, Information General Directoratem, Web Communication Unit, Picture Editor. E-mail: laia.rospadulles@ext.europarl.europa.eu"},{"@type":"BreadcrumbList","@id":"https:\/\/kulturonline.tv\/de\/margot-friedlaender-preis\/#breadcrumb","itemListElement":[{"@type":"ListItem","position":1,"name":"Startseite","item":"https:\/\/kulturonline.tv\/de\/"},{"@type":"ListItem","position":2,"name":"Margot Friedl\u00e4nder Preis"}]},{"@type":"WebSite","@id":"https:\/\/kulturonline.tv\/de\/#website","url":"https:\/\/kulturonline.tv\/de\/","name":"Kultur Online TV &amp; FM","description":"Wir sind Kultur 2.0 zum sehen &amp; h\u00f6ren","publisher":{"@id":"https:\/\/kulturonline.tv\/de\/#organization"},"potentialAction":[{"@type":"SearchAction","target":{"@type":"EntryPoint","urlTemplate":"https:\/\/kulturonline.tv\/de\/?s={search_term_string}"},"query-input":{"@type":"PropertyValueSpecification","valueRequired":true,"valueName":"search_term_string"}}],"inLanguage":"de"},{"@type":"Organization","@id":"https:\/\/kulturonline.tv\/de\/#organization","name":"Kultur Online TV","url":"https:\/\/kulturonline.tv\/de\/","logo":{"@type":"ImageObject","inLanguage":"de","@id":"https:\/\/kulturonline.tv\/de\/#\/schema\/logo\/image\/","url":"https:\/\/kulturonline.tv\/wp-content\/uploads\/2021\/08\/Kultur-Online-Tv-Logo-Endversion-neu.png","contentUrl":"https:\/\/kulturonline.tv\/wp-content\/uploads\/2021\/08\/Kultur-Online-Tv-Logo-Endversion-neu.png","width":200,"height":200,"caption":"Kultur Online TV"},"image":{"@id":"https:\/\/kulturonline.tv\/de\/#\/schema\/logo\/image\/"},"sameAs":["https:\/\/www.facebook.com\/kulturonline.tv","https:\/\/www.instagram.com\/kulturonline.tv"]},{"@type":"Person","@id":"https:\/\/kulturonline.tv\/de\/#\/schema\/person\/b0fac729bb9a0c193fb1df23449df4fe","name":"guenter.wolfgang"}]}},"_links":{"self":[{"href":"https:\/\/kulturonline.tv\/de\/wp-json\/wp\/v2\/posts\/119928","targetHints":{"allow":["GET"]}}],"collection":[{"href":"https:\/\/kulturonline.tv\/de\/wp-json\/wp\/v2\/posts"}],"about":[{"href":"https:\/\/kulturonline.tv\/de\/wp-json\/wp\/v2\/types\/post"}],"author":[{"embeddable":true,"href":"https:\/\/kulturonline.tv\/de\/wp-json\/wp\/v2\/users\/2"}],"replies":[{"embeddable":true,"href":"https:\/\/kulturonline.tv\/de\/wp-json\/wp\/v2\/comments?post=119928"}],"version-history":[{"count":1,"href":"https:\/\/kulturonline.tv\/de\/wp-json\/wp\/v2\/posts\/119928\/revisions"}],"predecessor-version":[{"id":119933,"href":"https:\/\/kulturonline.tv\/de\/wp-json\/wp\/v2\/posts\/119928\/revisions\/119933"}],"wp:featuredmedia":[{"embeddable":true,"href":"https:\/\/kulturonline.tv\/de\/wp-json\/wp\/v2\/media\/119931"}],"wp:attachment":[{"href":"https:\/\/kulturonline.tv\/de\/wp-json\/wp\/v2\/media?parent=119928"}],"wp:term":[{"taxonomy":"category","embeddable":true,"href":"https:\/\/kulturonline.tv\/de\/wp-json\/wp\/v2\/categories?post=119928"},{"taxonomy":"post_tag","embeddable":true,"href":"https:\/\/kulturonline.tv\/de\/wp-json\/wp\/v2\/tags?post=119928"}],"curies":[{"name":"wp","href":"https:\/\/api.w.org\/{rel}","templated":true}]}}