{"id":12019,"date":"2021-11-08T08:58:26","date_gmt":"2021-11-08T07:58:26","guid":{"rendered":"https:\/\/kulturonline.tv\/?p=12019"},"modified":"2021-11-10T12:58:53","modified_gmt":"2021-11-10T11:58:53","slug":"theaterpreis-hamburg-rolf-mares-zeichnet-acht-kuenstlerinnen-und-kuenstler-aus","status":"publish","type":"post","link":"https:\/\/kulturonline.tv\/de\/theaterpreis-hamburg-rolf-mares-zeichnet-acht-kuenstlerinnen-und-kuenstler-aus\/","title":{"rendered":"Theaterpreis Hamburg \u2013 Rolf Mares zeichnet acht K\u00fcnstlerinnen und K\u00fcnstler aus"},"content":{"rendered":"\n<p>Der wichtigste Theaterpreis der Hansestadt wurde von Rolf Mares am 1. November bei einer festlichen Gala im Opernloft im Alten F\u00e4hrterminal verliehen.<\/p>\n\n\n\n<figure class=\"wp-block-image size-full\"><img fetchpriority=\"high\" decoding=\"async\" width=\"960\" height=\"540\" src=\"https:\/\/kulturonline.tv\/wp-content\/uploads\/2021\/11\/20211101_TheaterpreisHamburg_920_LR_klein-1.jpg\" alt=\"\" class=\"wp-image-12027\" srcset=\"https:\/\/kulturonline.tv\/wp-content\/uploads\/2021\/11\/20211101_TheaterpreisHamburg_920_LR_klein-1.jpg 960w, https:\/\/kulturonline.tv\/wp-content\/uploads\/2021\/11\/20211101_TheaterpreisHamburg_920_LR_klein-1-600x338.jpg 600w, https:\/\/kulturonline.tv\/wp-content\/uploads\/2021\/11\/20211101_TheaterpreisHamburg_920_LR_klein-1-800x450.jpg 800w, https:\/\/kulturonline.tv\/wp-content\/uploads\/2021\/11\/20211101_TheaterpreisHamburg_920_LR_klein-1-768x432.jpg 768w\" sizes=\"(max-width: 960px) 100vw, 960px\" \/><figcaption>\u00a9 Marc Niklas Heinecke<\/figcaption><\/figure>\n\n\n\n<p>Der Theaterpreis Hamburg wird seit 2006 j\u00e4hrlich an K\u00fcnstler und K\u00fcnstlerinnen aus den verschiedensten Bereichen verliehen. Auch zwei digitale Inszenierungen wurden ausgezeichnet. Auf Grund der Corona-Pandemie konnte die Veranstaltung letztes Jahr nicht stattfinden. Dieses Jahr wurde der Abend umso mehr gefeiert. Daf\u00fcr sorgte auch der Conf\u00e9rencier und K\u00fcnstler\u00a0Michel Abdollahi. Er begleitete den Abend. Musikalische Einlagen von dem Ensemble des Opernlofts und eine Ansprache von Jana Schiedek,\u00a0Staatsr\u00e4tin der Beh\u00f6rde f\u00fcr Kultur und Medien, sorgten f\u00fcr sch\u00f6ne Abwechslung. <\/p>\n\n\n\n<p>Die Jury zeichnete acht K\u00fcnstlerinnen und K\u00fcnstler aus. Jeder erhielt 1000 Euro und einen personalisierten Montblanc-F\u00fcller.<\/p>\n\n\n\n<p>Helge Schmidt erhielt einen Preis f\u00fcr eine herausragende digitale Inszenierung, f\u00fcr &#8222;Tax for free&#8220; am Lichthof Theater. David B\u00f6sch, Patrick Bannwart und Falko Herold\u00a0bekamen ihren Preis f\u00fcr das Theaterst\u00fcck \u201eWei\u00dfe Rose\u201c an der Staatsoper Hamburg. <\/p>\n\n\n\n<p>Thomas Niehaus vom Thalia Theater freute sich f\u00fcr seinen Preis in der Kategorie \u201eHerausragender Darsteller\u201c. Mit seiner Rolle des Ingwer Feddersen im St\u00fcck \u201eMittagsstunde\u201c begeisterte er die Jury. Ines Niere vom Ernst Deutsch Theater euphorisierte ebenfalls das Publikum mit ihren vier Rollen in \u201eTyll\u201c nach dem Roman von Daniel Kehlmann und erhielt den Preis in der Kategorie \u201eHerausragender Darstellerin&#8220;. Die Hamburger B\u00fchnen-Legende Eva Mattes erhielt die gleiche Auszeichnung f\u00fcr ihre Performance der Kirke in der Urauff\u00fchrung von Elfriede Jelineks Theaterst\u00fcck am Deutschen Schauspielhaus. <\/p>\n\n\n\n<p>Die Not der Theater wurde durch die Beh\u00f6rde f\u00fcr Kultur und Medien abgefedert. Durch die unerm\u00fcdliche Unterst\u00fctzung erhielt diese ebenfalls einen Preis. <\/p>\n\n\n\n<p>Im folgenden Link sind alle weiteren Informationen und Videos zu den Preistr\u00e4gern zu finden:<\/p>\n\n\n\n<p><a href=\"https:\/\/theaterpreis-hamburg.org\/de_DE\/preistraeger-main\">https:\/\/theaterpreis-hamburg.org\/de_DE\/preistraeger-main<\/a><\/p>\n\n\n\n<p>Kultur Online Tv<\/p>\n\n\n\n<p>#theater #preis #verleihung #hamburg #kultur<\/p>\n","protected":false},"excerpt":{"rendered":"<p>Der wichtigste Theaterpreis der Hansestadt wurde von Rolf Mares am 1. November bei einer festlichen Gala im Opernloft im Alten F\u00e4hrterminal verliehen. Der Theaterpreis Hamburg wird seit 2006 j\u00e4hrlich an K\u00fcnstler und K\u00fcnstlerinnen aus den verschiedensten Bereichen verliehen. Auch zwei digitale Inszenierungen wurden ausgezeichnet. Auf Grund der Corona-Pandemie konnte die Veranstaltung letztes Jahr nicht stattfinden. [&hellip;]<\/p>\n","protected":false},"author":2,"featured_media":12027,"comment_status":"closed","ping_status":"closed","sticky":false,"template":"","format":"standard","meta":{"_acf_changed":false,"footnotes":""},"categories":[105],"tags":[],"class_list":["post-12019","post","type-post","status-publish","format-standard","has-post-thumbnail","hentry","category-theater"],"acf":[],"yoast_head":"<!-- This site is optimized with the Yoast SEO plugin v26.1.1 - https:\/\/yoast.com\/wordpress\/plugins\/seo\/ -->\n<title>Theaterpreis Hamburg \u2013 Rolf Mares zeichnet acht K\u00fcnstlerinnen und K\u00fcnstler aus - Kultur Online TV &amp; FM<\/title>\n<meta name=\"description\" content=\"Kultur sehen und H\u00f6ren\" \/>\n<meta name=\"robots\" content=\"index, follow, max-snippet:-1, max-image-preview:large, max-video-preview:-1\" \/>\n<link rel=\"canonical\" href=\"https:\/\/kulturonline.tv\/de\/theaterpreis-hamburg-rolf-mares-zeichnet-acht-kuenstlerinnen-und-kuenstler-aus\/\" \/>\n<meta property=\"og:locale\" content=\"de_DE\" \/>\n<meta property=\"og:type\" content=\"article\" \/>\n<meta property=\"og:title\" content=\"Theaterpreis Hamburg \u2013 Rolf Mares zeichnet acht K\u00fcnstlerinnen und K\u00fcnstler aus - Kultur Online TV &amp; FM\" \/>\n<meta property=\"og:description\" content=\"Kultur sehen und H\u00f6ren\" \/>\n<meta property=\"og:url\" content=\"https:\/\/kulturonline.tv\/de\/theaterpreis-hamburg-rolf-mares-zeichnet-acht-kuenstlerinnen-und-kuenstler-aus\/\" \/>\n<meta property=\"og:site_name\" content=\"Kultur Online TV &amp; FM\" \/>\n<meta property=\"article:publisher\" content=\"https:\/\/www.facebook.com\/kulturonline.tv\" \/>\n<meta property=\"article:published_time\" content=\"2021-11-08T07:58:26+00:00\" \/>\n<meta property=\"article:modified_time\" content=\"2021-11-10T11:58:53+00:00\" \/>\n<meta property=\"og:image\" content=\"https:\/\/kulturonline.tv\/wp-content\/uploads\/2021\/11\/20211101_TheaterpreisHamburg_920_LR_klein-1.jpg\" \/>\n\t<meta property=\"og:image:width\" content=\"960\" \/>\n\t<meta property=\"og:image:height\" content=\"540\" \/>\n\t<meta property=\"og:image:type\" content=\"image\/jpeg\" \/>\n<meta name=\"author\" content=\"guenter.wolfgang\" \/>\n<meta name=\"twitter:card\" content=\"summary_large_image\" \/>\n<meta name=\"twitter:label1\" content=\"Verfasst von\" \/>\n\t<meta name=\"twitter:data1\" content=\"guenter.wolfgang\" \/>\n\t<meta name=\"twitter:label2\" content=\"Gesch\u00e4tzte Lesezeit\" \/>\n\t<meta name=\"twitter:data2\" content=\"2\u00a0Minuten\" \/>\n<script type=\"application\/ld+json\" class=\"yoast-schema-graph\">{\"@context\":\"https:\/\/schema.org\",\"@graph\":[{\"@type\":\"Article\",\"@id\":\"https:\/\/kulturonline.tv\/de\/theaterpreis-hamburg-rolf-mares-zeichnet-acht-kuenstlerinnen-und-kuenstler-aus\/#article\",\"isPartOf\":{\"@id\":\"https:\/\/kulturonline.tv\/de\/theaterpreis-hamburg-rolf-mares-zeichnet-acht-kuenstlerinnen-und-kuenstler-aus\/\"},\"author\":{\"name\":\"guenter.wolfgang\",\"@id\":\"https:\/\/kulturonline.tv\/de\/#\/schema\/person\/b0fac729bb9a0c193fb1df23449df4fe\"},\"headline\":\"Theaterpreis Hamburg \u2013 Rolf Mares zeichnet acht K\u00fcnstlerinnen und K\u00fcnstler aus\",\"datePublished\":\"2021-11-08T07:58:26+00:00\",\"dateModified\":\"2021-11-10T11:58:53+00:00\",\"mainEntityOfPage\":{\"@id\":\"https:\/\/kulturonline.tv\/de\/theaterpreis-hamburg-rolf-mares-zeichnet-acht-kuenstlerinnen-und-kuenstler-aus\/\"},\"wordCount\":329,\"publisher\":{\"@id\":\"https:\/\/kulturonline.tv\/de\/#organization\"},\"image\":{\"@id\":\"https:\/\/kulturonline.tv\/de\/theaterpreis-hamburg-rolf-mares-zeichnet-acht-kuenstlerinnen-und-kuenstler-aus\/#primaryimage\"},\"thumbnailUrl\":\"https:\/\/kulturonline.tv\/wp-content\/uploads\/2021\/11\/20211101_TheaterpreisHamburg_920_LR_klein-1.jpg\",\"articleSection\":[\"Theater\"],\"inLanguage\":\"de\"},{\"@type\":\"WebPage\",\"@id\":\"https:\/\/kulturonline.tv\/de\/theaterpreis-hamburg-rolf-mares-zeichnet-acht-kuenstlerinnen-und-kuenstler-aus\/\",\"url\":\"https:\/\/kulturonline.tv\/de\/theaterpreis-hamburg-rolf-mares-zeichnet-acht-kuenstlerinnen-und-kuenstler-aus\/\",\"name\":\"Theaterpreis Hamburg \u2013 Rolf Mares zeichnet acht K\u00fcnstlerinnen und K\u00fcnstler aus - Kultur Online TV &amp; FM\",\"isPartOf\":{\"@id\":\"https:\/\/kulturonline.tv\/de\/#website\"},\"primaryImageOfPage\":{\"@id\":\"https:\/\/kulturonline.tv\/de\/theaterpreis-hamburg-rolf-mares-zeichnet-acht-kuenstlerinnen-und-kuenstler-aus\/#primaryimage\"},\"image\":{\"@id\":\"https:\/\/kulturonline.tv\/de\/theaterpreis-hamburg-rolf-mares-zeichnet-acht-kuenstlerinnen-und-kuenstler-aus\/#primaryimage\"},\"thumbnailUrl\":\"https:\/\/kulturonline.tv\/wp-content\/uploads\/2021\/11\/20211101_TheaterpreisHamburg_920_LR_klein-1.jpg\",\"datePublished\":\"2021-11-08T07:58:26+00:00\",\"dateModified\":\"2021-11-10T11:58:53+00:00\",\"description\":\"Kultur sehen und H\u00f6ren\",\"breadcrumb\":{\"@id\":\"https:\/\/kulturonline.tv\/de\/theaterpreis-hamburg-rolf-mares-zeichnet-acht-kuenstlerinnen-und-kuenstler-aus\/#breadcrumb\"},\"inLanguage\":\"de\",\"potentialAction\":[{\"@type\":\"ReadAction\",\"target\":[\"https:\/\/kulturonline.tv\/de\/theaterpreis-hamburg-rolf-mares-zeichnet-acht-kuenstlerinnen-und-kuenstler-aus\/\"]}]},{\"@type\":\"ImageObject\",\"inLanguage\":\"de\",\"@id\":\"https:\/\/kulturonline.tv\/de\/theaterpreis-hamburg-rolf-mares-zeichnet-acht-kuenstlerinnen-und-kuenstler-aus\/#primaryimage\",\"url\":\"https:\/\/kulturonline.tv\/wp-content\/uploads\/2021\/11\/20211101_TheaterpreisHamburg_920_LR_klein-1.jpg\",\"contentUrl\":\"https:\/\/kulturonline.tv\/wp-content\/uploads\/2021\/11\/20211101_TheaterpreisHamburg_920_LR_klein-1.jpg\",\"width\":960,\"height\":540},{\"@type\":\"BreadcrumbList\",\"@id\":\"https:\/\/kulturonline.tv\/de\/theaterpreis-hamburg-rolf-mares-zeichnet-acht-kuenstlerinnen-und-kuenstler-aus\/#breadcrumb\",\"itemListElement\":[{\"@type\":\"ListItem\",\"position\":1,\"name\":\"Startseite\",\"item\":\"https:\/\/kulturonline.tv\/de\/\"},{\"@type\":\"ListItem\",\"position\":2,\"name\":\"Theaterpreis Hamburg \u2013 Rolf Mares zeichnet acht K\u00fcnstlerinnen und K\u00fcnstler aus\"}]},{\"@type\":\"WebSite\",\"@id\":\"https:\/\/kulturonline.tv\/de\/#website\",\"url\":\"https:\/\/kulturonline.tv\/de\/\",\"name\":\"Kultur Online TV &amp; FM\",\"description\":\"Wir sind Kultur 2.0 zum sehen &amp; h\u00f6ren\",\"publisher\":{\"@id\":\"https:\/\/kulturonline.tv\/de\/#organization\"},\"potentialAction\":[{\"@type\":\"SearchAction\",\"target\":{\"@type\":\"EntryPoint\",\"urlTemplate\":\"https:\/\/kulturonline.tv\/de\/?s={search_term_string}\"},\"query-input\":{\"@type\":\"PropertyValueSpecification\",\"valueRequired\":true,\"valueName\":\"search_term_string\"}}],\"inLanguage\":\"de\"},{\"@type\":\"Organization\",\"@id\":\"https:\/\/kulturonline.tv\/de\/#organization\",\"name\":\"Kultur Online TV\",\"url\":\"https:\/\/kulturonline.tv\/de\/\",\"logo\":{\"@type\":\"ImageObject\",\"inLanguage\":\"de\",\"@id\":\"https:\/\/kulturonline.tv\/de\/#\/schema\/logo\/image\/\",\"url\":\"https:\/\/kulturonline.tv\/wp-content\/uploads\/2021\/08\/Kultur-Online-Tv-Logo-Endversion-neu.png\",\"contentUrl\":\"https:\/\/kulturonline.tv\/wp-content\/uploads\/2021\/08\/Kultur-Online-Tv-Logo-Endversion-neu.png\",\"width\":200,\"height\":200,\"caption\":\"Kultur Online TV\"},\"image\":{\"@id\":\"https:\/\/kulturonline.tv\/de\/#\/schema\/logo\/image\/\"},\"sameAs\":[\"https:\/\/www.facebook.com\/kulturonline.tv\",\"https:\/\/www.instagram.com\/kulturonline.tv\"]},{\"@type\":\"Person\",\"@id\":\"https:\/\/kulturonline.tv\/de\/#\/schema\/person\/b0fac729bb9a0c193fb1df23449df4fe\",\"name\":\"guenter.wolfgang\"}]}<\/script>\n<!-- \/ Yoast SEO plugin. -->","yoast_head_json":{"title":"Theaterpreis Hamburg \u2013 Rolf Mares zeichnet acht K\u00fcnstlerinnen und K\u00fcnstler aus - Kultur Online TV &amp; FM","description":"Kultur sehen und H\u00f6ren","robots":{"index":"index","follow":"follow","max-snippet":"max-snippet:-1","max-image-preview":"max-image-preview:large","max-video-preview":"max-video-preview:-1"},"canonical":"https:\/\/kulturonline.tv\/de\/theaterpreis-hamburg-rolf-mares-zeichnet-acht-kuenstlerinnen-und-kuenstler-aus\/","og_locale":"de_DE","og_type":"article","og_title":"Theaterpreis Hamburg \u2013 Rolf Mares zeichnet acht K\u00fcnstlerinnen und K\u00fcnstler aus - Kultur Online TV &amp; FM","og_description":"Kultur sehen und H\u00f6ren","og_url":"https:\/\/kulturonline.tv\/de\/theaterpreis-hamburg-rolf-mares-zeichnet-acht-kuenstlerinnen-und-kuenstler-aus\/","og_site_name":"Kultur Online TV &amp; FM","article_publisher":"https:\/\/www.facebook.com\/kulturonline.tv","article_published_time":"2021-11-08T07:58:26+00:00","article_modified_time":"2021-11-10T11:58:53+00:00","og_image":[{"width":960,"height":540,"url":"https:\/\/kulturonline.tv\/wp-content\/uploads\/2021\/11\/20211101_TheaterpreisHamburg_920_LR_klein-1.jpg","type":"image\/jpeg"}],"author":"guenter.wolfgang","twitter_card":"summary_large_image","twitter_misc":{"Verfasst von":"guenter.wolfgang","Gesch\u00e4tzte Lesezeit":"2\u00a0Minuten"},"schema":{"@context":"https:\/\/schema.org","@graph":[{"@type":"Article","@id":"https:\/\/kulturonline.tv\/de\/theaterpreis-hamburg-rolf-mares-zeichnet-acht-kuenstlerinnen-und-kuenstler-aus\/#article","isPartOf":{"@id":"https:\/\/kulturonline.tv\/de\/theaterpreis-hamburg-rolf-mares-zeichnet-acht-kuenstlerinnen-und-kuenstler-aus\/"},"author":{"name":"guenter.wolfgang","@id":"https:\/\/kulturonline.tv\/de\/#\/schema\/person\/b0fac729bb9a0c193fb1df23449df4fe"},"headline":"Theaterpreis Hamburg \u2013 Rolf Mares zeichnet acht K\u00fcnstlerinnen und K\u00fcnstler aus","datePublished":"2021-11-08T07:58:26+00:00","dateModified":"2021-11-10T11:58:53+00:00","mainEntityOfPage":{"@id":"https:\/\/kulturonline.tv\/de\/theaterpreis-hamburg-rolf-mares-zeichnet-acht-kuenstlerinnen-und-kuenstler-aus\/"},"wordCount":329,"publisher":{"@id":"https:\/\/kulturonline.tv\/de\/#organization"},"image":{"@id":"https:\/\/kulturonline.tv\/de\/theaterpreis-hamburg-rolf-mares-zeichnet-acht-kuenstlerinnen-und-kuenstler-aus\/#primaryimage"},"thumbnailUrl":"https:\/\/kulturonline.tv\/wp-content\/uploads\/2021\/11\/20211101_TheaterpreisHamburg_920_LR_klein-1.jpg","articleSection":["Theater"],"inLanguage":"de"},{"@type":"WebPage","@id":"https:\/\/kulturonline.tv\/de\/theaterpreis-hamburg-rolf-mares-zeichnet-acht-kuenstlerinnen-und-kuenstler-aus\/","url":"https:\/\/kulturonline.tv\/de\/theaterpreis-hamburg-rolf-mares-zeichnet-acht-kuenstlerinnen-und-kuenstler-aus\/","name":"Theaterpreis Hamburg \u2013 Rolf Mares zeichnet acht K\u00fcnstlerinnen und K\u00fcnstler aus - Kultur Online TV &amp; FM","isPartOf":{"@id":"https:\/\/kulturonline.tv\/de\/#website"},"primaryImageOfPage":{"@id":"https:\/\/kulturonline.tv\/de\/theaterpreis-hamburg-rolf-mares-zeichnet-acht-kuenstlerinnen-und-kuenstler-aus\/#primaryimage"},"image":{"@id":"https:\/\/kulturonline.tv\/de\/theaterpreis-hamburg-rolf-mares-zeichnet-acht-kuenstlerinnen-und-kuenstler-aus\/#primaryimage"},"thumbnailUrl":"https:\/\/kulturonline.tv\/wp-content\/uploads\/2021\/11\/20211101_TheaterpreisHamburg_920_LR_klein-1.jpg","datePublished":"2021-11-08T07:58:26+00:00","dateModified":"2021-11-10T11:58:53+00:00","description":"Kultur sehen und H\u00f6ren","breadcrumb":{"@id":"https:\/\/kulturonline.tv\/de\/theaterpreis-hamburg-rolf-mares-zeichnet-acht-kuenstlerinnen-und-kuenstler-aus\/#breadcrumb"},"inLanguage":"de","potentialAction":[{"@type":"ReadAction","target":["https:\/\/kulturonline.tv\/de\/theaterpreis-hamburg-rolf-mares-zeichnet-acht-kuenstlerinnen-und-kuenstler-aus\/"]}]},{"@type":"ImageObject","inLanguage":"de","@id":"https:\/\/kulturonline.tv\/de\/theaterpreis-hamburg-rolf-mares-zeichnet-acht-kuenstlerinnen-und-kuenstler-aus\/#primaryimage","url":"https:\/\/kulturonline.tv\/wp-content\/uploads\/2021\/11\/20211101_TheaterpreisHamburg_920_LR_klein-1.jpg","contentUrl":"https:\/\/kulturonline.tv\/wp-content\/uploads\/2021\/11\/20211101_TheaterpreisHamburg_920_LR_klein-1.jpg","width":960,"height":540},{"@type":"BreadcrumbList","@id":"https:\/\/kulturonline.tv\/de\/theaterpreis-hamburg-rolf-mares-zeichnet-acht-kuenstlerinnen-und-kuenstler-aus\/#breadcrumb","itemListElement":[{"@type":"ListItem","position":1,"name":"Startseite","item":"https:\/\/kulturonline.tv\/de\/"},{"@type":"ListItem","position":2,"name":"Theaterpreis Hamburg \u2013 Rolf Mares zeichnet acht K\u00fcnstlerinnen und K\u00fcnstler aus"}]},{"@type":"WebSite","@id":"https:\/\/kulturonline.tv\/de\/#website","url":"https:\/\/kulturonline.tv\/de\/","name":"Kultur Online TV &amp; FM","description":"Wir sind Kultur 2.0 zum sehen &amp; h\u00f6ren","publisher":{"@id":"https:\/\/kulturonline.tv\/de\/#organization"},"potentialAction":[{"@type":"SearchAction","target":{"@type":"EntryPoint","urlTemplate":"https:\/\/kulturonline.tv\/de\/?s={search_term_string}"},"query-input":{"@type":"PropertyValueSpecification","valueRequired":true,"valueName":"search_term_string"}}],"inLanguage":"de"},{"@type":"Organization","@id":"https:\/\/kulturonline.tv\/de\/#organization","name":"Kultur Online TV","url":"https:\/\/kulturonline.tv\/de\/","logo":{"@type":"ImageObject","inLanguage":"de","@id":"https:\/\/kulturonline.tv\/de\/#\/schema\/logo\/image\/","url":"https:\/\/kulturonline.tv\/wp-content\/uploads\/2021\/08\/Kultur-Online-Tv-Logo-Endversion-neu.png","contentUrl":"https:\/\/kulturonline.tv\/wp-content\/uploads\/2021\/08\/Kultur-Online-Tv-Logo-Endversion-neu.png","width":200,"height":200,"caption":"Kultur Online TV"},"image":{"@id":"https:\/\/kulturonline.tv\/de\/#\/schema\/logo\/image\/"},"sameAs":["https:\/\/www.facebook.com\/kulturonline.tv","https:\/\/www.instagram.com\/kulturonline.tv"]},{"@type":"Person","@id":"https:\/\/kulturonline.tv\/de\/#\/schema\/person\/b0fac729bb9a0c193fb1df23449df4fe","name":"guenter.wolfgang"}]}},"_links":{"self":[{"href":"https:\/\/kulturonline.tv\/de\/wp-json\/wp\/v2\/posts\/12019","targetHints":{"allow":["GET"]}}],"collection":[{"href":"https:\/\/kulturonline.tv\/de\/wp-json\/wp\/v2\/posts"}],"about":[{"href":"https:\/\/kulturonline.tv\/de\/wp-json\/wp\/v2\/types\/post"}],"author":[{"embeddable":true,"href":"https:\/\/kulturonline.tv\/de\/wp-json\/wp\/v2\/users\/2"}],"replies":[{"embeddable":true,"href":"https:\/\/kulturonline.tv\/de\/wp-json\/wp\/v2\/comments?post=12019"}],"version-history":[{"count":0,"href":"https:\/\/kulturonline.tv\/de\/wp-json\/wp\/v2\/posts\/12019\/revisions"}],"wp:featuredmedia":[{"embeddable":true,"href":"https:\/\/kulturonline.tv\/de\/wp-json\/wp\/v2\/media\/12027"}],"wp:attachment":[{"href":"https:\/\/kulturonline.tv\/de\/wp-json\/wp\/v2\/media?parent=12019"}],"wp:term":[{"taxonomy":"category","embeddable":true,"href":"https:\/\/kulturonline.tv\/de\/wp-json\/wp\/v2\/categories?post=12019"},{"taxonomy":"post_tag","embeddable":true,"href":"https:\/\/kulturonline.tv\/de\/wp-json\/wp\/v2\/tags?post=12019"}],"curies":[{"name":"wp","href":"https:\/\/api.w.org\/{rel}","templated":true}]}}