{"id":120780,"date":"2025-09-23T00:27:18","date_gmt":"2025-09-22T22:27:18","guid":{"rendered":"https:\/\/kulturonline.tv\/?p=120780"},"modified":"2025-09-23T00:29:21","modified_gmt":"2025-09-22T22:29:21","slug":"neue-meisterinnen-und-meister-feiern-mit-hollywood-star-ralf-moeller-in-oberfranken","status":"publish","type":"post","link":"https:\/\/kulturonline.tv\/de\/neue-meisterinnen-und-meister-feiern-mit-hollywood-star-ralf-moeller-in-oberfranken\/","title":{"rendered":"Neue Meisterinnen und Meister feiern mit Hollywood-Star Ralf Moeller in Oberfranken"},"content":{"rendered":"\n<p>Als die Handwerkskammer f\u00fcr Oberfranken ihre frischgebackenen Meisterinnen und Meister feiert, wird die B\u00fchne zum Treffpunkt von Tradition, Innovation und prominenter Strahlkraft: Hollywood-Star Ralf Moeller ist Ehrengast der Meisterfeier in der Glasschleif in Marktredwitz. Gemeinsam mit dem oberfr\u00e4nkischen Traditionsunternehmen Hans Sch\u00e4fer Workwear, mit dem Moeller die Initiative \u201eMotivation Handwerk\u201c initiiert hat, und dem oberfr\u00e4nkischen Staatssekret\u00e4r Martin Sch\u00f6ffel, MdL, gratuliert der Schauspieler den Meisterinnen und Meistern und macht sich f\u00fcrs Handwerk stark.<\/p>\n\n\n\n<figure class=\"wp-block-image size-large\"><img fetchpriority=\"high\" decoding=\"async\" width=\"2560\" height=\"1439\" src=\"https:\/\/kulturonline.tv\/wp-content\/uploads\/2025\/09\/Kultur-Online-TV-Moeller-edited-scaled.jpg\" alt=\"\" class=\"wp-image-120783\" srcset=\"https:\/\/kulturonline.tv\/wp-content\/uploads\/2025\/09\/Kultur-Online-TV-Moeller-edited-scaled.jpg 2560w, https:\/\/kulturonline.tv\/wp-content\/uploads\/2025\/09\/Kultur-Online-TV-Moeller-edited-800x450.jpg 800w, https:\/\/kulturonline.tv\/wp-content\/uploads\/2025\/09\/Kultur-Online-TV-Moeller-edited-1600x900.jpg 1600w, https:\/\/kulturonline.tv\/wp-content\/uploads\/2025\/09\/Kultur-Online-TV-Moeller-edited-768x432.jpg 768w, https:\/\/kulturonline.tv\/wp-content\/uploads\/2025\/09\/Kultur-Online-TV-Moeller-edited-1536x864.jpg 1536w, https:\/\/kulturonline.tv\/wp-content\/uploads\/2025\/09\/Kultur-Online-TV-Moeller-edited-2048x1151.jpg 2048w\" sizes=\"(max-width: 2560px) 100vw, 2560px\" \/><\/figure>\n\n\n\n<p>\u00dcber 1.250 G\u00e4ste feiern die Jungmeisterinnen und Jungmeister, die die Meisterschulen der HWK f\u00fcr Oberfranken erfolgreich absolviert haben. Sie sind begeistert von der authentischen und starken Wertsch\u00e4tzung, die Ralf Moeller dem Handwerk entgegenbringt. Und noch viel mehr: Er setzt sich seit 2023 gemeinsam mit Andreas Grewe, gesch\u00e4ftsf\u00fchrender Gesellschafter des Bamberger Traditionsunternehmen Hans Sch\u00e4fer Workwear, f\u00fcr mehr Wertsch\u00e4tzung und Nachwuchsf\u00f6rderung im Handwerk ein. Mit der Initiative \u201eMotivation Handwerk\u201c webt er ein dichtes Netz prominenter Unterst\u00fctzer und lenkt das Scheinwerferlicht gezielt auf das Handwerk. Aus \u00dcberzeugung. \u201eDas Handwerk ist nicht nur Tradition, sondern auch Zukunft\u201c, betont der Schauspieler und erfolgreiche Unternehmer. \u201eEs ist stark, voller Chancen, Erfolg und Lebensqualit\u00e4t.\u201c Die Initiative von Moeller und Hans Sch\u00e4fer Workwear wurde vergangenes Jahr von der deutschen Wirtschaft als \u201eInnovator des Jahres 2024\u201c ausgezeichnet.<\/p>\n\n\n\n<p>Als Unterst\u00fctzer und Fan des Handwerks zeigt sich auch der oberfr\u00e4nkische Staatssekret\u00e4r im bayerischen Staatsministerium der Finanzen und f\u00fcr Heimat, Martin Sch\u00f6ffel, MdL, der stellvertretend f\u00fcr Ministerpr\u00e4sident Dr. Markus S\u00f6der zur Meisterfeier der Handwerkskammer kam. Er lobte die Aktion: \u201eEs ist der Wahnsinn, dass sich mit Ralf Moeller ein internationaler Star mit seiner Initiative \u201aMotivation Handwerk\u2018 f\u00fcr das Handwerk einsetzt. Er hat erkannt, worauf es in Zukunft ankommt! Er ist ein super Motivator f\u00fcr die jungen Leute und wenn es unsere Botschaft aus dem Handwerk bis nach Hollywood schafft, dann haben wir eine super Chance.\u201c<\/p>\n\n\n\n<figure class=\"wp-block-image size-large\"><img decoding=\"async\" width=\"2560\" height=\"1439\" src=\"https:\/\/kulturonline.tv\/wp-content\/uploads\/2025\/09\/Ralf-Moeller_Neue-Meisterinnen-der-HWK-Oberfranken-edited-scaled.jpg\" alt=\"\" class=\"wp-image-120787\" srcset=\"https:\/\/kulturonline.tv\/wp-content\/uploads\/2025\/09\/Ralf-Moeller_Neue-Meisterinnen-der-HWK-Oberfranken-edited-scaled.jpg 2560w, https:\/\/kulturonline.tv\/wp-content\/uploads\/2025\/09\/Ralf-Moeller_Neue-Meisterinnen-der-HWK-Oberfranken-edited-800x450.jpg 800w, https:\/\/kulturonline.tv\/wp-content\/uploads\/2025\/09\/Ralf-Moeller_Neue-Meisterinnen-der-HWK-Oberfranken-edited-1600x900.jpg 1600w, https:\/\/kulturonline.tv\/wp-content\/uploads\/2025\/09\/Ralf-Moeller_Neue-Meisterinnen-der-HWK-Oberfranken-edited-768x432.jpg 768w, https:\/\/kulturonline.tv\/wp-content\/uploads\/2025\/09\/Ralf-Moeller_Neue-Meisterinnen-der-HWK-Oberfranken-edited-1536x864.jpg 1536w, https:\/\/kulturonline.tv\/wp-content\/uploads\/2025\/09\/Ralf-Moeller_Neue-Meisterinnen-der-HWK-Oberfranken-edited-2048x1151.jpg 2048w\" sizes=\"(max-width: 2560px) 100vw, 2560px\" \/><\/figure>\n\n\n\n<p><br>Bei der Meisterfeier der Handwerkskammer nahmen 250 Meisterinnen und Meister ihre Meisterbriefe pers\u00f6nlich entgegen. Insgesamt haben 409 und damit rund 88 Prozent der Pr\u00fcflinge zwischen August 2024 und August 2025 die Meisterschulen an der HWK erfolgreich abgelegt. Die Jungmeisterinnen und Jungmeister kommen dabei nicht ausschlie\u00dflich aus Bayern, sondern zus\u00e4tzlich auch noch aus 8 weiteren Bundesl\u00e4ndern. \u201eWir haben einen sehr guten Zulauf zu unseren Meisterschulen, in einigen Gewerken sind die Kurse bereits bis 2029 ausgebucht\u201c, freut sich der Hauptgesch\u00e4ftsf\u00fchrer der HWK f\u00fcr Oberfranken, Reinhard Bauer. Ihm ist die W\u00fcrdigung des bestens ausgebildeten Nachwuchses wichtig. \u201eDaher stellen wir unsere jungen Meisterinnen und Meister und ihre Bed\u00fcrfnisse absolut in den Mittelpunkt unserer Meisterfeier.\u201c<\/p>\n\n\n\n<p>F\u00fcr den Pr\u00e4sidenten der oberfr\u00e4nkischen Kammer ist diese Nachfrage nach dem Meisterbrief nicht nur ein Zeichen der guten Qualit\u00e4t der Meisterschulen an der HWK, sondern auch ein Beleg daf\u00fcr, dass die Qualifizierung zum Meister und zur Meisterin weiter an Attraktivit\u00e4t gewinnt. \u201eWir sp\u00fcren, dass das Handwerk wieder st\u00e4rker wahrgenommen wird und seine Vorteile wieder mehr gesehen werden. Dazu helfen Initiativen wie die von Ralf Moeller und Hans Sch\u00e4fer Workwear nat\u00fcrlich enorm bei.\u201c Er sei \u00fcberw\u00e4ltigt, dass der in Amerika lebende Schauspieler so spontan seine Teilnahme zugesagt habe und nach Oberfranken und nach Marktredwitz gekommen sei. \u201eDas ist f\u00fcr unsere Meisterinnen und Meister nat\u00fcrlich absolut \u00fcberw\u00e4ltigend!\u201c<\/p>\n\n\n\n<h2 class=\"wp-block-heading\">Hans Sch\u00e4fer Workwear: 100 Jahre Tradition, Innovation und Verantwortung<\/h2>\n\n\n\n<figure class=\"wp-block-image size-large\"><img decoding=\"async\" width=\"2274\" height=\"1279\" src=\"https:\/\/kulturonline.tv\/wp-content\/uploads\/2025\/09\/Meisterfeier-HWK-Oberfranken-edited.jpg\" alt=\"\" class=\"wp-image-120791\" srcset=\"https:\/\/kulturonline.tv\/wp-content\/uploads\/2025\/09\/Meisterfeier-HWK-Oberfranken-edited.jpg 2274w, https:\/\/kulturonline.tv\/wp-content\/uploads\/2025\/09\/Meisterfeier-HWK-Oberfranken-edited-800x450.jpg 800w, https:\/\/kulturonline.tv\/wp-content\/uploads\/2025\/09\/Meisterfeier-HWK-Oberfranken-edited-1600x900.jpg 1600w, https:\/\/kulturonline.tv\/wp-content\/uploads\/2025\/09\/Meisterfeier-HWK-Oberfranken-edited-768x432.jpg 768w, https:\/\/kulturonline.tv\/wp-content\/uploads\/2025\/09\/Meisterfeier-HWK-Oberfranken-edited-1536x864.jpg 1536w, https:\/\/kulturonline.tv\/wp-content\/uploads\/2025\/09\/Meisterfeier-HWK-Oberfranken-edited-2048x1152.jpg 2048w\" sizes=\"(max-width: 2274px) 100vw, 2274px\" \/><\/figure>\n\n\n\n<p>Das Familienunternehmen Hans Sch\u00e4fer blickt auf \u00fcber 100 Jahre Geschichte zur\u00fcck. Urspr\u00fcnglich in der Modebranche verwurzelt, hat sich das Unternehmen erfolgreich zu einem Spezialisten f\u00fcr hochwertige Workwear entwickelt. Heute produziert Hans Sch\u00e4fer Arbeitskleidung, die speziell auf die Bed\u00fcrfnisse von Handwerkern und Industriearbeitern zugeschnitten ist \u2013 robust, funktional und langlebig. Gleichzeitig eignet sie sich durch ihr Design und ihre Qualit\u00e4t auch f\u00fcr Sport und Freizeit. Die zentrale Lage in Bamberg und die regionale Textiltradition bilden die Basis, auf der Hans Sch\u00e4fer Workwear sein Selbstverst\u00e4ndnis aufbaut: Traditionelle Herstellungsmethoden kombiniert mit modernsten Materialien von h\u00f6chster Qualit\u00e4t. Das Ergebnis sind Produkte, die den hohen Anspr\u00fcchen der Kunden gerecht werden \u2013 in Funktionalit\u00e4t, Komfort und Nachhaltigkeit. Als mittelst\u00e4ndischer Familienbetrieb setzt Hans Sch\u00e4fer zudem auf klare Werte: Zuverl\u00e4ssigkeit, Fairness und Verantwortung \u2013 sowohl im Umgang mit Kunden als auch mit den eigenen Mitarbeitern. Ein hervorragendes Betriebsklima, faire L\u00f6hne und gesellschaftliches Engagement geh\u00f6ren zur Unternehmensphilosophie.<\/p>\n\n\n\n<h2 class=\"wp-block-heading\">Motivation Handwerk: Gemeinsam gegen den Nachwuchsmangel<\/h2>\n\n\n\n<p>Die Zusammenarbeit mit Ralf Moeller entstand aus einer gemeinsamen \u00dcberzeugung: Das Handwerk braucht eine starke Stimme. Moeller, der in Recklinghausen aufwuchs, kennt die Welt des Handwerks von klein auf \u2013 sein Vater war Schlosser und schwei\u00dfte ihm die ersten Hanteln. Aus dieser Basis entwickelte sich eine Karriere als Fitness-Ikone, Schauspieler, Regisseur und Unternehmer. Schon immer engagierte sich Moeller weit \u00fcber die Filmbranche hinaus: Als Unterst\u00fctzer von Projekten wie der Regierungsinitiative \u201eStarke Typen\u201c f\u00fcr Kinder und Jugendliche in sozialen Brennpunkten oder durch seine Besuche bei der Bundeswehr \u2013 unter anderem in Afghanistan. Dar\u00fcber hinaus macht er sich stark f\u00fcr Sport, gesunde Ern\u00e4hrung, Nachhaltigkeit und gesellschaftliche Verantwortung. Mit \u201eMotivation Handwerk\u201c ruft Ralf Moeller nun gemeinsam mit Hans Sch\u00e4fer Workwear zu mehr Wertsch\u00e4tzung und Nachwuchsf\u00f6rderung im Handwerk auf. F\u00fcr Ihre Aktion konnten sie schon Politiker von Bundeskanzler Friedrich Merz bis Ministerpr\u00e4sident Markus S\u00f6der sowie Handwerkspr\u00e4sident J\u00f6rg Dittrich gewinnen, um gemeinsam das Scheinwerferlicht auf das Handwerk und seine fantastischen Karrierechancen zu setzen und die Initiative machte sich medienwirksam bei gro\u00dfen Wirtschafts- und Publikums Events wie auch bei der Feier \u201e75 Jahre Handwerk\u201c mit Bundespr\u00e4sident Frank-Walter Steinmeier f\u00fcr das Handwerk stark.<br>Hans Sch\u00e4fer Workwear ist besonders stolz, das gesellschaftliche Engagement gemeinsam mit einem international bekannten Botschafter wie Ralf Moeller sichtbar zu machen, daf\u00fcr werden sie auch in der Zukunft Handwerksbetriebe besuchen: Jeder Handwerker oder Handwerksbetrieb kann sich bewerben<\/p>\n\n\n\n<h2 class=\"wp-block-heading\"><strong>\u00dcber Motivation Handwerk<\/strong><\/h2>\n\n\n\n<p>Mit \u201eMotivation Handwerk\u201c haben Ralf Moeller und Hans Sch\u00e4fer\u00a0Workwear\u00a0eine gro\u00dfe Herausforderung angenommen, aber auch schon viele Verb\u00fcndete wie den deutschen Handwerkspr\u00e4sidenten J\u00f6rg Dittrich gefunden. So hat Ralf Moeller im Rahmen der Initiative mit der Deutschen Handwerkszeitung den Podcast \u201eMotivation Handwerk verstehen\u201c gestartet, bei dem er sich mit Entscheidern, Experten und Handwerks-Influencern austauscht. Gemeinsam mit einem starken Netzwerk aus Kammern und Fachmedien m\u00f6chte die Initiative \u201eMotivation Handwerk\u201c auf die Chancen junger Menschen in der Branche aufmerksam machen und L\u00f6sungsans\u00e4tze f\u00fcr den Nachwuchsmangel aufzeigen. F\u00fcr diesen branchen\u00fcbergreifenden Ansatz wurden Hans Sch\u00e4fer\u00a0Workwear\u00a0und Ralf Moeller von der Deutschen Wirtschaft bereits f\u00fcr den \u201eInnovator des Jahres\u201c-Award nominiert.\u00a0<\/p>\n\n\n\n<h2 class=\"wp-block-heading\">\u00dcber Hans Sch\u00e4fer Workwear &#8211; robust. clever. zuverl\u00e4ssig.<\/h2>\n\n\n\n<p>Dort, wo kraftvoll angepackt wird, kommt es nicht nur auf professionelles Geschick an. Auch die\u00a0Arbeitskleidung\u00a0muss besonderen Anforderungen gen\u00fcgen. Hans Sch\u00e4fer Workwear richtet sich mit seiner vielseitigen Kollektion an echte Macher des Mittelstandes. Der renommierte &#8211; in 4. Generation familiengef\u00fchrte &#8211; Traditionsbetrieb aus der Weltkulturerbe-Stadt Bamberg entwickelt, produziert und verkauft mit seiner mehr als hundertj\u00e4hrigen Erfahrung in der Textilbranche\u00a0Arbeitskleidung\u00a0der Extraklasse. Jacken, Hosen, Hemden, Shirts und vieles mehr \u2013 jedes Kleidungsst\u00fcck wird mit gr\u00f6\u00dfter Sorgfalt designt und hergestellt, um den Anforderungen verschiedener Berufe gerecht zu werden. Wenn es um Qualit\u00e4t und Funktionalit\u00e4t geht, kennt Hans Sch\u00e4fer Workwear keine Kompromisse.<\/p>\n\n\n\n<h2 class=\"wp-block-heading\"><strong>\u00dcber Ralf Moeller<\/strong><\/h2>\n\n\n\n<figure class=\"wp-block-image size-large\"><img loading=\"lazy\" decoding=\"async\" width=\"2560\" height=\"1439\" src=\"https:\/\/kulturonline.tv\/wp-content\/uploads\/2025\/09\/Ralf-Moeller-edited-scaled.jpg\" alt=\"\" class=\"wp-image-120795\" srcset=\"https:\/\/kulturonline.tv\/wp-content\/uploads\/2025\/09\/Ralf-Moeller-edited-scaled.jpg 2560w, https:\/\/kulturonline.tv\/wp-content\/uploads\/2025\/09\/Ralf-Moeller-edited-800x450.jpg 800w, https:\/\/kulturonline.tv\/wp-content\/uploads\/2025\/09\/Ralf-Moeller-edited-1600x900.jpg 1600w, https:\/\/kulturonline.tv\/wp-content\/uploads\/2025\/09\/Ralf-Moeller-edited-768x432.jpg 768w, https:\/\/kulturonline.tv\/wp-content\/uploads\/2025\/09\/Ralf-Moeller-edited-1536x864.jpg 1536w, https:\/\/kulturonline.tv\/wp-content\/uploads\/2025\/09\/Ralf-Moeller-edited-2048x1151.jpg 2048w\" sizes=\"(max-width: 2560px) 100vw, 2560px\" \/><\/figure>\n\n\n\n<p>Ralf M\u00f6ller begann seine Bodybuilding-Karriere bereits mit 17 und holte zahlreiche Titel: 1984 Deutscher Meister und 1986 Mr. Universum. Hartes Training, hohe Ziele gepaart mit einem gesunden Lebensstil waren die Schl\u00fcsselfaktoren f\u00fcr seinen Erfolg. Heute mit 64 f\u00fchlt sich Ralf Moeller stark und mega fit auch dank veganer Ern\u00e4hrung.<br>Seine Filmkarriere startete 1989 mit \u201eCyborg\u201c, es folgten Filme und Blockbuster wie Ridley Scotts \u201eGladiator\u201c und \u201eThe Tourist\u201c mit Angelina Jolie und Johnny Depp. <\/p>\n\n\n\n<p>F\u00fcr den Superbowl 2022 drehte er mit Arnold Schwarzenegger und Selma Hayek einen coolen BMW Spot, als n\u00e4chstes steht er f\u00fcr \u201eKung Fury 2\u201c mit Michael Fassbender und Arnold Schwarzenegger vor der Kamera. In drehfreien Zeiten widmet der erfolgreiche Bodybuilder, Schauspieler, Regisseur und Gesch\u00e4ftsmann seine Ressourcen f\u00fcr verschiedene gesellschaftspolitische und soziale Projekte, wie f\u00fcr die Regierungsinitiative \u201eStarke Typen\u201c zur Unterst\u00fctzung von Kindern und Jugendlichen in sozialen Brennpunkten oder f\u00fcr PETA.<\/p>\n\n\n\n<p>Kultur Online TV<\/p>\n\n\n\n<p>Andreas Schwarz<\/p>\n\n\n\n<p>#news #gesellschaft #berufe #handwerk<\/p>\n","protected":false},"excerpt":{"rendered":"<p>Als die Handwerkskammer f\u00fcr Oberfranken ihre frischgebackenen Meisterinnen und Meister feiert, wird die B\u00fchne zum Treffpunkt von Tradition, Innovation und prominenter Strahlkraft: Hollywood-Star Ralf Moeller ist Ehrengast der Meisterfeier in der Glasschleif in Marktredwitz. Gemeinsam mit dem oberfr\u00e4nkischen Traditionsunternehmen Hans Sch\u00e4fer Workwear, mit dem Moeller die Initiative \u201eMotivation Handwerk\u201c initiiert hat, und dem oberfr\u00e4nkischen Staatssekret\u00e4r [&hellip;]<\/p>\n","protected":false},"author":2,"featured_media":120783,"comment_status":"closed","ping_status":"closed","sticky":false,"template":"","format":"standard","meta":{"_acf_changed":false,"footnotes":""},"categories":[3],"tags":[891],"class_list":["post-120780","post","type-post","status-publish","format-standard","has-post-thumbnail","hentry","category-newsflash","tag-newsflash"],"acf":[],"yoast_head":"<!-- This site is optimized with the Yoast SEO plugin v26.1.1 - https:\/\/yoast.com\/wordpress\/plugins\/seo\/ -->\n<title>Neue Meisterinnen und Meister feiern mit Hollywood-Star Ralf Moeller in Oberfranken - Kultur Online TV &amp; FM<\/title>\n<meta name=\"description\" content=\"Als die Handwerkskammer f\u00fcr Oberfranken ihre frischgebackenen Meisterinnen und Meister feiert, wird die B\u00fchne zum Treffpunkt von Tradition, Innovation und prominenter Strahlkraft: Hollywood-Star Ralf Moeller ist Ehrengast der Meisterfeier in der Glasschleif in Marktredwitz. Gemeinsam mit dem oberfr\u00e4nkischen Traditionsunternehmen Hans Sch\u00e4fer Workwear, mit dem Moeller die Initiative \u201eMotivation Handwerk\u201c initiiert hat, und dem oberfr\u00e4nkischen Staatssekret\u00e4r Martin Sch\u00f6ffel, MdL, gratuliert der Schauspieler den Meisterinnen und Meistern und macht sich f\u00fcrs Handwerk stark.\" \/>\n<meta name=\"robots\" content=\"index, follow, max-snippet:-1, max-image-preview:large, max-video-preview:-1\" \/>\n<link rel=\"canonical\" href=\"https:\/\/kulturonline.tv\/de\/neue-meisterinnen-und-meister-feiern-mit-hollywood-star-ralf-moeller-in-oberfranken\/\" \/>\n<meta property=\"og:locale\" content=\"de_DE\" \/>\n<meta property=\"og:type\" content=\"article\" \/>\n<meta property=\"og:title\" content=\"Neue Meisterinnen und Meister feiern mit Hollywood-Star Ralf Moeller in Oberfranken - Kultur Online TV &amp; FM\" \/>\n<meta property=\"og:description\" content=\"Als die Handwerkskammer f\u00fcr Oberfranken ihre frischgebackenen Meisterinnen und Meister feiert, wird die B\u00fchne zum Treffpunkt von Tradition, Innovation und prominenter Strahlkraft: Hollywood-Star Ralf Moeller ist Ehrengast der Meisterfeier in der Glasschleif in Marktredwitz. Gemeinsam mit dem oberfr\u00e4nkischen Traditionsunternehmen Hans Sch\u00e4fer Workwear, mit dem Moeller die Initiative \u201eMotivation Handwerk\u201c initiiert hat, und dem oberfr\u00e4nkischen Staatssekret\u00e4r Martin Sch\u00f6ffel, MdL, gratuliert der Schauspieler den Meisterinnen und Meistern und macht sich f\u00fcrs Handwerk stark.\" \/>\n<meta property=\"og:url\" content=\"https:\/\/kulturonline.tv\/de\/neue-meisterinnen-und-meister-feiern-mit-hollywood-star-ralf-moeller-in-oberfranken\/\" \/>\n<meta property=\"og:site_name\" content=\"Kultur Online TV &amp; FM\" \/>\n<meta property=\"article:publisher\" content=\"https:\/\/www.facebook.com\/kulturonline.tv\" \/>\n<meta property=\"article:published_time\" content=\"2025-09-22T22:27:18+00:00\" \/>\n<meta property=\"article:modified_time\" content=\"2025-09-22T22:29:21+00:00\" \/>\n<meta property=\"og:image\" content=\"https:\/\/kulturonline.tv\/wp-content\/uploads\/2025\/09\/Kultur-Online-TV-Moeller-edited-scaled.jpg\" \/>\n\t<meta property=\"og:image:width\" content=\"2560\" \/>\n\t<meta property=\"og:image:height\" content=\"1439\" \/>\n\t<meta property=\"og:image:type\" content=\"image\/jpeg\" \/>\n<meta name=\"author\" content=\"guenter.wolfgang\" \/>\n<meta name=\"twitter:card\" content=\"summary_large_image\" \/>\n<meta name=\"twitter:label1\" content=\"Verfasst von\" \/>\n\t<meta name=\"twitter:data1\" content=\"guenter.wolfgang\" \/>\n\t<meta name=\"twitter:label2\" content=\"Gesch\u00e4tzte Lesezeit\" \/>\n\t<meta name=\"twitter:data2\" content=\"7\u00a0Minuten\" \/>\n<script type=\"application\/ld+json\" class=\"yoast-schema-graph\">{\"@context\":\"https:\/\/schema.org\",\"@graph\":[{\"@type\":\"Article\",\"@id\":\"https:\/\/kulturonline.tv\/de\/neue-meisterinnen-und-meister-feiern-mit-hollywood-star-ralf-moeller-in-oberfranken\/#article\",\"isPartOf\":{\"@id\":\"https:\/\/kulturonline.tv\/de\/neue-meisterinnen-und-meister-feiern-mit-hollywood-star-ralf-moeller-in-oberfranken\/\"},\"author\":{\"name\":\"guenter.wolfgang\",\"@id\":\"https:\/\/kulturonline.tv\/de\/#\/schema\/person\/b0fac729bb9a0c193fb1df23449df4fe\"},\"headline\":\"Neue Meisterinnen und Meister feiern mit Hollywood-Star Ralf Moeller in Oberfranken\",\"datePublished\":\"2025-09-22T22:27:18+00:00\",\"dateModified\":\"2025-09-22T22:29:21+00:00\",\"mainEntityOfPage\":{\"@id\":\"https:\/\/kulturonline.tv\/de\/neue-meisterinnen-und-meister-feiern-mit-hollywood-star-ralf-moeller-in-oberfranken\/\"},\"wordCount\":1383,\"publisher\":{\"@id\":\"https:\/\/kulturonline.tv\/de\/#organization\"},\"image\":{\"@id\":\"https:\/\/kulturonline.tv\/de\/neue-meisterinnen-und-meister-feiern-mit-hollywood-star-ralf-moeller-in-oberfranken\/#primaryimage\"},\"thumbnailUrl\":\"https:\/\/kulturonline.tv\/wp-content\/uploads\/2025\/09\/Kultur-Online-TV-Moeller-edited-scaled.jpg\",\"keywords\":[\"newsflash\"],\"articleSection\":[\"Newsflash\"],\"inLanguage\":\"de\"},{\"@type\":\"WebPage\",\"@id\":\"https:\/\/kulturonline.tv\/de\/neue-meisterinnen-und-meister-feiern-mit-hollywood-star-ralf-moeller-in-oberfranken\/\",\"url\":\"https:\/\/kulturonline.tv\/de\/neue-meisterinnen-und-meister-feiern-mit-hollywood-star-ralf-moeller-in-oberfranken\/\",\"name\":\"Neue Meisterinnen und Meister feiern mit Hollywood-Star Ralf Moeller in Oberfranken - Kultur Online TV &amp; FM\",\"isPartOf\":{\"@id\":\"https:\/\/kulturonline.tv\/de\/#website\"},\"primaryImageOfPage\":{\"@id\":\"https:\/\/kulturonline.tv\/de\/neue-meisterinnen-und-meister-feiern-mit-hollywood-star-ralf-moeller-in-oberfranken\/#primaryimage\"},\"image\":{\"@id\":\"https:\/\/kulturonline.tv\/de\/neue-meisterinnen-und-meister-feiern-mit-hollywood-star-ralf-moeller-in-oberfranken\/#primaryimage\"},\"thumbnailUrl\":\"https:\/\/kulturonline.tv\/wp-content\/uploads\/2025\/09\/Kultur-Online-TV-Moeller-edited-scaled.jpg\",\"datePublished\":\"2025-09-22T22:27:18+00:00\",\"dateModified\":\"2025-09-22T22:29:21+00:00\",\"description\":\"Als die Handwerkskammer f\u00fcr Oberfranken ihre frischgebackenen Meisterinnen und Meister feiert, wird die B\u00fchne zum Treffpunkt von Tradition, Innovation und prominenter Strahlkraft: Hollywood-Star Ralf Moeller ist Ehrengast der Meisterfeier in der Glasschleif in Marktredwitz. Gemeinsam mit dem oberfr\u00e4nkischen Traditionsunternehmen Hans Sch\u00e4fer Workwear, mit dem Moeller die Initiative \u201eMotivation Handwerk\u201c initiiert hat, und dem oberfr\u00e4nkischen Staatssekret\u00e4r Martin Sch\u00f6ffel, MdL, gratuliert der Schauspieler den Meisterinnen und Meistern und macht sich f\u00fcrs Handwerk stark.\",\"breadcrumb\":{\"@id\":\"https:\/\/kulturonline.tv\/de\/neue-meisterinnen-und-meister-feiern-mit-hollywood-star-ralf-moeller-in-oberfranken\/#breadcrumb\"},\"inLanguage\":\"de\",\"potentialAction\":[{\"@type\":\"ReadAction\",\"target\":[\"https:\/\/kulturonline.tv\/de\/neue-meisterinnen-und-meister-feiern-mit-hollywood-star-ralf-moeller-in-oberfranken\/\"]}]},{\"@type\":\"ImageObject\",\"inLanguage\":\"de\",\"@id\":\"https:\/\/kulturonline.tv\/de\/neue-meisterinnen-und-meister-feiern-mit-hollywood-star-ralf-moeller-in-oberfranken\/#primaryimage\",\"url\":\"https:\/\/kulturonline.tv\/wp-content\/uploads\/2025\/09\/Kultur-Online-TV-Moeller-edited-scaled.jpg\",\"contentUrl\":\"https:\/\/kulturonline.tv\/wp-content\/uploads\/2025\/09\/Kultur-Online-TV-Moeller-edited-scaled.jpg\",\"width\":2560,\"height\":1439},{\"@type\":\"BreadcrumbList\",\"@id\":\"https:\/\/kulturonline.tv\/de\/neue-meisterinnen-und-meister-feiern-mit-hollywood-star-ralf-moeller-in-oberfranken\/#breadcrumb\",\"itemListElement\":[{\"@type\":\"ListItem\",\"position\":1,\"name\":\"Startseite\",\"item\":\"https:\/\/kulturonline.tv\/de\/\"},{\"@type\":\"ListItem\",\"position\":2,\"name\":\"Neue Meisterinnen und Meister feiern mit Hollywood-Star Ralf Moeller in Oberfranken\"}]},{\"@type\":\"WebSite\",\"@id\":\"https:\/\/kulturonline.tv\/de\/#website\",\"url\":\"https:\/\/kulturonline.tv\/de\/\",\"name\":\"Kultur Online TV &amp; FM\",\"description\":\"Wir sind Kultur 2.0 zum sehen &amp; h\u00f6ren\",\"publisher\":{\"@id\":\"https:\/\/kulturonline.tv\/de\/#organization\"},\"potentialAction\":[{\"@type\":\"SearchAction\",\"target\":{\"@type\":\"EntryPoint\",\"urlTemplate\":\"https:\/\/kulturonline.tv\/de\/?s={search_term_string}\"},\"query-input\":{\"@type\":\"PropertyValueSpecification\",\"valueRequired\":true,\"valueName\":\"search_term_string\"}}],\"inLanguage\":\"de\"},{\"@type\":\"Organization\",\"@id\":\"https:\/\/kulturonline.tv\/de\/#organization\",\"name\":\"Kultur Online TV\",\"url\":\"https:\/\/kulturonline.tv\/de\/\",\"logo\":{\"@type\":\"ImageObject\",\"inLanguage\":\"de\",\"@id\":\"https:\/\/kulturonline.tv\/de\/#\/schema\/logo\/image\/\",\"url\":\"https:\/\/kulturonline.tv\/wp-content\/uploads\/2021\/08\/Kultur-Online-Tv-Logo-Endversion-neu.png\",\"contentUrl\":\"https:\/\/kulturonline.tv\/wp-content\/uploads\/2021\/08\/Kultur-Online-Tv-Logo-Endversion-neu.png\",\"width\":200,\"height\":200,\"caption\":\"Kultur Online TV\"},\"image\":{\"@id\":\"https:\/\/kulturonline.tv\/de\/#\/schema\/logo\/image\/\"},\"sameAs\":[\"https:\/\/www.facebook.com\/kulturonline.tv\",\"https:\/\/www.instagram.com\/kulturonline.tv\"]},{\"@type\":\"Person\",\"@id\":\"https:\/\/kulturonline.tv\/de\/#\/schema\/person\/b0fac729bb9a0c193fb1df23449df4fe\",\"name\":\"guenter.wolfgang\"}]}<\/script>\n<!-- \/ Yoast SEO plugin. -->","yoast_head_json":{"title":"Neue Meisterinnen und Meister feiern mit Hollywood-Star Ralf Moeller in Oberfranken - Kultur Online TV &amp; FM","description":"Als die Handwerkskammer f\u00fcr Oberfranken ihre frischgebackenen Meisterinnen und Meister feiert, wird die B\u00fchne zum Treffpunkt von Tradition, Innovation und prominenter Strahlkraft: Hollywood-Star Ralf Moeller ist Ehrengast der Meisterfeier in der Glasschleif in Marktredwitz. Gemeinsam mit dem oberfr\u00e4nkischen Traditionsunternehmen Hans Sch\u00e4fer Workwear, mit dem Moeller die Initiative \u201eMotivation Handwerk\u201c initiiert hat, und dem oberfr\u00e4nkischen Staatssekret\u00e4r Martin Sch\u00f6ffel, MdL, gratuliert der Schauspieler den Meisterinnen und Meistern und macht sich f\u00fcrs Handwerk stark.","robots":{"index":"index","follow":"follow","max-snippet":"max-snippet:-1","max-image-preview":"max-image-preview:large","max-video-preview":"max-video-preview:-1"},"canonical":"https:\/\/kulturonline.tv\/de\/neue-meisterinnen-und-meister-feiern-mit-hollywood-star-ralf-moeller-in-oberfranken\/","og_locale":"de_DE","og_type":"article","og_title":"Neue Meisterinnen und Meister feiern mit Hollywood-Star Ralf Moeller in Oberfranken - Kultur Online TV &amp; FM","og_description":"Als die Handwerkskammer f\u00fcr Oberfranken ihre frischgebackenen Meisterinnen und Meister feiert, wird die B\u00fchne zum Treffpunkt von Tradition, Innovation und prominenter Strahlkraft: Hollywood-Star Ralf Moeller ist Ehrengast der Meisterfeier in der Glasschleif in Marktredwitz. Gemeinsam mit dem oberfr\u00e4nkischen Traditionsunternehmen Hans Sch\u00e4fer Workwear, mit dem Moeller die Initiative \u201eMotivation Handwerk\u201c initiiert hat, und dem oberfr\u00e4nkischen Staatssekret\u00e4r Martin Sch\u00f6ffel, MdL, gratuliert der Schauspieler den Meisterinnen und Meistern und macht sich f\u00fcrs Handwerk stark.","og_url":"https:\/\/kulturonline.tv\/de\/neue-meisterinnen-und-meister-feiern-mit-hollywood-star-ralf-moeller-in-oberfranken\/","og_site_name":"Kultur Online TV &amp; FM","article_publisher":"https:\/\/www.facebook.com\/kulturonline.tv","article_published_time":"2025-09-22T22:27:18+00:00","article_modified_time":"2025-09-22T22:29:21+00:00","og_image":[{"width":2560,"height":1439,"url":"https:\/\/kulturonline.tv\/wp-content\/uploads\/2025\/09\/Kultur-Online-TV-Moeller-edited-scaled.jpg","type":"image\/jpeg"}],"author":"guenter.wolfgang","twitter_card":"summary_large_image","twitter_misc":{"Verfasst von":"guenter.wolfgang","Gesch\u00e4tzte Lesezeit":"7\u00a0Minuten"},"schema":{"@context":"https:\/\/schema.org","@graph":[{"@type":"Article","@id":"https:\/\/kulturonline.tv\/de\/neue-meisterinnen-und-meister-feiern-mit-hollywood-star-ralf-moeller-in-oberfranken\/#article","isPartOf":{"@id":"https:\/\/kulturonline.tv\/de\/neue-meisterinnen-und-meister-feiern-mit-hollywood-star-ralf-moeller-in-oberfranken\/"},"author":{"name":"guenter.wolfgang","@id":"https:\/\/kulturonline.tv\/de\/#\/schema\/person\/b0fac729bb9a0c193fb1df23449df4fe"},"headline":"Neue Meisterinnen und Meister feiern mit Hollywood-Star Ralf Moeller in Oberfranken","datePublished":"2025-09-22T22:27:18+00:00","dateModified":"2025-09-22T22:29:21+00:00","mainEntityOfPage":{"@id":"https:\/\/kulturonline.tv\/de\/neue-meisterinnen-und-meister-feiern-mit-hollywood-star-ralf-moeller-in-oberfranken\/"},"wordCount":1383,"publisher":{"@id":"https:\/\/kulturonline.tv\/de\/#organization"},"image":{"@id":"https:\/\/kulturonline.tv\/de\/neue-meisterinnen-und-meister-feiern-mit-hollywood-star-ralf-moeller-in-oberfranken\/#primaryimage"},"thumbnailUrl":"https:\/\/kulturonline.tv\/wp-content\/uploads\/2025\/09\/Kultur-Online-TV-Moeller-edited-scaled.jpg","keywords":["newsflash"],"articleSection":["Newsflash"],"inLanguage":"de"},{"@type":"WebPage","@id":"https:\/\/kulturonline.tv\/de\/neue-meisterinnen-und-meister-feiern-mit-hollywood-star-ralf-moeller-in-oberfranken\/","url":"https:\/\/kulturonline.tv\/de\/neue-meisterinnen-und-meister-feiern-mit-hollywood-star-ralf-moeller-in-oberfranken\/","name":"Neue Meisterinnen und Meister feiern mit Hollywood-Star Ralf Moeller in Oberfranken - Kultur Online TV &amp; FM","isPartOf":{"@id":"https:\/\/kulturonline.tv\/de\/#website"},"primaryImageOfPage":{"@id":"https:\/\/kulturonline.tv\/de\/neue-meisterinnen-und-meister-feiern-mit-hollywood-star-ralf-moeller-in-oberfranken\/#primaryimage"},"image":{"@id":"https:\/\/kulturonline.tv\/de\/neue-meisterinnen-und-meister-feiern-mit-hollywood-star-ralf-moeller-in-oberfranken\/#primaryimage"},"thumbnailUrl":"https:\/\/kulturonline.tv\/wp-content\/uploads\/2025\/09\/Kultur-Online-TV-Moeller-edited-scaled.jpg","datePublished":"2025-09-22T22:27:18+00:00","dateModified":"2025-09-22T22:29:21+00:00","description":"Als die Handwerkskammer f\u00fcr Oberfranken ihre frischgebackenen Meisterinnen und Meister feiert, wird die B\u00fchne zum Treffpunkt von Tradition, Innovation und prominenter Strahlkraft: Hollywood-Star Ralf Moeller ist Ehrengast der Meisterfeier in der Glasschleif in Marktredwitz. Gemeinsam mit dem oberfr\u00e4nkischen Traditionsunternehmen Hans Sch\u00e4fer Workwear, mit dem Moeller die Initiative \u201eMotivation Handwerk\u201c initiiert hat, und dem oberfr\u00e4nkischen Staatssekret\u00e4r Martin Sch\u00f6ffel, MdL, gratuliert der Schauspieler den Meisterinnen und Meistern und macht sich f\u00fcrs Handwerk stark.","breadcrumb":{"@id":"https:\/\/kulturonline.tv\/de\/neue-meisterinnen-und-meister-feiern-mit-hollywood-star-ralf-moeller-in-oberfranken\/#breadcrumb"},"inLanguage":"de","potentialAction":[{"@type":"ReadAction","target":["https:\/\/kulturonline.tv\/de\/neue-meisterinnen-und-meister-feiern-mit-hollywood-star-ralf-moeller-in-oberfranken\/"]}]},{"@type":"ImageObject","inLanguage":"de","@id":"https:\/\/kulturonline.tv\/de\/neue-meisterinnen-und-meister-feiern-mit-hollywood-star-ralf-moeller-in-oberfranken\/#primaryimage","url":"https:\/\/kulturonline.tv\/wp-content\/uploads\/2025\/09\/Kultur-Online-TV-Moeller-edited-scaled.jpg","contentUrl":"https:\/\/kulturonline.tv\/wp-content\/uploads\/2025\/09\/Kultur-Online-TV-Moeller-edited-scaled.jpg","width":2560,"height":1439},{"@type":"BreadcrumbList","@id":"https:\/\/kulturonline.tv\/de\/neue-meisterinnen-und-meister-feiern-mit-hollywood-star-ralf-moeller-in-oberfranken\/#breadcrumb","itemListElement":[{"@type":"ListItem","position":1,"name":"Startseite","item":"https:\/\/kulturonline.tv\/de\/"},{"@type":"ListItem","position":2,"name":"Neue Meisterinnen und Meister feiern mit Hollywood-Star Ralf Moeller in Oberfranken"}]},{"@type":"WebSite","@id":"https:\/\/kulturonline.tv\/de\/#website","url":"https:\/\/kulturonline.tv\/de\/","name":"Kultur Online TV &amp; FM","description":"Wir sind Kultur 2.0 zum sehen &amp; h\u00f6ren","publisher":{"@id":"https:\/\/kulturonline.tv\/de\/#organization"},"potentialAction":[{"@type":"SearchAction","target":{"@type":"EntryPoint","urlTemplate":"https:\/\/kulturonline.tv\/de\/?s={search_term_string}"},"query-input":{"@type":"PropertyValueSpecification","valueRequired":true,"valueName":"search_term_string"}}],"inLanguage":"de"},{"@type":"Organization","@id":"https:\/\/kulturonline.tv\/de\/#organization","name":"Kultur Online TV","url":"https:\/\/kulturonline.tv\/de\/","logo":{"@type":"ImageObject","inLanguage":"de","@id":"https:\/\/kulturonline.tv\/de\/#\/schema\/logo\/image\/","url":"https:\/\/kulturonline.tv\/wp-content\/uploads\/2021\/08\/Kultur-Online-Tv-Logo-Endversion-neu.png","contentUrl":"https:\/\/kulturonline.tv\/wp-content\/uploads\/2021\/08\/Kultur-Online-Tv-Logo-Endversion-neu.png","width":200,"height":200,"caption":"Kultur Online TV"},"image":{"@id":"https:\/\/kulturonline.tv\/de\/#\/schema\/logo\/image\/"},"sameAs":["https:\/\/www.facebook.com\/kulturonline.tv","https:\/\/www.instagram.com\/kulturonline.tv"]},{"@type":"Person","@id":"https:\/\/kulturonline.tv\/de\/#\/schema\/person\/b0fac729bb9a0c193fb1df23449df4fe","name":"guenter.wolfgang"}]}},"_links":{"self":[{"href":"https:\/\/kulturonline.tv\/de\/wp-json\/wp\/v2\/posts\/120780","targetHints":{"allow":["GET"]}}],"collection":[{"href":"https:\/\/kulturonline.tv\/de\/wp-json\/wp\/v2\/posts"}],"about":[{"href":"https:\/\/kulturonline.tv\/de\/wp-json\/wp\/v2\/types\/post"}],"author":[{"embeddable":true,"href":"https:\/\/kulturonline.tv\/de\/wp-json\/wp\/v2\/users\/2"}],"replies":[{"embeddable":true,"href":"https:\/\/kulturonline.tv\/de\/wp-json\/wp\/v2\/comments?post=120780"}],"version-history":[{"count":1,"href":"https:\/\/kulturonline.tv\/de\/wp-json\/wp\/v2\/posts\/120780\/revisions"}],"predecessor-version":[{"id":120797,"href":"https:\/\/kulturonline.tv\/de\/wp-json\/wp\/v2\/posts\/120780\/revisions\/120797"}],"wp:featuredmedia":[{"embeddable":true,"href":"https:\/\/kulturonline.tv\/de\/wp-json\/wp\/v2\/media\/120783"}],"wp:attachment":[{"href":"https:\/\/kulturonline.tv\/de\/wp-json\/wp\/v2\/media?parent=120780"}],"wp:term":[{"taxonomy":"category","embeddable":true,"href":"https:\/\/kulturonline.tv\/de\/wp-json\/wp\/v2\/categories?post=120780"},{"taxonomy":"post_tag","embeddable":true,"href":"https:\/\/kulturonline.tv\/de\/wp-json\/wp\/v2\/tags?post=120780"}],"curies":[{"name":"wp","href":"https:\/\/api.w.org\/{rel}","templated":true}]}}