{"id":120941,"date":"2025-09-23T23:32:38","date_gmt":"2025-09-23T21:32:38","guid":{"rendered":"https:\/\/kulturonline.tv\/?p=120941"},"modified":"2025-09-23T23:32:55","modified_gmt":"2025-09-23T21:32:55","slug":"claudia-cardinale-mit-87-jahren-verstorben","status":"publish","type":"post","link":"https:\/\/kulturonline.tv\/de\/claudia-cardinale-mit-87-jahren-verstorben\/","title":{"rendered":"Claudia Cardinale mit 87 Jahren verstorben"},"content":{"rendered":"\n<p>Die Welt des Films trauert um eine ihrer gr\u00f6\u00dften Ikonen: Claudia Cardinale ist im Alter von 87 Jahren verstorben.<\/p>\n\n\n\n<figure class=\"wp-block-image size-full\"><img fetchpriority=\"high\" decoding=\"async\" width=\"1259\" height=\"708\" src=\"https:\/\/kulturonline.tv\/wp-content\/uploads\/2025\/09\/Claudia_Cardinale_Cannes_2010-edited.jpg\" alt=\"\" class=\"wp-image-120944\" srcset=\"https:\/\/kulturonline.tv\/wp-content\/uploads\/2025\/09\/Claudia_Cardinale_Cannes_2010-edited.jpg 1259w, https:\/\/kulturonline.tv\/wp-content\/uploads\/2025\/09\/Claudia_Cardinale_Cannes_2010-edited-800x450.jpg 800w, https:\/\/kulturonline.tv\/wp-content\/uploads\/2025\/09\/Claudia_Cardinale_Cannes_2010-edited-768x432.jpg 768w\" sizes=\"(max-width: 1259px) 100vw, 1259px\" \/><\/figure>\n\n\n\n<p>\u00a9Bild: Georges Biard, CC BY-SA 3.0 <a href=\"https:\/\/creativecommons.org\/licenses\/by-sa\/3.0\">https:\/\/creativecommons.org\/licenses\/by-sa\/3.0<\/a>, via Wikimedia Commons<\/p>\n\n\n\n<p>Die in Tunesien geborene Schauspielerin, mit b\u00fcrgerlichem Namen Claude Josephine Rose Cardinale, wurde in den 1960er Jahren zu einem der strahlendsten Sterne des europ\u00e4ischen Kinos. Mit ihrer einzigartigen Mischung aus Sinnlichkeit, St\u00e4rke und Unabh\u00e4ngigkeit eroberte sie die Herzen des Publikums und der Regisseure gleicherma\u00dfen.<\/p>\n\n\n\n<p>Cardinale arbeitete mit den bekanntesten Filmemachern ihrer Zeit zusammen, darunter Luchino Visconti in &#8222;Der Leopard&#8220; und Federico Fellini in &#8222;Achteinhalb&#8220;. Diese Rollen machten sie zu einem globalen Symbol der Anmut und des Talents. Ihre Karriere umfasste \u00fcber 150 Filme in verschiedenen Genres, was ihre enorme Vielseitigkeit unterstreicht.<\/p>\n\n\n\n<p>Ihre fesselnde Pr\u00e4senz und ihre unvergesslichen Darbietungen werden uns in Filmen wie Sergio Leones &#8222;Spiel mir das Lied vom Tod&#8220; f\u00fcr immer in Erinnerung bleiben. Mit ihrem Tod verliert die Filmwelt nicht nur eine au\u00dfergew\u00f6hnliche Schauspielerin, sondern auch eine wahre Legende, deren Erbe in den Annalen des Kinos weiterleben wird.<\/p>\n","protected":false},"excerpt":{"rendered":"<p>Die Welt des Films trauert um eine ihrer gr\u00f6\u00dften Ikonen: Claudia Cardinale ist im Alter von 87 Jahren verstorben. \u00a9Bild: Georges Biard, CC BY-SA 3.0 https:\/\/creativecommons.org\/licenses\/by-sa\/3.0, via Wikimedia Commons Die in Tunesien geborene Schauspielerin, mit b\u00fcrgerlichem Namen Claude Josephine Rose Cardinale, wurde in den 1960er Jahren zu einem der strahlendsten Sterne des europ\u00e4ischen Kinos. Mit [&hellip;]<\/p>\n","protected":false},"author":2,"featured_media":120944,"comment_status":"closed","ping_status":"closed","sticky":false,"template":"","format":"standard","meta":{"_acf_changed":false,"footnotes":""},"categories":[3],"tags":[],"class_list":["post-120941","post","type-post","status-publish","format-standard","has-post-thumbnail","hentry","category-newsflash"],"acf":[],"yoast_head":"<!-- This site is optimized with the Yoast SEO plugin v26.1.1 - https:\/\/yoast.com\/wordpress\/plugins\/seo\/ -->\n<title>Claudia Cardinale mit 87 Jahren verstorben - Kultur Online TV &amp; FM<\/title>\n<meta name=\"description\" content=\"Kultur sehen und H\u00f6ren\" \/>\n<meta name=\"robots\" content=\"index, follow, max-snippet:-1, max-image-preview:large, max-video-preview:-1\" \/>\n<link rel=\"canonical\" href=\"https:\/\/kulturonline.tv\/de\/claudia-cardinale-mit-87-jahren-verstorben\/\" \/>\n<meta property=\"og:locale\" content=\"de_DE\" \/>\n<meta property=\"og:type\" content=\"article\" \/>\n<meta property=\"og:title\" content=\"Claudia Cardinale mit 87 Jahren verstorben - Kultur Online TV &amp; FM\" \/>\n<meta property=\"og:description\" content=\"Kultur sehen und H\u00f6ren\" \/>\n<meta property=\"og:url\" content=\"https:\/\/kulturonline.tv\/de\/claudia-cardinale-mit-87-jahren-verstorben\/\" \/>\n<meta property=\"og:site_name\" content=\"Kultur Online TV &amp; FM\" \/>\n<meta property=\"article:publisher\" content=\"https:\/\/www.facebook.com\/kulturonline.tv\" \/>\n<meta property=\"article:published_time\" content=\"2025-09-23T21:32:38+00:00\" \/>\n<meta property=\"article:modified_time\" content=\"2025-09-23T21:32:55+00:00\" \/>\n<meta property=\"og:image\" content=\"https:\/\/kulturonline.tv\/wp-content\/uploads\/2025\/09\/Claudia_Cardinale_Cannes_2010-edited.jpg\" \/>\n\t<meta property=\"og:image:width\" content=\"1259\" \/>\n\t<meta property=\"og:image:height\" content=\"708\" \/>\n\t<meta property=\"og:image:type\" content=\"image\/jpeg\" \/>\n<meta name=\"author\" content=\"guenter.wolfgang\" \/>\n<meta name=\"twitter:card\" content=\"summary_large_image\" \/>\n<meta name=\"twitter:label1\" content=\"Verfasst von\" \/>\n\t<meta name=\"twitter:data1\" content=\"guenter.wolfgang\" \/>\n\t<meta name=\"twitter:label2\" content=\"Gesch\u00e4tzte Lesezeit\" \/>\n\t<meta name=\"twitter:data2\" content=\"1\u00a0Minute\" \/>\n<script type=\"application\/ld+json\" class=\"yoast-schema-graph\">{\"@context\":\"https:\/\/schema.org\",\"@graph\":[{\"@type\":\"Article\",\"@id\":\"https:\/\/kulturonline.tv\/de\/claudia-cardinale-mit-87-jahren-verstorben\/#article\",\"isPartOf\":{\"@id\":\"https:\/\/kulturonline.tv\/de\/claudia-cardinale-mit-87-jahren-verstorben\/\"},\"author\":{\"name\":\"guenter.wolfgang\",\"@id\":\"https:\/\/kulturonline.tv\/de\/#\/schema\/person\/b0fac729bb9a0c193fb1df23449df4fe\"},\"headline\":\"Claudia Cardinale mit 87 Jahren verstorben\",\"datePublished\":\"2025-09-23T21:32:38+00:00\",\"dateModified\":\"2025-09-23T21:32:55+00:00\",\"mainEntityOfPage\":{\"@id\":\"https:\/\/kulturonline.tv\/de\/claudia-cardinale-mit-87-jahren-verstorben\/\"},\"wordCount\":186,\"publisher\":{\"@id\":\"https:\/\/kulturonline.tv\/de\/#organization\"},\"image\":{\"@id\":\"https:\/\/kulturonline.tv\/de\/claudia-cardinale-mit-87-jahren-verstorben\/#primaryimage\"},\"thumbnailUrl\":\"https:\/\/kulturonline.tv\/wp-content\/uploads\/2025\/09\/Claudia_Cardinale_Cannes_2010-edited.jpg\",\"articleSection\":[\"Newsflash\"],\"inLanguage\":\"de\"},{\"@type\":\"WebPage\",\"@id\":\"https:\/\/kulturonline.tv\/de\/claudia-cardinale-mit-87-jahren-verstorben\/\",\"url\":\"https:\/\/kulturonline.tv\/de\/claudia-cardinale-mit-87-jahren-verstorben\/\",\"name\":\"Claudia Cardinale mit 87 Jahren verstorben - Kultur Online TV &amp; FM\",\"isPartOf\":{\"@id\":\"https:\/\/kulturonline.tv\/de\/#website\"},\"primaryImageOfPage\":{\"@id\":\"https:\/\/kulturonline.tv\/de\/claudia-cardinale-mit-87-jahren-verstorben\/#primaryimage\"},\"image\":{\"@id\":\"https:\/\/kulturonline.tv\/de\/claudia-cardinale-mit-87-jahren-verstorben\/#primaryimage\"},\"thumbnailUrl\":\"https:\/\/kulturonline.tv\/wp-content\/uploads\/2025\/09\/Claudia_Cardinale_Cannes_2010-edited.jpg\",\"datePublished\":\"2025-09-23T21:32:38+00:00\",\"dateModified\":\"2025-09-23T21:32:55+00:00\",\"description\":\"Kultur sehen und H\u00f6ren\",\"breadcrumb\":{\"@id\":\"https:\/\/kulturonline.tv\/de\/claudia-cardinale-mit-87-jahren-verstorben\/#breadcrumb\"},\"inLanguage\":\"de\",\"potentialAction\":[{\"@type\":\"ReadAction\",\"target\":[\"https:\/\/kulturonline.tv\/de\/claudia-cardinale-mit-87-jahren-verstorben\/\"]}]},{\"@type\":\"ImageObject\",\"inLanguage\":\"de\",\"@id\":\"https:\/\/kulturonline.tv\/de\/claudia-cardinale-mit-87-jahren-verstorben\/#primaryimage\",\"url\":\"https:\/\/kulturonline.tv\/wp-content\/uploads\/2025\/09\/Claudia_Cardinale_Cannes_2010-edited.jpg\",\"contentUrl\":\"https:\/\/kulturonline.tv\/wp-content\/uploads\/2025\/09\/Claudia_Cardinale_Cannes_2010-edited.jpg\",\"width\":1259,\"height\":708},{\"@type\":\"BreadcrumbList\",\"@id\":\"https:\/\/kulturonline.tv\/de\/claudia-cardinale-mit-87-jahren-verstorben\/#breadcrumb\",\"itemListElement\":[{\"@type\":\"ListItem\",\"position\":1,\"name\":\"Startseite\",\"item\":\"https:\/\/kulturonline.tv\/de\/\"},{\"@type\":\"ListItem\",\"position\":2,\"name\":\"Claudia Cardinale mit 87 Jahren verstorben\"}]},{\"@type\":\"WebSite\",\"@id\":\"https:\/\/kulturonline.tv\/de\/#website\",\"url\":\"https:\/\/kulturonline.tv\/de\/\",\"name\":\"Kultur Online TV &amp; FM\",\"description\":\"Wir sind Kultur 2.0 zum sehen &amp; h\u00f6ren\",\"publisher\":{\"@id\":\"https:\/\/kulturonline.tv\/de\/#organization\"},\"potentialAction\":[{\"@type\":\"SearchAction\",\"target\":{\"@type\":\"EntryPoint\",\"urlTemplate\":\"https:\/\/kulturonline.tv\/de\/?s={search_term_string}\"},\"query-input\":{\"@type\":\"PropertyValueSpecification\",\"valueRequired\":true,\"valueName\":\"search_term_string\"}}],\"inLanguage\":\"de\"},{\"@type\":\"Organization\",\"@id\":\"https:\/\/kulturonline.tv\/de\/#organization\",\"name\":\"Kultur Online TV\",\"url\":\"https:\/\/kulturonline.tv\/de\/\",\"logo\":{\"@type\":\"ImageObject\",\"inLanguage\":\"de\",\"@id\":\"https:\/\/kulturonline.tv\/de\/#\/schema\/logo\/image\/\",\"url\":\"https:\/\/kulturonline.tv\/wp-content\/uploads\/2021\/08\/Kultur-Online-Tv-Logo-Endversion-neu.png\",\"contentUrl\":\"https:\/\/kulturonline.tv\/wp-content\/uploads\/2021\/08\/Kultur-Online-Tv-Logo-Endversion-neu.png\",\"width\":200,\"height\":200,\"caption\":\"Kultur Online TV\"},\"image\":{\"@id\":\"https:\/\/kulturonline.tv\/de\/#\/schema\/logo\/image\/\"},\"sameAs\":[\"https:\/\/www.facebook.com\/kulturonline.tv\",\"https:\/\/www.instagram.com\/kulturonline.tv\"]},{\"@type\":\"Person\",\"@id\":\"https:\/\/kulturonline.tv\/de\/#\/schema\/person\/b0fac729bb9a0c193fb1df23449df4fe\",\"name\":\"guenter.wolfgang\"}]}<\/script>\n<!-- \/ Yoast SEO plugin. -->","yoast_head_json":{"title":"Claudia Cardinale mit 87 Jahren verstorben - Kultur Online TV &amp; FM","description":"Kultur sehen und H\u00f6ren","robots":{"index":"index","follow":"follow","max-snippet":"max-snippet:-1","max-image-preview":"max-image-preview:large","max-video-preview":"max-video-preview:-1"},"canonical":"https:\/\/kulturonline.tv\/de\/claudia-cardinale-mit-87-jahren-verstorben\/","og_locale":"de_DE","og_type":"article","og_title":"Claudia Cardinale mit 87 Jahren verstorben - Kultur Online TV &amp; FM","og_description":"Kultur sehen und H\u00f6ren","og_url":"https:\/\/kulturonline.tv\/de\/claudia-cardinale-mit-87-jahren-verstorben\/","og_site_name":"Kultur Online TV &amp; FM","article_publisher":"https:\/\/www.facebook.com\/kulturonline.tv","article_published_time":"2025-09-23T21:32:38+00:00","article_modified_time":"2025-09-23T21:32:55+00:00","og_image":[{"width":1259,"height":708,"url":"https:\/\/kulturonline.tv\/wp-content\/uploads\/2025\/09\/Claudia_Cardinale_Cannes_2010-edited.jpg","type":"image\/jpeg"}],"author":"guenter.wolfgang","twitter_card":"summary_large_image","twitter_misc":{"Verfasst von":"guenter.wolfgang","Gesch\u00e4tzte Lesezeit":"1\u00a0Minute"},"schema":{"@context":"https:\/\/schema.org","@graph":[{"@type":"Article","@id":"https:\/\/kulturonline.tv\/de\/claudia-cardinale-mit-87-jahren-verstorben\/#article","isPartOf":{"@id":"https:\/\/kulturonline.tv\/de\/claudia-cardinale-mit-87-jahren-verstorben\/"},"author":{"name":"guenter.wolfgang","@id":"https:\/\/kulturonline.tv\/de\/#\/schema\/person\/b0fac729bb9a0c193fb1df23449df4fe"},"headline":"Claudia Cardinale mit 87 Jahren verstorben","datePublished":"2025-09-23T21:32:38+00:00","dateModified":"2025-09-23T21:32:55+00:00","mainEntityOfPage":{"@id":"https:\/\/kulturonline.tv\/de\/claudia-cardinale-mit-87-jahren-verstorben\/"},"wordCount":186,"publisher":{"@id":"https:\/\/kulturonline.tv\/de\/#organization"},"image":{"@id":"https:\/\/kulturonline.tv\/de\/claudia-cardinale-mit-87-jahren-verstorben\/#primaryimage"},"thumbnailUrl":"https:\/\/kulturonline.tv\/wp-content\/uploads\/2025\/09\/Claudia_Cardinale_Cannes_2010-edited.jpg","articleSection":["Newsflash"],"inLanguage":"de"},{"@type":"WebPage","@id":"https:\/\/kulturonline.tv\/de\/claudia-cardinale-mit-87-jahren-verstorben\/","url":"https:\/\/kulturonline.tv\/de\/claudia-cardinale-mit-87-jahren-verstorben\/","name":"Claudia Cardinale mit 87 Jahren verstorben - Kultur Online TV &amp; FM","isPartOf":{"@id":"https:\/\/kulturonline.tv\/de\/#website"},"primaryImageOfPage":{"@id":"https:\/\/kulturonline.tv\/de\/claudia-cardinale-mit-87-jahren-verstorben\/#primaryimage"},"image":{"@id":"https:\/\/kulturonline.tv\/de\/claudia-cardinale-mit-87-jahren-verstorben\/#primaryimage"},"thumbnailUrl":"https:\/\/kulturonline.tv\/wp-content\/uploads\/2025\/09\/Claudia_Cardinale_Cannes_2010-edited.jpg","datePublished":"2025-09-23T21:32:38+00:00","dateModified":"2025-09-23T21:32:55+00:00","description":"Kultur sehen und H\u00f6ren","breadcrumb":{"@id":"https:\/\/kulturonline.tv\/de\/claudia-cardinale-mit-87-jahren-verstorben\/#breadcrumb"},"inLanguage":"de","potentialAction":[{"@type":"ReadAction","target":["https:\/\/kulturonline.tv\/de\/claudia-cardinale-mit-87-jahren-verstorben\/"]}]},{"@type":"ImageObject","inLanguage":"de","@id":"https:\/\/kulturonline.tv\/de\/claudia-cardinale-mit-87-jahren-verstorben\/#primaryimage","url":"https:\/\/kulturonline.tv\/wp-content\/uploads\/2025\/09\/Claudia_Cardinale_Cannes_2010-edited.jpg","contentUrl":"https:\/\/kulturonline.tv\/wp-content\/uploads\/2025\/09\/Claudia_Cardinale_Cannes_2010-edited.jpg","width":1259,"height":708},{"@type":"BreadcrumbList","@id":"https:\/\/kulturonline.tv\/de\/claudia-cardinale-mit-87-jahren-verstorben\/#breadcrumb","itemListElement":[{"@type":"ListItem","position":1,"name":"Startseite","item":"https:\/\/kulturonline.tv\/de\/"},{"@type":"ListItem","position":2,"name":"Claudia Cardinale mit 87 Jahren verstorben"}]},{"@type":"WebSite","@id":"https:\/\/kulturonline.tv\/de\/#website","url":"https:\/\/kulturonline.tv\/de\/","name":"Kultur Online TV &amp; FM","description":"Wir sind Kultur 2.0 zum sehen &amp; h\u00f6ren","publisher":{"@id":"https:\/\/kulturonline.tv\/de\/#organization"},"potentialAction":[{"@type":"SearchAction","target":{"@type":"EntryPoint","urlTemplate":"https:\/\/kulturonline.tv\/de\/?s={search_term_string}"},"query-input":{"@type":"PropertyValueSpecification","valueRequired":true,"valueName":"search_term_string"}}],"inLanguage":"de"},{"@type":"Organization","@id":"https:\/\/kulturonline.tv\/de\/#organization","name":"Kultur Online TV","url":"https:\/\/kulturonline.tv\/de\/","logo":{"@type":"ImageObject","inLanguage":"de","@id":"https:\/\/kulturonline.tv\/de\/#\/schema\/logo\/image\/","url":"https:\/\/kulturonline.tv\/wp-content\/uploads\/2021\/08\/Kultur-Online-Tv-Logo-Endversion-neu.png","contentUrl":"https:\/\/kulturonline.tv\/wp-content\/uploads\/2021\/08\/Kultur-Online-Tv-Logo-Endversion-neu.png","width":200,"height":200,"caption":"Kultur Online TV"},"image":{"@id":"https:\/\/kulturonline.tv\/de\/#\/schema\/logo\/image\/"},"sameAs":["https:\/\/www.facebook.com\/kulturonline.tv","https:\/\/www.instagram.com\/kulturonline.tv"]},{"@type":"Person","@id":"https:\/\/kulturonline.tv\/de\/#\/schema\/person\/b0fac729bb9a0c193fb1df23449df4fe","name":"guenter.wolfgang"}]}},"_links":{"self":[{"href":"https:\/\/kulturonline.tv\/de\/wp-json\/wp\/v2\/posts\/120941","targetHints":{"allow":["GET"]}}],"collection":[{"href":"https:\/\/kulturonline.tv\/de\/wp-json\/wp\/v2\/posts"}],"about":[{"href":"https:\/\/kulturonline.tv\/de\/wp-json\/wp\/v2\/types\/post"}],"author":[{"embeddable":true,"href":"https:\/\/kulturonline.tv\/de\/wp-json\/wp\/v2\/users\/2"}],"replies":[{"embeddable":true,"href":"https:\/\/kulturonline.tv\/de\/wp-json\/wp\/v2\/comments?post=120941"}],"version-history":[{"count":1,"href":"https:\/\/kulturonline.tv\/de\/wp-json\/wp\/v2\/posts\/120941\/revisions"}],"predecessor-version":[{"id":120946,"href":"https:\/\/kulturonline.tv\/de\/wp-json\/wp\/v2\/posts\/120941\/revisions\/120946"}],"wp:featuredmedia":[{"embeddable":true,"href":"https:\/\/kulturonline.tv\/de\/wp-json\/wp\/v2\/media\/120944"}],"wp:attachment":[{"href":"https:\/\/kulturonline.tv\/de\/wp-json\/wp\/v2\/media?parent=120941"}],"wp:term":[{"taxonomy":"category","embeddable":true,"href":"https:\/\/kulturonline.tv\/de\/wp-json\/wp\/v2\/categories?post=120941"},{"taxonomy":"post_tag","embeddable":true,"href":"https:\/\/kulturonline.tv\/de\/wp-json\/wp\/v2\/tags?post=120941"}],"curies":[{"name":"wp","href":"https:\/\/api.w.org\/{rel}","templated":true}]}}