{"id":124291,"date":"2025-10-12T14:23:09","date_gmt":"2025-10-12T12:23:09","guid":{"rendered":"https:\/\/kulturonline.tv\/?p=124291"},"modified":"2025-10-12T14:23:28","modified_gmt":"2025-10-12T12:23:28","slug":"hollywood-trauert-oscar-preistraegerin-diane-keaton-im-alter-von-79-jahren-gestorben","status":"publish","type":"post","link":"https:\/\/kulturonline.tv\/de\/hollywood-trauert-oscar-preistraegerin-diane-keaton-im-alter-von-79-jahren-gestorben\/","title":{"rendered":"Hollywood trauert Oscar-Preistr\u00e4gerin Diane Keaton im Alter von 79 Jahren gestorben"},"content":{"rendered":"\n<p>Die Oscar-pr\u00e4mierte Schauspielerin und Regisseurin <strong>Diane Keaton<\/strong> ist am Samstag im Alter von 79 Jahren gestorben. Dies best\u00e4tigte ein Sprecher der Familie dem US-Magazin <em>People<\/em>. Die Todesursache ist bislang nicht bekannt.<\/p>\n\n\n\n<figure class=\"wp-block-image size-full\"><img fetchpriority=\"high\" decoding=\"async\" width=\"1011\" height=\"569\" src=\"https:\/\/kulturonline.tv\/wp-content\/uploads\/2025\/10\/Diane_Keaton_Kultur-Online-TV-edited.jpg\" alt=\"\" class=\"wp-image-124294\" srcset=\"https:\/\/kulturonline.tv\/wp-content\/uploads\/2025\/10\/Diane_Keaton_Kultur-Online-TV-edited.jpg 1011w, https:\/\/kulturonline.tv\/wp-content\/uploads\/2025\/10\/Diane_Keaton_Kultur-Online-TV-edited-800x450.jpg 800w, https:\/\/kulturonline.tv\/wp-content\/uploads\/2025\/10\/Diane_Keaton_Kultur-Online-TV-edited-768x432.jpg 768w\" sizes=\"(max-width: 1011px) 100vw, 1011px\" \/><\/figure>\n\n\n\n<h5 class=\"wp-block-heading\">\u00a9es:Ruven Afanador, CC BY-SA 3.0 <a href=\"https:\/\/creativecommons.org\/licenses\/by-sa\/3.0\">https:\/\/creativecommons.org\/licenses\/by-sa\/3.0<\/a>, via Wikimedia CommonsEine Karriere voller ikonischer Rollen<\/h5>\n\n\n\n<p>Diane Keaton, geboren 1946 in Los Angeles, pr\u00e4gte die Kinolandschaft \u00fcber mehr als f\u00fcnf Jahrzehnte und hinterl\u00e4sst ein tiefes Erbe in Film, Mode und Kultur.<\/p>\n\n\n\n<p>Weltweit bekannt wurde Keaton in den 1970er-Jahren in ihrer Rolle als die starke, aber innerlich zerrissene <strong>Kay Adams-Corleone<\/strong> in Francis Ford Coppolas Mafia-Meisterwerk <strong>\u201eDer Pate\u201c<\/strong> (1972) und dessen Fortsetzungen.<\/p>\n\n\n\n<p>F\u00fcr ihre wohl ikonischste Rolle in der romantischen Kom\u00f6die <strong>\u201eDer Stadtneurotiker\u201c (Annie Hall)<\/strong> von Woody Allen wurde sie 1978 mit dem <strong>Oscar<\/strong> als beste Hauptdarstellerin ausgezeichnet. Mit dieser Rolle definierte sie den Archetypus der lustigen, schusseligen, aber intellektuellen \u201eStadtneurotikerin\u201c neu.<\/p>\n\n\n\n<p>Zu ihren weiteren Erfolgen z\u00e4hlen Filme wie <strong>\u201eReds\u201c<\/strong> (1981, Oscar-Nominierung), <strong>\u201eDer Club der Teufelinnen\u201c<\/strong> (1996) an der Seite von Bette Midler und Goldie Hawn sowie die Kom\u00f6die <strong>\u201eWas das Herz begehrt\u201c<\/strong> (2003, Oscar-Nominierung).<\/p>\n\n\n\n<figure class=\"wp-block-embed is-type-video is-provider-youtube wp-block-embed-youtube wp-embed-aspect-16-9 wp-has-aspect-ratio\"><div class=\"wp-block-embed__wrapper\">\n<iframe title=\"Diane Keaton\u2019s Rustic California Farmhouse \u2013 A Life Woven in Art, Style, and Solitude\" width=\"800\" height=\"450\" src=\"https:\/\/www.youtube.com\/embed\/-lwsLcmTYNQ?feature=oembed\" frameborder=\"0\" allow=\"accelerometer; autoplay; clipboard-write; encrypted-media; gyroscope; picture-in-picture; web-share\" referrerpolicy=\"strict-origin-when-cross-origin\" allowfullscreen><\/iframe>\n<\/div><\/figure>\n","protected":false},"excerpt":{"rendered":"<p>Die Oscar-pr\u00e4mierte Schauspielerin und Regisseurin Diane Keaton ist am Samstag im Alter von 79 Jahren gestorben. Dies best\u00e4tigte ein Sprecher der Familie dem US-Magazin People. Die Todesursache ist bislang nicht bekannt. \u00a9es:Ruven Afanador, CC BY-SA 3.0 https:\/\/creativecommons.org\/licenses\/by-sa\/3.0, via Wikimedia CommonsEine Karriere voller ikonischer Rollen Diane Keaton, geboren 1946 in Los Angeles, pr\u00e4gte die Kinolandschaft \u00fcber [&hellip;]<\/p>\n","protected":false},"author":2,"featured_media":124294,"comment_status":"closed","ping_status":"closed","sticky":false,"template":"","format":"standard","meta":{"_acf_changed":false,"footnotes":""},"categories":[193,761],"tags":[],"class_list":["post-124291","post","type-post","status-publish","format-standard","has-post-thumbnail","hentry","category-medien","category-newsflash-fm"],"acf":[],"yoast_head":"<!-- This site is optimized with the Yoast SEO plugin v26.1.1 - https:\/\/yoast.com\/wordpress\/plugins\/seo\/ -->\n<title>Hollywood trauert Oscar-Preistr\u00e4gerin Diane Keaton im Alter von 79 Jahren gestorben - Kultur Online TV &amp; FM<\/title>\n<meta name=\"description\" content=\"Kultur sehen und H\u00f6ren\" \/>\n<meta name=\"robots\" content=\"index, follow, max-snippet:-1, max-image-preview:large, max-video-preview:-1\" \/>\n<link rel=\"canonical\" href=\"https:\/\/kulturonline.tv\/de\/hollywood-trauert-oscar-preistraegerin-diane-keaton-im-alter-von-79-jahren-gestorben\/\" \/>\n<meta property=\"og:locale\" content=\"de_DE\" \/>\n<meta property=\"og:type\" content=\"article\" \/>\n<meta property=\"og:title\" content=\"Hollywood trauert Oscar-Preistr\u00e4gerin Diane Keaton im Alter von 79 Jahren gestorben - Kultur Online TV &amp; FM\" \/>\n<meta property=\"og:description\" content=\"Kultur sehen und H\u00f6ren\" \/>\n<meta property=\"og:url\" content=\"https:\/\/kulturonline.tv\/de\/hollywood-trauert-oscar-preistraegerin-diane-keaton-im-alter-von-79-jahren-gestorben\/\" \/>\n<meta property=\"og:site_name\" content=\"Kultur Online TV &amp; FM\" \/>\n<meta property=\"article:publisher\" content=\"https:\/\/www.facebook.com\/kulturonline.tv\" \/>\n<meta property=\"article:published_time\" content=\"2025-10-12T12:23:09+00:00\" \/>\n<meta property=\"article:modified_time\" content=\"2025-10-12T12:23:28+00:00\" \/>\n<meta property=\"og:image\" content=\"https:\/\/kulturonline.tv\/wp-content\/uploads\/2025\/10\/Diane_Keaton_Kultur-Online-TV-edited.jpg\" \/>\n\t<meta property=\"og:image:width\" content=\"1011\" \/>\n\t<meta property=\"og:image:height\" content=\"569\" \/>\n\t<meta property=\"og:image:type\" content=\"image\/jpeg\" \/>\n<meta name=\"author\" content=\"guenter.wolfgang\" \/>\n<meta name=\"twitter:card\" content=\"summary_large_image\" \/>\n<meta name=\"twitter:label1\" content=\"Verfasst von\" \/>\n\t<meta name=\"twitter:data1\" content=\"guenter.wolfgang\" \/>\n\t<meta name=\"twitter:label2\" content=\"Gesch\u00e4tzte Lesezeit\" \/>\n\t<meta name=\"twitter:data2\" content=\"1\u00a0Minute\" \/>\n<script type=\"application\/ld+json\" class=\"yoast-schema-graph\">{\"@context\":\"https:\/\/schema.org\",\"@graph\":[{\"@type\":\"Article\",\"@id\":\"https:\/\/kulturonline.tv\/de\/hollywood-trauert-oscar-preistraegerin-diane-keaton-im-alter-von-79-jahren-gestorben\/#article\",\"isPartOf\":{\"@id\":\"https:\/\/kulturonline.tv\/de\/hollywood-trauert-oscar-preistraegerin-diane-keaton-im-alter-von-79-jahren-gestorben\/\"},\"author\":{\"name\":\"guenter.wolfgang\",\"@id\":\"https:\/\/kulturonline.tv\/de\/#\/schema\/person\/b0fac729bb9a0c193fb1df23449df4fe\"},\"headline\":\"Hollywood trauert Oscar-Preistr\u00e4gerin Diane Keaton im Alter von 79 Jahren gestorben\",\"datePublished\":\"2025-10-12T12:23:09+00:00\",\"dateModified\":\"2025-10-12T12:23:28+00:00\",\"mainEntityOfPage\":{\"@id\":\"https:\/\/kulturonline.tv\/de\/hollywood-trauert-oscar-preistraegerin-diane-keaton-im-alter-von-79-jahren-gestorben\/\"},\"wordCount\":195,\"publisher\":{\"@id\":\"https:\/\/kulturonline.tv\/de\/#organization\"},\"image\":{\"@id\":\"https:\/\/kulturonline.tv\/de\/hollywood-trauert-oscar-preistraegerin-diane-keaton-im-alter-von-79-jahren-gestorben\/#primaryimage\"},\"thumbnailUrl\":\"https:\/\/kulturonline.tv\/wp-content\/uploads\/2025\/10\/Diane_Keaton_Kultur-Online-TV-edited.jpg\",\"articleSection\":[\"Medien\",\"Newsflash FM\"],\"inLanguage\":\"de\"},{\"@type\":\"WebPage\",\"@id\":\"https:\/\/kulturonline.tv\/de\/hollywood-trauert-oscar-preistraegerin-diane-keaton-im-alter-von-79-jahren-gestorben\/\",\"url\":\"https:\/\/kulturonline.tv\/de\/hollywood-trauert-oscar-preistraegerin-diane-keaton-im-alter-von-79-jahren-gestorben\/\",\"name\":\"Hollywood trauert Oscar-Preistr\u00e4gerin Diane Keaton im Alter von 79 Jahren gestorben - Kultur Online TV &amp; FM\",\"isPartOf\":{\"@id\":\"https:\/\/kulturonline.tv\/de\/#website\"},\"primaryImageOfPage\":{\"@id\":\"https:\/\/kulturonline.tv\/de\/hollywood-trauert-oscar-preistraegerin-diane-keaton-im-alter-von-79-jahren-gestorben\/#primaryimage\"},\"image\":{\"@id\":\"https:\/\/kulturonline.tv\/de\/hollywood-trauert-oscar-preistraegerin-diane-keaton-im-alter-von-79-jahren-gestorben\/#primaryimage\"},\"thumbnailUrl\":\"https:\/\/kulturonline.tv\/wp-content\/uploads\/2025\/10\/Diane_Keaton_Kultur-Online-TV-edited.jpg\",\"datePublished\":\"2025-10-12T12:23:09+00:00\",\"dateModified\":\"2025-10-12T12:23:28+00:00\",\"description\":\"Kultur sehen und H\u00f6ren\",\"breadcrumb\":{\"@id\":\"https:\/\/kulturonline.tv\/de\/hollywood-trauert-oscar-preistraegerin-diane-keaton-im-alter-von-79-jahren-gestorben\/#breadcrumb\"},\"inLanguage\":\"de\",\"potentialAction\":[{\"@type\":\"ReadAction\",\"target\":[\"https:\/\/kulturonline.tv\/de\/hollywood-trauert-oscar-preistraegerin-diane-keaton-im-alter-von-79-jahren-gestorben\/\"]}]},{\"@type\":\"ImageObject\",\"inLanguage\":\"de\",\"@id\":\"https:\/\/kulturonline.tv\/de\/hollywood-trauert-oscar-preistraegerin-diane-keaton-im-alter-von-79-jahren-gestorben\/#primaryimage\",\"url\":\"https:\/\/kulturonline.tv\/wp-content\/uploads\/2025\/10\/Diane_Keaton_Kultur-Online-TV-edited.jpg\",\"contentUrl\":\"https:\/\/kulturonline.tv\/wp-content\/uploads\/2025\/10\/Diane_Keaton_Kultur-Online-TV-edited.jpg\",\"width\":1011,\"height\":569},{\"@type\":\"BreadcrumbList\",\"@id\":\"https:\/\/kulturonline.tv\/de\/hollywood-trauert-oscar-preistraegerin-diane-keaton-im-alter-von-79-jahren-gestorben\/#breadcrumb\",\"itemListElement\":[{\"@type\":\"ListItem\",\"position\":1,\"name\":\"Startseite\",\"item\":\"https:\/\/kulturonline.tv\/de\/\"},{\"@type\":\"ListItem\",\"position\":2,\"name\":\"Hollywood trauert Oscar-Preistr\u00e4gerin Diane Keaton im Alter von 79 Jahren gestorben\"}]},{\"@type\":\"WebSite\",\"@id\":\"https:\/\/kulturonline.tv\/de\/#website\",\"url\":\"https:\/\/kulturonline.tv\/de\/\",\"name\":\"Kultur Online TV &amp; FM\",\"description\":\"Wir sind Kultur 2.0 zum sehen &amp; h\u00f6ren\",\"publisher\":{\"@id\":\"https:\/\/kulturonline.tv\/de\/#organization\"},\"potentialAction\":[{\"@type\":\"SearchAction\",\"target\":{\"@type\":\"EntryPoint\",\"urlTemplate\":\"https:\/\/kulturonline.tv\/de\/?s={search_term_string}\"},\"query-input\":{\"@type\":\"PropertyValueSpecification\",\"valueRequired\":true,\"valueName\":\"search_term_string\"}}],\"inLanguage\":\"de\"},{\"@type\":\"Organization\",\"@id\":\"https:\/\/kulturonline.tv\/de\/#organization\",\"name\":\"Kultur Online TV\",\"url\":\"https:\/\/kulturonline.tv\/de\/\",\"logo\":{\"@type\":\"ImageObject\",\"inLanguage\":\"de\",\"@id\":\"https:\/\/kulturonline.tv\/de\/#\/schema\/logo\/image\/\",\"url\":\"https:\/\/kulturonline.tv\/wp-content\/uploads\/2021\/08\/Kultur-Online-Tv-Logo-Endversion-neu.png\",\"contentUrl\":\"https:\/\/kulturonline.tv\/wp-content\/uploads\/2021\/08\/Kultur-Online-Tv-Logo-Endversion-neu.png\",\"width\":200,\"height\":200,\"caption\":\"Kultur Online TV\"},\"image\":{\"@id\":\"https:\/\/kulturonline.tv\/de\/#\/schema\/logo\/image\/\"},\"sameAs\":[\"https:\/\/www.facebook.com\/kulturonline.tv\",\"https:\/\/www.instagram.com\/kulturonline.tv\"]},{\"@type\":\"Person\",\"@id\":\"https:\/\/kulturonline.tv\/de\/#\/schema\/person\/b0fac729bb9a0c193fb1df23449df4fe\",\"name\":\"guenter.wolfgang\"}]}<\/script>\n<!-- \/ Yoast SEO plugin. -->","yoast_head_json":{"title":"Hollywood trauert Oscar-Preistr\u00e4gerin Diane Keaton im Alter von 79 Jahren gestorben - Kultur Online TV &amp; FM","description":"Kultur sehen und H\u00f6ren","robots":{"index":"index","follow":"follow","max-snippet":"max-snippet:-1","max-image-preview":"max-image-preview:large","max-video-preview":"max-video-preview:-1"},"canonical":"https:\/\/kulturonline.tv\/de\/hollywood-trauert-oscar-preistraegerin-diane-keaton-im-alter-von-79-jahren-gestorben\/","og_locale":"de_DE","og_type":"article","og_title":"Hollywood trauert Oscar-Preistr\u00e4gerin Diane Keaton im Alter von 79 Jahren gestorben - Kultur Online TV &amp; FM","og_description":"Kultur sehen und H\u00f6ren","og_url":"https:\/\/kulturonline.tv\/de\/hollywood-trauert-oscar-preistraegerin-diane-keaton-im-alter-von-79-jahren-gestorben\/","og_site_name":"Kultur Online TV &amp; FM","article_publisher":"https:\/\/www.facebook.com\/kulturonline.tv","article_published_time":"2025-10-12T12:23:09+00:00","article_modified_time":"2025-10-12T12:23:28+00:00","og_image":[{"width":1011,"height":569,"url":"https:\/\/kulturonline.tv\/wp-content\/uploads\/2025\/10\/Diane_Keaton_Kultur-Online-TV-edited.jpg","type":"image\/jpeg"}],"author":"guenter.wolfgang","twitter_card":"summary_large_image","twitter_misc":{"Verfasst von":"guenter.wolfgang","Gesch\u00e4tzte Lesezeit":"1\u00a0Minute"},"schema":{"@context":"https:\/\/schema.org","@graph":[{"@type":"Article","@id":"https:\/\/kulturonline.tv\/de\/hollywood-trauert-oscar-preistraegerin-diane-keaton-im-alter-von-79-jahren-gestorben\/#article","isPartOf":{"@id":"https:\/\/kulturonline.tv\/de\/hollywood-trauert-oscar-preistraegerin-diane-keaton-im-alter-von-79-jahren-gestorben\/"},"author":{"name":"guenter.wolfgang","@id":"https:\/\/kulturonline.tv\/de\/#\/schema\/person\/b0fac729bb9a0c193fb1df23449df4fe"},"headline":"Hollywood trauert Oscar-Preistr\u00e4gerin Diane Keaton im Alter von 79 Jahren gestorben","datePublished":"2025-10-12T12:23:09+00:00","dateModified":"2025-10-12T12:23:28+00:00","mainEntityOfPage":{"@id":"https:\/\/kulturonline.tv\/de\/hollywood-trauert-oscar-preistraegerin-diane-keaton-im-alter-von-79-jahren-gestorben\/"},"wordCount":195,"publisher":{"@id":"https:\/\/kulturonline.tv\/de\/#organization"},"image":{"@id":"https:\/\/kulturonline.tv\/de\/hollywood-trauert-oscar-preistraegerin-diane-keaton-im-alter-von-79-jahren-gestorben\/#primaryimage"},"thumbnailUrl":"https:\/\/kulturonline.tv\/wp-content\/uploads\/2025\/10\/Diane_Keaton_Kultur-Online-TV-edited.jpg","articleSection":["Medien","Newsflash FM"],"inLanguage":"de"},{"@type":"WebPage","@id":"https:\/\/kulturonline.tv\/de\/hollywood-trauert-oscar-preistraegerin-diane-keaton-im-alter-von-79-jahren-gestorben\/","url":"https:\/\/kulturonline.tv\/de\/hollywood-trauert-oscar-preistraegerin-diane-keaton-im-alter-von-79-jahren-gestorben\/","name":"Hollywood trauert Oscar-Preistr\u00e4gerin Diane Keaton im Alter von 79 Jahren gestorben - Kultur Online TV &amp; FM","isPartOf":{"@id":"https:\/\/kulturonline.tv\/de\/#website"},"primaryImageOfPage":{"@id":"https:\/\/kulturonline.tv\/de\/hollywood-trauert-oscar-preistraegerin-diane-keaton-im-alter-von-79-jahren-gestorben\/#primaryimage"},"image":{"@id":"https:\/\/kulturonline.tv\/de\/hollywood-trauert-oscar-preistraegerin-diane-keaton-im-alter-von-79-jahren-gestorben\/#primaryimage"},"thumbnailUrl":"https:\/\/kulturonline.tv\/wp-content\/uploads\/2025\/10\/Diane_Keaton_Kultur-Online-TV-edited.jpg","datePublished":"2025-10-12T12:23:09+00:00","dateModified":"2025-10-12T12:23:28+00:00","description":"Kultur sehen und H\u00f6ren","breadcrumb":{"@id":"https:\/\/kulturonline.tv\/de\/hollywood-trauert-oscar-preistraegerin-diane-keaton-im-alter-von-79-jahren-gestorben\/#breadcrumb"},"inLanguage":"de","potentialAction":[{"@type":"ReadAction","target":["https:\/\/kulturonline.tv\/de\/hollywood-trauert-oscar-preistraegerin-diane-keaton-im-alter-von-79-jahren-gestorben\/"]}]},{"@type":"ImageObject","inLanguage":"de","@id":"https:\/\/kulturonline.tv\/de\/hollywood-trauert-oscar-preistraegerin-diane-keaton-im-alter-von-79-jahren-gestorben\/#primaryimage","url":"https:\/\/kulturonline.tv\/wp-content\/uploads\/2025\/10\/Diane_Keaton_Kultur-Online-TV-edited.jpg","contentUrl":"https:\/\/kulturonline.tv\/wp-content\/uploads\/2025\/10\/Diane_Keaton_Kultur-Online-TV-edited.jpg","width":1011,"height":569},{"@type":"BreadcrumbList","@id":"https:\/\/kulturonline.tv\/de\/hollywood-trauert-oscar-preistraegerin-diane-keaton-im-alter-von-79-jahren-gestorben\/#breadcrumb","itemListElement":[{"@type":"ListItem","position":1,"name":"Startseite","item":"https:\/\/kulturonline.tv\/de\/"},{"@type":"ListItem","position":2,"name":"Hollywood trauert Oscar-Preistr\u00e4gerin Diane Keaton im Alter von 79 Jahren gestorben"}]},{"@type":"WebSite","@id":"https:\/\/kulturonline.tv\/de\/#website","url":"https:\/\/kulturonline.tv\/de\/","name":"Kultur Online TV &amp; FM","description":"Wir sind Kultur 2.0 zum sehen &amp; h\u00f6ren","publisher":{"@id":"https:\/\/kulturonline.tv\/de\/#organization"},"potentialAction":[{"@type":"SearchAction","target":{"@type":"EntryPoint","urlTemplate":"https:\/\/kulturonline.tv\/de\/?s={search_term_string}"},"query-input":{"@type":"PropertyValueSpecification","valueRequired":true,"valueName":"search_term_string"}}],"inLanguage":"de"},{"@type":"Organization","@id":"https:\/\/kulturonline.tv\/de\/#organization","name":"Kultur Online TV","url":"https:\/\/kulturonline.tv\/de\/","logo":{"@type":"ImageObject","inLanguage":"de","@id":"https:\/\/kulturonline.tv\/de\/#\/schema\/logo\/image\/","url":"https:\/\/kulturonline.tv\/wp-content\/uploads\/2021\/08\/Kultur-Online-Tv-Logo-Endversion-neu.png","contentUrl":"https:\/\/kulturonline.tv\/wp-content\/uploads\/2021\/08\/Kultur-Online-Tv-Logo-Endversion-neu.png","width":200,"height":200,"caption":"Kultur Online TV"},"image":{"@id":"https:\/\/kulturonline.tv\/de\/#\/schema\/logo\/image\/"},"sameAs":["https:\/\/www.facebook.com\/kulturonline.tv","https:\/\/www.instagram.com\/kulturonline.tv"]},{"@type":"Person","@id":"https:\/\/kulturonline.tv\/de\/#\/schema\/person\/b0fac729bb9a0c193fb1df23449df4fe","name":"guenter.wolfgang"}]}},"_links":{"self":[{"href":"https:\/\/kulturonline.tv\/de\/wp-json\/wp\/v2\/posts\/124291","targetHints":{"allow":["GET"]}}],"collection":[{"href":"https:\/\/kulturonline.tv\/de\/wp-json\/wp\/v2\/posts"}],"about":[{"href":"https:\/\/kulturonline.tv\/de\/wp-json\/wp\/v2\/types\/post"}],"author":[{"embeddable":true,"href":"https:\/\/kulturonline.tv\/de\/wp-json\/wp\/v2\/users\/2"}],"replies":[{"embeddable":true,"href":"https:\/\/kulturonline.tv\/de\/wp-json\/wp\/v2\/comments?post=124291"}],"version-history":[{"count":1,"href":"https:\/\/kulturonline.tv\/de\/wp-json\/wp\/v2\/posts\/124291\/revisions"}],"predecessor-version":[{"id":124296,"href":"https:\/\/kulturonline.tv\/de\/wp-json\/wp\/v2\/posts\/124291\/revisions\/124296"}],"wp:featuredmedia":[{"embeddable":true,"href":"https:\/\/kulturonline.tv\/de\/wp-json\/wp\/v2\/media\/124294"}],"wp:attachment":[{"href":"https:\/\/kulturonline.tv\/de\/wp-json\/wp\/v2\/media?parent=124291"}],"wp:term":[{"taxonomy":"category","embeddable":true,"href":"https:\/\/kulturonline.tv\/de\/wp-json\/wp\/v2\/categories?post=124291"},{"taxonomy":"post_tag","embeddable":true,"href":"https:\/\/kulturonline.tv\/de\/wp-json\/wp\/v2\/tags?post=124291"}],"curies":[{"name":"wp","href":"https:\/\/api.w.org\/{rel}","templated":true}]}}