{"id":12630,"date":"2021-11-10T11:11:27","date_gmt":"2021-11-10T10:11:27","guid":{"rendered":"https:\/\/kulturonline.tv\/?p=12630"},"modified":"2021-11-10T11:55:55","modified_gmt":"2021-11-10T10:55:55","slug":"die-eiskoenigin-erobert-die-musicalbuehne-in-hamburg","status":"publish","type":"post","link":"https:\/\/kulturonline.tv\/de\/die-eiskoenigin-erobert-die-musicalbuehne-in-hamburg\/","title":{"rendered":"&#8222;Die Eisk\u00f6nigin&#8220; erobert die Musicalb\u00fchne in Hamburg"},"content":{"rendered":"\n<p><strong><strong>seit der Disney-Film die Herzen der gro\u00dfen und vor allem kleinen Zuschauer im Sturm eroberte. Jetzt hat das Musical-Unternehmen Stage Entertainment die Geschichte auf die B\u00fchne gebracht.<\/strong><\/strong><\/p>\n\n\n\n<figure class=\"wp-block-embed is-type-video is-provider-youtube wp-block-embed-youtube wp-embed-aspect-16-9 wp-has-aspect-ratio\"><div class=\"wp-block-embed__wrapper\">\n<iframe title=\"Disneys DIE EISK\u00d6NIGIN - Das Musical ab M\u00e4rz 2021 in Hamburg\" width=\"800\" height=\"450\" src=\"https:\/\/www.youtube.com\/embed\/yk4lUuP29SU?feature=oembed\" frameborder=\"0\" allow=\"accelerometer; autoplay; clipboard-write; encrypted-media; gyroscope; picture-in-picture; web-share\" referrerpolicy=\"strict-origin-when-cross-origin\" allowfullscreen><\/iframe>\n<\/div><\/figure>\n\n\n\n<p>Die Premiereng\u00e4ste am Montagabend waren restlos begeistert und spendeten lang anhaltenden Applaus im Stehen. &#8222;Ich bin total geflasht und zu Tr\u00e4nen ger\u00fchrt&#8220;, sagte Schauspielerin Gerit Kling. &#8222;Das ist eins der Highlights des Jahres f\u00fcr mich. So ein tolles B\u00fchnenbild, so tolle S\u00e4nger, so viel Spa\u00df und so viel Liebe.&#8220; Auch ihre Kollegin Natalia W\u00f6rner \u00fcberzeugte die Geschichte der beiden Schwestern: &#8222;Es ist total sch\u00f6n, zwei so unterschiedliche Frauencharaktere zu sehen, die sich erg\u00e4nzen und die dadurch einen Chor ergeben. Ich fand&#8217;s fantastisch gespielt, toll gesungen und sehr imposant.&#8220; Einige Prominente hatten ihre Kinder mitgebracht: Die Schriftstellerin Ildik\u00f3 von K\u00fcrthy kam mit ihrem Sohn Lenny, der sich besonders auf Schneemann Olaf freute und S\u00e4nger Nevio Passaro mit seiner Tochter Luce, die sich als Elsa verkleidet hatte.<\/p>\n\n\n\n<p>Wie der Film erz\u00e4hlt das Musical, wie die beiden Prinzessinnen nach dem Tod ihrer Eltern mit Hilfe der Liebe und ihrer Freunde das B\u00f6se \u00fcberwinden. Thronfolgerin Elsa besitzt magische Kr\u00e4fte: alles, was sie ber\u00fchrt, wird zu Eis. Nachdem Elsa das K\u00f6nigreich Arendelle vereist hat, begibt sich ihre Schwester Anna auf die Suche nach ihr und trifft dabei den Abenteurer Kristoff mit seinem Rentier Sven und Schneemann Olaf. Gemeinsam wollen sie Elsa finden, damit sie den ewigen Winter beenden kann. F\u00fcr das Musical, das seit 2018 am New Yorker Broadway l\u00e4uft, wurden acht Lieder aus dem Disney-Film um ein Dutzend neuer St\u00fccke erweitert und ins Deutsche \u00fcbersetzt.<\/p>\n\n\n\n<p>Kultur Online TV<\/p>\n\n\n\n<p>#theater #musical<\/p>\n","protected":false},"excerpt":{"rendered":"<p>seit der Disney-Film die Herzen der gro\u00dfen und vor allem kleinen Zuschauer im Sturm eroberte. Jetzt hat das Musical-Unternehmen Stage Entertainment die Geschichte auf die B\u00fchne gebracht. Die Premiereng\u00e4ste am Montagabend waren restlos begeistert und spendeten lang anhaltenden Applaus im Stehen. &#8222;Ich bin total geflasht und zu Tr\u00e4nen ger\u00fchrt&#8220;, sagte Schauspielerin Gerit Kling. &#8222;Das ist [&hellip;]<\/p>\n","protected":false},"author":2,"featured_media":12632,"comment_status":"closed","ping_status":"closed","sticky":false,"template":"","format":"standard","meta":{"_acf_changed":false,"footnotes":""},"categories":[105,124],"tags":[],"class_list":["post-12630","post","type-post","status-publish","format-standard","has-post-thumbnail","hentry","category-theater"],"acf":[],"yoast_head":"<!-- This site is optimized with the Yoast SEO plugin v26.1.1 - https:\/\/yoast.com\/wordpress\/plugins\/seo\/ -->\n<title>&quot;Die Eisk\u00f6nigin&quot; erobert die Musicalb\u00fchne in Hamburg - Kultur Online TV &amp; FM<\/title>\n<meta name=\"description\" content=\"Kultur sehen und H\u00f6ren\" \/>\n<meta name=\"robots\" content=\"index, follow, max-snippet:-1, max-image-preview:large, max-video-preview:-1\" \/>\n<link rel=\"canonical\" href=\"https:\/\/kulturonline.tv\/de\/die-eiskoenigin-erobert-die-musicalbuehne-in-hamburg\/\" \/>\n<meta property=\"og:locale\" content=\"de_DE\" \/>\n<meta property=\"og:type\" content=\"article\" \/>\n<meta property=\"og:title\" content=\"&quot;Die Eisk\u00f6nigin&quot; erobert die Musicalb\u00fchne in Hamburg - Kultur Online TV &amp; FM\" \/>\n<meta property=\"og:description\" content=\"Kultur sehen und H\u00f6ren\" \/>\n<meta property=\"og:url\" content=\"https:\/\/kulturonline.tv\/de\/die-eiskoenigin-erobert-die-musicalbuehne-in-hamburg\/\" \/>\n<meta property=\"og:site_name\" content=\"Kultur Online TV &amp; FM\" \/>\n<meta property=\"article:publisher\" content=\"https:\/\/www.facebook.com\/kulturonline.tv\" \/>\n<meta property=\"article:published_time\" content=\"2021-11-10T10:11:27+00:00\" \/>\n<meta property=\"article:modified_time\" content=\"2021-11-10T10:55:55+00:00\" \/>\n<meta property=\"og:image\" content=\"https:\/\/kulturonline.tv\/wp-content\/uploads\/2021\/11\/die-eiskoenign-musical.png\" \/>\n\t<meta property=\"og:image:width\" content=\"981\" \/>\n\t<meta property=\"og:image:height\" content=\"479\" \/>\n\t<meta property=\"og:image:type\" content=\"image\/png\" \/>\n<meta name=\"author\" content=\"guenter.wolfgang\" \/>\n<meta name=\"twitter:card\" content=\"summary_large_image\" \/>\n<meta name=\"twitter:label1\" content=\"Verfasst von\" \/>\n\t<meta name=\"twitter:data1\" content=\"guenter.wolfgang\" \/>\n\t<meta name=\"twitter:label2\" content=\"Gesch\u00e4tzte Lesezeit\" \/>\n\t<meta name=\"twitter:data2\" content=\"2\u00a0Minuten\" \/>\n<script type=\"application\/ld+json\" class=\"yoast-schema-graph\">{\"@context\":\"https:\/\/schema.org\",\"@graph\":[{\"@type\":\"Article\",\"@id\":\"https:\/\/kulturonline.tv\/de\/die-eiskoenigin-erobert-die-musicalbuehne-in-hamburg\/#article\",\"isPartOf\":{\"@id\":\"https:\/\/kulturonline.tv\/de\/die-eiskoenigin-erobert-die-musicalbuehne-in-hamburg\/\"},\"author\":{\"name\":\"guenter.wolfgang\",\"@id\":\"https:\/\/kulturonline.tv\/de\/#\/schema\/person\/b0fac729bb9a0c193fb1df23449df4fe\"},\"headline\":\"&#8222;Die Eisk\u00f6nigin&#8220; erobert die Musicalb\u00fchne in Hamburg\",\"datePublished\":\"2021-11-10T10:11:27+00:00\",\"dateModified\":\"2021-11-10T10:55:55+00:00\",\"mainEntityOfPage\":{\"@id\":\"https:\/\/kulturonline.tv\/de\/die-eiskoenigin-erobert-die-musicalbuehne-in-hamburg\/\"},\"wordCount\":302,\"publisher\":{\"@id\":\"https:\/\/kulturonline.tv\/de\/#organization\"},\"image\":{\"@id\":\"https:\/\/kulturonline.tv\/de\/die-eiskoenigin-erobert-die-musicalbuehne-in-hamburg\/#primaryimage\"},\"thumbnailUrl\":\"https:\/\/kulturonline.tv\/wp-content\/uploads\/2021\/11\/die-eiskoenign-musical.png\",\"articleSection\":[\"Theater\",\"Theater\"],\"inLanguage\":\"de\"},{\"@type\":\"WebPage\",\"@id\":\"https:\/\/kulturonline.tv\/de\/die-eiskoenigin-erobert-die-musicalbuehne-in-hamburg\/\",\"url\":\"https:\/\/kulturonline.tv\/de\/die-eiskoenigin-erobert-die-musicalbuehne-in-hamburg\/\",\"name\":\"\\\"Die Eisk\u00f6nigin\\\" erobert die Musicalb\u00fchne in Hamburg - Kultur Online TV &amp; FM\",\"isPartOf\":{\"@id\":\"https:\/\/kulturonline.tv\/de\/#website\"},\"primaryImageOfPage\":{\"@id\":\"https:\/\/kulturonline.tv\/de\/die-eiskoenigin-erobert-die-musicalbuehne-in-hamburg\/#primaryimage\"},\"image\":{\"@id\":\"https:\/\/kulturonline.tv\/de\/die-eiskoenigin-erobert-die-musicalbuehne-in-hamburg\/#primaryimage\"},\"thumbnailUrl\":\"https:\/\/kulturonline.tv\/wp-content\/uploads\/2021\/11\/die-eiskoenign-musical.png\",\"datePublished\":\"2021-11-10T10:11:27+00:00\",\"dateModified\":\"2021-11-10T10:55:55+00:00\",\"description\":\"Kultur sehen und H\u00f6ren\",\"breadcrumb\":{\"@id\":\"https:\/\/kulturonline.tv\/de\/die-eiskoenigin-erobert-die-musicalbuehne-in-hamburg\/#breadcrumb\"},\"inLanguage\":\"de\",\"potentialAction\":[{\"@type\":\"ReadAction\",\"target\":[\"https:\/\/kulturonline.tv\/de\/die-eiskoenigin-erobert-die-musicalbuehne-in-hamburg\/\"]}]},{\"@type\":\"ImageObject\",\"inLanguage\":\"de\",\"@id\":\"https:\/\/kulturonline.tv\/de\/die-eiskoenigin-erobert-die-musicalbuehne-in-hamburg\/#primaryimage\",\"url\":\"https:\/\/kulturonline.tv\/wp-content\/uploads\/2021\/11\/die-eiskoenign-musical.png\",\"contentUrl\":\"https:\/\/kulturonline.tv\/wp-content\/uploads\/2021\/11\/die-eiskoenign-musical.png\",\"width\":981,\"height\":479},{\"@type\":\"BreadcrumbList\",\"@id\":\"https:\/\/kulturonline.tv\/de\/die-eiskoenigin-erobert-die-musicalbuehne-in-hamburg\/#breadcrumb\",\"itemListElement\":[{\"@type\":\"ListItem\",\"position\":1,\"name\":\"Startseite\",\"item\":\"https:\/\/kulturonline.tv\/de\/\"},{\"@type\":\"ListItem\",\"position\":2,\"name\":\"&#8222;Die Eisk\u00f6nigin&#8220; erobert die Musicalb\u00fchne in Hamburg\"}]},{\"@type\":\"WebSite\",\"@id\":\"https:\/\/kulturonline.tv\/de\/#website\",\"url\":\"https:\/\/kulturonline.tv\/de\/\",\"name\":\"Kultur Online TV &amp; FM\",\"description\":\"Wir sind Kultur 2.0 zum sehen &amp; h\u00f6ren\",\"publisher\":{\"@id\":\"https:\/\/kulturonline.tv\/de\/#organization\"},\"potentialAction\":[{\"@type\":\"SearchAction\",\"target\":{\"@type\":\"EntryPoint\",\"urlTemplate\":\"https:\/\/kulturonline.tv\/de\/?s={search_term_string}\"},\"query-input\":{\"@type\":\"PropertyValueSpecification\",\"valueRequired\":true,\"valueName\":\"search_term_string\"}}],\"inLanguage\":\"de\"},{\"@type\":\"Organization\",\"@id\":\"https:\/\/kulturonline.tv\/de\/#organization\",\"name\":\"Kultur Online TV\",\"url\":\"https:\/\/kulturonline.tv\/de\/\",\"logo\":{\"@type\":\"ImageObject\",\"inLanguage\":\"de\",\"@id\":\"https:\/\/kulturonline.tv\/de\/#\/schema\/logo\/image\/\",\"url\":\"https:\/\/kulturonline.tv\/wp-content\/uploads\/2021\/08\/Kultur-Online-Tv-Logo-Endversion-neu.png\",\"contentUrl\":\"https:\/\/kulturonline.tv\/wp-content\/uploads\/2021\/08\/Kultur-Online-Tv-Logo-Endversion-neu.png\",\"width\":200,\"height\":200,\"caption\":\"Kultur Online TV\"},\"image\":{\"@id\":\"https:\/\/kulturonline.tv\/de\/#\/schema\/logo\/image\/\"},\"sameAs\":[\"https:\/\/www.facebook.com\/kulturonline.tv\",\"https:\/\/www.instagram.com\/kulturonline.tv\"]},{\"@type\":\"Person\",\"@id\":\"https:\/\/kulturonline.tv\/de\/#\/schema\/person\/b0fac729bb9a0c193fb1df23449df4fe\",\"name\":\"guenter.wolfgang\"}]}<\/script>\n<!-- \/ Yoast SEO plugin. -->","yoast_head_json":{"title":"\"Die Eisk\u00f6nigin\" erobert die Musicalb\u00fchne in Hamburg - Kultur Online TV &amp; FM","description":"Kultur sehen und H\u00f6ren","robots":{"index":"index","follow":"follow","max-snippet":"max-snippet:-1","max-image-preview":"max-image-preview:large","max-video-preview":"max-video-preview:-1"},"canonical":"https:\/\/kulturonline.tv\/de\/die-eiskoenigin-erobert-die-musicalbuehne-in-hamburg\/","og_locale":"de_DE","og_type":"article","og_title":"\"Die Eisk\u00f6nigin\" erobert die Musicalb\u00fchne in Hamburg - Kultur Online TV &amp; FM","og_description":"Kultur sehen und H\u00f6ren","og_url":"https:\/\/kulturonline.tv\/de\/die-eiskoenigin-erobert-die-musicalbuehne-in-hamburg\/","og_site_name":"Kultur Online TV &amp; FM","article_publisher":"https:\/\/www.facebook.com\/kulturonline.tv","article_published_time":"2021-11-10T10:11:27+00:00","article_modified_time":"2021-11-10T10:55:55+00:00","og_image":[{"width":981,"height":479,"url":"https:\/\/kulturonline.tv\/wp-content\/uploads\/2021\/11\/die-eiskoenign-musical.png","type":"image\/png"}],"author":"guenter.wolfgang","twitter_card":"summary_large_image","twitter_misc":{"Verfasst von":"guenter.wolfgang","Gesch\u00e4tzte Lesezeit":"2\u00a0Minuten"},"schema":{"@context":"https:\/\/schema.org","@graph":[{"@type":"Article","@id":"https:\/\/kulturonline.tv\/de\/die-eiskoenigin-erobert-die-musicalbuehne-in-hamburg\/#article","isPartOf":{"@id":"https:\/\/kulturonline.tv\/de\/die-eiskoenigin-erobert-die-musicalbuehne-in-hamburg\/"},"author":{"name":"guenter.wolfgang","@id":"https:\/\/kulturonline.tv\/de\/#\/schema\/person\/b0fac729bb9a0c193fb1df23449df4fe"},"headline":"&#8222;Die Eisk\u00f6nigin&#8220; erobert die Musicalb\u00fchne in Hamburg","datePublished":"2021-11-10T10:11:27+00:00","dateModified":"2021-11-10T10:55:55+00:00","mainEntityOfPage":{"@id":"https:\/\/kulturonline.tv\/de\/die-eiskoenigin-erobert-die-musicalbuehne-in-hamburg\/"},"wordCount":302,"publisher":{"@id":"https:\/\/kulturonline.tv\/de\/#organization"},"image":{"@id":"https:\/\/kulturonline.tv\/de\/die-eiskoenigin-erobert-die-musicalbuehne-in-hamburg\/#primaryimage"},"thumbnailUrl":"https:\/\/kulturonline.tv\/wp-content\/uploads\/2021\/11\/die-eiskoenign-musical.png","articleSection":["Theater","Theater"],"inLanguage":"de"},{"@type":"WebPage","@id":"https:\/\/kulturonline.tv\/de\/die-eiskoenigin-erobert-die-musicalbuehne-in-hamburg\/","url":"https:\/\/kulturonline.tv\/de\/die-eiskoenigin-erobert-die-musicalbuehne-in-hamburg\/","name":"\"Die Eisk\u00f6nigin\" erobert die Musicalb\u00fchne in Hamburg - Kultur Online TV &amp; FM","isPartOf":{"@id":"https:\/\/kulturonline.tv\/de\/#website"},"primaryImageOfPage":{"@id":"https:\/\/kulturonline.tv\/de\/die-eiskoenigin-erobert-die-musicalbuehne-in-hamburg\/#primaryimage"},"image":{"@id":"https:\/\/kulturonline.tv\/de\/die-eiskoenigin-erobert-die-musicalbuehne-in-hamburg\/#primaryimage"},"thumbnailUrl":"https:\/\/kulturonline.tv\/wp-content\/uploads\/2021\/11\/die-eiskoenign-musical.png","datePublished":"2021-11-10T10:11:27+00:00","dateModified":"2021-11-10T10:55:55+00:00","description":"Kultur sehen und H\u00f6ren","breadcrumb":{"@id":"https:\/\/kulturonline.tv\/de\/die-eiskoenigin-erobert-die-musicalbuehne-in-hamburg\/#breadcrumb"},"inLanguage":"de","potentialAction":[{"@type":"ReadAction","target":["https:\/\/kulturonline.tv\/de\/die-eiskoenigin-erobert-die-musicalbuehne-in-hamburg\/"]}]},{"@type":"ImageObject","inLanguage":"de","@id":"https:\/\/kulturonline.tv\/de\/die-eiskoenigin-erobert-die-musicalbuehne-in-hamburg\/#primaryimage","url":"https:\/\/kulturonline.tv\/wp-content\/uploads\/2021\/11\/die-eiskoenign-musical.png","contentUrl":"https:\/\/kulturonline.tv\/wp-content\/uploads\/2021\/11\/die-eiskoenign-musical.png","width":981,"height":479},{"@type":"BreadcrumbList","@id":"https:\/\/kulturonline.tv\/de\/die-eiskoenigin-erobert-die-musicalbuehne-in-hamburg\/#breadcrumb","itemListElement":[{"@type":"ListItem","position":1,"name":"Startseite","item":"https:\/\/kulturonline.tv\/de\/"},{"@type":"ListItem","position":2,"name":"&#8222;Die Eisk\u00f6nigin&#8220; erobert die Musicalb\u00fchne in Hamburg"}]},{"@type":"WebSite","@id":"https:\/\/kulturonline.tv\/de\/#website","url":"https:\/\/kulturonline.tv\/de\/","name":"Kultur Online TV &amp; FM","description":"Wir sind Kultur 2.0 zum sehen &amp; h\u00f6ren","publisher":{"@id":"https:\/\/kulturonline.tv\/de\/#organization"},"potentialAction":[{"@type":"SearchAction","target":{"@type":"EntryPoint","urlTemplate":"https:\/\/kulturonline.tv\/de\/?s={search_term_string}"},"query-input":{"@type":"PropertyValueSpecification","valueRequired":true,"valueName":"search_term_string"}}],"inLanguage":"de"},{"@type":"Organization","@id":"https:\/\/kulturonline.tv\/de\/#organization","name":"Kultur Online TV","url":"https:\/\/kulturonline.tv\/de\/","logo":{"@type":"ImageObject","inLanguage":"de","@id":"https:\/\/kulturonline.tv\/de\/#\/schema\/logo\/image\/","url":"https:\/\/kulturonline.tv\/wp-content\/uploads\/2021\/08\/Kultur-Online-Tv-Logo-Endversion-neu.png","contentUrl":"https:\/\/kulturonline.tv\/wp-content\/uploads\/2021\/08\/Kultur-Online-Tv-Logo-Endversion-neu.png","width":200,"height":200,"caption":"Kultur Online TV"},"image":{"@id":"https:\/\/kulturonline.tv\/de\/#\/schema\/logo\/image\/"},"sameAs":["https:\/\/www.facebook.com\/kulturonline.tv","https:\/\/www.instagram.com\/kulturonline.tv"]},{"@type":"Person","@id":"https:\/\/kulturonline.tv\/de\/#\/schema\/person\/b0fac729bb9a0c193fb1df23449df4fe","name":"guenter.wolfgang"}]}},"_links":{"self":[{"href":"https:\/\/kulturonline.tv\/de\/wp-json\/wp\/v2\/posts\/12630","targetHints":{"allow":["GET"]}}],"collection":[{"href":"https:\/\/kulturonline.tv\/de\/wp-json\/wp\/v2\/posts"}],"about":[{"href":"https:\/\/kulturonline.tv\/de\/wp-json\/wp\/v2\/types\/post"}],"author":[{"embeddable":true,"href":"https:\/\/kulturonline.tv\/de\/wp-json\/wp\/v2\/users\/2"}],"replies":[{"embeddable":true,"href":"https:\/\/kulturonline.tv\/de\/wp-json\/wp\/v2\/comments?post=12630"}],"version-history":[{"count":0,"href":"https:\/\/kulturonline.tv\/de\/wp-json\/wp\/v2\/posts\/12630\/revisions"}],"wp:featuredmedia":[{"embeddable":true,"href":"https:\/\/kulturonline.tv\/de\/wp-json\/wp\/v2\/media\/12632"}],"wp:attachment":[{"href":"https:\/\/kulturonline.tv\/de\/wp-json\/wp\/v2\/media?parent=12630"}],"wp:term":[{"taxonomy":"category","embeddable":true,"href":"https:\/\/kulturonline.tv\/de\/wp-json\/wp\/v2\/categories?post=12630"},{"taxonomy":"post_tag","embeddable":true,"href":"https:\/\/kulturonline.tv\/de\/wp-json\/wp\/v2\/tags?post=12630"}],"curies":[{"name":"wp","href":"https:\/\/api.w.org\/{rel}","templated":true}]}}