{"id":12678,"date":"2021-11-11T20:27:38","date_gmt":"2021-11-11T19:27:38","guid":{"rendered":"https:\/\/kulturonline.tv\/?p=12678"},"modified":"2021-11-14T19:44:37","modified_gmt":"2021-11-14T18:44:37","slug":"35-juedische-kulturtage-muenchen-11-nov-08-dez-2021","status":"publish","type":"post","link":"https:\/\/kulturonline.tv\/de\/35-juedische-kulturtage-muenchen-11-nov-08-dez-2021\/","title":{"rendered":"35. J\u00fcdische Kulturtage M\u00fcnchen 11. Nov. &#8211; 08. Dez. 2021"},"content":{"rendered":"\n<p>Dieses Jahr zum 35. Mal veranstaltet die Gesellschaft zur F\u00f6rderung j\u00fcdischer Kultur und Tradition e.V., seit 2017<br>unter Vorsitz von Judith Epstein, die J\u00fcdischen Kulturtage M\u00fcnchen und tr\u00e4gt die J\u00fcdische Kultur und Tradition<br>in die breite \u00d6ffentlichkeit. So setzt diese Veranstaltungsreihe ein festes Zeichen f\u00fcr ein offenes und tolerantes<br>Miteinander und eine starke, demokratische Wertegemeinschaft in der Stadtgesellschaft.<\/p>\n\n\n\n<figure class=\"wp-block-image size-large\"><img fetchpriority=\"high\" decoding=\"async\" width=\"1600\" height=\"900\" src=\"https:\/\/kulturonline.tv\/wp-content\/uploads\/2021\/11\/LIVESTREAM-2000-1600x900.png\" alt=\"\" class=\"wp-image-12742\" srcset=\"https:\/\/kulturonline.tv\/wp-content\/uploads\/2021\/11\/LIVESTREAM-2000-1600x900.png 1600w, https:\/\/kulturonline.tv\/wp-content\/uploads\/2021\/11\/LIVESTREAM-2000-600x338.png 600w, https:\/\/kulturonline.tv\/wp-content\/uploads\/2021\/11\/LIVESTREAM-2000-800x450.png 800w, https:\/\/kulturonline.tv\/wp-content\/uploads\/2021\/11\/LIVESTREAM-2000-768x432.png 768w, https:\/\/kulturonline.tv\/wp-content\/uploads\/2021\/11\/LIVESTREAM-2000-1536x864.png 1536w, https:\/\/kulturonline.tv\/wp-content\/uploads\/2021\/11\/LIVESTREAM-2000.png 1920w\" sizes=\"(max-width: 1600px) 100vw, 1600px\" \/><\/figure>\n\n\n\n<p><strong>Die Kulturtage starten mit einem inspirierenden, kulturellen Auftakt in Kooperation mit der Volksb\u00fchne M\u00fcnchen e.V.&nbsp;am Donnerstag,&nbsp;11. Nov. 2021,&nbsp;20 Uhr, im M\u00fcnchner Volkstheater<\/strong>, Tumblingerstr. 29, 80337 M\u00fcnchen&nbsp;<\/p>\n\n\n\n<p><strong>\u201e1700 Jahre j\u00fcdisches Leben in Deutschland\u201c<\/strong><\/p>\n\n\n\n<p>Der literarisch-musikalische Abend erinnert anl\u00e4sslich der Feierlichkeiten 2021 an die enge Verbindung der deutschen Volksb\u00fchnenbewegung mit dem Engagement j\u00fcdischer Kulturschaffender. Unter dem Titel&nbsp;<strong>\u201eErlaubst du wohl, dir ein Geschichtchen zu erz\u00e4hlen? J\u00fcdische Lebenswege auf deutschen B\u00fchnen\u201c<\/strong>&nbsp;wird von Menschen erz\u00e4hlt, die mit ihrer Kunst die deutsche Kulturlandschaft nachhaltig gepr\u00e4gt haben. Mit viel Mut und Humor, Klugheit und gro\u00dfem Talent sind sie ihre k\u00fcnstlerischen Wege gegangen, bis heute haben ihre Namen nicht nur in Theaterkreisen einen besonderen Klang.&nbsp;<\/p>\n\n\n\n<p><\/p>\n\n\n\n<div class=\"wp-block-media-text alignwide is-stacked-on-mobile\"><figure class=\"wp-block-media-text__media\"><img decoding=\"async\" width=\"1080\" height=\"1080\" src=\"https:\/\/kulturonline.tv\/wp-content\/uploads\/2021\/11\/Judith-Epstein-Audiopodcats-Kultur-Online-TV.png\" alt=\"\" class=\"wp-image-12711 size-full\" srcset=\"https:\/\/kulturonline.tv\/wp-content\/uploads\/2021\/11\/Judith-Epstein-Audiopodcats-Kultur-Online-TV.png 1080w, https:\/\/kulturonline.tv\/wp-content\/uploads\/2021\/11\/Judith-Epstein-Audiopodcats-Kultur-Online-TV-300x300.png 300w, https:\/\/kulturonline.tv\/wp-content\/uploads\/2021\/11\/Judith-Epstein-Audiopodcats-Kultur-Online-TV-100x100.png 100w, https:\/\/kulturonline.tv\/wp-content\/uploads\/2021\/11\/Judith-Epstein-Audiopodcats-Kultur-Online-TV-600x600.png 600w, https:\/\/kulturonline.tv\/wp-content\/uploads\/2021\/11\/Judith-Epstein-Audiopodcats-Kultur-Online-TV-800x800.png 800w, https:\/\/kulturonline.tv\/wp-content\/uploads\/2021\/11\/Judith-Epstein-Audiopodcats-Kultur-Online-TV-500x500.png 500w, https:\/\/kulturonline.tv\/wp-content\/uploads\/2021\/11\/Judith-Epstein-Audiopodcats-Kultur-Online-TV-768x768.png 768w\" sizes=\"(max-width: 1080px) 100vw, 1080px\" \/><\/figure><div class=\"wp-block-media-text__content\">\n<h4 class=\"wp-block-heading\"><em>G\u00fcnter Wolfgang von <a href=\"https:\/\/kulturonline.tv\/de\/radio\">Kultur Online FM<\/a> im Gespr\u00e4ch mit Judith Epstein Vorsitzende der&nbsp;Gesellschaft zur F\u00f6rderung j\u00fcdischer Kultur und Tradition<\/em><\/h4>\n\n\n\n<p><\/p>\n<\/div><\/div>\n\n\n\n<figure class=\"wp-block-audio\"><audio controls src=\"https:\/\/kulturonline.tv\/wp-content\/uploads\/2021\/11\/Judit-Epstein-Neu.mp3\"><\/audio><figcaption>\u00a9 Kultur Online TV-FM<\/figcaption><\/figure>\n\n\n\n<p><\/p>\n\n\n\n<p><\/p>\n\n\n\n<div class=\"wp-block-media-text alignwide is-stacked-on-mobile\" style=\"grid-template-columns:54% auto\"><figure class=\"wp-block-media-text__media\"><img decoding=\"async\" width=\"1080\" height=\"1080\" src=\"https:\/\/kulturonline.tv\/wp-content\/uploads\/2021\/11\/Goetz-Otto.png\" alt=\"\" class=\"wp-image-12705 size-full\" srcset=\"https:\/\/kulturonline.tv\/wp-content\/uploads\/2021\/11\/Goetz-Otto.png 1080w, https:\/\/kulturonline.tv\/wp-content\/uploads\/2021\/11\/Goetz-Otto-300x300.png 300w, https:\/\/kulturonline.tv\/wp-content\/uploads\/2021\/11\/Goetz-Otto-100x100.png 100w, https:\/\/kulturonline.tv\/wp-content\/uploads\/2021\/11\/Goetz-Otto-600x600.png 600w, https:\/\/kulturonline.tv\/wp-content\/uploads\/2021\/11\/Goetz-Otto-800x800.png 800w, https:\/\/kulturonline.tv\/wp-content\/uploads\/2021\/11\/Goetz-Otto-500x500.png 500w, https:\/\/kulturonline.tv\/wp-content\/uploads\/2021\/11\/Goetz-Otto-768x768.png 768w\" sizes=\"(max-width: 1080px) 100vw, 1080px\" \/><\/figure><div class=\"wp-block-media-text__content\">\n<h4 class=\"wp-block-heading\"><em>G\u00fcnter Wolfgang von <a href=\"https:\/\/kulturonline.tv\/de\/radio\">Kultur Online  FM <\/a>im Gespr\u00e4ch mit Schauspieler G\u00f6tz Otto. Er ist einer jener deutschen Schauspieler, die auch in internationalen Produktionen gefragt sind.<\/em><\/h4>\n<\/div><\/div>\n\n\n\n<figure class=\"wp-block-audio\"><audio controls src=\"https:\/\/kulturonline.tv\/wp-content\/uploads\/2021\/11\/Goetz-Otto.mp3\"><\/audio><figcaption>\u00a9 Kultur Online TV-FM<\/figcaption><\/figure>\n\n\n\n<p><strong>Lesung:<\/strong>&nbsp;<strong>Gesine Cukrowski&nbsp;und G\u00f6tz Otto<\/strong>&nbsp; <strong>Musik:<\/strong>&nbsp;Das<strong>&nbsp;Jewish Chamber Orchestra M\u00fcnchen,&nbsp;<\/strong>mit dem<strong>&nbsp;Solisten Wen Sinn<\/strong>&nbsp;<strong>Yang<\/strong>&nbsp;am Cello, wird mit Werken von&nbsp;David Popper, Leone Sinigaglia, Robert Schumann, L\u00e9o Weiner und Mieczyslaw Weinberg&nbsp;die musikalische Erz\u00e4hlebene gestalten. <\/p>\n\n\n\n<p><strong>Sonntag, 14. November 2021, 20 Uhr, virtueller Festakt der 35. J\u00fcdischen Kulturtage<\/strong><\/p>\n\n\n\n<p><strong>Chassidische Niggunim und jiddische Melodien<\/strong><br><strong>Jewish Chamber Orchestra Munich<\/strong><br><strong>Gru\u00dfworte und Beitr\u00e4ge<\/strong><\/p>\n\n\n\n<p>Der digitale Festakt der 35. J\u00fcdischen Kulturtage M\u00fcnchen wird mit einem bereichernden Programm die Sch\u00f6nheit und Vielfalt der j\u00fcdischen Kultur pr\u00e4sentieren.&nbsp;Pers\u00f6nlichkeiten aus Kunst und Kultur&nbsp;wie&nbsp;<strong>Iris Berben, Dr. Alice Brauner,<\/strong>&nbsp;<strong>Gesine Cukrowski, G\u00f6tz Otto,&nbsp;Nina Ruge und Elmar Wepper,<\/strong>&nbsp;unterst\u00fctzen die 35. J\u00fcdischen Kulturtage mit Beitr\u00e4gen und Gru\u00dfbotschaften.&nbsp;<\/p>\n\n\n\n<p>Zu den hochkar\u00e4tigen Rednern beim Festakt z\u00e4hlen der&nbsp;<strong>Bayerische Ministerpr\u00e4sident Dr. Markus S\u00f6der,&nbsp;Dr. h.c. Charlotte Knobloch (angefragt), Pr\u00e4sidentin der Israelitischen Kultusgemeinde M\u00fcnchen und Oberbayern, M\u00fcnchens Oberb\u00fcrgermeister Dieter Reiter,&nbsp;der Bayerischer Staatsminister der Justiz Georg Eisenreich, der Bayerische Staatsminister f\u00fcr Unterricht und Kultus Prof. Dr. Michael Piazolo, Dr. Ludwig Spaenle,&nbsp;Staatsminister a.D. Beauftragter der Bayerischen Staatsregierung f\u00fcr j\u00fcdisches Leben und gegen Antisemitismus, f\u00fcr Erinnerungsarbeit und geschichtliches Erbe<\/strong>. Die beliebte ARD-Moderatorin&nbsp;Esther Sedlaczek moderiert den Festakt.&nbsp;Der Link f\u00fcr die \u00dcbertragung:&nbsp;<strong>http:\/\/juedischekulturtage-live.de<\/strong><\/p>\n\n\n\n<p><strong>Dienstag, 16. November 2021, 13Uhr, Olaf-Gulbransson-Museum Tegernsee<\/strong><br><strong>\u201eMarc Chagall. Eine Liebesgeschichte. Daphnis &amp; Chlo\u00e9 und andere Werke\u201c<\/strong><br><strong>F\u00fchrung durch die Ausstellung<\/strong><br><strong>In Kooperation mit der Olaf Gulbransson Gesellschaft e.V. Tegernsee<\/strong><\/p>\n\n\n\n<p><strong>Dienstag, 23. November 2021, 19 Uhr, J\u00fcdisches Museum M\u00fcnchen<\/strong><br><strong>Suchers Leidenschaften: Szenischer Vortrag \u201ePaul Celan\u201c<\/strong><br><strong>mit C. Bernd Sucher und Ingrid Resch<\/strong><br><strong>In Kooperation mit der Liberalen J\u00fcdischen Gemeinde M\u00fcnchen Beth Shalom und dem J\u00fcdischen Museum M\u00fcnchen<\/strong><\/p>\n\n\n\n<p><strong>Donnerstag, 25. November 2021, 11 Uhr, Online-Streaming \u2013&nbsp;<\/strong><strong>www.juedischekulturtage-live.de<\/strong><br><strong>\u201eZahor \u2013 erinnere Dich\u201c, Film<\/strong><br><strong>Gru\u00dfwort von Werner Karg, Bayerisches Staatsministerium f\u00fcr Unterricht und Kultus<\/strong><\/p>\n\n\n\n<p><strong>Dienstag, 7. Dezember 2021, 18 Uhr, Gasteig M\u00fcnchen<\/strong><br><strong>\u201eLomir singen Liedelach\u201c \u2013 Jiddische Lieder und Melodien<\/strong><br><strong>Stargast: Lea Kalisch<\/strong><br><strong>Luisa Pertsovska (Klavier) und j\u00fcdische S\u00e4nger*innen aus M\u00fcnchen<\/strong><\/p>\n\n\n\n<p><strong>Karten unter:&nbsp;www.muenchenticket.de<\/strong><\/p>\n\n\n\n<p><strong>Gru\u00dfworte: Dr. Ludwig Spaenle, Beauftragter der Bayerischen Staatsregierung f\u00fcr j\u00fcdisches Leben und gegen Antisemitismus \u00b7 Dr. Charlotte Knobloch, Pr\u00e4sidentin der IKG M\u00fcnchen und Oberbayern (angefragt)<\/strong><\/p>\n\n\n\n<p><strong>Dezember 2021 oder Januar 2022 (genauer Termin wird noch bekannt gegeben)<\/strong><br><strong>L \u2019 Dor va Dor<\/strong><br><strong>Ein Generationengespr\u00e4ch \u00fcber die Entwicklung des Judentums in Deutschland<\/strong><br><strong>Mit einem Gru\u00dfwort von Dr. Ludwig Spaenle, Beauftragter der Bayerischen Staatsregierung f\u00fcr j\u00fcdisches Leben und gegen Antisemitismus<\/strong><br><strong>Teilnehmer: Laura Caz\u00e9s, Leeor Engl\u00e4nder, Dr. Charlotte Knobloch (angefragt), Benjamin N\u00e4gele, Richard C. Schneider \u00b7 Moderation: Ilanit Spinner<\/strong><\/p>\n\n\n\n<div class=\"wp-block-media-text alignwide is-stacked-on-mobile\" style=\"grid-template-columns:71% auto\"><figure class=\"wp-block-media-text__media\"><img loading=\"lazy\" decoding=\"async\" width=\"1080\" height=\"1080\" src=\"https:\/\/kulturonline.tv\/wp-content\/uploads\/2021\/11\/Live-Stream.png\" alt=\"\" class=\"wp-image-12715 size-full\" srcset=\"https:\/\/kulturonline.tv\/wp-content\/uploads\/2021\/11\/Live-Stream.png 1080w, https:\/\/kulturonline.tv\/wp-content\/uploads\/2021\/11\/Live-Stream-300x300.png 300w, https:\/\/kulturonline.tv\/wp-content\/uploads\/2021\/11\/Live-Stream-100x100.png 100w, https:\/\/kulturonline.tv\/wp-content\/uploads\/2021\/11\/Live-Stream-600x600.png 600w, https:\/\/kulturonline.tv\/wp-content\/uploads\/2021\/11\/Live-Stream-800x800.png 800w, https:\/\/kulturonline.tv\/wp-content\/uploads\/2021\/11\/Live-Stream-500x500.png 500w, https:\/\/kulturonline.tv\/wp-content\/uploads\/2021\/11\/Live-Stream-768x768.png 768w\" sizes=\"(max-width: 1080px) 100vw, 1080px\" \/><\/figure><div class=\"wp-block-media-text__content\">\n<p class=\"has-large-font-size\">     <\/p>\n<\/div><\/div>\n\n\n\n<p> Kultur Online TV<\/p>\n\n\n\n<p>#kultur #events #live<\/p>\n","protected":false},"excerpt":{"rendered":"<p>Dieses Jahr zum 35. Mal veranstaltet die Gesellschaft zur F\u00f6rderung j\u00fcdischer Kultur und Tradition e.V., seit 2017unter Vorsitz von Judith Epstein, die J\u00fcdischen Kulturtage M\u00fcnchen und tr\u00e4gt die J\u00fcdische Kultur und Traditionin die breite \u00d6ffentlichkeit. So setzt diese Veranstaltungsreihe ein festes Zeichen f\u00fcr ein offenes und tolerantesMiteinander und eine starke, demokratische Wertegemeinschaft in der Stadtgesellschaft. [&hellip;]<\/p>\n","protected":false},"author":2,"featured_media":12742,"comment_status":"closed","ping_status":"closed","sticky":false,"template":"","format":"standard","meta":{"_acf_changed":false,"footnotes":""},"categories":[3],"tags":[],"class_list":["post-12678","post","type-post","status-publish","format-standard","has-post-thumbnail","hentry","category-newsflash"],"acf":[],"yoast_head":"<!-- This site is optimized with the Yoast SEO plugin v26.1.1 - https:\/\/yoast.com\/wordpress\/plugins\/seo\/ -->\n<title>35. J\u00fcdische Kulturtage M\u00fcnchen 11. Nov. - 08. Dez. 2021 - Kultur Online TV &amp; FM<\/title>\n<meta name=\"description\" content=\"Kultur sehen und H\u00f6ren\" \/>\n<meta name=\"robots\" content=\"index, follow, max-snippet:-1, max-image-preview:large, max-video-preview:-1\" \/>\n<link rel=\"canonical\" href=\"https:\/\/kulturonline.tv\/de\/35-juedische-kulturtage-muenchen-11-nov-08-dez-2021\/\" \/>\n<meta property=\"og:locale\" content=\"de_DE\" \/>\n<meta property=\"og:type\" content=\"article\" \/>\n<meta property=\"og:title\" content=\"35. J\u00fcdische Kulturtage M\u00fcnchen 11. Nov. - 08. Dez. 2021 - Kultur Online TV &amp; FM\" \/>\n<meta property=\"og:description\" content=\"Kultur sehen und H\u00f6ren\" \/>\n<meta property=\"og:url\" content=\"https:\/\/kulturonline.tv\/de\/35-juedische-kulturtage-muenchen-11-nov-08-dez-2021\/\" \/>\n<meta property=\"og:site_name\" content=\"Kultur Online TV &amp; FM\" \/>\n<meta property=\"article:publisher\" content=\"https:\/\/www.facebook.com\/kulturonline.tv\" \/>\n<meta property=\"article:published_time\" content=\"2021-11-11T19:27:38+00:00\" \/>\n<meta property=\"article:modified_time\" content=\"2021-11-14T18:44:37+00:00\" \/>\n<meta property=\"og:image\" content=\"https:\/\/kulturonline.tv\/wp-content\/uploads\/2021\/11\/LIVESTREAM-2000.png\" \/>\n\t<meta property=\"og:image:width\" content=\"1920\" \/>\n\t<meta property=\"og:image:height\" content=\"1080\" \/>\n\t<meta property=\"og:image:type\" content=\"image\/png\" \/>\n<meta name=\"author\" content=\"guenter.wolfgang\" \/>\n<meta name=\"twitter:card\" content=\"summary_large_image\" \/>\n<meta name=\"twitter:label1\" content=\"Verfasst von\" \/>\n\t<meta name=\"twitter:data1\" content=\"guenter.wolfgang\" \/>\n\t<meta name=\"twitter:label2\" content=\"Gesch\u00e4tzte Lesezeit\" \/>\n\t<meta name=\"twitter:data2\" content=\"4\u00a0Minuten\" \/>\n<script type=\"application\/ld+json\" class=\"yoast-schema-graph\">{\"@context\":\"https:\/\/schema.org\",\"@graph\":[{\"@type\":\"Article\",\"@id\":\"https:\/\/kulturonline.tv\/de\/35-juedische-kulturtage-muenchen-11-nov-08-dez-2021\/#article\",\"isPartOf\":{\"@id\":\"https:\/\/kulturonline.tv\/de\/35-juedische-kulturtage-muenchen-11-nov-08-dez-2021\/\"},\"author\":{\"name\":\"guenter.wolfgang\",\"@id\":\"https:\/\/kulturonline.tv\/de\/#\/schema\/person\/b0fac729bb9a0c193fb1df23449df4fe\"},\"headline\":\"35. J\u00fcdische Kulturtage M\u00fcnchen 11. Nov. &#8211; 08. Dez. 2021\",\"datePublished\":\"2021-11-11T19:27:38+00:00\",\"dateModified\":\"2021-11-14T18:44:37+00:00\",\"mainEntityOfPage\":{\"@id\":\"https:\/\/kulturonline.tv\/de\/35-juedische-kulturtage-muenchen-11-nov-08-dez-2021\/\"},\"wordCount\":731,\"publisher\":{\"@id\":\"https:\/\/kulturonline.tv\/de\/#organization\"},\"image\":{\"@id\":\"https:\/\/kulturonline.tv\/de\/35-juedische-kulturtage-muenchen-11-nov-08-dez-2021\/#primaryimage\"},\"thumbnailUrl\":\"https:\/\/kulturonline.tv\/wp-content\/uploads\/2021\/11\/LIVESTREAM-2000.png\",\"articleSection\":[\"Newsflash\"],\"inLanguage\":\"de\"},{\"@type\":\"WebPage\",\"@id\":\"https:\/\/kulturonline.tv\/de\/35-juedische-kulturtage-muenchen-11-nov-08-dez-2021\/\",\"url\":\"https:\/\/kulturonline.tv\/de\/35-juedische-kulturtage-muenchen-11-nov-08-dez-2021\/\",\"name\":\"35. J\u00fcdische Kulturtage M\u00fcnchen 11. Nov. - 08. Dez. 2021 - Kultur Online TV &amp; FM\",\"isPartOf\":{\"@id\":\"https:\/\/kulturonline.tv\/de\/#website\"},\"primaryImageOfPage\":{\"@id\":\"https:\/\/kulturonline.tv\/de\/35-juedische-kulturtage-muenchen-11-nov-08-dez-2021\/#primaryimage\"},\"image\":{\"@id\":\"https:\/\/kulturonline.tv\/de\/35-juedische-kulturtage-muenchen-11-nov-08-dez-2021\/#primaryimage\"},\"thumbnailUrl\":\"https:\/\/kulturonline.tv\/wp-content\/uploads\/2021\/11\/LIVESTREAM-2000.png\",\"datePublished\":\"2021-11-11T19:27:38+00:00\",\"dateModified\":\"2021-11-14T18:44:37+00:00\",\"description\":\"Kultur sehen und H\u00f6ren\",\"breadcrumb\":{\"@id\":\"https:\/\/kulturonline.tv\/de\/35-juedische-kulturtage-muenchen-11-nov-08-dez-2021\/#breadcrumb\"},\"inLanguage\":\"de\",\"potentialAction\":[{\"@type\":\"ReadAction\",\"target\":[\"https:\/\/kulturonline.tv\/de\/35-juedische-kulturtage-muenchen-11-nov-08-dez-2021\/\"]}]},{\"@type\":\"ImageObject\",\"inLanguage\":\"de\",\"@id\":\"https:\/\/kulturonline.tv\/de\/35-juedische-kulturtage-muenchen-11-nov-08-dez-2021\/#primaryimage\",\"url\":\"https:\/\/kulturonline.tv\/wp-content\/uploads\/2021\/11\/LIVESTREAM-2000.png\",\"contentUrl\":\"https:\/\/kulturonline.tv\/wp-content\/uploads\/2021\/11\/LIVESTREAM-2000.png\",\"width\":1920,\"height\":1080},{\"@type\":\"BreadcrumbList\",\"@id\":\"https:\/\/kulturonline.tv\/de\/35-juedische-kulturtage-muenchen-11-nov-08-dez-2021\/#breadcrumb\",\"itemListElement\":[{\"@type\":\"ListItem\",\"position\":1,\"name\":\"Startseite\",\"item\":\"https:\/\/kulturonline.tv\/de\/\"},{\"@type\":\"ListItem\",\"position\":2,\"name\":\"35. J\u00fcdische Kulturtage M\u00fcnchen 11. Nov. &#8211; 08. Dez. 2021\"}]},{\"@type\":\"WebSite\",\"@id\":\"https:\/\/kulturonline.tv\/de\/#website\",\"url\":\"https:\/\/kulturonline.tv\/de\/\",\"name\":\"Kultur Online TV &amp; FM\",\"description\":\"Wir sind Kultur 2.0 zum sehen &amp; h\u00f6ren\",\"publisher\":{\"@id\":\"https:\/\/kulturonline.tv\/de\/#organization\"},\"potentialAction\":[{\"@type\":\"SearchAction\",\"target\":{\"@type\":\"EntryPoint\",\"urlTemplate\":\"https:\/\/kulturonline.tv\/de\/?s={search_term_string}\"},\"query-input\":{\"@type\":\"PropertyValueSpecification\",\"valueRequired\":true,\"valueName\":\"search_term_string\"}}],\"inLanguage\":\"de\"},{\"@type\":\"Organization\",\"@id\":\"https:\/\/kulturonline.tv\/de\/#organization\",\"name\":\"Kultur Online TV\",\"url\":\"https:\/\/kulturonline.tv\/de\/\",\"logo\":{\"@type\":\"ImageObject\",\"inLanguage\":\"de\",\"@id\":\"https:\/\/kulturonline.tv\/de\/#\/schema\/logo\/image\/\",\"url\":\"https:\/\/kulturonline.tv\/wp-content\/uploads\/2021\/08\/Kultur-Online-Tv-Logo-Endversion-neu.png\",\"contentUrl\":\"https:\/\/kulturonline.tv\/wp-content\/uploads\/2021\/08\/Kultur-Online-Tv-Logo-Endversion-neu.png\",\"width\":200,\"height\":200,\"caption\":\"Kultur Online TV\"},\"image\":{\"@id\":\"https:\/\/kulturonline.tv\/de\/#\/schema\/logo\/image\/\"},\"sameAs\":[\"https:\/\/www.facebook.com\/kulturonline.tv\",\"https:\/\/www.instagram.com\/kulturonline.tv\"]},{\"@type\":\"Person\",\"@id\":\"https:\/\/kulturonline.tv\/de\/#\/schema\/person\/b0fac729bb9a0c193fb1df23449df4fe\",\"name\":\"guenter.wolfgang\"}]}<\/script>\n<!-- \/ Yoast SEO plugin. -->","yoast_head_json":{"title":"35. J\u00fcdische Kulturtage M\u00fcnchen 11. Nov. - 08. Dez. 2021 - Kultur Online TV &amp; FM","description":"Kultur sehen und H\u00f6ren","robots":{"index":"index","follow":"follow","max-snippet":"max-snippet:-1","max-image-preview":"max-image-preview:large","max-video-preview":"max-video-preview:-1"},"canonical":"https:\/\/kulturonline.tv\/de\/35-juedische-kulturtage-muenchen-11-nov-08-dez-2021\/","og_locale":"de_DE","og_type":"article","og_title":"35. J\u00fcdische Kulturtage M\u00fcnchen 11. Nov. - 08. Dez. 2021 - Kultur Online TV &amp; FM","og_description":"Kultur sehen und H\u00f6ren","og_url":"https:\/\/kulturonline.tv\/de\/35-juedische-kulturtage-muenchen-11-nov-08-dez-2021\/","og_site_name":"Kultur Online TV &amp; FM","article_publisher":"https:\/\/www.facebook.com\/kulturonline.tv","article_published_time":"2021-11-11T19:27:38+00:00","article_modified_time":"2021-11-14T18:44:37+00:00","og_image":[{"width":1920,"height":1080,"url":"https:\/\/kulturonline.tv\/wp-content\/uploads\/2021\/11\/LIVESTREAM-2000.png","type":"image\/png"}],"author":"guenter.wolfgang","twitter_card":"summary_large_image","twitter_misc":{"Verfasst von":"guenter.wolfgang","Gesch\u00e4tzte Lesezeit":"4\u00a0Minuten"},"schema":{"@context":"https:\/\/schema.org","@graph":[{"@type":"Article","@id":"https:\/\/kulturonline.tv\/de\/35-juedische-kulturtage-muenchen-11-nov-08-dez-2021\/#article","isPartOf":{"@id":"https:\/\/kulturonline.tv\/de\/35-juedische-kulturtage-muenchen-11-nov-08-dez-2021\/"},"author":{"name":"guenter.wolfgang","@id":"https:\/\/kulturonline.tv\/de\/#\/schema\/person\/b0fac729bb9a0c193fb1df23449df4fe"},"headline":"35. J\u00fcdische Kulturtage M\u00fcnchen 11. Nov. &#8211; 08. Dez. 2021","datePublished":"2021-11-11T19:27:38+00:00","dateModified":"2021-11-14T18:44:37+00:00","mainEntityOfPage":{"@id":"https:\/\/kulturonline.tv\/de\/35-juedische-kulturtage-muenchen-11-nov-08-dez-2021\/"},"wordCount":731,"publisher":{"@id":"https:\/\/kulturonline.tv\/de\/#organization"},"image":{"@id":"https:\/\/kulturonline.tv\/de\/35-juedische-kulturtage-muenchen-11-nov-08-dez-2021\/#primaryimage"},"thumbnailUrl":"https:\/\/kulturonline.tv\/wp-content\/uploads\/2021\/11\/LIVESTREAM-2000.png","articleSection":["Newsflash"],"inLanguage":"de"},{"@type":"WebPage","@id":"https:\/\/kulturonline.tv\/de\/35-juedische-kulturtage-muenchen-11-nov-08-dez-2021\/","url":"https:\/\/kulturonline.tv\/de\/35-juedische-kulturtage-muenchen-11-nov-08-dez-2021\/","name":"35. J\u00fcdische Kulturtage M\u00fcnchen 11. Nov. - 08. Dez. 2021 - Kultur Online TV &amp; FM","isPartOf":{"@id":"https:\/\/kulturonline.tv\/de\/#website"},"primaryImageOfPage":{"@id":"https:\/\/kulturonline.tv\/de\/35-juedische-kulturtage-muenchen-11-nov-08-dez-2021\/#primaryimage"},"image":{"@id":"https:\/\/kulturonline.tv\/de\/35-juedische-kulturtage-muenchen-11-nov-08-dez-2021\/#primaryimage"},"thumbnailUrl":"https:\/\/kulturonline.tv\/wp-content\/uploads\/2021\/11\/LIVESTREAM-2000.png","datePublished":"2021-11-11T19:27:38+00:00","dateModified":"2021-11-14T18:44:37+00:00","description":"Kultur sehen und H\u00f6ren","breadcrumb":{"@id":"https:\/\/kulturonline.tv\/de\/35-juedische-kulturtage-muenchen-11-nov-08-dez-2021\/#breadcrumb"},"inLanguage":"de","potentialAction":[{"@type":"ReadAction","target":["https:\/\/kulturonline.tv\/de\/35-juedische-kulturtage-muenchen-11-nov-08-dez-2021\/"]}]},{"@type":"ImageObject","inLanguage":"de","@id":"https:\/\/kulturonline.tv\/de\/35-juedische-kulturtage-muenchen-11-nov-08-dez-2021\/#primaryimage","url":"https:\/\/kulturonline.tv\/wp-content\/uploads\/2021\/11\/LIVESTREAM-2000.png","contentUrl":"https:\/\/kulturonline.tv\/wp-content\/uploads\/2021\/11\/LIVESTREAM-2000.png","width":1920,"height":1080},{"@type":"BreadcrumbList","@id":"https:\/\/kulturonline.tv\/de\/35-juedische-kulturtage-muenchen-11-nov-08-dez-2021\/#breadcrumb","itemListElement":[{"@type":"ListItem","position":1,"name":"Startseite","item":"https:\/\/kulturonline.tv\/de\/"},{"@type":"ListItem","position":2,"name":"35. J\u00fcdische Kulturtage M\u00fcnchen 11. Nov. &#8211; 08. Dez. 2021"}]},{"@type":"WebSite","@id":"https:\/\/kulturonline.tv\/de\/#website","url":"https:\/\/kulturonline.tv\/de\/","name":"Kultur Online TV &amp; FM","description":"Wir sind Kultur 2.0 zum sehen &amp; h\u00f6ren","publisher":{"@id":"https:\/\/kulturonline.tv\/de\/#organization"},"potentialAction":[{"@type":"SearchAction","target":{"@type":"EntryPoint","urlTemplate":"https:\/\/kulturonline.tv\/de\/?s={search_term_string}"},"query-input":{"@type":"PropertyValueSpecification","valueRequired":true,"valueName":"search_term_string"}}],"inLanguage":"de"},{"@type":"Organization","@id":"https:\/\/kulturonline.tv\/de\/#organization","name":"Kultur Online TV","url":"https:\/\/kulturonline.tv\/de\/","logo":{"@type":"ImageObject","inLanguage":"de","@id":"https:\/\/kulturonline.tv\/de\/#\/schema\/logo\/image\/","url":"https:\/\/kulturonline.tv\/wp-content\/uploads\/2021\/08\/Kultur-Online-Tv-Logo-Endversion-neu.png","contentUrl":"https:\/\/kulturonline.tv\/wp-content\/uploads\/2021\/08\/Kultur-Online-Tv-Logo-Endversion-neu.png","width":200,"height":200,"caption":"Kultur Online TV"},"image":{"@id":"https:\/\/kulturonline.tv\/de\/#\/schema\/logo\/image\/"},"sameAs":["https:\/\/www.facebook.com\/kulturonline.tv","https:\/\/www.instagram.com\/kulturonline.tv"]},{"@type":"Person","@id":"https:\/\/kulturonline.tv\/de\/#\/schema\/person\/b0fac729bb9a0c193fb1df23449df4fe","name":"guenter.wolfgang"}]}},"_links":{"self":[{"href":"https:\/\/kulturonline.tv\/de\/wp-json\/wp\/v2\/posts\/12678","targetHints":{"allow":["GET"]}}],"collection":[{"href":"https:\/\/kulturonline.tv\/de\/wp-json\/wp\/v2\/posts"}],"about":[{"href":"https:\/\/kulturonline.tv\/de\/wp-json\/wp\/v2\/types\/post"}],"author":[{"embeddable":true,"href":"https:\/\/kulturonline.tv\/de\/wp-json\/wp\/v2\/users\/2"}],"replies":[{"embeddable":true,"href":"https:\/\/kulturonline.tv\/de\/wp-json\/wp\/v2\/comments?post=12678"}],"version-history":[{"count":0,"href":"https:\/\/kulturonline.tv\/de\/wp-json\/wp\/v2\/posts\/12678\/revisions"}],"wp:featuredmedia":[{"embeddable":true,"href":"https:\/\/kulturonline.tv\/de\/wp-json\/wp\/v2\/media\/12742"}],"wp:attachment":[{"href":"https:\/\/kulturonline.tv\/de\/wp-json\/wp\/v2\/media?parent=12678"}],"wp:term":[{"taxonomy":"category","embeddable":true,"href":"https:\/\/kulturonline.tv\/de\/wp-json\/wp\/v2\/categories?post=12678"},{"taxonomy":"post_tag","embeddable":true,"href":"https:\/\/kulturonline.tv\/de\/wp-json\/wp\/v2\/tags?post=12678"}],"curies":[{"name":"wp","href":"https:\/\/api.w.org\/{rel}","templated":true}]}}