{"id":13008,"date":"2021-11-22T15:27:18","date_gmt":"2021-11-22T14:27:18","guid":{"rendered":"https:\/\/kulturonline.tv\/unkategorisiert\/nestroy-preise-an-lina-beckmann-und-michael-maertens"},"modified":"2021-11-22T15:27:32","modified_gmt":"2021-11-22T14:27:32","slug":"nestroy-preise-an-lina-beckmann-und-michael-maertens","status":"publish","type":"post","link":"https:\/\/kulturonline.tv\/de\/nestroy-preise-an-lina-beckmann-und-michael-maertens\/","title":{"rendered":"Nestroy-Preise an Lina Beckmann und Michael Maertens"},"content":{"rendered":"\n<p><strong>Am Sonntagabend sind zum 22. Mal die Nestroy-Preise vergeben worden.<\/strong><\/p>\n\n\n\n<figure class=\"wp-block-image size-full is-resized\"><img fetchpriority=\"high\" decoding=\"async\" src=\"https:\/\/kulturonline.tv\/wp-content\/uploads\/2021\/11\/Nestroe-Preise-2021.jpg\" alt=\"\" class=\"wp-image-13005\" width=\"844\" height=\"475\" srcset=\"https:\/\/kulturonline.tv\/wp-content\/uploads\/2021\/11\/Nestroe-Preise-2021.jpg 616w, https:\/\/kulturonline.tv\/wp-content\/uploads\/2021\/11\/Nestroe-Preise-2021-600x338.jpg 600w\" sizes=\"(max-width: 844px) 100vw, 844px\" \/><\/figure>\n\n\n\n<p>Beste Schauspielerin wurde Lina Beckmann als Richard in &#8222;Richard the Kid &amp; the King&#8220; in einer Koproduktion der Salzburger Festspiele mit dem Deutschen Schauspielhaus Hamburg. Zum besten Schauspieler wurde Michael Maertens f\u00fcr zwei Akademietheater-Rollen gek\u00fcrt, Karel Kopfrkingl in &#8222;Der Leichenverbrenner&#8220; und Adam in &#8222;Automatenb\u00fcfett&#8220;.<\/p>\n\n\n\n<p>Der Wiener B\u00fchnenverein hatte die Gala im Theater an der Wien aufgrund der aktuellen Corona-Situation kurzfristig abgesagt. Die Preisverleihung wurde ohne Publikum aufgezeichnet. &#8222;ZiB&#8220;-Moderatorin Nadja Bernhard und ORF III-Moderator Peter F\u00e4sslacher mussten daher ohne Saal-Atmosph\u00e4re und ohne Nominierte die besten heimischen B\u00fchnenleistungen der Saison 2020\/21 pr\u00e4sentieren. Einige G\u00e4ste waren jedoch f\u00fcr kurze Gespr\u00e4che ins leere Theater gekommen. B\u00fchnenvereinspr\u00e4sident Franz Patay verteidigte die Absage der Gala: &#8222;Wenige Stunden vor dem n\u00e4chsten Lockdown eine Veranstaltung mit 1.000 Leuten abzuhalten war nicht das Signal, das wir senden wollten.&#8220; Wiens Kulturstadtr\u00e4tin Kaup-Hasler (SP\u00d6) betonte die Bedeutung von Kultur auch in Zeiten des Lockdowns: &#8222;Wir haben \u00fcberlebt durch Theater, durch Kunst und Kultur.&#8220;<\/p>\n\n\n\n<p>Zu Gast waren auch Josefstadt-Direktor Herbert F\u00f6ttinger, Ex-Burgtheater-Direktorin Karin Bergmann und die Schauspielerin und Reinhardt-Seminar-Leiterin Maria Happel, die einen Nachwuchs-Preis f\u00fcr ihre Tochter Paula Nocker (f\u00fcr ihre Lucy in &#8222;Die Dreigroschenoper&#8220; in den Kammerspielen der Josefstadt) mit nach Hause nehmen durfte. Der beste m\u00e4nnliche Nachwuchs wurde im Salzburger Landestheater (Gregor Schulz als Franz von Moor in &#8222;Die R\u00e4uber&#8220;) gesichtet.<\/p>\n\n\n\n<p>In das Akademietheater ging die Jury in der vergangenen Spielzeit besonders gerne: Auch die beste Darstellung einer Nebenrolle (Mehmet Ate\u015f\u00e7i als Miss Prism in &#8222;Bunbury&#8220;) und die beste Regie (Barbara Frey f\u00fcr &#8222;Automatenb\u00fcfett&#8220;) wurde dort gesehen. Zwei Preise gingen an das Schauspielhaus Graz: Anita Vulesica zeichnete dort f\u00fcr die beste Bundesl\u00e4nder-Auff\u00fchrung (&#8222;dritte republik (eine vermessung)&#8220; von Thomas K\u00f6ck) verantwortlich, mit dem Corona-Spezialpreis wurde &#8222;Krasnojarsk: Eine Endzeitreise in 360\u00b0 gew\u00fcrdigt, eine von Tom Feichtinger inszenierte virtuelle Vorstellung mit per Post zu den Zuschauern nach Hause verschickter VR-Brille. &#8222;Hoffen wir, dass es heuer damit vorbei ist&#8220;, meinte Bernhard zu dieser im Vorjahr erstmals eingef\u00fchrten Kategorie f\u00fcr innovative Formate.<\/p>\n\n\n\n<p>Der &#8222;Nestroy&#8220; f\u00fcr die beste Ausstattung ging an Nina von Mechow f\u00fcr ihre raffinierte mehrfache Drehb\u00fchne zu &#8222;Die Gewehre der Frau Kathrin Angerer&#8220;, einer Koproduktion der Wiener Festwochen mit der Berliner Volksb\u00fchne. Am Schauspielhaus Z\u00fcrich durfte man sich \u00fcber die Auszeichnung f\u00fcr die Beste Auff\u00fchrung im deutschsprachigen Raum (&#8222;Einfach das Ende der Welt&#8220; nach Jean-Luc Lagarce, Inszenierung Christopher R\u00fcping) freuen.<\/p>\n\n\n\n<p>&#8222;Precarious Moves&#8220; von Michael Turinsky, eine Koproduktion mit Tanzquartier Wien und HAU Hebbel am Ufer Berlin, wurde mit der Auszeichnung f\u00fcr die beste Off-Produktion bedacht. Die Online-Abstimmung um den Publikumspreis sah die neue Salzburger &#8222;Buhlschaft&#8220; Verena Altenberger vorne. Zwei Auszeichnungen standen bereits fest: Der Autorenpreis ging an Miroslava Svolikova f\u00fcr ihr am Wiener Schauspielhaus uraufgef\u00fchrtes St\u00fcck &#8222;Rand&#8220;, Nobelpreistr\u00e4gerin Elfriede Jelinek erhielt den &#8222;Nestroy&#8220; f\u00fcr ihr Lebenswerk. Sie war auf der B\u00fchne als Puppe pr\u00e4sent und schickte ein Audio-File mit einer Dankesrede. Statt eine Laudatio zu halten erz\u00e4hlte Regisseur Nicolas Stemann im Gespr\u00e4ch von seine Zusammenarbeit mit der Autorin, von der er zahlreiche St\u00fccke inszeniert hat.<\/p>\n\n\n\n<p>Auch einige Show-Einlagen enthielt der Abend, an dem acht von 14 Auszeichnungen an Frauen gingen und der von der Regie im Weltraum angesiedelt worden war. Florian Teichtmeister und Constanze Passin lieferten eine Abonnenten-Doppelconference. Das Orchester der Vereinigten B\u00fchnen Wien begleitete einen &#8222;Dreigroschenoper&#8220;-Song von Claudius von Stolzmann, ein von Julian Sigl gesungenes aktuelles Corona-Couplet, in dem unter anderem die Impfgegner aufs Korn genommen wurden (&#8222;Corona bleibt so uns noch lang, lang, lang&#8230;&#8220;), und ein Lied von Ruth Brauer-Kvam, in dem sie kurz auch im Duett mit ihrem heuer verstorbenen Vater Arik Brauer zu h\u00f6ren war. Denn die vergangene Saison hatte nicht nur H\u00f6hepunkte, sondern auch Abschiede gebracht. Und die n\u00e4chste Nestroy-Gala, das wurde mehrfach betont, kann dann hoffentlich wieder nicht im gespenstisch leeren, sondern in einem berstend vollen Theater gefeiert werden.<\/p>\n\n\n\n<p>APA<\/p>\n\n\n\n<p>Kultur Online TV<\/p>\n\n\n\n<p>#kultur #kunst #theater<\/p>\n","protected":false},"excerpt":{"rendered":"<p>Am Sonntagabend sind zum 22. Mal die Nestroy-Preise vergeben worden. Beste Schauspielerin wurde Lina Beckmann als Richard in &#8222;Richard the Kid &amp; the King&#8220; in einer Koproduktion der Salzburger Festspiele mit dem Deutschen Schauspielhaus Hamburg. Zum besten Schauspieler wurde Michael Maertens f\u00fcr zwei Akademietheater-Rollen gek\u00fcrt, Karel Kopfrkingl in &#8222;Der Leichenverbrenner&#8220; und Adam in &#8222;Automatenb\u00fcfett&#8220;. Der [&hellip;]<\/p>\n","protected":false},"author":2,"featured_media":13006,"comment_status":"closed","ping_status":"closed","sticky":false,"template":"","format":"standard","meta":{"_acf_changed":false,"footnotes":""},"categories":[105],"tags":[],"class_list":["post-13008","post","type-post","status-publish","format-standard","has-post-thumbnail","hentry","category-theater"],"acf":[],"yoast_head":"<!-- This site is optimized with the Yoast SEO plugin v26.1.1 - https:\/\/yoast.com\/wordpress\/plugins\/seo\/ -->\n<title>Nestroy-Preise an Lina Beckmann und Michael Maertens - Kultur Online TV &amp; FM<\/title>\n<meta name=\"description\" content=\"Kultur sehen und H\u00f6ren\" \/>\n<meta name=\"robots\" content=\"index, follow, max-snippet:-1, max-image-preview:large, max-video-preview:-1\" \/>\n<link rel=\"canonical\" href=\"https:\/\/kulturonline.tv\/de\/nestroy-preise-an-lina-beckmann-und-michael-maertens\/\" \/>\n<meta property=\"og:locale\" content=\"de_DE\" \/>\n<meta property=\"og:type\" content=\"article\" \/>\n<meta property=\"og:title\" content=\"Nestroy-Preise an Lina Beckmann und Michael Maertens - Kultur Online TV &amp; FM\" \/>\n<meta property=\"og:description\" content=\"Kultur sehen und H\u00f6ren\" \/>\n<meta property=\"og:url\" content=\"https:\/\/kulturonline.tv\/de\/nestroy-preise-an-lina-beckmann-und-michael-maertens\/\" \/>\n<meta property=\"og:site_name\" content=\"Kultur Online TV &amp; FM\" \/>\n<meta property=\"article:publisher\" content=\"https:\/\/www.facebook.com\/kulturonline.tv\" \/>\n<meta property=\"article:published_time\" content=\"2021-11-22T14:27:18+00:00\" \/>\n<meta property=\"article:modified_time\" content=\"2021-11-22T14:27:32+00:00\" \/>\n<meta property=\"og:image\" content=\"https:\/\/kulturonline.tv\/wp-content\/uploads\/2021\/11\/Nestroe-Preise-2021.jpg\" \/>\n\t<meta property=\"og:image:width\" content=\"616\" \/>\n\t<meta property=\"og:image:height\" content=\"347\" \/>\n\t<meta property=\"og:image:type\" content=\"image\/jpeg\" \/>\n<meta name=\"author\" content=\"guenter.wolfgang\" \/>\n<meta name=\"twitter:card\" content=\"summary_large_image\" \/>\n<meta name=\"twitter:label1\" content=\"Verfasst von\" \/>\n\t<meta name=\"twitter:data1\" content=\"guenter.wolfgang\" \/>\n\t<meta name=\"twitter:label2\" content=\"Gesch\u00e4tzte Lesezeit\" \/>\n\t<meta name=\"twitter:data2\" content=\"3\u00a0Minuten\" \/>\n<script type=\"application\/ld+json\" class=\"yoast-schema-graph\">{\"@context\":\"https:\/\/schema.org\",\"@graph\":[{\"@type\":\"Article\",\"@id\":\"https:\/\/kulturonline.tv\/de\/nestroy-preise-an-lina-beckmann-und-michael-maertens\/#article\",\"isPartOf\":{\"@id\":\"https:\/\/kulturonline.tv\/de\/nestroy-preise-an-lina-beckmann-und-michael-maertens\/\"},\"author\":{\"name\":\"guenter.wolfgang\",\"@id\":\"https:\/\/kulturonline.tv\/de\/#\/schema\/person\/b0fac729bb9a0c193fb1df23449df4fe\"},\"headline\":\"Nestroy-Preise an Lina Beckmann und Michael Maertens\",\"datePublished\":\"2021-11-22T14:27:18+00:00\",\"dateModified\":\"2021-11-22T14:27:32+00:00\",\"mainEntityOfPage\":{\"@id\":\"https:\/\/kulturonline.tv\/de\/nestroy-preise-an-lina-beckmann-und-michael-maertens\/\"},\"wordCount\":686,\"publisher\":{\"@id\":\"https:\/\/kulturonline.tv\/de\/#organization\"},\"image\":{\"@id\":\"https:\/\/kulturonline.tv\/de\/nestroy-preise-an-lina-beckmann-und-michael-maertens\/#primaryimage\"},\"thumbnailUrl\":\"https:\/\/kulturonline.tv\/wp-content\/uploads\/2021\/11\/Nestroe-Preise-2021.jpg\",\"articleSection\":[\"Theater\"],\"inLanguage\":\"de\"},{\"@type\":\"WebPage\",\"@id\":\"https:\/\/kulturonline.tv\/de\/nestroy-preise-an-lina-beckmann-und-michael-maertens\/\",\"url\":\"https:\/\/kulturonline.tv\/de\/nestroy-preise-an-lina-beckmann-und-michael-maertens\/\",\"name\":\"Nestroy-Preise an Lina Beckmann und Michael Maertens - Kultur Online TV &amp; FM\",\"isPartOf\":{\"@id\":\"https:\/\/kulturonline.tv\/de\/#website\"},\"primaryImageOfPage\":{\"@id\":\"https:\/\/kulturonline.tv\/de\/nestroy-preise-an-lina-beckmann-und-michael-maertens\/#primaryimage\"},\"image\":{\"@id\":\"https:\/\/kulturonline.tv\/de\/nestroy-preise-an-lina-beckmann-und-michael-maertens\/#primaryimage\"},\"thumbnailUrl\":\"https:\/\/kulturonline.tv\/wp-content\/uploads\/2021\/11\/Nestroe-Preise-2021.jpg\",\"datePublished\":\"2021-11-22T14:27:18+00:00\",\"dateModified\":\"2021-11-22T14:27:32+00:00\",\"description\":\"Kultur sehen und H\u00f6ren\",\"breadcrumb\":{\"@id\":\"https:\/\/kulturonline.tv\/de\/nestroy-preise-an-lina-beckmann-und-michael-maertens\/#breadcrumb\"},\"inLanguage\":\"de\",\"potentialAction\":[{\"@type\":\"ReadAction\",\"target\":[\"https:\/\/kulturonline.tv\/de\/nestroy-preise-an-lina-beckmann-und-michael-maertens\/\"]}]},{\"@type\":\"ImageObject\",\"inLanguage\":\"de\",\"@id\":\"https:\/\/kulturonline.tv\/de\/nestroy-preise-an-lina-beckmann-und-michael-maertens\/#primaryimage\",\"url\":\"https:\/\/kulturonline.tv\/wp-content\/uploads\/2021\/11\/Nestroe-Preise-2021.jpg\",\"contentUrl\":\"https:\/\/kulturonline.tv\/wp-content\/uploads\/2021\/11\/Nestroe-Preise-2021.jpg\",\"width\":616,\"height\":347},{\"@type\":\"BreadcrumbList\",\"@id\":\"https:\/\/kulturonline.tv\/de\/nestroy-preise-an-lina-beckmann-und-michael-maertens\/#breadcrumb\",\"itemListElement\":[{\"@type\":\"ListItem\",\"position\":1,\"name\":\"Startseite\",\"item\":\"https:\/\/kulturonline.tv\/de\/\"},{\"@type\":\"ListItem\",\"position\":2,\"name\":\"Nestroy-Preise an Lina Beckmann und Michael Maertens\"}]},{\"@type\":\"WebSite\",\"@id\":\"https:\/\/kulturonline.tv\/de\/#website\",\"url\":\"https:\/\/kulturonline.tv\/de\/\",\"name\":\"Kultur Online TV &amp; FM\",\"description\":\"Wir sind Kultur 2.0 zum sehen &amp; h\u00f6ren\",\"publisher\":{\"@id\":\"https:\/\/kulturonline.tv\/de\/#organization\"},\"potentialAction\":[{\"@type\":\"SearchAction\",\"target\":{\"@type\":\"EntryPoint\",\"urlTemplate\":\"https:\/\/kulturonline.tv\/de\/?s={search_term_string}\"},\"query-input\":{\"@type\":\"PropertyValueSpecification\",\"valueRequired\":true,\"valueName\":\"search_term_string\"}}],\"inLanguage\":\"de\"},{\"@type\":\"Organization\",\"@id\":\"https:\/\/kulturonline.tv\/de\/#organization\",\"name\":\"Kultur Online TV\",\"url\":\"https:\/\/kulturonline.tv\/de\/\",\"logo\":{\"@type\":\"ImageObject\",\"inLanguage\":\"de\",\"@id\":\"https:\/\/kulturonline.tv\/de\/#\/schema\/logo\/image\/\",\"url\":\"https:\/\/kulturonline.tv\/wp-content\/uploads\/2021\/08\/Kultur-Online-Tv-Logo-Endversion-neu.png\",\"contentUrl\":\"https:\/\/kulturonline.tv\/wp-content\/uploads\/2021\/08\/Kultur-Online-Tv-Logo-Endversion-neu.png\",\"width\":200,\"height\":200,\"caption\":\"Kultur Online TV\"},\"image\":{\"@id\":\"https:\/\/kulturonline.tv\/de\/#\/schema\/logo\/image\/\"},\"sameAs\":[\"https:\/\/www.facebook.com\/kulturonline.tv\",\"https:\/\/www.instagram.com\/kulturonline.tv\"]},{\"@type\":\"Person\",\"@id\":\"https:\/\/kulturonline.tv\/de\/#\/schema\/person\/b0fac729bb9a0c193fb1df23449df4fe\",\"name\":\"guenter.wolfgang\"}]}<\/script>\n<!-- \/ Yoast SEO plugin. -->","yoast_head_json":{"title":"Nestroy-Preise an Lina Beckmann und Michael Maertens - Kultur Online TV &amp; FM","description":"Kultur sehen und H\u00f6ren","robots":{"index":"index","follow":"follow","max-snippet":"max-snippet:-1","max-image-preview":"max-image-preview:large","max-video-preview":"max-video-preview:-1"},"canonical":"https:\/\/kulturonline.tv\/de\/nestroy-preise-an-lina-beckmann-und-michael-maertens\/","og_locale":"de_DE","og_type":"article","og_title":"Nestroy-Preise an Lina Beckmann und Michael Maertens - Kultur Online TV &amp; FM","og_description":"Kultur sehen und H\u00f6ren","og_url":"https:\/\/kulturonline.tv\/de\/nestroy-preise-an-lina-beckmann-und-michael-maertens\/","og_site_name":"Kultur Online TV &amp; FM","article_publisher":"https:\/\/www.facebook.com\/kulturonline.tv","article_published_time":"2021-11-22T14:27:18+00:00","article_modified_time":"2021-11-22T14:27:32+00:00","og_image":[{"width":616,"height":347,"url":"https:\/\/kulturonline.tv\/wp-content\/uploads\/2021\/11\/Nestroe-Preise-2021.jpg","type":"image\/jpeg"}],"author":"guenter.wolfgang","twitter_card":"summary_large_image","twitter_misc":{"Verfasst von":"guenter.wolfgang","Gesch\u00e4tzte Lesezeit":"3\u00a0Minuten"},"schema":{"@context":"https:\/\/schema.org","@graph":[{"@type":"Article","@id":"https:\/\/kulturonline.tv\/de\/nestroy-preise-an-lina-beckmann-und-michael-maertens\/#article","isPartOf":{"@id":"https:\/\/kulturonline.tv\/de\/nestroy-preise-an-lina-beckmann-und-michael-maertens\/"},"author":{"name":"guenter.wolfgang","@id":"https:\/\/kulturonline.tv\/de\/#\/schema\/person\/b0fac729bb9a0c193fb1df23449df4fe"},"headline":"Nestroy-Preise an Lina Beckmann und Michael Maertens","datePublished":"2021-11-22T14:27:18+00:00","dateModified":"2021-11-22T14:27:32+00:00","mainEntityOfPage":{"@id":"https:\/\/kulturonline.tv\/de\/nestroy-preise-an-lina-beckmann-und-michael-maertens\/"},"wordCount":686,"publisher":{"@id":"https:\/\/kulturonline.tv\/de\/#organization"},"image":{"@id":"https:\/\/kulturonline.tv\/de\/nestroy-preise-an-lina-beckmann-und-michael-maertens\/#primaryimage"},"thumbnailUrl":"https:\/\/kulturonline.tv\/wp-content\/uploads\/2021\/11\/Nestroe-Preise-2021.jpg","articleSection":["Theater"],"inLanguage":"de"},{"@type":"WebPage","@id":"https:\/\/kulturonline.tv\/de\/nestroy-preise-an-lina-beckmann-und-michael-maertens\/","url":"https:\/\/kulturonline.tv\/de\/nestroy-preise-an-lina-beckmann-und-michael-maertens\/","name":"Nestroy-Preise an Lina Beckmann und Michael Maertens - Kultur Online TV &amp; FM","isPartOf":{"@id":"https:\/\/kulturonline.tv\/de\/#website"},"primaryImageOfPage":{"@id":"https:\/\/kulturonline.tv\/de\/nestroy-preise-an-lina-beckmann-und-michael-maertens\/#primaryimage"},"image":{"@id":"https:\/\/kulturonline.tv\/de\/nestroy-preise-an-lina-beckmann-und-michael-maertens\/#primaryimage"},"thumbnailUrl":"https:\/\/kulturonline.tv\/wp-content\/uploads\/2021\/11\/Nestroe-Preise-2021.jpg","datePublished":"2021-11-22T14:27:18+00:00","dateModified":"2021-11-22T14:27:32+00:00","description":"Kultur sehen und H\u00f6ren","breadcrumb":{"@id":"https:\/\/kulturonline.tv\/de\/nestroy-preise-an-lina-beckmann-und-michael-maertens\/#breadcrumb"},"inLanguage":"de","potentialAction":[{"@type":"ReadAction","target":["https:\/\/kulturonline.tv\/de\/nestroy-preise-an-lina-beckmann-und-michael-maertens\/"]}]},{"@type":"ImageObject","inLanguage":"de","@id":"https:\/\/kulturonline.tv\/de\/nestroy-preise-an-lina-beckmann-und-michael-maertens\/#primaryimage","url":"https:\/\/kulturonline.tv\/wp-content\/uploads\/2021\/11\/Nestroe-Preise-2021.jpg","contentUrl":"https:\/\/kulturonline.tv\/wp-content\/uploads\/2021\/11\/Nestroe-Preise-2021.jpg","width":616,"height":347},{"@type":"BreadcrumbList","@id":"https:\/\/kulturonline.tv\/de\/nestroy-preise-an-lina-beckmann-und-michael-maertens\/#breadcrumb","itemListElement":[{"@type":"ListItem","position":1,"name":"Startseite","item":"https:\/\/kulturonline.tv\/de\/"},{"@type":"ListItem","position":2,"name":"Nestroy-Preise an Lina Beckmann und Michael Maertens"}]},{"@type":"WebSite","@id":"https:\/\/kulturonline.tv\/de\/#website","url":"https:\/\/kulturonline.tv\/de\/","name":"Kultur Online TV &amp; FM","description":"Wir sind Kultur 2.0 zum sehen &amp; h\u00f6ren","publisher":{"@id":"https:\/\/kulturonline.tv\/de\/#organization"},"potentialAction":[{"@type":"SearchAction","target":{"@type":"EntryPoint","urlTemplate":"https:\/\/kulturonline.tv\/de\/?s={search_term_string}"},"query-input":{"@type":"PropertyValueSpecification","valueRequired":true,"valueName":"search_term_string"}}],"inLanguage":"de"},{"@type":"Organization","@id":"https:\/\/kulturonline.tv\/de\/#organization","name":"Kultur Online TV","url":"https:\/\/kulturonline.tv\/de\/","logo":{"@type":"ImageObject","inLanguage":"de","@id":"https:\/\/kulturonline.tv\/de\/#\/schema\/logo\/image\/","url":"https:\/\/kulturonline.tv\/wp-content\/uploads\/2021\/08\/Kultur-Online-Tv-Logo-Endversion-neu.png","contentUrl":"https:\/\/kulturonline.tv\/wp-content\/uploads\/2021\/08\/Kultur-Online-Tv-Logo-Endversion-neu.png","width":200,"height":200,"caption":"Kultur Online TV"},"image":{"@id":"https:\/\/kulturonline.tv\/de\/#\/schema\/logo\/image\/"},"sameAs":["https:\/\/www.facebook.com\/kulturonline.tv","https:\/\/www.instagram.com\/kulturonline.tv"]},{"@type":"Person","@id":"https:\/\/kulturonline.tv\/de\/#\/schema\/person\/b0fac729bb9a0c193fb1df23449df4fe","name":"guenter.wolfgang"}]}},"_links":{"self":[{"href":"https:\/\/kulturonline.tv\/de\/wp-json\/wp\/v2\/posts\/13008","targetHints":{"allow":["GET"]}}],"collection":[{"href":"https:\/\/kulturonline.tv\/de\/wp-json\/wp\/v2\/posts"}],"about":[{"href":"https:\/\/kulturonline.tv\/de\/wp-json\/wp\/v2\/types\/post"}],"author":[{"embeddable":true,"href":"https:\/\/kulturonline.tv\/de\/wp-json\/wp\/v2\/users\/2"}],"replies":[{"embeddable":true,"href":"https:\/\/kulturonline.tv\/de\/wp-json\/wp\/v2\/comments?post=13008"}],"version-history":[{"count":0,"href":"https:\/\/kulturonline.tv\/de\/wp-json\/wp\/v2\/posts\/13008\/revisions"}],"wp:featuredmedia":[{"embeddable":true,"href":"https:\/\/kulturonline.tv\/de\/wp-json\/wp\/v2\/media\/13006"}],"wp:attachment":[{"href":"https:\/\/kulturonline.tv\/de\/wp-json\/wp\/v2\/media?parent=13008"}],"wp:term":[{"taxonomy":"category","embeddable":true,"href":"https:\/\/kulturonline.tv\/de\/wp-json\/wp\/v2\/categories?post=13008"},{"taxonomy":"post_tag","embeddable":true,"href":"https:\/\/kulturonline.tv\/de\/wp-json\/wp\/v2\/tags?post=13008"}],"curies":[{"name":"wp","href":"https:\/\/api.w.org\/{rel}","templated":true}]}}