{"id":13027,"date":"2021-11-22T16:32:56","date_gmt":"2021-11-22T15:32:56","guid":{"rendered":"https:\/\/kulturonline.tv\/?p=13027"},"modified":"2021-11-22T16:34:38","modified_gmt":"2021-11-22T15:34:38","slug":"weihnachtsmaerkte-oeffnen-mit-corona-auflagen","status":"publish","type":"post","link":"https:\/\/kulturonline.tv\/de\/weihnachtsmaerkte-oeffnen-mit-corona-auflagen\/","title":{"rendered":"Weihnachtsm\u00e4rkte \u00f6ffnen mit Corona-Auflagen"},"content":{"rendered":"\n<p><strong>Mit Kontrollen oder Maskenpflicht haben viele gro\u00dfe Berliner Weihnachtsm\u00e4rkte am Montag 22. November 2021  w\u00e4hrend der Corona-Pandemie ge\u00f6ffnet.<\/strong><\/p>\n\n\n\n<figure class=\"wp-block-image size-large\"><img fetchpriority=\"high\" decoding=\"async\" width=\"1920\" height=\"1080\" src=\"https:\/\/kulturonline.tv\/wp-content\/uploads\/2021\/11\/Weihnachstzauber-Kultur-Online-TV-edited.jpg\" alt=\"\" class=\"wp-image-13031\" srcset=\"https:\/\/kulturonline.tv\/wp-content\/uploads\/2021\/11\/Weihnachstzauber-Kultur-Online-TV-edited.jpg 1920w, https:\/\/kulturonline.tv\/wp-content\/uploads\/2021\/11\/Weihnachstzauber-Kultur-Online-TV-edited-600x338.jpg 600w, https:\/\/kulturonline.tv\/wp-content\/uploads\/2021\/11\/Weihnachstzauber-Kultur-Online-TV-edited-800x450.jpg 800w, https:\/\/kulturonline.tv\/wp-content\/uploads\/2021\/11\/Weihnachstzauber-Kultur-Online-TV-edited-1600x900.jpg 1600w, https:\/\/kulturonline.tv\/wp-content\/uploads\/2021\/11\/Weihnachstzauber-Kultur-Online-TV-edited-768x432.jpg 768w, https:\/\/kulturonline.tv\/wp-content\/uploads\/2021\/11\/Weihnachstzauber-Kultur-Online-TV-edited-1536x864.jpg 1536w\" sizes=\"(max-width: 1920px) 100vw, 1920px\" \/><\/figure>\n\n\n\n<p>Zahlreiche Besucher schlenderten am Vormittag \u00fcber den Weihnachtsmarkt auf dem Gendarmenmarkt. An den Eing\u00e4ngen musste dort jeder seinen Impf- oder Genesenen-Nachweis vorzeigen. Dadurch bildete sich ab 11 Uhr eine Schlange. Auf dem Weihnachtsmarkt gilt die 2G-Regel. Zus\u00e4tzlich trugen viele Menschen freiwillig Masken.<br>Maskenpflicht auf Weihnachtsm\u00e4rkten am Rathaus und an der Ged\u00e4chtniskirche<br>Auf anderen Weihnachtsm\u00e4rkten wie vor dem Roten Rathaus und an der Ged\u00e4chtniskirche nahe dem Ku&#8217;damm gibt es eine Maskenpflicht, daf\u00fcr werden keine Impfnachweise ben\u00f6tigt. An der Ged\u00e4chtniskirche war f\u00fcr den sp\u00e4ten Nachmittag noch eine offizielle Er\u00f6ffnung mit dem Regierenden B\u00fcrgermeister Michael M\u00fcller (SPD) geplant.<\/p>\n\n\n\n<p>Kultur Online TV<\/p>\n\n\n\n<p>#corona #weihnachtsmarkt<\/p>\n","protected":false},"excerpt":{"rendered":"<p>Mit Kontrollen oder Maskenpflicht haben viele gro\u00dfe Berliner Weihnachtsm\u00e4rkte am Montag 22. November 2021 w\u00e4hrend der Corona-Pandemie ge\u00f6ffnet. Zahlreiche Besucher schlenderten am Vormittag \u00fcber den Weihnachtsmarkt auf dem Gendarmenmarkt. An den Eing\u00e4ngen musste dort jeder seinen Impf- oder Genesenen-Nachweis vorzeigen. Dadurch bildete sich ab 11 Uhr eine Schlange. Auf dem Weihnachtsmarkt gilt die 2G-Regel. Zus\u00e4tzlich [&hellip;]<\/p>\n","protected":false},"author":2,"featured_media":13031,"comment_status":"closed","ping_status":"closed","sticky":false,"template":"","format":"standard","meta":{"_acf_changed":false,"footnotes":""},"categories":[3,123],"tags":[],"class_list":["post-13027","post","type-post","status-publish","format-standard","has-post-thumbnail","hentry","category-newsflash"],"acf":[],"yoast_head":"<!-- This site is optimized with the Yoast SEO plugin v26.1.1 - https:\/\/yoast.com\/wordpress\/plugins\/seo\/ -->\n<title>Weihnachtsm\u00e4rkte \u00f6ffnen mit Corona-Auflagen - Kultur Online TV &amp; FM<\/title>\n<meta name=\"description\" content=\"Kultur sehen und H\u00f6ren\" \/>\n<meta name=\"robots\" content=\"index, follow, max-snippet:-1, max-image-preview:large, max-video-preview:-1\" \/>\n<link rel=\"canonical\" href=\"https:\/\/kulturonline.tv\/de\/weihnachtsmaerkte-oeffnen-mit-corona-auflagen\/\" \/>\n<meta property=\"og:locale\" content=\"de_DE\" \/>\n<meta property=\"og:type\" content=\"article\" \/>\n<meta property=\"og:title\" content=\"Weihnachtsm\u00e4rkte \u00f6ffnen mit Corona-Auflagen - Kultur Online TV &amp; FM\" \/>\n<meta property=\"og:description\" content=\"Kultur sehen und H\u00f6ren\" \/>\n<meta property=\"og:url\" content=\"https:\/\/kulturonline.tv\/de\/weihnachtsmaerkte-oeffnen-mit-corona-auflagen\/\" \/>\n<meta property=\"og:site_name\" content=\"Kultur Online TV &amp; FM\" \/>\n<meta property=\"article:publisher\" content=\"https:\/\/www.facebook.com\/kulturonline.tv\" \/>\n<meta property=\"article:published_time\" content=\"2021-11-22T15:32:56+00:00\" \/>\n<meta property=\"article:modified_time\" content=\"2021-11-22T15:34:38+00:00\" \/>\n<meta property=\"og:image\" content=\"https:\/\/kulturonline.tv\/wp-content\/uploads\/2021\/11\/Weihnachstzauber-Kultur-Online-TV-edited.jpg\" \/>\n\t<meta property=\"og:image:width\" content=\"1920\" \/>\n\t<meta property=\"og:image:height\" content=\"1080\" \/>\n\t<meta property=\"og:image:type\" content=\"image\/jpeg\" \/>\n<meta name=\"author\" content=\"guenter.wolfgang\" \/>\n<meta name=\"twitter:card\" content=\"summary_large_image\" \/>\n<meta name=\"twitter:label1\" content=\"Verfasst von\" \/>\n\t<meta name=\"twitter:data1\" content=\"guenter.wolfgang\" \/>\n\t<meta name=\"twitter:label2\" content=\"Gesch\u00e4tzte Lesezeit\" \/>\n\t<meta name=\"twitter:data2\" content=\"1\u00a0Minute\" \/>\n<script type=\"application\/ld+json\" class=\"yoast-schema-graph\">{\"@context\":\"https:\/\/schema.org\",\"@graph\":[{\"@type\":\"Article\",\"@id\":\"https:\/\/kulturonline.tv\/de\/weihnachtsmaerkte-oeffnen-mit-corona-auflagen\/#article\",\"isPartOf\":{\"@id\":\"https:\/\/kulturonline.tv\/de\/weihnachtsmaerkte-oeffnen-mit-corona-auflagen\/\"},\"author\":{\"name\":\"guenter.wolfgang\",\"@id\":\"https:\/\/kulturonline.tv\/de\/#\/schema\/person\/b0fac729bb9a0c193fb1df23449df4fe\"},\"headline\":\"Weihnachtsm\u00e4rkte \u00f6ffnen mit Corona-Auflagen\",\"datePublished\":\"2021-11-22T15:32:56+00:00\",\"dateModified\":\"2021-11-22T15:34:38+00:00\",\"mainEntityOfPage\":{\"@id\":\"https:\/\/kulturonline.tv\/de\/weihnachtsmaerkte-oeffnen-mit-corona-auflagen\/\"},\"wordCount\":138,\"publisher\":{\"@id\":\"https:\/\/kulturonline.tv\/de\/#organization\"},\"image\":{\"@id\":\"https:\/\/kulturonline.tv\/de\/weihnachtsmaerkte-oeffnen-mit-corona-auflagen\/#primaryimage\"},\"thumbnailUrl\":\"https:\/\/kulturonline.tv\/wp-content\/uploads\/2021\/11\/Weihnachstzauber-Kultur-Online-TV-edited.jpg\",\"articleSection\":[\"Newsflash\",\"Newsflash\"],\"inLanguage\":\"de\"},{\"@type\":\"WebPage\",\"@id\":\"https:\/\/kulturonline.tv\/de\/weihnachtsmaerkte-oeffnen-mit-corona-auflagen\/\",\"url\":\"https:\/\/kulturonline.tv\/de\/weihnachtsmaerkte-oeffnen-mit-corona-auflagen\/\",\"name\":\"Weihnachtsm\u00e4rkte \u00f6ffnen mit Corona-Auflagen - Kultur Online TV &amp; FM\",\"isPartOf\":{\"@id\":\"https:\/\/kulturonline.tv\/de\/#website\"},\"primaryImageOfPage\":{\"@id\":\"https:\/\/kulturonline.tv\/de\/weihnachtsmaerkte-oeffnen-mit-corona-auflagen\/#primaryimage\"},\"image\":{\"@id\":\"https:\/\/kulturonline.tv\/de\/weihnachtsmaerkte-oeffnen-mit-corona-auflagen\/#primaryimage\"},\"thumbnailUrl\":\"https:\/\/kulturonline.tv\/wp-content\/uploads\/2021\/11\/Weihnachstzauber-Kultur-Online-TV-edited.jpg\",\"datePublished\":\"2021-11-22T15:32:56+00:00\",\"dateModified\":\"2021-11-22T15:34:38+00:00\",\"description\":\"Kultur sehen und H\u00f6ren\",\"breadcrumb\":{\"@id\":\"https:\/\/kulturonline.tv\/de\/weihnachtsmaerkte-oeffnen-mit-corona-auflagen\/#breadcrumb\"},\"inLanguage\":\"de\",\"potentialAction\":[{\"@type\":\"ReadAction\",\"target\":[\"https:\/\/kulturonline.tv\/de\/weihnachtsmaerkte-oeffnen-mit-corona-auflagen\/\"]}]},{\"@type\":\"ImageObject\",\"inLanguage\":\"de\",\"@id\":\"https:\/\/kulturonline.tv\/de\/weihnachtsmaerkte-oeffnen-mit-corona-auflagen\/#primaryimage\",\"url\":\"https:\/\/kulturonline.tv\/wp-content\/uploads\/2021\/11\/Weihnachstzauber-Kultur-Online-TV-edited.jpg\",\"contentUrl\":\"https:\/\/kulturonline.tv\/wp-content\/uploads\/2021\/11\/Weihnachstzauber-Kultur-Online-TV-edited.jpg\",\"width\":1920,\"height\":1080},{\"@type\":\"BreadcrumbList\",\"@id\":\"https:\/\/kulturonline.tv\/de\/weihnachtsmaerkte-oeffnen-mit-corona-auflagen\/#breadcrumb\",\"itemListElement\":[{\"@type\":\"ListItem\",\"position\":1,\"name\":\"Startseite\",\"item\":\"https:\/\/kulturonline.tv\/de\/\"},{\"@type\":\"ListItem\",\"position\":2,\"name\":\"Weihnachtsm\u00e4rkte \u00f6ffnen mit Corona-Auflagen\"}]},{\"@type\":\"WebSite\",\"@id\":\"https:\/\/kulturonline.tv\/de\/#website\",\"url\":\"https:\/\/kulturonline.tv\/de\/\",\"name\":\"Kultur Online TV &amp; FM\",\"description\":\"Wir sind Kultur 2.0 zum sehen &amp; h\u00f6ren\",\"publisher\":{\"@id\":\"https:\/\/kulturonline.tv\/de\/#organization\"},\"potentialAction\":[{\"@type\":\"SearchAction\",\"target\":{\"@type\":\"EntryPoint\",\"urlTemplate\":\"https:\/\/kulturonline.tv\/de\/?s={search_term_string}\"},\"query-input\":{\"@type\":\"PropertyValueSpecification\",\"valueRequired\":true,\"valueName\":\"search_term_string\"}}],\"inLanguage\":\"de\"},{\"@type\":\"Organization\",\"@id\":\"https:\/\/kulturonline.tv\/de\/#organization\",\"name\":\"Kultur Online TV\",\"url\":\"https:\/\/kulturonline.tv\/de\/\",\"logo\":{\"@type\":\"ImageObject\",\"inLanguage\":\"de\",\"@id\":\"https:\/\/kulturonline.tv\/de\/#\/schema\/logo\/image\/\",\"url\":\"https:\/\/kulturonline.tv\/wp-content\/uploads\/2021\/08\/Kultur-Online-Tv-Logo-Endversion-neu.png\",\"contentUrl\":\"https:\/\/kulturonline.tv\/wp-content\/uploads\/2021\/08\/Kultur-Online-Tv-Logo-Endversion-neu.png\",\"width\":200,\"height\":200,\"caption\":\"Kultur Online TV\"},\"image\":{\"@id\":\"https:\/\/kulturonline.tv\/de\/#\/schema\/logo\/image\/\"},\"sameAs\":[\"https:\/\/www.facebook.com\/kulturonline.tv\",\"https:\/\/www.instagram.com\/kulturonline.tv\"]},{\"@type\":\"Person\",\"@id\":\"https:\/\/kulturonline.tv\/de\/#\/schema\/person\/b0fac729bb9a0c193fb1df23449df4fe\",\"name\":\"guenter.wolfgang\"}]}<\/script>\n<!-- \/ Yoast SEO plugin. -->","yoast_head_json":{"title":"Weihnachtsm\u00e4rkte \u00f6ffnen mit Corona-Auflagen - Kultur Online TV &amp; FM","description":"Kultur sehen und H\u00f6ren","robots":{"index":"index","follow":"follow","max-snippet":"max-snippet:-1","max-image-preview":"max-image-preview:large","max-video-preview":"max-video-preview:-1"},"canonical":"https:\/\/kulturonline.tv\/de\/weihnachtsmaerkte-oeffnen-mit-corona-auflagen\/","og_locale":"de_DE","og_type":"article","og_title":"Weihnachtsm\u00e4rkte \u00f6ffnen mit Corona-Auflagen - Kultur Online TV &amp; FM","og_description":"Kultur sehen und H\u00f6ren","og_url":"https:\/\/kulturonline.tv\/de\/weihnachtsmaerkte-oeffnen-mit-corona-auflagen\/","og_site_name":"Kultur Online TV &amp; FM","article_publisher":"https:\/\/www.facebook.com\/kulturonline.tv","article_published_time":"2021-11-22T15:32:56+00:00","article_modified_time":"2021-11-22T15:34:38+00:00","og_image":[{"width":1920,"height":1080,"url":"https:\/\/kulturonline.tv\/wp-content\/uploads\/2021\/11\/Weihnachstzauber-Kultur-Online-TV-edited.jpg","type":"image\/jpeg"}],"author":"guenter.wolfgang","twitter_card":"summary_large_image","twitter_misc":{"Verfasst von":"guenter.wolfgang","Gesch\u00e4tzte Lesezeit":"1\u00a0Minute"},"schema":{"@context":"https:\/\/schema.org","@graph":[{"@type":"Article","@id":"https:\/\/kulturonline.tv\/de\/weihnachtsmaerkte-oeffnen-mit-corona-auflagen\/#article","isPartOf":{"@id":"https:\/\/kulturonline.tv\/de\/weihnachtsmaerkte-oeffnen-mit-corona-auflagen\/"},"author":{"name":"guenter.wolfgang","@id":"https:\/\/kulturonline.tv\/de\/#\/schema\/person\/b0fac729bb9a0c193fb1df23449df4fe"},"headline":"Weihnachtsm\u00e4rkte \u00f6ffnen mit Corona-Auflagen","datePublished":"2021-11-22T15:32:56+00:00","dateModified":"2021-11-22T15:34:38+00:00","mainEntityOfPage":{"@id":"https:\/\/kulturonline.tv\/de\/weihnachtsmaerkte-oeffnen-mit-corona-auflagen\/"},"wordCount":138,"publisher":{"@id":"https:\/\/kulturonline.tv\/de\/#organization"},"image":{"@id":"https:\/\/kulturonline.tv\/de\/weihnachtsmaerkte-oeffnen-mit-corona-auflagen\/#primaryimage"},"thumbnailUrl":"https:\/\/kulturonline.tv\/wp-content\/uploads\/2021\/11\/Weihnachstzauber-Kultur-Online-TV-edited.jpg","articleSection":["Newsflash","Newsflash"],"inLanguage":"de"},{"@type":"WebPage","@id":"https:\/\/kulturonline.tv\/de\/weihnachtsmaerkte-oeffnen-mit-corona-auflagen\/","url":"https:\/\/kulturonline.tv\/de\/weihnachtsmaerkte-oeffnen-mit-corona-auflagen\/","name":"Weihnachtsm\u00e4rkte \u00f6ffnen mit Corona-Auflagen - Kultur Online TV &amp; FM","isPartOf":{"@id":"https:\/\/kulturonline.tv\/de\/#website"},"primaryImageOfPage":{"@id":"https:\/\/kulturonline.tv\/de\/weihnachtsmaerkte-oeffnen-mit-corona-auflagen\/#primaryimage"},"image":{"@id":"https:\/\/kulturonline.tv\/de\/weihnachtsmaerkte-oeffnen-mit-corona-auflagen\/#primaryimage"},"thumbnailUrl":"https:\/\/kulturonline.tv\/wp-content\/uploads\/2021\/11\/Weihnachstzauber-Kultur-Online-TV-edited.jpg","datePublished":"2021-11-22T15:32:56+00:00","dateModified":"2021-11-22T15:34:38+00:00","description":"Kultur sehen und H\u00f6ren","breadcrumb":{"@id":"https:\/\/kulturonline.tv\/de\/weihnachtsmaerkte-oeffnen-mit-corona-auflagen\/#breadcrumb"},"inLanguage":"de","potentialAction":[{"@type":"ReadAction","target":["https:\/\/kulturonline.tv\/de\/weihnachtsmaerkte-oeffnen-mit-corona-auflagen\/"]}]},{"@type":"ImageObject","inLanguage":"de","@id":"https:\/\/kulturonline.tv\/de\/weihnachtsmaerkte-oeffnen-mit-corona-auflagen\/#primaryimage","url":"https:\/\/kulturonline.tv\/wp-content\/uploads\/2021\/11\/Weihnachstzauber-Kultur-Online-TV-edited.jpg","contentUrl":"https:\/\/kulturonline.tv\/wp-content\/uploads\/2021\/11\/Weihnachstzauber-Kultur-Online-TV-edited.jpg","width":1920,"height":1080},{"@type":"BreadcrumbList","@id":"https:\/\/kulturonline.tv\/de\/weihnachtsmaerkte-oeffnen-mit-corona-auflagen\/#breadcrumb","itemListElement":[{"@type":"ListItem","position":1,"name":"Startseite","item":"https:\/\/kulturonline.tv\/de\/"},{"@type":"ListItem","position":2,"name":"Weihnachtsm\u00e4rkte \u00f6ffnen mit Corona-Auflagen"}]},{"@type":"WebSite","@id":"https:\/\/kulturonline.tv\/de\/#website","url":"https:\/\/kulturonline.tv\/de\/","name":"Kultur Online TV &amp; FM","description":"Wir sind Kultur 2.0 zum sehen &amp; h\u00f6ren","publisher":{"@id":"https:\/\/kulturonline.tv\/de\/#organization"},"potentialAction":[{"@type":"SearchAction","target":{"@type":"EntryPoint","urlTemplate":"https:\/\/kulturonline.tv\/de\/?s={search_term_string}"},"query-input":{"@type":"PropertyValueSpecification","valueRequired":true,"valueName":"search_term_string"}}],"inLanguage":"de"},{"@type":"Organization","@id":"https:\/\/kulturonline.tv\/de\/#organization","name":"Kultur Online TV","url":"https:\/\/kulturonline.tv\/de\/","logo":{"@type":"ImageObject","inLanguage":"de","@id":"https:\/\/kulturonline.tv\/de\/#\/schema\/logo\/image\/","url":"https:\/\/kulturonline.tv\/wp-content\/uploads\/2021\/08\/Kultur-Online-Tv-Logo-Endversion-neu.png","contentUrl":"https:\/\/kulturonline.tv\/wp-content\/uploads\/2021\/08\/Kultur-Online-Tv-Logo-Endversion-neu.png","width":200,"height":200,"caption":"Kultur Online TV"},"image":{"@id":"https:\/\/kulturonline.tv\/de\/#\/schema\/logo\/image\/"},"sameAs":["https:\/\/www.facebook.com\/kulturonline.tv","https:\/\/www.instagram.com\/kulturonline.tv"]},{"@type":"Person","@id":"https:\/\/kulturonline.tv\/de\/#\/schema\/person\/b0fac729bb9a0c193fb1df23449df4fe","name":"guenter.wolfgang"}]}},"_links":{"self":[{"href":"https:\/\/kulturonline.tv\/de\/wp-json\/wp\/v2\/posts\/13027","targetHints":{"allow":["GET"]}}],"collection":[{"href":"https:\/\/kulturonline.tv\/de\/wp-json\/wp\/v2\/posts"}],"about":[{"href":"https:\/\/kulturonline.tv\/de\/wp-json\/wp\/v2\/types\/post"}],"author":[{"embeddable":true,"href":"https:\/\/kulturonline.tv\/de\/wp-json\/wp\/v2\/users\/2"}],"replies":[{"embeddable":true,"href":"https:\/\/kulturonline.tv\/de\/wp-json\/wp\/v2\/comments?post=13027"}],"version-history":[{"count":0,"href":"https:\/\/kulturonline.tv\/de\/wp-json\/wp\/v2\/posts\/13027\/revisions"}],"wp:featuredmedia":[{"embeddable":true,"href":"https:\/\/kulturonline.tv\/de\/wp-json\/wp\/v2\/media\/13031"}],"wp:attachment":[{"href":"https:\/\/kulturonline.tv\/de\/wp-json\/wp\/v2\/media?parent=13027"}],"wp:term":[{"taxonomy":"category","embeddable":true,"href":"https:\/\/kulturonline.tv\/de\/wp-json\/wp\/v2\/categories?post=13027"},{"taxonomy":"post_tag","embeddable":true,"href":"https:\/\/kulturonline.tv\/de\/wp-json\/wp\/v2\/tags?post=13027"}],"curies":[{"name":"wp","href":"https:\/\/api.w.org\/{rel}","templated":true}]}}