{"id":13047,"date":"2021-11-22T16:59:18","date_gmt":"2021-11-22T15:59:18","guid":{"rendered":"https:\/\/kulturonline.tv\/?p=13047"},"modified":"2021-11-22T16:59:19","modified_gmt":"2021-11-22T15:59:19","slug":"der-christmas-garden-feiert-im-november-sein-grosses-comeback","status":"publish","type":"post","link":"https:\/\/kulturonline.tv\/de\/der-christmas-garden-feiert-im-november-sein-grosses-comeback\/","title":{"rendered":"Der Christmas Garden feiert im November sein gro\u00dfes Comeback!"},"content":{"rendered":"\n<p>Ein ganz besonderes Weihnachtserlebnis f\u00fcr Erwachsene und Kinder in 10 St\u00e4dten \u2013 sicher und verantwortungsvoll organisiert.<\/p>\n\n\n\n<figure class=\"wp-block-image size-full\"><img fetchpriority=\"high\" decoding=\"async\" width=\"1024\" height=\"576\" src=\"https:\/\/kulturonline.tv\/wp-content\/uploads\/2021\/11\/christmas-garden-kultur-online-tv-edited.jpg\" alt=\"\" class=\"wp-image-13051\" srcset=\"https:\/\/kulturonline.tv\/wp-content\/uploads\/2021\/11\/christmas-garden-kultur-online-tv-edited.jpg 1024w, https:\/\/kulturonline.tv\/wp-content\/uploads\/2021\/11\/christmas-garden-kultur-online-tv-edited-600x338.jpg 600w, https:\/\/kulturonline.tv\/wp-content\/uploads\/2021\/11\/christmas-garden-kultur-online-tv-edited-800x450.jpg 800w, https:\/\/kulturonline.tv\/wp-content\/uploads\/2021\/11\/christmas-garden-kultur-online-tv-edited-768x432.jpg 768w\" sizes=\"(max-width: 1024px) 100vw, 1024px\" \/><figcaption>\u00a9 Christmas Garden &#8211; Michael Clemens<\/figcaption><\/figure>\n\n\n\n<p>Diese\u00a0Woche f\u00e4llt der Startschuss f\u00fcr die Er\u00f6ffnung der insgesamt\u00a0zehn Freiluftveranstaltungen<em>\u00a0<\/em>des<em>\u00a0Christmas Garden\u00a0<\/em>in Deutschland.\u00a0Im Interesse aller und aufgrund der aktuellen Entwicklungen wurde in allen Standorten auf\u00a0die\u00a02G-Regelung\u00a0(geimpft und genesen)\u00a0umgestellt.\u00a0Mit kontrolliertem Einlass, personalisiertem Ticketing, reduzierten Kapazit\u00e4ten,\u00a0Einbahnstra\u00dfenverfahren auf den kreativ gestalteten Rundwegen und einem Einlass\u00a0in\u00a030-min\u00fctigem Takt ist der Christmas Garden unter freiem Himmel ein sicheres Veranstaltungskonzept.<\/p>\n\n\n\n<p>Auf diese Weise wird Gedr\u00e4nge vermieden und der Abstand kann auf den weitl\u00e4ufigen Gel\u00e4nden sehr gut eingehalten werden.\u00a0Die Hygienekonzepte der jeweiligen Corona-Schutzverordnungen\u00a0der Bundesl\u00e4nder\u00a0werden nat\u00fcrlich umgesetzt und in einigen Bundesl\u00e4ndern \u00fcbererf\u00fcllt.\u00a0Wir bitten darum, vorab Tickets online zu kaufen, um einen kontaktlosen Einlass zu unterst\u00fctzen. Wir f\u00fchren die Veranstaltung sicher und verantwortungsvoll durch und bitten alle f\u00fcr die Umst\u00e4nde um Verst\u00e4ndnis.<\/p>\n\n\n\n<p><\/p>\n\n\n\n<p><a href=\"https:\/\/www.christmas-garden.de\/berlin\/\">TICKETS<\/a><\/p>\n\n\n\n<p><\/p>\n\n\n\n<p>Kultur Online TV<\/p>\n\n\n\n<p>#kultur #advent #weihnachten <\/p>\n","protected":false},"excerpt":{"rendered":"<p>Ein ganz besonderes Weihnachtserlebnis f\u00fcr Erwachsene und Kinder in 10 St\u00e4dten \u2013 sicher und verantwortungsvoll organisiert. Diese\u00a0Woche f\u00e4llt der Startschuss f\u00fcr die Er\u00f6ffnung der insgesamt\u00a0zehn Freiluftveranstaltungen\u00a0des\u00a0Christmas Garden\u00a0in Deutschland.\u00a0Im Interesse aller und aufgrund der aktuellen Entwicklungen wurde in allen Standorten auf\u00a0die\u00a02G-Regelung\u00a0(geimpft und genesen)\u00a0umgestellt.\u00a0Mit kontrolliertem Einlass, personalisiertem Ticketing, reduzierten Kapazit\u00e4ten,\u00a0Einbahnstra\u00dfenverfahren auf den kreativ gestalteten Rundwegen und einem [&hellip;]<\/p>\n","protected":false},"author":2,"featured_media":13051,"comment_status":"closed","ping_status":"closed","sticky":false,"template":"","format":"standard","meta":{"_acf_changed":false,"footnotes":""},"categories":[3],"tags":[],"class_list":["post-13047","post","type-post","status-publish","format-standard","has-post-thumbnail","hentry","category-newsflash"],"acf":[],"yoast_head":"<!-- This site is optimized with the Yoast SEO plugin v26.1.1 - https:\/\/yoast.com\/wordpress\/plugins\/seo\/ -->\n<title>Der Christmas Garden feiert im November sein gro\u00dfes Comeback! - Kultur Online TV &amp; FM<\/title>\n<meta name=\"description\" content=\"Kultur sehen und H\u00f6ren\" \/>\n<meta name=\"robots\" content=\"index, follow, max-snippet:-1, max-image-preview:large, max-video-preview:-1\" \/>\n<link rel=\"canonical\" href=\"https:\/\/kulturonline.tv\/de\/der-christmas-garden-feiert-im-november-sein-grosses-comeback\/\" \/>\n<meta property=\"og:locale\" content=\"de_DE\" \/>\n<meta property=\"og:type\" content=\"article\" \/>\n<meta property=\"og:title\" content=\"Der Christmas Garden feiert im November sein gro\u00dfes Comeback! - Kultur Online TV &amp; FM\" \/>\n<meta property=\"og:description\" content=\"Kultur sehen und H\u00f6ren\" \/>\n<meta property=\"og:url\" content=\"https:\/\/kulturonline.tv\/de\/der-christmas-garden-feiert-im-november-sein-grosses-comeback\/\" \/>\n<meta property=\"og:site_name\" content=\"Kultur Online TV &amp; FM\" \/>\n<meta property=\"article:publisher\" content=\"https:\/\/www.facebook.com\/kulturonline.tv\" \/>\n<meta property=\"article:published_time\" content=\"2021-11-22T15:59:18+00:00\" \/>\n<meta property=\"article:modified_time\" content=\"2021-11-22T15:59:19+00:00\" \/>\n<meta property=\"og:image\" content=\"https:\/\/kulturonline.tv\/wp-content\/uploads\/2021\/11\/christmas-garden-kultur-online-tv-edited.jpg\" \/>\n\t<meta property=\"og:image:width\" content=\"1024\" \/>\n\t<meta property=\"og:image:height\" content=\"576\" \/>\n\t<meta property=\"og:image:type\" content=\"image\/jpeg\" \/>\n<meta name=\"author\" content=\"guenter.wolfgang\" \/>\n<meta name=\"twitter:card\" content=\"summary_large_image\" \/>\n<meta name=\"twitter:label1\" content=\"Verfasst von\" \/>\n\t<meta name=\"twitter:data1\" content=\"guenter.wolfgang\" \/>\n\t<meta name=\"twitter:label2\" content=\"Gesch\u00e4tzte Lesezeit\" \/>\n\t<meta name=\"twitter:data2\" content=\"1\u00a0Minute\" \/>\n<script type=\"application\/ld+json\" class=\"yoast-schema-graph\">{\"@context\":\"https:\/\/schema.org\",\"@graph\":[{\"@type\":\"Article\",\"@id\":\"https:\/\/kulturonline.tv\/de\/der-christmas-garden-feiert-im-november-sein-grosses-comeback\/#article\",\"isPartOf\":{\"@id\":\"https:\/\/kulturonline.tv\/de\/der-christmas-garden-feiert-im-november-sein-grosses-comeback\/\"},\"author\":{\"name\":\"guenter.wolfgang\",\"@id\":\"https:\/\/kulturonline.tv\/de\/#\/schema\/person\/b0fac729bb9a0c193fb1df23449df4fe\"},\"headline\":\"Der Christmas Garden feiert im November sein gro\u00dfes Comeback!\",\"datePublished\":\"2021-11-22T15:59:18+00:00\",\"dateModified\":\"2021-11-22T15:59:19+00:00\",\"mainEntityOfPage\":{\"@id\":\"https:\/\/kulturonline.tv\/de\/der-christmas-garden-feiert-im-november-sein-grosses-comeback\/\"},\"wordCount\":184,\"publisher\":{\"@id\":\"https:\/\/kulturonline.tv\/de\/#organization\"},\"image\":{\"@id\":\"https:\/\/kulturonline.tv\/de\/der-christmas-garden-feiert-im-november-sein-grosses-comeback\/#primaryimage\"},\"thumbnailUrl\":\"https:\/\/kulturonline.tv\/wp-content\/uploads\/2021\/11\/christmas-garden-kultur-online-tv-edited.jpg\",\"articleSection\":[\"Newsflash\"],\"inLanguage\":\"de\"},{\"@type\":\"WebPage\",\"@id\":\"https:\/\/kulturonline.tv\/de\/der-christmas-garden-feiert-im-november-sein-grosses-comeback\/\",\"url\":\"https:\/\/kulturonline.tv\/de\/der-christmas-garden-feiert-im-november-sein-grosses-comeback\/\",\"name\":\"Der Christmas Garden feiert im November sein gro\u00dfes Comeback! - Kultur Online TV &amp; FM\",\"isPartOf\":{\"@id\":\"https:\/\/kulturonline.tv\/de\/#website\"},\"primaryImageOfPage\":{\"@id\":\"https:\/\/kulturonline.tv\/de\/der-christmas-garden-feiert-im-november-sein-grosses-comeback\/#primaryimage\"},\"image\":{\"@id\":\"https:\/\/kulturonline.tv\/de\/der-christmas-garden-feiert-im-november-sein-grosses-comeback\/#primaryimage\"},\"thumbnailUrl\":\"https:\/\/kulturonline.tv\/wp-content\/uploads\/2021\/11\/christmas-garden-kultur-online-tv-edited.jpg\",\"datePublished\":\"2021-11-22T15:59:18+00:00\",\"dateModified\":\"2021-11-22T15:59:19+00:00\",\"description\":\"Kultur sehen und H\u00f6ren\",\"breadcrumb\":{\"@id\":\"https:\/\/kulturonline.tv\/de\/der-christmas-garden-feiert-im-november-sein-grosses-comeback\/#breadcrumb\"},\"inLanguage\":\"de\",\"potentialAction\":[{\"@type\":\"ReadAction\",\"target\":[\"https:\/\/kulturonline.tv\/de\/der-christmas-garden-feiert-im-november-sein-grosses-comeback\/\"]}]},{\"@type\":\"ImageObject\",\"inLanguage\":\"de\",\"@id\":\"https:\/\/kulturonline.tv\/de\/der-christmas-garden-feiert-im-november-sein-grosses-comeback\/#primaryimage\",\"url\":\"https:\/\/kulturonline.tv\/wp-content\/uploads\/2021\/11\/christmas-garden-kultur-online-tv-edited.jpg\",\"contentUrl\":\"https:\/\/kulturonline.tv\/wp-content\/uploads\/2021\/11\/christmas-garden-kultur-online-tv-edited.jpg\",\"width\":1024,\"height\":576,\"caption\":\"Berlin\"},{\"@type\":\"BreadcrumbList\",\"@id\":\"https:\/\/kulturonline.tv\/de\/der-christmas-garden-feiert-im-november-sein-grosses-comeback\/#breadcrumb\",\"itemListElement\":[{\"@type\":\"ListItem\",\"position\":1,\"name\":\"Startseite\",\"item\":\"https:\/\/kulturonline.tv\/de\/\"},{\"@type\":\"ListItem\",\"position\":2,\"name\":\"Der Christmas Garden feiert im November sein gro\u00dfes Comeback!\"}]},{\"@type\":\"WebSite\",\"@id\":\"https:\/\/kulturonline.tv\/de\/#website\",\"url\":\"https:\/\/kulturonline.tv\/de\/\",\"name\":\"Kultur Online TV &amp; FM\",\"description\":\"Wir sind Kultur 2.0 zum sehen &amp; h\u00f6ren\",\"publisher\":{\"@id\":\"https:\/\/kulturonline.tv\/de\/#organization\"},\"potentialAction\":[{\"@type\":\"SearchAction\",\"target\":{\"@type\":\"EntryPoint\",\"urlTemplate\":\"https:\/\/kulturonline.tv\/de\/?s={search_term_string}\"},\"query-input\":{\"@type\":\"PropertyValueSpecification\",\"valueRequired\":true,\"valueName\":\"search_term_string\"}}],\"inLanguage\":\"de\"},{\"@type\":\"Organization\",\"@id\":\"https:\/\/kulturonline.tv\/de\/#organization\",\"name\":\"Kultur Online TV\",\"url\":\"https:\/\/kulturonline.tv\/de\/\",\"logo\":{\"@type\":\"ImageObject\",\"inLanguage\":\"de\",\"@id\":\"https:\/\/kulturonline.tv\/de\/#\/schema\/logo\/image\/\",\"url\":\"https:\/\/kulturonline.tv\/wp-content\/uploads\/2021\/08\/Kultur-Online-Tv-Logo-Endversion-neu.png\",\"contentUrl\":\"https:\/\/kulturonline.tv\/wp-content\/uploads\/2021\/08\/Kultur-Online-Tv-Logo-Endversion-neu.png\",\"width\":200,\"height\":200,\"caption\":\"Kultur Online TV\"},\"image\":{\"@id\":\"https:\/\/kulturonline.tv\/de\/#\/schema\/logo\/image\/\"},\"sameAs\":[\"https:\/\/www.facebook.com\/kulturonline.tv\",\"https:\/\/www.instagram.com\/kulturonline.tv\"]},{\"@type\":\"Person\",\"@id\":\"https:\/\/kulturonline.tv\/de\/#\/schema\/person\/b0fac729bb9a0c193fb1df23449df4fe\",\"name\":\"guenter.wolfgang\"}]}<\/script>\n<!-- \/ Yoast SEO plugin. -->","yoast_head_json":{"title":"Der Christmas Garden feiert im November sein gro\u00dfes Comeback! - Kultur Online TV &amp; FM","description":"Kultur sehen und H\u00f6ren","robots":{"index":"index","follow":"follow","max-snippet":"max-snippet:-1","max-image-preview":"max-image-preview:large","max-video-preview":"max-video-preview:-1"},"canonical":"https:\/\/kulturonline.tv\/de\/der-christmas-garden-feiert-im-november-sein-grosses-comeback\/","og_locale":"de_DE","og_type":"article","og_title":"Der Christmas Garden feiert im November sein gro\u00dfes Comeback! - Kultur Online TV &amp; FM","og_description":"Kultur sehen und H\u00f6ren","og_url":"https:\/\/kulturonline.tv\/de\/der-christmas-garden-feiert-im-november-sein-grosses-comeback\/","og_site_name":"Kultur Online TV &amp; FM","article_publisher":"https:\/\/www.facebook.com\/kulturonline.tv","article_published_time":"2021-11-22T15:59:18+00:00","article_modified_time":"2021-11-22T15:59:19+00:00","og_image":[{"width":1024,"height":576,"url":"https:\/\/kulturonline.tv\/wp-content\/uploads\/2021\/11\/christmas-garden-kultur-online-tv-edited.jpg","type":"image\/jpeg"}],"author":"guenter.wolfgang","twitter_card":"summary_large_image","twitter_misc":{"Verfasst von":"guenter.wolfgang","Gesch\u00e4tzte Lesezeit":"1\u00a0Minute"},"schema":{"@context":"https:\/\/schema.org","@graph":[{"@type":"Article","@id":"https:\/\/kulturonline.tv\/de\/der-christmas-garden-feiert-im-november-sein-grosses-comeback\/#article","isPartOf":{"@id":"https:\/\/kulturonline.tv\/de\/der-christmas-garden-feiert-im-november-sein-grosses-comeback\/"},"author":{"name":"guenter.wolfgang","@id":"https:\/\/kulturonline.tv\/de\/#\/schema\/person\/b0fac729bb9a0c193fb1df23449df4fe"},"headline":"Der Christmas Garden feiert im November sein gro\u00dfes Comeback!","datePublished":"2021-11-22T15:59:18+00:00","dateModified":"2021-11-22T15:59:19+00:00","mainEntityOfPage":{"@id":"https:\/\/kulturonline.tv\/de\/der-christmas-garden-feiert-im-november-sein-grosses-comeback\/"},"wordCount":184,"publisher":{"@id":"https:\/\/kulturonline.tv\/de\/#organization"},"image":{"@id":"https:\/\/kulturonline.tv\/de\/der-christmas-garden-feiert-im-november-sein-grosses-comeback\/#primaryimage"},"thumbnailUrl":"https:\/\/kulturonline.tv\/wp-content\/uploads\/2021\/11\/christmas-garden-kultur-online-tv-edited.jpg","articleSection":["Newsflash"],"inLanguage":"de"},{"@type":"WebPage","@id":"https:\/\/kulturonline.tv\/de\/der-christmas-garden-feiert-im-november-sein-grosses-comeback\/","url":"https:\/\/kulturonline.tv\/de\/der-christmas-garden-feiert-im-november-sein-grosses-comeback\/","name":"Der Christmas Garden feiert im November sein gro\u00dfes Comeback! - Kultur Online TV &amp; FM","isPartOf":{"@id":"https:\/\/kulturonline.tv\/de\/#website"},"primaryImageOfPage":{"@id":"https:\/\/kulturonline.tv\/de\/der-christmas-garden-feiert-im-november-sein-grosses-comeback\/#primaryimage"},"image":{"@id":"https:\/\/kulturonline.tv\/de\/der-christmas-garden-feiert-im-november-sein-grosses-comeback\/#primaryimage"},"thumbnailUrl":"https:\/\/kulturonline.tv\/wp-content\/uploads\/2021\/11\/christmas-garden-kultur-online-tv-edited.jpg","datePublished":"2021-11-22T15:59:18+00:00","dateModified":"2021-11-22T15:59:19+00:00","description":"Kultur sehen und H\u00f6ren","breadcrumb":{"@id":"https:\/\/kulturonline.tv\/de\/der-christmas-garden-feiert-im-november-sein-grosses-comeback\/#breadcrumb"},"inLanguage":"de","potentialAction":[{"@type":"ReadAction","target":["https:\/\/kulturonline.tv\/de\/der-christmas-garden-feiert-im-november-sein-grosses-comeback\/"]}]},{"@type":"ImageObject","inLanguage":"de","@id":"https:\/\/kulturonline.tv\/de\/der-christmas-garden-feiert-im-november-sein-grosses-comeback\/#primaryimage","url":"https:\/\/kulturonline.tv\/wp-content\/uploads\/2021\/11\/christmas-garden-kultur-online-tv-edited.jpg","contentUrl":"https:\/\/kulturonline.tv\/wp-content\/uploads\/2021\/11\/christmas-garden-kultur-online-tv-edited.jpg","width":1024,"height":576,"caption":"Berlin"},{"@type":"BreadcrumbList","@id":"https:\/\/kulturonline.tv\/de\/der-christmas-garden-feiert-im-november-sein-grosses-comeback\/#breadcrumb","itemListElement":[{"@type":"ListItem","position":1,"name":"Startseite","item":"https:\/\/kulturonline.tv\/de\/"},{"@type":"ListItem","position":2,"name":"Der Christmas Garden feiert im November sein gro\u00dfes Comeback!"}]},{"@type":"WebSite","@id":"https:\/\/kulturonline.tv\/de\/#website","url":"https:\/\/kulturonline.tv\/de\/","name":"Kultur Online TV &amp; FM","description":"Wir sind Kultur 2.0 zum sehen &amp; h\u00f6ren","publisher":{"@id":"https:\/\/kulturonline.tv\/de\/#organization"},"potentialAction":[{"@type":"SearchAction","target":{"@type":"EntryPoint","urlTemplate":"https:\/\/kulturonline.tv\/de\/?s={search_term_string}"},"query-input":{"@type":"PropertyValueSpecification","valueRequired":true,"valueName":"search_term_string"}}],"inLanguage":"de"},{"@type":"Organization","@id":"https:\/\/kulturonline.tv\/de\/#organization","name":"Kultur Online TV","url":"https:\/\/kulturonline.tv\/de\/","logo":{"@type":"ImageObject","inLanguage":"de","@id":"https:\/\/kulturonline.tv\/de\/#\/schema\/logo\/image\/","url":"https:\/\/kulturonline.tv\/wp-content\/uploads\/2021\/08\/Kultur-Online-Tv-Logo-Endversion-neu.png","contentUrl":"https:\/\/kulturonline.tv\/wp-content\/uploads\/2021\/08\/Kultur-Online-Tv-Logo-Endversion-neu.png","width":200,"height":200,"caption":"Kultur Online TV"},"image":{"@id":"https:\/\/kulturonline.tv\/de\/#\/schema\/logo\/image\/"},"sameAs":["https:\/\/www.facebook.com\/kulturonline.tv","https:\/\/www.instagram.com\/kulturonline.tv"]},{"@type":"Person","@id":"https:\/\/kulturonline.tv\/de\/#\/schema\/person\/b0fac729bb9a0c193fb1df23449df4fe","name":"guenter.wolfgang"}]}},"_links":{"self":[{"href":"https:\/\/kulturonline.tv\/de\/wp-json\/wp\/v2\/posts\/13047","targetHints":{"allow":["GET"]}}],"collection":[{"href":"https:\/\/kulturonline.tv\/de\/wp-json\/wp\/v2\/posts"}],"about":[{"href":"https:\/\/kulturonline.tv\/de\/wp-json\/wp\/v2\/types\/post"}],"author":[{"embeddable":true,"href":"https:\/\/kulturonline.tv\/de\/wp-json\/wp\/v2\/users\/2"}],"replies":[{"embeddable":true,"href":"https:\/\/kulturonline.tv\/de\/wp-json\/wp\/v2\/comments?post=13047"}],"version-history":[{"count":0,"href":"https:\/\/kulturonline.tv\/de\/wp-json\/wp\/v2\/posts\/13047\/revisions"}],"wp:featuredmedia":[{"embeddable":true,"href":"https:\/\/kulturonline.tv\/de\/wp-json\/wp\/v2\/media\/13051"}],"wp:attachment":[{"href":"https:\/\/kulturonline.tv\/de\/wp-json\/wp\/v2\/media?parent=13047"}],"wp:term":[{"taxonomy":"category","embeddable":true,"href":"https:\/\/kulturonline.tv\/de\/wp-json\/wp\/v2\/categories?post=13047"},{"taxonomy":"post_tag","embeddable":true,"href":"https:\/\/kulturonline.tv\/de\/wp-json\/wp\/v2\/tags?post=13047"}],"curies":[{"name":"wp","href":"https:\/\/api.w.org\/{rel}","templated":true}]}}