{"id":13054,"date":"2021-11-22T17:09:25","date_gmt":"2021-11-22T16:09:25","guid":{"rendered":"https:\/\/kulturonline.tv\/?p=13054"},"modified":"2021-11-22T17:09:25","modified_gmt":"2021-11-22T16:09:25","slug":"corona-tollwood-winterfestival-muenchen-kurzfristig-abgesagt","status":"publish","type":"post","link":"https:\/\/kulturonline.tv\/de\/corona-tollwood-winterfestival-muenchen-kurzfristig-abgesagt\/","title":{"rendered":"Corona: Tollwood Winterfestival M\u00fcnchen kurzfristig abgesagt"},"content":{"rendered":"\n<p>Wegen der hohen Inzidenz in Bayern musste das Tollwood Winterfestival M\u00fcnchen abgesagt werden. Es sollte am 24. 11. er\u00f6ffnet werden.<\/p>\n\n\n\n<figure class=\"wp-block-image size-full\"><img fetchpriority=\"high\" decoding=\"async\" width=\"1280\" height=\"720\" src=\"https:\/\/kulturonline.tv\/wp-content\/uploads\/2021\/11\/absage-tolwood-festival-muenchen-2021-edited.png\" alt=\"\" class=\"wp-image-13060\" srcset=\"https:\/\/kulturonline.tv\/wp-content\/uploads\/2021\/11\/absage-tolwood-festival-muenchen-2021-edited.png 1280w, https:\/\/kulturonline.tv\/wp-content\/uploads\/2021\/11\/absage-tolwood-festival-muenchen-2021-edited-600x338.png 600w, https:\/\/kulturonline.tv\/wp-content\/uploads\/2021\/11\/absage-tolwood-festival-muenchen-2021-edited-800x450.png 800w, https:\/\/kulturonline.tv\/wp-content\/uploads\/2021\/11\/absage-tolwood-festival-muenchen-2021-edited-768x432.png 768w\" sizes=\"(max-width: 1280px) 100vw, 1280px\" \/><\/figure>\n\n\n\n<p>Da die Bayerische Landesregierung die Durchf\u00fchrung von Weihnachtsm\u00e4rkten untersagte, darf auch das Tollwood Winterfestival nicht stattfinden. Dabei hatte die Festivalleitung im Vorfeld extra ein passgenaues Hygienekonzept erarbeitet, aber neben der schlimmen Inzidenzlage ist in Bayern die Situation auf den Intensivstationen der Krankenh\u00e4user so angespannt, dass auch diese Vorsichtsma\u00dfnahmen f\u00fcr eine optimale Vorbeugung nicht griffig genug w\u00e4ren.<\/p>\n\n\n\n<h2 class=\"wp-block-heading\"><strong>Auf der Homepage des Tollwood Festivals schreibt das Team zur Absage:<\/strong><\/h2>\n\n\n\n<p>\u201eSchweren Herzens und mit gro\u00dfem Bedauern m\u00fcssen wir Ihnen heute die Absage des Tollwood Winterfestivals 2021 mitteilen.<br>Aufgrund der dramatischen Entwicklung der Corona-Pandemie in Bayern untersagte die Bayerische Staatsregierung die Durchf\u00fchrung von Weihnachtsm\u00e4rkten.<br>Es tut uns im Herzen weh, Ihnen diese Entscheidung \u2013 ein weiteres Mal \u2013 mitteilen zu m\u00fcssen.<br>Voller Hoffnung haben wir im Sp\u00e4tsommer die Planungen begonnen, sehr gute Hygienekonzepte erstellt und alles getan, um Ihnen und allen Mitwirkenden optimale Sicherheit zu bieten. Doch die dramatische Entwicklung der Pandemie und die katastrophale Situation in den Krankenh\u00e4usern gebieten diese einschneidenden Ma\u00dfnahmen.<br>Wir danken Ihnen sehr herzlich f\u00fcr Ihr Verst\u00e4ndnis und Ihre Geduld! Bitte bleiben Sie gesund!<br>Wir sehen uns wieder auf dem Tollwood Sommerfestival 2022.\u201c<br>Das Tollwood-Team<\/p>\n\n\n\n<p>Kultur Online TV<\/p>\n\n\n\n<p>#advent #festival #m\u00fcnchen<\/p>\n","protected":false},"excerpt":{"rendered":"<p>Wegen der hohen Inzidenz in Bayern musste das Tollwood Winterfestival M\u00fcnchen abgesagt werden. Es sollte am 24. 11. er\u00f6ffnet werden. Da die Bayerische Landesregierung die Durchf\u00fchrung von Weihnachtsm\u00e4rkten untersagte, darf auch das Tollwood Winterfestival nicht stattfinden. Dabei hatte die Festivalleitung im Vorfeld extra ein passgenaues Hygienekonzept erarbeitet, aber neben der schlimmen Inzidenzlage ist in Bayern [&hellip;]<\/p>\n","protected":false},"author":2,"featured_media":13060,"comment_status":"closed","ping_status":"closed","sticky":false,"template":"","format":"standard","meta":{"_acf_changed":false,"footnotes":""},"categories":[3],"tags":[],"class_list":["post-13054","post","type-post","status-publish","format-standard","has-post-thumbnail","hentry","category-newsflash"],"acf":[],"yoast_head":"<!-- This site is optimized with the Yoast SEO plugin v26.1.1 - https:\/\/yoast.com\/wordpress\/plugins\/seo\/ -->\n<title>Corona: Tollwood Winterfestival M\u00fcnchen kurzfristig abgesagt - Kultur Online TV &amp; FM<\/title>\n<meta name=\"description\" content=\"Kultur sehen und H\u00f6ren\" \/>\n<meta name=\"robots\" content=\"index, follow, max-snippet:-1, max-image-preview:large, max-video-preview:-1\" \/>\n<link rel=\"canonical\" href=\"https:\/\/kulturonline.tv\/de\/corona-tollwood-winterfestival-muenchen-kurzfristig-abgesagt\/\" \/>\n<meta property=\"og:locale\" content=\"de_DE\" \/>\n<meta property=\"og:type\" content=\"article\" \/>\n<meta property=\"og:title\" content=\"Corona: Tollwood Winterfestival M\u00fcnchen kurzfristig abgesagt - Kultur Online TV &amp; FM\" \/>\n<meta property=\"og:description\" content=\"Kultur sehen und H\u00f6ren\" \/>\n<meta property=\"og:url\" content=\"https:\/\/kulturonline.tv\/de\/corona-tollwood-winterfestival-muenchen-kurzfristig-abgesagt\/\" \/>\n<meta property=\"og:site_name\" content=\"Kultur Online TV &amp; FM\" \/>\n<meta property=\"article:publisher\" content=\"https:\/\/www.facebook.com\/kulturonline.tv\" \/>\n<meta property=\"article:published_time\" content=\"2021-11-22T16:09:25+00:00\" \/>\n<meta property=\"og:image\" content=\"https:\/\/kulturonline.tv\/wp-content\/uploads\/2021\/11\/absage-tolwood-festival-muenchen-2021-edited.png\" \/>\n\t<meta property=\"og:image:width\" content=\"1280\" \/>\n\t<meta property=\"og:image:height\" content=\"720\" \/>\n\t<meta property=\"og:image:type\" content=\"image\/png\" \/>\n<meta name=\"author\" content=\"guenter.wolfgang\" \/>\n<meta name=\"twitter:card\" content=\"summary_large_image\" \/>\n<meta name=\"twitter:label1\" content=\"Verfasst von\" \/>\n\t<meta name=\"twitter:data1\" content=\"guenter.wolfgang\" \/>\n\t<meta name=\"twitter:label2\" content=\"Gesch\u00e4tzte Lesezeit\" \/>\n\t<meta name=\"twitter:data2\" content=\"2\u00a0Minuten\" \/>\n<script type=\"application\/ld+json\" class=\"yoast-schema-graph\">{\"@context\":\"https:\/\/schema.org\",\"@graph\":[{\"@type\":\"Article\",\"@id\":\"https:\/\/kulturonline.tv\/de\/corona-tollwood-winterfestival-muenchen-kurzfristig-abgesagt\/#article\",\"isPartOf\":{\"@id\":\"https:\/\/kulturonline.tv\/de\/corona-tollwood-winterfestival-muenchen-kurzfristig-abgesagt\/\"},\"author\":{\"name\":\"guenter.wolfgang\",\"@id\":\"https:\/\/kulturonline.tv\/de\/#\/schema\/person\/b0fac729bb9a0c193fb1df23449df4fe\"},\"headline\":\"Corona: Tollwood Winterfestival M\u00fcnchen kurzfristig abgesagt\",\"datePublished\":\"2021-11-22T16:09:25+00:00\",\"mainEntityOfPage\":{\"@id\":\"https:\/\/kulturonline.tv\/de\/corona-tollwood-winterfestival-muenchen-kurzfristig-abgesagt\/\"},\"wordCount\":231,\"publisher\":{\"@id\":\"https:\/\/kulturonline.tv\/de\/#organization\"},\"image\":{\"@id\":\"https:\/\/kulturonline.tv\/de\/corona-tollwood-winterfestival-muenchen-kurzfristig-abgesagt\/#primaryimage\"},\"thumbnailUrl\":\"https:\/\/kulturonline.tv\/wp-content\/uploads\/2021\/11\/absage-tolwood-festival-muenchen-2021-edited.png\",\"articleSection\":[\"Newsflash\"],\"inLanguage\":\"de\"},{\"@type\":\"WebPage\",\"@id\":\"https:\/\/kulturonline.tv\/de\/corona-tollwood-winterfestival-muenchen-kurzfristig-abgesagt\/\",\"url\":\"https:\/\/kulturonline.tv\/de\/corona-tollwood-winterfestival-muenchen-kurzfristig-abgesagt\/\",\"name\":\"Corona: Tollwood Winterfestival M\u00fcnchen kurzfristig abgesagt - Kultur Online TV &amp; FM\",\"isPartOf\":{\"@id\":\"https:\/\/kulturonline.tv\/de\/#website\"},\"primaryImageOfPage\":{\"@id\":\"https:\/\/kulturonline.tv\/de\/corona-tollwood-winterfestival-muenchen-kurzfristig-abgesagt\/#primaryimage\"},\"image\":{\"@id\":\"https:\/\/kulturonline.tv\/de\/corona-tollwood-winterfestival-muenchen-kurzfristig-abgesagt\/#primaryimage\"},\"thumbnailUrl\":\"https:\/\/kulturonline.tv\/wp-content\/uploads\/2021\/11\/absage-tolwood-festival-muenchen-2021-edited.png\",\"datePublished\":\"2021-11-22T16:09:25+00:00\",\"description\":\"Kultur sehen und H\u00f6ren\",\"breadcrumb\":{\"@id\":\"https:\/\/kulturonline.tv\/de\/corona-tollwood-winterfestival-muenchen-kurzfristig-abgesagt\/#breadcrumb\"},\"inLanguage\":\"de\",\"potentialAction\":[{\"@type\":\"ReadAction\",\"target\":[\"https:\/\/kulturonline.tv\/de\/corona-tollwood-winterfestival-muenchen-kurzfristig-abgesagt\/\"]}]},{\"@type\":\"ImageObject\",\"inLanguage\":\"de\",\"@id\":\"https:\/\/kulturonline.tv\/de\/corona-tollwood-winterfestival-muenchen-kurzfristig-abgesagt\/#primaryimage\",\"url\":\"https:\/\/kulturonline.tv\/wp-content\/uploads\/2021\/11\/absage-tolwood-festival-muenchen-2021-edited.png\",\"contentUrl\":\"https:\/\/kulturonline.tv\/wp-content\/uploads\/2021\/11\/absage-tolwood-festival-muenchen-2021-edited.png\",\"width\":1280,\"height\":720},{\"@type\":\"BreadcrumbList\",\"@id\":\"https:\/\/kulturonline.tv\/de\/corona-tollwood-winterfestival-muenchen-kurzfristig-abgesagt\/#breadcrumb\",\"itemListElement\":[{\"@type\":\"ListItem\",\"position\":1,\"name\":\"Startseite\",\"item\":\"https:\/\/kulturonline.tv\/de\/\"},{\"@type\":\"ListItem\",\"position\":2,\"name\":\"Corona: Tollwood Winterfestival M\u00fcnchen kurzfristig abgesagt\"}]},{\"@type\":\"WebSite\",\"@id\":\"https:\/\/kulturonline.tv\/de\/#website\",\"url\":\"https:\/\/kulturonline.tv\/de\/\",\"name\":\"Kultur Online TV &amp; FM\",\"description\":\"Wir sind Kultur 2.0 zum sehen &amp; h\u00f6ren\",\"publisher\":{\"@id\":\"https:\/\/kulturonline.tv\/de\/#organization\"},\"potentialAction\":[{\"@type\":\"SearchAction\",\"target\":{\"@type\":\"EntryPoint\",\"urlTemplate\":\"https:\/\/kulturonline.tv\/de\/?s={search_term_string}\"},\"query-input\":{\"@type\":\"PropertyValueSpecification\",\"valueRequired\":true,\"valueName\":\"search_term_string\"}}],\"inLanguage\":\"de\"},{\"@type\":\"Organization\",\"@id\":\"https:\/\/kulturonline.tv\/de\/#organization\",\"name\":\"Kultur Online TV\",\"url\":\"https:\/\/kulturonline.tv\/de\/\",\"logo\":{\"@type\":\"ImageObject\",\"inLanguage\":\"de\",\"@id\":\"https:\/\/kulturonline.tv\/de\/#\/schema\/logo\/image\/\",\"url\":\"https:\/\/kulturonline.tv\/wp-content\/uploads\/2021\/08\/Kultur-Online-Tv-Logo-Endversion-neu.png\",\"contentUrl\":\"https:\/\/kulturonline.tv\/wp-content\/uploads\/2021\/08\/Kultur-Online-Tv-Logo-Endversion-neu.png\",\"width\":200,\"height\":200,\"caption\":\"Kultur Online TV\"},\"image\":{\"@id\":\"https:\/\/kulturonline.tv\/de\/#\/schema\/logo\/image\/\"},\"sameAs\":[\"https:\/\/www.facebook.com\/kulturonline.tv\",\"https:\/\/www.instagram.com\/kulturonline.tv\"]},{\"@type\":\"Person\",\"@id\":\"https:\/\/kulturonline.tv\/de\/#\/schema\/person\/b0fac729bb9a0c193fb1df23449df4fe\",\"name\":\"guenter.wolfgang\"}]}<\/script>\n<!-- \/ Yoast SEO plugin. -->","yoast_head_json":{"title":"Corona: Tollwood Winterfestival M\u00fcnchen kurzfristig abgesagt - Kultur Online TV &amp; FM","description":"Kultur sehen und H\u00f6ren","robots":{"index":"index","follow":"follow","max-snippet":"max-snippet:-1","max-image-preview":"max-image-preview:large","max-video-preview":"max-video-preview:-1"},"canonical":"https:\/\/kulturonline.tv\/de\/corona-tollwood-winterfestival-muenchen-kurzfristig-abgesagt\/","og_locale":"de_DE","og_type":"article","og_title":"Corona: Tollwood Winterfestival M\u00fcnchen kurzfristig abgesagt - Kultur Online TV &amp; FM","og_description":"Kultur sehen und H\u00f6ren","og_url":"https:\/\/kulturonline.tv\/de\/corona-tollwood-winterfestival-muenchen-kurzfristig-abgesagt\/","og_site_name":"Kultur Online TV &amp; FM","article_publisher":"https:\/\/www.facebook.com\/kulturonline.tv","article_published_time":"2021-11-22T16:09:25+00:00","og_image":[{"width":1280,"height":720,"url":"https:\/\/kulturonline.tv\/wp-content\/uploads\/2021\/11\/absage-tolwood-festival-muenchen-2021-edited.png","type":"image\/png"}],"author":"guenter.wolfgang","twitter_card":"summary_large_image","twitter_misc":{"Verfasst von":"guenter.wolfgang","Gesch\u00e4tzte Lesezeit":"2\u00a0Minuten"},"schema":{"@context":"https:\/\/schema.org","@graph":[{"@type":"Article","@id":"https:\/\/kulturonline.tv\/de\/corona-tollwood-winterfestival-muenchen-kurzfristig-abgesagt\/#article","isPartOf":{"@id":"https:\/\/kulturonline.tv\/de\/corona-tollwood-winterfestival-muenchen-kurzfristig-abgesagt\/"},"author":{"name":"guenter.wolfgang","@id":"https:\/\/kulturonline.tv\/de\/#\/schema\/person\/b0fac729bb9a0c193fb1df23449df4fe"},"headline":"Corona: Tollwood Winterfestival M\u00fcnchen kurzfristig abgesagt","datePublished":"2021-11-22T16:09:25+00:00","mainEntityOfPage":{"@id":"https:\/\/kulturonline.tv\/de\/corona-tollwood-winterfestival-muenchen-kurzfristig-abgesagt\/"},"wordCount":231,"publisher":{"@id":"https:\/\/kulturonline.tv\/de\/#organization"},"image":{"@id":"https:\/\/kulturonline.tv\/de\/corona-tollwood-winterfestival-muenchen-kurzfristig-abgesagt\/#primaryimage"},"thumbnailUrl":"https:\/\/kulturonline.tv\/wp-content\/uploads\/2021\/11\/absage-tolwood-festival-muenchen-2021-edited.png","articleSection":["Newsflash"],"inLanguage":"de"},{"@type":"WebPage","@id":"https:\/\/kulturonline.tv\/de\/corona-tollwood-winterfestival-muenchen-kurzfristig-abgesagt\/","url":"https:\/\/kulturonline.tv\/de\/corona-tollwood-winterfestival-muenchen-kurzfristig-abgesagt\/","name":"Corona: Tollwood Winterfestival M\u00fcnchen kurzfristig abgesagt - Kultur Online TV &amp; FM","isPartOf":{"@id":"https:\/\/kulturonline.tv\/de\/#website"},"primaryImageOfPage":{"@id":"https:\/\/kulturonline.tv\/de\/corona-tollwood-winterfestival-muenchen-kurzfristig-abgesagt\/#primaryimage"},"image":{"@id":"https:\/\/kulturonline.tv\/de\/corona-tollwood-winterfestival-muenchen-kurzfristig-abgesagt\/#primaryimage"},"thumbnailUrl":"https:\/\/kulturonline.tv\/wp-content\/uploads\/2021\/11\/absage-tolwood-festival-muenchen-2021-edited.png","datePublished":"2021-11-22T16:09:25+00:00","description":"Kultur sehen und H\u00f6ren","breadcrumb":{"@id":"https:\/\/kulturonline.tv\/de\/corona-tollwood-winterfestival-muenchen-kurzfristig-abgesagt\/#breadcrumb"},"inLanguage":"de","potentialAction":[{"@type":"ReadAction","target":["https:\/\/kulturonline.tv\/de\/corona-tollwood-winterfestival-muenchen-kurzfristig-abgesagt\/"]}]},{"@type":"ImageObject","inLanguage":"de","@id":"https:\/\/kulturonline.tv\/de\/corona-tollwood-winterfestival-muenchen-kurzfristig-abgesagt\/#primaryimage","url":"https:\/\/kulturonline.tv\/wp-content\/uploads\/2021\/11\/absage-tolwood-festival-muenchen-2021-edited.png","contentUrl":"https:\/\/kulturonline.tv\/wp-content\/uploads\/2021\/11\/absage-tolwood-festival-muenchen-2021-edited.png","width":1280,"height":720},{"@type":"BreadcrumbList","@id":"https:\/\/kulturonline.tv\/de\/corona-tollwood-winterfestival-muenchen-kurzfristig-abgesagt\/#breadcrumb","itemListElement":[{"@type":"ListItem","position":1,"name":"Startseite","item":"https:\/\/kulturonline.tv\/de\/"},{"@type":"ListItem","position":2,"name":"Corona: Tollwood Winterfestival M\u00fcnchen kurzfristig abgesagt"}]},{"@type":"WebSite","@id":"https:\/\/kulturonline.tv\/de\/#website","url":"https:\/\/kulturonline.tv\/de\/","name":"Kultur Online TV &amp; FM","description":"Wir sind Kultur 2.0 zum sehen &amp; h\u00f6ren","publisher":{"@id":"https:\/\/kulturonline.tv\/de\/#organization"},"potentialAction":[{"@type":"SearchAction","target":{"@type":"EntryPoint","urlTemplate":"https:\/\/kulturonline.tv\/de\/?s={search_term_string}"},"query-input":{"@type":"PropertyValueSpecification","valueRequired":true,"valueName":"search_term_string"}}],"inLanguage":"de"},{"@type":"Organization","@id":"https:\/\/kulturonline.tv\/de\/#organization","name":"Kultur Online TV","url":"https:\/\/kulturonline.tv\/de\/","logo":{"@type":"ImageObject","inLanguage":"de","@id":"https:\/\/kulturonline.tv\/de\/#\/schema\/logo\/image\/","url":"https:\/\/kulturonline.tv\/wp-content\/uploads\/2021\/08\/Kultur-Online-Tv-Logo-Endversion-neu.png","contentUrl":"https:\/\/kulturonline.tv\/wp-content\/uploads\/2021\/08\/Kultur-Online-Tv-Logo-Endversion-neu.png","width":200,"height":200,"caption":"Kultur Online TV"},"image":{"@id":"https:\/\/kulturonline.tv\/de\/#\/schema\/logo\/image\/"},"sameAs":["https:\/\/www.facebook.com\/kulturonline.tv","https:\/\/www.instagram.com\/kulturonline.tv"]},{"@type":"Person","@id":"https:\/\/kulturonline.tv\/de\/#\/schema\/person\/b0fac729bb9a0c193fb1df23449df4fe","name":"guenter.wolfgang"}]}},"_links":{"self":[{"href":"https:\/\/kulturonline.tv\/de\/wp-json\/wp\/v2\/posts\/13054","targetHints":{"allow":["GET"]}}],"collection":[{"href":"https:\/\/kulturonline.tv\/de\/wp-json\/wp\/v2\/posts"}],"about":[{"href":"https:\/\/kulturonline.tv\/de\/wp-json\/wp\/v2\/types\/post"}],"author":[{"embeddable":true,"href":"https:\/\/kulturonline.tv\/de\/wp-json\/wp\/v2\/users\/2"}],"replies":[{"embeddable":true,"href":"https:\/\/kulturonline.tv\/de\/wp-json\/wp\/v2\/comments?post=13054"}],"version-history":[{"count":0,"href":"https:\/\/kulturonline.tv\/de\/wp-json\/wp\/v2\/posts\/13054\/revisions"}],"wp:featuredmedia":[{"embeddable":true,"href":"https:\/\/kulturonline.tv\/de\/wp-json\/wp\/v2\/media\/13060"}],"wp:attachment":[{"href":"https:\/\/kulturonline.tv\/de\/wp-json\/wp\/v2\/media?parent=13054"}],"wp:term":[{"taxonomy":"category","embeddable":true,"href":"https:\/\/kulturonline.tv\/de\/wp-json\/wp\/v2\/categories?post=13054"},{"taxonomy":"post_tag","embeddable":true,"href":"https:\/\/kulturonline.tv\/de\/wp-json\/wp\/v2\/tags?post=13054"}],"curies":[{"name":"wp","href":"https:\/\/api.w.org\/{rel}","templated":true}]}}