{"id":13073,"date":"2021-11-22T17:34:35","date_gmt":"2021-11-22T16:34:35","guid":{"rendered":"https:\/\/kulturonline.tv\/?p=13073"},"modified":"2021-11-22T17:34:36","modified_gmt":"2021-11-22T16:34:36","slug":"neue-leitung-fuer-volkstheater-und-junges-staatstheater-karlsruhe","status":"publish","type":"post","link":"https:\/\/kulturonline.tv\/de\/neue-leitung-fuer-volkstheater-und-junges-staatstheater-karlsruhe\/","title":{"rendered":"Neue Leitung f\u00fcr Volkstheater und Junges Staatstheater Karlsruhe"},"content":{"rendered":"\n<p>Staatstheater Karlsruhe<br>Zwei Sparten des Badischen Staatstheaters Karlsruhe sind ab der Spielzeit 2022\/23 in neuen H\u00e4nden: Nele Kathlen Tippelmann \u00fcbernimmt die Leitung des Jungen Staatstheaters, der 2011 gegr\u00fcndeten Kinder- und Jugendtheatersparte, die gerade ihr 10-j\u00e4hriges Jubil\u00e4um feiert. Die B\u00fcrgerb\u00fchne, das \u201eVolkstheater\u201c, leitet ab September 2022 Nike-Marie Steinbach.<\/p>\n\n\n\n<figure class=\"wp-block-image size-full is-resized\"><img decoding=\"async\" src=\"https:\/\/kulturonline.tv\/wp-content\/uploads\/2021\/11\/Badisches_Staatstheater_Karlsruhe_kultur-online-tv-edited.jpg\" alt=\"\" class=\"wp-image-13077\" width=\"845\" srcset=\"https:\/\/kulturonline.tv\/wp-content\/uploads\/2021\/11\/Badisches_Staatstheater_Karlsruhe_kultur-online-tv-edited.jpg 800w, https:\/\/kulturonline.tv\/wp-content\/uploads\/2021\/11\/Badisches_Staatstheater_Karlsruhe_kultur-online-tv-edited-600x337.jpg 600w, https:\/\/kulturonline.tv\/wp-content\/uploads\/2021\/11\/Badisches_Staatstheater_Karlsruhe_kultur-online-tv-edited-768x431.jpg 768w\" sizes=\"(max-width: 800px) 100vw, 800px\" \/><\/figure>\n\n\n\n<p>Kunstministerin Theresia Bauer, Vorsitzende des Verwaltungsrats des Staatstheaters, betont: \u201eIch freue mich, dass mit Nele Kathlen Tippelmann und Nike- Marie Steinbach zwei Pers\u00f6nlichkeiten gefunden wurden, die neue Impulse f\u00fcr das Kinder- und Jugendtheater und f\u00fcr das Volkstheater geben werden und so die k\u00fcnstlerische Entwicklung dieser Sparten bereichern.\u201c<\/p>\n\n\n\n<p>Die Sparte Volkstheater, die partizipative Projekte mit B\u00fcrgerinnen und B\u00fcrgern entwickelt, \u00fcbernimmt dann Nike-Marie Steinbach. Beide folgen auf Stefanie Heiner, die das Volkstheater seit 2018 leitet und im Sommer 2020 zudem die Leitung des Jungen Staatstheaters \u00fcbernommen hatte.<\/p>\n\n\n\n<p>Beide Sparten waren 2011 durch den damals nach Karlsruhe gekommenen Generalintendanten Peter Spuhler gegr\u00fcndet worden. Das zun\u00e4chst dem Schauspiel angegliederte Volkstheater ist seit 2016 eigenst\u00e4ndig. Das Junge Staatstheater feierte j\u00fcngst sein zehnj\u00e4hriges Bestehen.<\/p>\n\n\n\n<p>Kultur Online TV<\/p>\n\n\n\n<p>#theater #kultur <\/p>\n","protected":false},"excerpt":{"rendered":"<p>Staatstheater KarlsruheZwei Sparten des Badischen Staatstheaters Karlsruhe sind ab der Spielzeit 2022\/23 in neuen H\u00e4nden: Nele Kathlen Tippelmann \u00fcbernimmt die Leitung des Jungen Staatstheaters, der 2011 gegr\u00fcndeten Kinder- und Jugendtheatersparte, die gerade ihr 10-j\u00e4hriges Jubil\u00e4um feiert. Die B\u00fcrgerb\u00fchne, das \u201eVolkstheater\u201c, leitet ab September 2022 Nike-Marie Steinbach. Kunstministerin Theresia Bauer, Vorsitzende des Verwaltungsrats des Staatstheaters, betont: [&hellip;]<\/p>\n","protected":false},"author":2,"featured_media":13077,"comment_status":"closed","ping_status":"closed","sticky":false,"template":"","format":"standard","meta":{"_acf_changed":false,"footnotes":""},"categories":[105],"tags":[],"class_list":["post-13073","post","type-post","status-publish","format-standard","has-post-thumbnail","hentry","category-theater"],"acf":[],"yoast_head":"<!-- This site is optimized with the Yoast SEO plugin v26.1.1 - https:\/\/yoast.com\/wordpress\/plugins\/seo\/ -->\n<title>Neue Leitung f\u00fcr Volkstheater und Junges Staatstheater Karlsruhe - Kultur Online TV &amp; FM<\/title>\n<meta name=\"description\" content=\"Kultur sehen und H\u00f6ren\" \/>\n<meta name=\"robots\" content=\"index, follow, max-snippet:-1, max-image-preview:large, max-video-preview:-1\" \/>\n<link rel=\"canonical\" href=\"https:\/\/kulturonline.tv\/de\/neue-leitung-fuer-volkstheater-und-junges-staatstheater-karlsruhe\/\" \/>\n<meta property=\"og:locale\" content=\"de_DE\" \/>\n<meta property=\"og:type\" content=\"article\" \/>\n<meta property=\"og:title\" content=\"Neue Leitung f\u00fcr Volkstheater und Junges Staatstheater Karlsruhe - Kultur Online TV &amp; FM\" \/>\n<meta property=\"og:description\" content=\"Kultur sehen und H\u00f6ren\" \/>\n<meta property=\"og:url\" content=\"https:\/\/kulturonline.tv\/de\/neue-leitung-fuer-volkstheater-und-junges-staatstheater-karlsruhe\/\" \/>\n<meta property=\"og:site_name\" content=\"Kultur Online TV &amp; FM\" \/>\n<meta property=\"article:publisher\" content=\"https:\/\/www.facebook.com\/kulturonline.tv\" \/>\n<meta property=\"article:published_time\" content=\"2021-11-22T16:34:35+00:00\" \/>\n<meta property=\"article:modified_time\" content=\"2021-11-22T16:34:36+00:00\" \/>\n<meta property=\"og:image\" content=\"https:\/\/kulturonline.tv\/wp-content\/uploads\/2021\/11\/Badisches_Staatstheater_Karlsruhe_kultur-online-tv-edited.jpg\" \/>\n\t<meta property=\"og:image:width\" content=\"800\" \/>\n\t<meta property=\"og:image:height\" content=\"449\" \/>\n\t<meta property=\"og:image:type\" content=\"image\/jpeg\" \/>\n<meta name=\"author\" content=\"guenter.wolfgang\" \/>\n<meta name=\"twitter:card\" content=\"summary_large_image\" \/>\n<meta name=\"twitter:label1\" content=\"Verfasst von\" \/>\n\t<meta name=\"twitter:data1\" content=\"guenter.wolfgang\" \/>\n\t<meta name=\"twitter:label2\" content=\"Gesch\u00e4tzte Lesezeit\" \/>\n\t<meta name=\"twitter:data2\" content=\"1\u00a0Minute\" \/>\n<script type=\"application\/ld+json\" class=\"yoast-schema-graph\">{\"@context\":\"https:\/\/schema.org\",\"@graph\":[{\"@type\":\"Article\",\"@id\":\"https:\/\/kulturonline.tv\/de\/neue-leitung-fuer-volkstheater-und-junges-staatstheater-karlsruhe\/#article\",\"isPartOf\":{\"@id\":\"https:\/\/kulturonline.tv\/de\/neue-leitung-fuer-volkstheater-und-junges-staatstheater-karlsruhe\/\"},\"author\":{\"name\":\"guenter.wolfgang\",\"@id\":\"https:\/\/kulturonline.tv\/de\/#\/schema\/person\/b0fac729bb9a0c193fb1df23449df4fe\"},\"headline\":\"Neue Leitung f\u00fcr Volkstheater und Junges Staatstheater Karlsruhe\",\"datePublished\":\"2021-11-22T16:34:35+00:00\",\"dateModified\":\"2021-11-22T16:34:36+00:00\",\"mainEntityOfPage\":{\"@id\":\"https:\/\/kulturonline.tv\/de\/neue-leitung-fuer-volkstheater-und-junges-staatstheater-karlsruhe\/\"},\"wordCount\":188,\"publisher\":{\"@id\":\"https:\/\/kulturonline.tv\/de\/#organization\"},\"image\":{\"@id\":\"https:\/\/kulturonline.tv\/de\/neue-leitung-fuer-volkstheater-und-junges-staatstheater-karlsruhe\/#primaryimage\"},\"thumbnailUrl\":\"https:\/\/kulturonline.tv\/wp-content\/uploads\/2021\/11\/Badisches_Staatstheater_Karlsruhe_kultur-online-tv-edited.jpg\",\"articleSection\":[\"Theater\"],\"inLanguage\":\"de\"},{\"@type\":\"WebPage\",\"@id\":\"https:\/\/kulturonline.tv\/de\/neue-leitung-fuer-volkstheater-und-junges-staatstheater-karlsruhe\/\",\"url\":\"https:\/\/kulturonline.tv\/de\/neue-leitung-fuer-volkstheater-und-junges-staatstheater-karlsruhe\/\",\"name\":\"Neue Leitung f\u00fcr Volkstheater und Junges Staatstheater Karlsruhe - Kultur Online TV &amp; FM\",\"isPartOf\":{\"@id\":\"https:\/\/kulturonline.tv\/de\/#website\"},\"primaryImageOfPage\":{\"@id\":\"https:\/\/kulturonline.tv\/de\/neue-leitung-fuer-volkstheater-und-junges-staatstheater-karlsruhe\/#primaryimage\"},\"image\":{\"@id\":\"https:\/\/kulturonline.tv\/de\/neue-leitung-fuer-volkstheater-und-junges-staatstheater-karlsruhe\/#primaryimage\"},\"thumbnailUrl\":\"https:\/\/kulturonline.tv\/wp-content\/uploads\/2021\/11\/Badisches_Staatstheater_Karlsruhe_kultur-online-tv-edited.jpg\",\"datePublished\":\"2021-11-22T16:34:35+00:00\",\"dateModified\":\"2021-11-22T16:34:36+00:00\",\"description\":\"Kultur sehen und H\u00f6ren\",\"breadcrumb\":{\"@id\":\"https:\/\/kulturonline.tv\/de\/neue-leitung-fuer-volkstheater-und-junges-staatstheater-karlsruhe\/#breadcrumb\"},\"inLanguage\":\"de\",\"potentialAction\":[{\"@type\":\"ReadAction\",\"target\":[\"https:\/\/kulturonline.tv\/de\/neue-leitung-fuer-volkstheater-und-junges-staatstheater-karlsruhe\/\"]}]},{\"@type\":\"ImageObject\",\"inLanguage\":\"de\",\"@id\":\"https:\/\/kulturonline.tv\/de\/neue-leitung-fuer-volkstheater-und-junges-staatstheater-karlsruhe\/#primaryimage\",\"url\":\"https:\/\/kulturonline.tv\/wp-content\/uploads\/2021\/11\/Badisches_Staatstheater_Karlsruhe_kultur-online-tv-edited.jpg\",\"contentUrl\":\"https:\/\/kulturonline.tv\/wp-content\/uploads\/2021\/11\/Badisches_Staatstheater_Karlsruhe_kultur-online-tv-edited.jpg\",\"width\":800,\"height\":449},{\"@type\":\"BreadcrumbList\",\"@id\":\"https:\/\/kulturonline.tv\/de\/neue-leitung-fuer-volkstheater-und-junges-staatstheater-karlsruhe\/#breadcrumb\",\"itemListElement\":[{\"@type\":\"ListItem\",\"position\":1,\"name\":\"Startseite\",\"item\":\"https:\/\/kulturonline.tv\/de\/\"},{\"@type\":\"ListItem\",\"position\":2,\"name\":\"Neue Leitung f\u00fcr Volkstheater und Junges Staatstheater Karlsruhe\"}]},{\"@type\":\"WebSite\",\"@id\":\"https:\/\/kulturonline.tv\/de\/#website\",\"url\":\"https:\/\/kulturonline.tv\/de\/\",\"name\":\"Kultur Online TV &amp; FM\",\"description\":\"Wir sind Kultur 2.0 zum sehen &amp; h\u00f6ren\",\"publisher\":{\"@id\":\"https:\/\/kulturonline.tv\/de\/#organization\"},\"potentialAction\":[{\"@type\":\"SearchAction\",\"target\":{\"@type\":\"EntryPoint\",\"urlTemplate\":\"https:\/\/kulturonline.tv\/de\/?s={search_term_string}\"},\"query-input\":{\"@type\":\"PropertyValueSpecification\",\"valueRequired\":true,\"valueName\":\"search_term_string\"}}],\"inLanguage\":\"de\"},{\"@type\":\"Organization\",\"@id\":\"https:\/\/kulturonline.tv\/de\/#organization\",\"name\":\"Kultur Online TV\",\"url\":\"https:\/\/kulturonline.tv\/de\/\",\"logo\":{\"@type\":\"ImageObject\",\"inLanguage\":\"de\",\"@id\":\"https:\/\/kulturonline.tv\/de\/#\/schema\/logo\/image\/\",\"url\":\"https:\/\/kulturonline.tv\/wp-content\/uploads\/2021\/08\/Kultur-Online-Tv-Logo-Endversion-neu.png\",\"contentUrl\":\"https:\/\/kulturonline.tv\/wp-content\/uploads\/2021\/08\/Kultur-Online-Tv-Logo-Endversion-neu.png\",\"width\":200,\"height\":200,\"caption\":\"Kultur Online TV\"},\"image\":{\"@id\":\"https:\/\/kulturonline.tv\/de\/#\/schema\/logo\/image\/\"},\"sameAs\":[\"https:\/\/www.facebook.com\/kulturonline.tv\",\"https:\/\/www.instagram.com\/kulturonline.tv\"]},{\"@type\":\"Person\",\"@id\":\"https:\/\/kulturonline.tv\/de\/#\/schema\/person\/b0fac729bb9a0c193fb1df23449df4fe\",\"name\":\"guenter.wolfgang\"}]}<\/script>\n<!-- \/ Yoast SEO plugin. -->","yoast_head_json":{"title":"Neue Leitung f\u00fcr Volkstheater und Junges Staatstheater Karlsruhe - Kultur Online TV &amp; FM","description":"Kultur sehen und H\u00f6ren","robots":{"index":"index","follow":"follow","max-snippet":"max-snippet:-1","max-image-preview":"max-image-preview:large","max-video-preview":"max-video-preview:-1"},"canonical":"https:\/\/kulturonline.tv\/de\/neue-leitung-fuer-volkstheater-und-junges-staatstheater-karlsruhe\/","og_locale":"de_DE","og_type":"article","og_title":"Neue Leitung f\u00fcr Volkstheater und Junges Staatstheater Karlsruhe - Kultur Online TV &amp; FM","og_description":"Kultur sehen und H\u00f6ren","og_url":"https:\/\/kulturonline.tv\/de\/neue-leitung-fuer-volkstheater-und-junges-staatstheater-karlsruhe\/","og_site_name":"Kultur Online TV &amp; FM","article_publisher":"https:\/\/www.facebook.com\/kulturonline.tv","article_published_time":"2021-11-22T16:34:35+00:00","article_modified_time":"2021-11-22T16:34:36+00:00","og_image":[{"width":800,"height":449,"url":"https:\/\/kulturonline.tv\/wp-content\/uploads\/2021\/11\/Badisches_Staatstheater_Karlsruhe_kultur-online-tv-edited.jpg","type":"image\/jpeg"}],"author":"guenter.wolfgang","twitter_card":"summary_large_image","twitter_misc":{"Verfasst von":"guenter.wolfgang","Gesch\u00e4tzte Lesezeit":"1\u00a0Minute"},"schema":{"@context":"https:\/\/schema.org","@graph":[{"@type":"Article","@id":"https:\/\/kulturonline.tv\/de\/neue-leitung-fuer-volkstheater-und-junges-staatstheater-karlsruhe\/#article","isPartOf":{"@id":"https:\/\/kulturonline.tv\/de\/neue-leitung-fuer-volkstheater-und-junges-staatstheater-karlsruhe\/"},"author":{"name":"guenter.wolfgang","@id":"https:\/\/kulturonline.tv\/de\/#\/schema\/person\/b0fac729bb9a0c193fb1df23449df4fe"},"headline":"Neue Leitung f\u00fcr Volkstheater und Junges Staatstheater Karlsruhe","datePublished":"2021-11-22T16:34:35+00:00","dateModified":"2021-11-22T16:34:36+00:00","mainEntityOfPage":{"@id":"https:\/\/kulturonline.tv\/de\/neue-leitung-fuer-volkstheater-und-junges-staatstheater-karlsruhe\/"},"wordCount":188,"publisher":{"@id":"https:\/\/kulturonline.tv\/de\/#organization"},"image":{"@id":"https:\/\/kulturonline.tv\/de\/neue-leitung-fuer-volkstheater-und-junges-staatstheater-karlsruhe\/#primaryimage"},"thumbnailUrl":"https:\/\/kulturonline.tv\/wp-content\/uploads\/2021\/11\/Badisches_Staatstheater_Karlsruhe_kultur-online-tv-edited.jpg","articleSection":["Theater"],"inLanguage":"de"},{"@type":"WebPage","@id":"https:\/\/kulturonline.tv\/de\/neue-leitung-fuer-volkstheater-und-junges-staatstheater-karlsruhe\/","url":"https:\/\/kulturonline.tv\/de\/neue-leitung-fuer-volkstheater-und-junges-staatstheater-karlsruhe\/","name":"Neue Leitung f\u00fcr Volkstheater und Junges Staatstheater Karlsruhe - Kultur Online TV &amp; FM","isPartOf":{"@id":"https:\/\/kulturonline.tv\/de\/#website"},"primaryImageOfPage":{"@id":"https:\/\/kulturonline.tv\/de\/neue-leitung-fuer-volkstheater-und-junges-staatstheater-karlsruhe\/#primaryimage"},"image":{"@id":"https:\/\/kulturonline.tv\/de\/neue-leitung-fuer-volkstheater-und-junges-staatstheater-karlsruhe\/#primaryimage"},"thumbnailUrl":"https:\/\/kulturonline.tv\/wp-content\/uploads\/2021\/11\/Badisches_Staatstheater_Karlsruhe_kultur-online-tv-edited.jpg","datePublished":"2021-11-22T16:34:35+00:00","dateModified":"2021-11-22T16:34:36+00:00","description":"Kultur sehen und H\u00f6ren","breadcrumb":{"@id":"https:\/\/kulturonline.tv\/de\/neue-leitung-fuer-volkstheater-und-junges-staatstheater-karlsruhe\/#breadcrumb"},"inLanguage":"de","potentialAction":[{"@type":"ReadAction","target":["https:\/\/kulturonline.tv\/de\/neue-leitung-fuer-volkstheater-und-junges-staatstheater-karlsruhe\/"]}]},{"@type":"ImageObject","inLanguage":"de","@id":"https:\/\/kulturonline.tv\/de\/neue-leitung-fuer-volkstheater-und-junges-staatstheater-karlsruhe\/#primaryimage","url":"https:\/\/kulturonline.tv\/wp-content\/uploads\/2021\/11\/Badisches_Staatstheater_Karlsruhe_kultur-online-tv-edited.jpg","contentUrl":"https:\/\/kulturonline.tv\/wp-content\/uploads\/2021\/11\/Badisches_Staatstheater_Karlsruhe_kultur-online-tv-edited.jpg","width":800,"height":449},{"@type":"BreadcrumbList","@id":"https:\/\/kulturonline.tv\/de\/neue-leitung-fuer-volkstheater-und-junges-staatstheater-karlsruhe\/#breadcrumb","itemListElement":[{"@type":"ListItem","position":1,"name":"Startseite","item":"https:\/\/kulturonline.tv\/de\/"},{"@type":"ListItem","position":2,"name":"Neue Leitung f\u00fcr Volkstheater und Junges Staatstheater Karlsruhe"}]},{"@type":"WebSite","@id":"https:\/\/kulturonline.tv\/de\/#website","url":"https:\/\/kulturonline.tv\/de\/","name":"Kultur Online TV &amp; FM","description":"Wir sind Kultur 2.0 zum sehen &amp; h\u00f6ren","publisher":{"@id":"https:\/\/kulturonline.tv\/de\/#organization"},"potentialAction":[{"@type":"SearchAction","target":{"@type":"EntryPoint","urlTemplate":"https:\/\/kulturonline.tv\/de\/?s={search_term_string}"},"query-input":{"@type":"PropertyValueSpecification","valueRequired":true,"valueName":"search_term_string"}}],"inLanguage":"de"},{"@type":"Organization","@id":"https:\/\/kulturonline.tv\/de\/#organization","name":"Kultur Online TV","url":"https:\/\/kulturonline.tv\/de\/","logo":{"@type":"ImageObject","inLanguage":"de","@id":"https:\/\/kulturonline.tv\/de\/#\/schema\/logo\/image\/","url":"https:\/\/kulturonline.tv\/wp-content\/uploads\/2021\/08\/Kultur-Online-Tv-Logo-Endversion-neu.png","contentUrl":"https:\/\/kulturonline.tv\/wp-content\/uploads\/2021\/08\/Kultur-Online-Tv-Logo-Endversion-neu.png","width":200,"height":200,"caption":"Kultur Online TV"},"image":{"@id":"https:\/\/kulturonline.tv\/de\/#\/schema\/logo\/image\/"},"sameAs":["https:\/\/www.facebook.com\/kulturonline.tv","https:\/\/www.instagram.com\/kulturonline.tv"]},{"@type":"Person","@id":"https:\/\/kulturonline.tv\/de\/#\/schema\/person\/b0fac729bb9a0c193fb1df23449df4fe","name":"guenter.wolfgang"}]}},"_links":{"self":[{"href":"https:\/\/kulturonline.tv\/de\/wp-json\/wp\/v2\/posts\/13073","targetHints":{"allow":["GET"]}}],"collection":[{"href":"https:\/\/kulturonline.tv\/de\/wp-json\/wp\/v2\/posts"}],"about":[{"href":"https:\/\/kulturonline.tv\/de\/wp-json\/wp\/v2\/types\/post"}],"author":[{"embeddable":true,"href":"https:\/\/kulturonline.tv\/de\/wp-json\/wp\/v2\/users\/2"}],"replies":[{"embeddable":true,"href":"https:\/\/kulturonline.tv\/de\/wp-json\/wp\/v2\/comments?post=13073"}],"version-history":[{"count":0,"href":"https:\/\/kulturonline.tv\/de\/wp-json\/wp\/v2\/posts\/13073\/revisions"}],"wp:featuredmedia":[{"embeddable":true,"href":"https:\/\/kulturonline.tv\/de\/wp-json\/wp\/v2\/media\/13077"}],"wp:attachment":[{"href":"https:\/\/kulturonline.tv\/de\/wp-json\/wp\/v2\/media?parent=13073"}],"wp:term":[{"taxonomy":"category","embeddable":true,"href":"https:\/\/kulturonline.tv\/de\/wp-json\/wp\/v2\/categories?post=13073"},{"taxonomy":"post_tag","embeddable":true,"href":"https:\/\/kulturonline.tv\/de\/wp-json\/wp\/v2\/tags?post=13073"}],"curies":[{"name":"wp","href":"https:\/\/api.w.org\/{rel}","templated":true}]}}