{"id":13195,"date":"2021-11-24T11:15:28","date_gmt":"2021-11-24T10:15:28","guid":{"rendered":"https:\/\/kulturonline.tv\/?p=13195"},"modified":"2021-11-24T11:19:19","modified_gmt":"2021-11-24T10:19:19","slug":"corona-2g-regeln-werden-auf-den-kulturbereich-in-hamburg-erweitert","status":"publish","type":"post","link":"https:\/\/kulturonline.tv\/de\/corona-2g-regeln-werden-auf-den-kulturbereich-in-hamburg-erweitert\/","title":{"rendered":"Corona: 2G-Regeln werden auf den Kulturbereich in Hamburg erweitert"},"content":{"rendered":"\n<p>Der Hamburger Senat hat auf der Landespressekonferenz am Dienstag bekanntgegeben, dass in Hamburg ab kommender Woche die 2G-Regel auf weitere Bereiche angewendet wird.<\/p>\n\n\n\n<figure class=\"wp-block-image size-full\"><img fetchpriority=\"high\" decoding=\"async\" width=\"990\" height=\"557\" src=\"https:\/\/kulturonline.tv\/wp-content\/uploads\/2021\/11\/Hamburg-Kultur-Online-TV.jpg\" alt=\"\" class=\"wp-image-13197\" srcset=\"https:\/\/kulturonline.tv\/wp-content\/uploads\/2021\/11\/Hamburg-Kultur-Online-TV.jpg 990w, https:\/\/kulturonline.tv\/wp-content\/uploads\/2021\/11\/Hamburg-Kultur-Online-TV-600x338.jpg 600w, https:\/\/kulturonline.tv\/wp-content\/uploads\/2021\/11\/Hamburg-Kultur-Online-TV-800x450.jpg 800w, https:\/\/kulturonline.tv\/wp-content\/uploads\/2021\/11\/Hamburg-Kultur-Online-TV-768x432.jpg 768w\" sizes=\"(max-width: 990px) 100vw, 990px\" \/><\/figure>\n\n\n\n<p>Die 2G-Einf\u00fchrung wird demnach auf den Kulturbereich und Beherbergungsbetriebe ausgeweitet. Damit werden ab kommendem Montag nur noch Geimpfte und von Corona Genesene Theater, Kinos, Freizeiteinrichtungen und Hotels besuchen d\u00fcrfen, wie B\u00fcrgermeister Peter Tschentscher (SPD) mitteilte.<\/p>\n\n\n\n<p>Hamburg hatte erst zum vergangenen Wochenende seine Corona-Verordnung versch\u00e4rft, um eine \u00e4hnliche Entwicklung der Pandemie wie im S\u00fcden und Osten Deutschlands zu vermeiden. Demnach gilt bereits eine 2G-Pflicht f\u00fcr Gastronomie, Bars, Clubs, Discos, k\u00f6rpernahe Dienstleister, Sport in geschlossenen R\u00e4umen sowie Freizeitch\u00f6re und Orchester. Nun werden die Corona-Regeln auch in anderen Bereichen angewendet.<\/p>\n\n\n\n<p>Tschentscher begr\u00fcndete die fl\u00e4chendeckende Ausweitung der 2G-Regel auch mit dem damit verbundenen Impfanreiz. \u201e3G ist mit dem falschen Signal verbunden, dass man sich impfen lassen kann, aber ein Test geht auch\u201c, sagte der B\u00fcrgermeister.<\/p>\n\n\n\n<h2 class=\"wp-block-heading\">Verbindliche 2G-Regel<\/h2>\n\n\n\n<p>Die 2G-Regel gilt nach der neuen Corona-Verordnung verbindlich u.a. in folgenden Bereichen:<\/p>\n\n\n\n<ul class=\"wp-block-list\"><li>Clubs, Bars, Diskotheken und generell: Tanzveranstaltungen,<\/li><li>Freizeitch\u00f6re und -orchester,<\/li><li>Gastronomie (auch Gastro-Bereiche in Einrichtungen und auf Weihnachtsm\u00e4rkten),<\/li><li>Sport in geschlossenen R\u00e4umen, Schwimmb\u00e4der, Fitness-Studios<\/li><\/ul>\n\n\n\n<p>Wird ungeimpftes Personal in diesen Bereichen eingesetzt, muss ein tagesaktueller Corona-Test gemacht und eine medizinische Maske getragen werden.<\/p>\n\n\n\n<p>Kinder und Jugendliche unter 18 Jahre k\u00f6nnen ohne Nachweispflicht 2G-Angebote wahrnehmen, da sie regelhaft in der Schule getestet werden. Auch Personen, die sich aus medizinischen Gr\u00fcnden nicht impfen lassen k\u00f6nnen, d\u00fcrfen 2G-Angebote in Anspruch nehmen \u2013 sie m\u00fcssen aber das \u00e4rztliche Best\u00e4tigungsschreiben im Original als Nachweis bei sich tragen und sie m\u00fcssen getestet sein.<\/p>\n\n\n\n<p>Um die Kontrolle der Nachweispflicht zu vereinfachen, sind die Betriebe verpflichtet, digitale Kontrollm\u00f6glichkeiten zu nutzen, zum Beispiel die App CovPassCheck.<\/p>\n\n\n\n<h2 class=\"wp-block-heading\">2G-Optionsmodell<\/h2>\n\n\n\n<p>Einige Einrichtungen, wie zum Beispiel Theater und Kinos, k\u00f6nnen zwischen der 3G-Regel (mit vielen Beschr\u00e4nkungen) und der 2G-Optionsmodell (weniger Beschr\u00e4nkungen, aber nur Zugang f\u00fcr geimpfte und genesene Personen) w\u00e4hlen. Die Betriebe m\u00fcssen dies kenntlich machen und der Stadt zuvor melden:&nbsp;<a href=\"http:\/\/www.hamburg.de\/2g-anmeldung\" target=\"_blank\" rel=\"noreferrer noopener\">www.hamburg.de\/2g-anmeldung<\/a>. Au\u00dferdem m\u00fcssen die Impfnachweise bei Betreten zwingend mit einem Ausweisdokument abgeglichen werden; am besten nutzt man hierf\u00fcr die kostenfreie App CovPassCheck des Robert-Koch-Instituts.<\/p>\n\n\n\n<p>Im 2G-Optionsmodell entfallen Beschr\u00e4nkungen wie die Maskenpflicht, die Begrenzungen der Kapazit\u00e4t f\u00fcr Veranstaltungen und Abstandsregelungen. Die Einhaltung allgemeiner Hygiene- und Schutzma\u00dfnahmen sowie die Erhebung der Kontaktdaten sind aber weiterhin erforderlich. Personen unter 18 Jahren sowie Personen, die sich aus medizinischen Gr\u00fcnden nicht impfen lassen k\u00f6nnen, k\u00f6nnen Angebote im 2G-Optionsmodell nutzen. Sie unterliegen dann aber der Maskenpflicht und \u2013 bei \u00fcber 18-J\u00e4hrigen \u2013 auch der Testpflicht.<\/p>\n\n\n\n<h2 class=\"wp-block-heading\">Kultur und Freizeit<\/h2>\n\n\n\n<p>Alle Kultureinrichtungen und Bibliotheken sind ebenso f\u00fcr den Publikumsverkehr ge\u00f6ffnet wie Stadtteilkulturzentren, B\u00fcrgerh\u00e4user und Archive sowie zoologische und botanische G\u00e4rten.<\/p>\n\n\n\n<p>Grunds\u00e4tzlich ist es m\u00f6glich, dass auch Kultureinrichtungen Angebote im 2G-Optionsmodell bereithalten. F\u00fcr Tanzveranstaltungen gilt allerdings ausschlie\u00dflich die 2G-Regel. Bitte informieren Sie sich vor einem Besuch auf der jeweiligen Internetseite, ob dies der Fall ist.<\/p>\n\n\n\n<p>Au\u00dferschulische Musik- und Bildungsangebote einschlie\u00dflich Musikschulen sowie Tanzschulen im Innenbereich, Proben und Konzerte von Laien-Orchestern und -Ch\u00f6ren sind nur nach dem 2G-Zugangsmodell zul\u00e4ssig, sie d\u00fcrfen also nur f\u00fcr Personen angeboten werden, die nachweisen, dass sie geimpft oder genesen sind oder unter die Ausnahmeregelungen fallen.<\/p>\n\n\n\n<p>S\u00e4mtliche Freizeitaktivit\u00e4ten sind unter Auflagen gestattet. Dazu geh\u00f6ren unter anderem die (digitale) Kontaktdatenerhebung, eine medizinische Maskenpflicht in Innenr\u00e4umen sowie f\u00fcr Indoor-Angebote eine Pflicht zum Nachweis \u00fcber einen negativen Coronatest.<\/p>\n\n\n\n<p>Touristische F\u00fchrungen d\u00fcrfen stattfinden. Die Anzahl der Teilnehmenden ist so zu begrenzen, dass das Abstandsgebot eingehalten werden kann. Alle Personen m\u00fcssen ihre Kontaktdaten hinterlegen und eine medizinische Maske tragen, wenn die F\u00fchrung in Innenr\u00e4umen stattfindet. Angebote in geschlossenen R\u00e4umen sind nur nach Vorlage eines negativen Coronatests m\u00f6glich.<\/p>\n\n\n\n<p>Bei Hafen- und Stadtrundfahrten muss eine medizinische Maske getragen werden, eine Testpflicht gibt es nicht. Wenn es ein gastronomisches Angebot an Bord gibt, kann die Rundfahrt nur unter 2G-Regeln stattfinden.<\/p>\n\n\n\n<p>Weihnachtsm\u00e4rkte finden grunds\u00e4tzlich unter 3G-Bedingungen statt. Allerdings haben Sie nur unter 2G-Bedingungen Zutritt zu den abgesperrten gastronomischen Angeboten. Viele Weihnachtsm\u00e4rkte in Hamburg finden ausschlie\u00dflich unter 2G-Bedingungen statt.<\/p>\n\n\n\n<h2 class=\"wp-block-heading\">Veranstaltungen<\/h2>\n\n\n\n<p>Veranstaltungen mit festen Sitzpl\u00e4tzen, wie zum Beispiel Vortr\u00e4ge, Weiterbildungs- oder Fortbildungsveranstaltungen, berufliche Besprechungen und dergleichen, sind in geschlossenen R\u00e4umen mit bis zu 100 Personen unter 3G-Bedingungen m\u00f6glich. Wenn es ein gastronomisches Angebot gibt, gilt eine 2G-Pflicht.<\/p>\n\n\n\n<p>Veranstaltungen ohne feste Sitzpl\u00e4tze, wie zum Beispiel Hochzeiten, d\u00fcrfen nur unter 2G-Bedingungen durchgef\u00fchrt werden, weil sie in aller Regel mit einem gastronomischen Angebot verbunden sind.<\/p>\n\n\n\n<p>Kultur Online TV<\/p>\n\n\n\n<p>#kultur #corona<\/p>\n","protected":false},"excerpt":{"rendered":"<p>Der Hamburger Senat hat auf der Landespressekonferenz am Dienstag bekanntgegeben, dass in Hamburg ab kommender Woche die 2G-Regel auf weitere Bereiche angewendet wird. Die 2G-Einf\u00fchrung wird demnach auf den Kulturbereich und Beherbergungsbetriebe ausgeweitet. Damit werden ab kommendem Montag nur noch Geimpfte und von Corona Genesene Theater, Kinos, Freizeiteinrichtungen und Hotels besuchen d\u00fcrfen, wie B\u00fcrgermeister Peter [&hellip;]<\/p>\n","protected":false},"author":2,"featured_media":13197,"comment_status":"closed","ping_status":"closed","sticky":false,"template":"","format":"standard","meta":{"_acf_changed":false,"footnotes":""},"categories":[3],"tags":[],"class_list":["post-13195","post","type-post","status-publish","format-standard","has-post-thumbnail","hentry","category-newsflash"],"acf":[],"yoast_head":"<!-- This site is optimized with the Yoast SEO plugin v26.1.1 - https:\/\/yoast.com\/wordpress\/plugins\/seo\/ -->\n<title>Corona: 2G-Regeln werden auf den Kulturbereich in Hamburg erweitert - Kultur Online TV &amp; FM<\/title>\n<meta name=\"description\" content=\"Kultur sehen und H\u00f6ren\" \/>\n<meta name=\"robots\" content=\"index, follow, max-snippet:-1, max-image-preview:large, max-video-preview:-1\" \/>\n<link rel=\"canonical\" href=\"https:\/\/kulturonline.tv\/de\/corona-2g-regeln-werden-auf-den-kulturbereich-in-hamburg-erweitert\/\" \/>\n<meta property=\"og:locale\" content=\"de_DE\" \/>\n<meta property=\"og:type\" content=\"article\" \/>\n<meta property=\"og:title\" content=\"Corona: 2G-Regeln werden auf den Kulturbereich in Hamburg erweitert - Kultur Online TV &amp; FM\" \/>\n<meta property=\"og:description\" content=\"Kultur sehen und H\u00f6ren\" \/>\n<meta property=\"og:url\" content=\"https:\/\/kulturonline.tv\/de\/corona-2g-regeln-werden-auf-den-kulturbereich-in-hamburg-erweitert\/\" \/>\n<meta property=\"og:site_name\" content=\"Kultur Online TV &amp; FM\" \/>\n<meta property=\"article:publisher\" content=\"https:\/\/www.facebook.com\/kulturonline.tv\" \/>\n<meta property=\"article:published_time\" content=\"2021-11-24T10:15:28+00:00\" \/>\n<meta property=\"article:modified_time\" content=\"2021-11-24T10:19:19+00:00\" \/>\n<meta property=\"og:image\" content=\"https:\/\/kulturonline.tv\/wp-content\/uploads\/2021\/11\/Hamburg-Kultur-Online-TV.jpg\" \/>\n\t<meta property=\"og:image:width\" content=\"990\" \/>\n\t<meta property=\"og:image:height\" content=\"557\" \/>\n\t<meta property=\"og:image:type\" content=\"image\/jpeg\" \/>\n<meta name=\"author\" content=\"guenter.wolfgang\" \/>\n<meta name=\"twitter:card\" content=\"summary_large_image\" \/>\n<meta name=\"twitter:label1\" content=\"Verfasst von\" \/>\n\t<meta name=\"twitter:data1\" content=\"guenter.wolfgang\" \/>\n\t<meta name=\"twitter:label2\" content=\"Gesch\u00e4tzte Lesezeit\" \/>\n\t<meta name=\"twitter:data2\" content=\"4\u00a0Minuten\" \/>\n<script type=\"application\/ld+json\" class=\"yoast-schema-graph\">{\"@context\":\"https:\/\/schema.org\",\"@graph\":[{\"@type\":\"Article\",\"@id\":\"https:\/\/kulturonline.tv\/de\/corona-2g-regeln-werden-auf-den-kulturbereich-in-hamburg-erweitert\/#article\",\"isPartOf\":{\"@id\":\"https:\/\/kulturonline.tv\/de\/corona-2g-regeln-werden-auf-den-kulturbereich-in-hamburg-erweitert\/\"},\"author\":{\"name\":\"guenter.wolfgang\",\"@id\":\"https:\/\/kulturonline.tv\/de\/#\/schema\/person\/b0fac729bb9a0c193fb1df23449df4fe\"},\"headline\":\"Corona: 2G-Regeln werden auf den Kulturbereich in Hamburg erweitert\",\"datePublished\":\"2021-11-24T10:15:28+00:00\",\"dateModified\":\"2021-11-24T10:19:19+00:00\",\"mainEntityOfPage\":{\"@id\":\"https:\/\/kulturonline.tv\/de\/corona-2g-regeln-werden-auf-den-kulturbereich-in-hamburg-erweitert\/\"},\"wordCount\":791,\"publisher\":{\"@id\":\"https:\/\/kulturonline.tv\/de\/#organization\"},\"image\":{\"@id\":\"https:\/\/kulturonline.tv\/de\/corona-2g-regeln-werden-auf-den-kulturbereich-in-hamburg-erweitert\/#primaryimage\"},\"thumbnailUrl\":\"https:\/\/kulturonline.tv\/wp-content\/uploads\/2021\/11\/Hamburg-Kultur-Online-TV.jpg\",\"articleSection\":[\"Newsflash\"],\"inLanguage\":\"de\"},{\"@type\":\"WebPage\",\"@id\":\"https:\/\/kulturonline.tv\/de\/corona-2g-regeln-werden-auf-den-kulturbereich-in-hamburg-erweitert\/\",\"url\":\"https:\/\/kulturonline.tv\/de\/corona-2g-regeln-werden-auf-den-kulturbereich-in-hamburg-erweitert\/\",\"name\":\"Corona: 2G-Regeln werden auf den Kulturbereich in Hamburg erweitert - Kultur Online TV &amp; FM\",\"isPartOf\":{\"@id\":\"https:\/\/kulturonline.tv\/de\/#website\"},\"primaryImageOfPage\":{\"@id\":\"https:\/\/kulturonline.tv\/de\/corona-2g-regeln-werden-auf-den-kulturbereich-in-hamburg-erweitert\/#primaryimage\"},\"image\":{\"@id\":\"https:\/\/kulturonline.tv\/de\/corona-2g-regeln-werden-auf-den-kulturbereich-in-hamburg-erweitert\/#primaryimage\"},\"thumbnailUrl\":\"https:\/\/kulturonline.tv\/wp-content\/uploads\/2021\/11\/Hamburg-Kultur-Online-TV.jpg\",\"datePublished\":\"2021-11-24T10:15:28+00:00\",\"dateModified\":\"2021-11-24T10:19:19+00:00\",\"description\":\"Kultur sehen und H\u00f6ren\",\"breadcrumb\":{\"@id\":\"https:\/\/kulturonline.tv\/de\/corona-2g-regeln-werden-auf-den-kulturbereich-in-hamburg-erweitert\/#breadcrumb\"},\"inLanguage\":\"de\",\"potentialAction\":[{\"@type\":\"ReadAction\",\"target\":[\"https:\/\/kulturonline.tv\/de\/corona-2g-regeln-werden-auf-den-kulturbereich-in-hamburg-erweitert\/\"]}]},{\"@type\":\"ImageObject\",\"inLanguage\":\"de\",\"@id\":\"https:\/\/kulturonline.tv\/de\/corona-2g-regeln-werden-auf-den-kulturbereich-in-hamburg-erweitert\/#primaryimage\",\"url\":\"https:\/\/kulturonline.tv\/wp-content\/uploads\/2021\/11\/Hamburg-Kultur-Online-TV.jpg\",\"contentUrl\":\"https:\/\/kulturonline.tv\/wp-content\/uploads\/2021\/11\/Hamburg-Kultur-Online-TV.jpg\",\"width\":990,\"height\":557},{\"@type\":\"BreadcrumbList\",\"@id\":\"https:\/\/kulturonline.tv\/de\/corona-2g-regeln-werden-auf-den-kulturbereich-in-hamburg-erweitert\/#breadcrumb\",\"itemListElement\":[{\"@type\":\"ListItem\",\"position\":1,\"name\":\"Startseite\",\"item\":\"https:\/\/kulturonline.tv\/de\/\"},{\"@type\":\"ListItem\",\"position\":2,\"name\":\"Corona: 2G-Regeln werden auf den Kulturbereich in Hamburg erweitert\"}]},{\"@type\":\"WebSite\",\"@id\":\"https:\/\/kulturonline.tv\/de\/#website\",\"url\":\"https:\/\/kulturonline.tv\/de\/\",\"name\":\"Kultur Online TV &amp; FM\",\"description\":\"Wir sind Kultur 2.0 zum sehen &amp; h\u00f6ren\",\"publisher\":{\"@id\":\"https:\/\/kulturonline.tv\/de\/#organization\"},\"potentialAction\":[{\"@type\":\"SearchAction\",\"target\":{\"@type\":\"EntryPoint\",\"urlTemplate\":\"https:\/\/kulturonline.tv\/de\/?s={search_term_string}\"},\"query-input\":{\"@type\":\"PropertyValueSpecification\",\"valueRequired\":true,\"valueName\":\"search_term_string\"}}],\"inLanguage\":\"de\"},{\"@type\":\"Organization\",\"@id\":\"https:\/\/kulturonline.tv\/de\/#organization\",\"name\":\"Kultur Online TV\",\"url\":\"https:\/\/kulturonline.tv\/de\/\",\"logo\":{\"@type\":\"ImageObject\",\"inLanguage\":\"de\",\"@id\":\"https:\/\/kulturonline.tv\/de\/#\/schema\/logo\/image\/\",\"url\":\"https:\/\/kulturonline.tv\/wp-content\/uploads\/2021\/08\/Kultur-Online-Tv-Logo-Endversion-neu.png\",\"contentUrl\":\"https:\/\/kulturonline.tv\/wp-content\/uploads\/2021\/08\/Kultur-Online-Tv-Logo-Endversion-neu.png\",\"width\":200,\"height\":200,\"caption\":\"Kultur Online TV\"},\"image\":{\"@id\":\"https:\/\/kulturonline.tv\/de\/#\/schema\/logo\/image\/\"},\"sameAs\":[\"https:\/\/www.facebook.com\/kulturonline.tv\",\"https:\/\/www.instagram.com\/kulturonline.tv\"]},{\"@type\":\"Person\",\"@id\":\"https:\/\/kulturonline.tv\/de\/#\/schema\/person\/b0fac729bb9a0c193fb1df23449df4fe\",\"name\":\"guenter.wolfgang\"}]}<\/script>\n<!-- \/ Yoast SEO plugin. -->","yoast_head_json":{"title":"Corona: 2G-Regeln werden auf den Kulturbereich in Hamburg erweitert - Kultur Online TV &amp; FM","description":"Kultur sehen und H\u00f6ren","robots":{"index":"index","follow":"follow","max-snippet":"max-snippet:-1","max-image-preview":"max-image-preview:large","max-video-preview":"max-video-preview:-1"},"canonical":"https:\/\/kulturonline.tv\/de\/corona-2g-regeln-werden-auf-den-kulturbereich-in-hamburg-erweitert\/","og_locale":"de_DE","og_type":"article","og_title":"Corona: 2G-Regeln werden auf den Kulturbereich in Hamburg erweitert - Kultur Online TV &amp; FM","og_description":"Kultur sehen und H\u00f6ren","og_url":"https:\/\/kulturonline.tv\/de\/corona-2g-regeln-werden-auf-den-kulturbereich-in-hamburg-erweitert\/","og_site_name":"Kultur Online TV &amp; FM","article_publisher":"https:\/\/www.facebook.com\/kulturonline.tv","article_published_time":"2021-11-24T10:15:28+00:00","article_modified_time":"2021-11-24T10:19:19+00:00","og_image":[{"width":990,"height":557,"url":"https:\/\/kulturonline.tv\/wp-content\/uploads\/2021\/11\/Hamburg-Kultur-Online-TV.jpg","type":"image\/jpeg"}],"author":"guenter.wolfgang","twitter_card":"summary_large_image","twitter_misc":{"Verfasst von":"guenter.wolfgang","Gesch\u00e4tzte Lesezeit":"4\u00a0Minuten"},"schema":{"@context":"https:\/\/schema.org","@graph":[{"@type":"Article","@id":"https:\/\/kulturonline.tv\/de\/corona-2g-regeln-werden-auf-den-kulturbereich-in-hamburg-erweitert\/#article","isPartOf":{"@id":"https:\/\/kulturonline.tv\/de\/corona-2g-regeln-werden-auf-den-kulturbereich-in-hamburg-erweitert\/"},"author":{"name":"guenter.wolfgang","@id":"https:\/\/kulturonline.tv\/de\/#\/schema\/person\/b0fac729bb9a0c193fb1df23449df4fe"},"headline":"Corona: 2G-Regeln werden auf den Kulturbereich in Hamburg erweitert","datePublished":"2021-11-24T10:15:28+00:00","dateModified":"2021-11-24T10:19:19+00:00","mainEntityOfPage":{"@id":"https:\/\/kulturonline.tv\/de\/corona-2g-regeln-werden-auf-den-kulturbereich-in-hamburg-erweitert\/"},"wordCount":791,"publisher":{"@id":"https:\/\/kulturonline.tv\/de\/#organization"},"image":{"@id":"https:\/\/kulturonline.tv\/de\/corona-2g-regeln-werden-auf-den-kulturbereich-in-hamburg-erweitert\/#primaryimage"},"thumbnailUrl":"https:\/\/kulturonline.tv\/wp-content\/uploads\/2021\/11\/Hamburg-Kultur-Online-TV.jpg","articleSection":["Newsflash"],"inLanguage":"de"},{"@type":"WebPage","@id":"https:\/\/kulturonline.tv\/de\/corona-2g-regeln-werden-auf-den-kulturbereich-in-hamburg-erweitert\/","url":"https:\/\/kulturonline.tv\/de\/corona-2g-regeln-werden-auf-den-kulturbereich-in-hamburg-erweitert\/","name":"Corona: 2G-Regeln werden auf den Kulturbereich in Hamburg erweitert - Kultur Online TV &amp; FM","isPartOf":{"@id":"https:\/\/kulturonline.tv\/de\/#website"},"primaryImageOfPage":{"@id":"https:\/\/kulturonline.tv\/de\/corona-2g-regeln-werden-auf-den-kulturbereich-in-hamburg-erweitert\/#primaryimage"},"image":{"@id":"https:\/\/kulturonline.tv\/de\/corona-2g-regeln-werden-auf-den-kulturbereich-in-hamburg-erweitert\/#primaryimage"},"thumbnailUrl":"https:\/\/kulturonline.tv\/wp-content\/uploads\/2021\/11\/Hamburg-Kultur-Online-TV.jpg","datePublished":"2021-11-24T10:15:28+00:00","dateModified":"2021-11-24T10:19:19+00:00","description":"Kultur sehen und H\u00f6ren","breadcrumb":{"@id":"https:\/\/kulturonline.tv\/de\/corona-2g-regeln-werden-auf-den-kulturbereich-in-hamburg-erweitert\/#breadcrumb"},"inLanguage":"de","potentialAction":[{"@type":"ReadAction","target":["https:\/\/kulturonline.tv\/de\/corona-2g-regeln-werden-auf-den-kulturbereich-in-hamburg-erweitert\/"]}]},{"@type":"ImageObject","inLanguage":"de","@id":"https:\/\/kulturonline.tv\/de\/corona-2g-regeln-werden-auf-den-kulturbereich-in-hamburg-erweitert\/#primaryimage","url":"https:\/\/kulturonline.tv\/wp-content\/uploads\/2021\/11\/Hamburg-Kultur-Online-TV.jpg","contentUrl":"https:\/\/kulturonline.tv\/wp-content\/uploads\/2021\/11\/Hamburg-Kultur-Online-TV.jpg","width":990,"height":557},{"@type":"BreadcrumbList","@id":"https:\/\/kulturonline.tv\/de\/corona-2g-regeln-werden-auf-den-kulturbereich-in-hamburg-erweitert\/#breadcrumb","itemListElement":[{"@type":"ListItem","position":1,"name":"Startseite","item":"https:\/\/kulturonline.tv\/de\/"},{"@type":"ListItem","position":2,"name":"Corona: 2G-Regeln werden auf den Kulturbereich in Hamburg erweitert"}]},{"@type":"WebSite","@id":"https:\/\/kulturonline.tv\/de\/#website","url":"https:\/\/kulturonline.tv\/de\/","name":"Kultur Online TV &amp; FM","description":"Wir sind Kultur 2.0 zum sehen &amp; h\u00f6ren","publisher":{"@id":"https:\/\/kulturonline.tv\/de\/#organization"},"potentialAction":[{"@type":"SearchAction","target":{"@type":"EntryPoint","urlTemplate":"https:\/\/kulturonline.tv\/de\/?s={search_term_string}"},"query-input":{"@type":"PropertyValueSpecification","valueRequired":true,"valueName":"search_term_string"}}],"inLanguage":"de"},{"@type":"Organization","@id":"https:\/\/kulturonline.tv\/de\/#organization","name":"Kultur Online TV","url":"https:\/\/kulturonline.tv\/de\/","logo":{"@type":"ImageObject","inLanguage":"de","@id":"https:\/\/kulturonline.tv\/de\/#\/schema\/logo\/image\/","url":"https:\/\/kulturonline.tv\/wp-content\/uploads\/2021\/08\/Kultur-Online-Tv-Logo-Endversion-neu.png","contentUrl":"https:\/\/kulturonline.tv\/wp-content\/uploads\/2021\/08\/Kultur-Online-Tv-Logo-Endversion-neu.png","width":200,"height":200,"caption":"Kultur Online TV"},"image":{"@id":"https:\/\/kulturonline.tv\/de\/#\/schema\/logo\/image\/"},"sameAs":["https:\/\/www.facebook.com\/kulturonline.tv","https:\/\/www.instagram.com\/kulturonline.tv"]},{"@type":"Person","@id":"https:\/\/kulturonline.tv\/de\/#\/schema\/person\/b0fac729bb9a0c193fb1df23449df4fe","name":"guenter.wolfgang"}]}},"_links":{"self":[{"href":"https:\/\/kulturonline.tv\/de\/wp-json\/wp\/v2\/posts\/13195","targetHints":{"allow":["GET"]}}],"collection":[{"href":"https:\/\/kulturonline.tv\/de\/wp-json\/wp\/v2\/posts"}],"about":[{"href":"https:\/\/kulturonline.tv\/de\/wp-json\/wp\/v2\/types\/post"}],"author":[{"embeddable":true,"href":"https:\/\/kulturonline.tv\/de\/wp-json\/wp\/v2\/users\/2"}],"replies":[{"embeddable":true,"href":"https:\/\/kulturonline.tv\/de\/wp-json\/wp\/v2\/comments?post=13195"}],"version-history":[{"count":0,"href":"https:\/\/kulturonline.tv\/de\/wp-json\/wp\/v2\/posts\/13195\/revisions"}],"wp:featuredmedia":[{"embeddable":true,"href":"https:\/\/kulturonline.tv\/de\/wp-json\/wp\/v2\/media\/13197"}],"wp:attachment":[{"href":"https:\/\/kulturonline.tv\/de\/wp-json\/wp\/v2\/media?parent=13195"}],"wp:term":[{"taxonomy":"category","embeddable":true,"href":"https:\/\/kulturonline.tv\/de\/wp-json\/wp\/v2\/categories?post=13195"},{"taxonomy":"post_tag","embeddable":true,"href":"https:\/\/kulturonline.tv\/de\/wp-json\/wp\/v2\/tags?post=13195"}],"curies":[{"name":"wp","href":"https:\/\/api.w.org\/{rel}","templated":true}]}}