{"id":13240,"date":"2021-11-24T17:15:46","date_gmt":"2021-11-24T16:15:46","guid":{"rendered":"https:\/\/kulturonline.tv\/?p=13240"},"modified":"2021-11-24T17:15:47","modified_gmt":"2021-11-24T16:15:47","slug":"koalitionsvertrag-und-kultur","status":"publish","type":"post","link":"https:\/\/kulturonline.tv\/de\/koalitionsvertrag-und-kultur\/","title":{"rendered":"Koalitionsvertrag und Kultur"},"content":{"rendered":"\n<p>Heute Nachmittag wurde der Koalitionsvert<a href=\"https:\/\/tb5c0875c.emailsys1a.net\/c\/5\/4684411\/5105\/0\/15060277\/9731\/237827\/9129116468.html\" target=\"_blank\" rel=\"noreferrer noopener\">r<\/a>ag von SPD, B\u00fcndnis 90\/Die Gr\u00fcnen und FDP vorgestellt. Die traurige Nachricht gleich vorab, es wird <strong>kein Bundeskulturministerium geben<\/strong>. Es bleibt dabei, dass im Bundeskanzleramt eine Staatsministerin f\u00fcr Kultur und Medien arbeiten wird. Das Amt wird an B\u00fcndnis 90\/Die Gr\u00fcnen gehen. Eine andere wichtige Forderung aus dem Bundestagswahlkampf wurde aufgenommen, das <strong>Staatsziel Kultur soll im Grundgesetz<\/strong> verankert werden.<\/p>\n\n\n\n<figure class=\"wp-block-image size-large\"><img fetchpriority=\"high\" decoding=\"async\" width=\"1920\" height=\"1080\" src=\"https:\/\/kulturonline.tv\/wp-content\/uploads\/2021\/11\/Kultur-edited-1.jpg\" alt=\"\" class=\"wp-image-13244\" srcset=\"https:\/\/kulturonline.tv\/wp-content\/uploads\/2021\/11\/Kultur-edited-1.jpg 1920w, https:\/\/kulturonline.tv\/wp-content\/uploads\/2021\/11\/Kultur-edited-1-600x338.jpg 600w, https:\/\/kulturonline.tv\/wp-content\/uploads\/2021\/11\/Kultur-edited-1-800x450.jpg 800w, https:\/\/kulturonline.tv\/wp-content\/uploads\/2021\/11\/Kultur-edited-1-1600x900.jpg 1600w, https:\/\/kulturonline.tv\/wp-content\/uploads\/2021\/11\/Kultur-edited-1-768x432.jpg 768w, https:\/\/kulturonline.tv\/wp-content\/uploads\/2021\/11\/Kultur-edited-1-1536x864.jpg 1536w\" sizes=\"(max-width: 1920px) 100vw, 1920px\" \/><\/figure>\n\n\n\n<ul class=\"wp-block-list\"><li><strong>Strukturen<\/strong>: Es soll ein <strong>Plenum<\/strong> der Kultur etabliert werden, an dem L\u00e4nder, Kommunen, Kulturproduzenten, Verb\u00e4nde und Zivilgesellschaft (!) beteiligt werden, um die Kooperation zu verbessern. F\u00fcr die <strong>Kultur- und Kreativwirtschaft soll ein Ansprechpartner bzw. eine Ansprechpartnerin<\/strong> bei der Bundesregierung verankert werden. Eingerichtet werden soll eine zentrale <strong>Anlaufstelle \u201egreen culture\u201c<\/strong> sowie ein <strong>Kompetenzzentrum f\u00fcr digitale Kultur<\/strong>. Eine \u201e<strong>Bundesstiftung industrielles Welterbe<\/strong>\u201c soll eingerichtet werden. Ein Sonderprogramm \u201e<strong>Globaler S\u00fcden<\/strong>\u201c soll geschaffen werden.<\/li><\/ul>\n\n\n\n<p>Als weitere wichtige Themen werden unter anderem benannt:<\/p>\n\n\n\n<ul class=\"wp-block-list\"><li><strong>Verbesserung der sozialen Lage<\/strong>: Hier soll dem Gender Pay Gap entgegengewirkt und bspw. die Amtszeit in Jurys begrenzt werden. Es soll eine <strong>Berichterstattung zur sozialen Lage<\/strong> geben und <strong>Mindesthonorierungen<\/strong> in F\u00f6rderrichtlinien des Bundes aufgenommen werden. <strong>Soloselbst\u00e4ndige und hybrid Besch\u00e4ftigte<\/strong> sollen besser abgesichert und die <strong>K\u00fcnstlersozialkasse<\/strong> finanziell stabilisiert werden.<br>&nbsp;<\/li><li><strong>Kulturf\u00f6rderung:<\/strong> Die <strong>Neustart-Programme<\/strong> sollen fortgef\u00fchrt werden, um den \u00dcbergang aus der Pandemie abzusichern. Die <strong>Kulturstiftung des Bundes<\/strong> und die <strong>Bundeskulturfonds<\/strong> sollen als Innovationstreiber gest\u00e4rkt werden. Besonderes Augenmerk soll auf den l\u00e4ndlichen Raum gerichtet werden.<br>&nbsp;<\/li><li><strong>Urheberrecht:<\/strong> Es soll einen fairen <strong>Interessenausgleich<\/strong> geben, faire Rahmenbedingungen f\u00fcr <strong>E-Lending<\/strong> in Bibliotheken und die Verg\u00fctungssituation f\u00fcr <strong>kreative und journalistische Inhalte<\/strong> verbessert werden.<br>&nbsp;<\/li><li><strong>Medien: <\/strong>Die Koh\u00e4renz zwischen <strong>Europa-, Bundes- und Landesrecht<\/strong> soll optimiert werden. Dies soll in einer Bund-L\u00e4nder-AG erfolgen. Die fl\u00e4chendeckende Versorgung mit <strong>periodischen Presseerzeugnissen<\/strong> soll gew\u00e4hrleistet und ggfs. gef\u00f6rdert werden. <strong>Hassrede und Desinformation<\/strong> sollen bek\u00e4mpft werden.<br>&nbsp;<\/li><li><strong>Erinnerungskultur:<\/strong> Das Bundesprogramm \u201e<strong>Jugend erinnert<\/strong>\u201c soll verstetigt und modernisiert werden. Die <strong>Restitution von NS-verfolgungsbedingt entzogenem Kulturgut<\/strong> soll verbessert werden. Die <strong>Bundesstiftung Aufarbeitung<\/strong> soll gest\u00e4rkt werden.<br>&nbsp;<\/li><li><strong>Koloniales Erbe:<\/strong> Die Digitalisierung und Provenienzforschung zu <strong>Sammlungsgut aus kolonialen Kontexten<\/strong> soll vorangetrieben werden. Die R\u00fcckgabe von Objekten aus kolonialen Kontexten soll unterst\u00fctzt werden.<br>&nbsp;<\/li><li><strong>Ausw\u00e4rtige Kultur- und Bildungspolitik:<\/strong> Die Ausw\u00e4rtige Kultur- und Bildungspolitik soll weiter gest\u00e4rkt, flexibilisiert und \u00fcber Ressortgrenzen koordiniert werden. Die <strong>Mittlerorganisationen<\/strong> sollen gest\u00e4rkt und ihnen in der kulturellen Bildung neue Pr\u00e4senzformate in Deutschland erm\u00f6glicht werden. Hervorgehoben wird die <strong>Auss\u00f6hnung mit Namibia<\/strong>, die in einem gemeinsamen Prozess der Aufarbeitung m\u00fcnden soll.<\/li><\/ul>\n\n\n\n<p>Der Gesch\u00e4ftsf\u00fchrer des Deutschen Kulturrates, <strong>Olaf Zimmermann<\/strong>, sagte: \u201eNun ist die Katze aus dem Sack, der Koalitionsvertrag liegt auf dem Tisch. Sehr bedauerlich ist, dass kein Bundeskulturministerium eingerichtet wird. Ansonsten werden viele von unseren Forderungen aufgegriffen. Besonders wichtig sind dabei die Verbesserung der sozialen Lage der K\u00fcnstlerinnen und K\u00fcnstler, die St\u00e4rkung der Kultur- und Kreativwirtschaft sowie der Ausbau der Bundeskulturfonds und der Bundeskulturstiftung zu Innovationstreibern. Der Kulturbereich ist durch die Pandemie tief getroffen, die Setzung von kulturfreundlichen Rahmenbedingungen auf der Bundesebene war noch nie so wichtig wie heute. Die Verantwortung f\u00fcr die Bundeskulturpolitik liegt in der kommenden Bundesregierung zum ersten Mal in der Verantwortung von B\u00fcndnis 90\/Die Gr\u00fcnen. Wir w\u00fcnschen f\u00fcr diese wichtige Arbeit viel Erfolg.\u201c<\/p>\n","protected":false},"excerpt":{"rendered":"<p>Heute Nachmittag wurde der Koalitionsvertrag von SPD, B\u00fcndnis 90\/Die Gr\u00fcnen und FDP vorgestellt. Die traurige Nachricht gleich vorab, es wird kein Bundeskulturministerium geben. Es bleibt dabei, dass im Bundeskanzleramt eine Staatsministerin f\u00fcr Kultur und Medien arbeiten wird. Das Amt wird an B\u00fcndnis 90\/Die Gr\u00fcnen gehen. Eine andere wichtige Forderung aus dem Bundestagswahlkampf wurde aufgenommen, das [&hellip;]<\/p>\n","protected":false},"author":2,"featured_media":13244,"comment_status":"closed","ping_status":"closed","sticky":false,"template":"","format":"standard","meta":{"_acf_changed":false,"footnotes":""},"categories":[3],"tags":[],"class_list":["post-13240","post","type-post","status-publish","format-standard","has-post-thumbnail","hentry","category-newsflash"],"acf":[],"yoast_head":"<!-- This site is optimized with the Yoast SEO plugin v26.1.1 - https:\/\/yoast.com\/wordpress\/plugins\/seo\/ -->\n<title>Koalitionsvertrag und Kultur - Kultur Online TV &amp; FM<\/title>\n<meta name=\"description\" content=\"Kultur sehen und H\u00f6ren\" \/>\n<meta name=\"robots\" content=\"index, follow, max-snippet:-1, max-image-preview:large, max-video-preview:-1\" \/>\n<link rel=\"canonical\" href=\"https:\/\/kulturonline.tv\/de\/koalitionsvertrag-und-kultur\/\" \/>\n<meta property=\"og:locale\" content=\"de_DE\" \/>\n<meta property=\"og:type\" content=\"article\" \/>\n<meta property=\"og:title\" content=\"Koalitionsvertrag und Kultur - Kultur Online TV &amp; FM\" \/>\n<meta property=\"og:description\" content=\"Kultur sehen und H\u00f6ren\" \/>\n<meta property=\"og:url\" content=\"https:\/\/kulturonline.tv\/de\/koalitionsvertrag-und-kultur\/\" \/>\n<meta property=\"og:site_name\" content=\"Kultur Online TV &amp; FM\" \/>\n<meta property=\"article:publisher\" content=\"https:\/\/www.facebook.com\/kulturonline.tv\" \/>\n<meta property=\"article:published_time\" content=\"2021-11-24T16:15:46+00:00\" \/>\n<meta property=\"article:modified_time\" content=\"2021-11-24T16:15:47+00:00\" \/>\n<meta property=\"og:image\" content=\"https:\/\/kulturonline.tv\/wp-content\/uploads\/2021\/11\/Kultur-edited-1.jpg\" \/>\n\t<meta property=\"og:image:width\" content=\"1920\" \/>\n\t<meta property=\"og:image:height\" content=\"1080\" \/>\n\t<meta property=\"og:image:type\" content=\"image\/jpeg\" \/>\n<meta name=\"author\" content=\"guenter.wolfgang\" \/>\n<meta name=\"twitter:card\" content=\"summary_large_image\" \/>\n<meta name=\"twitter:label1\" content=\"Verfasst von\" \/>\n\t<meta name=\"twitter:data1\" content=\"guenter.wolfgang\" \/>\n\t<meta name=\"twitter:label2\" content=\"Gesch\u00e4tzte Lesezeit\" \/>\n\t<meta name=\"twitter:data2\" content=\"3\u00a0Minuten\" \/>\n<script type=\"application\/ld+json\" class=\"yoast-schema-graph\">{\"@context\":\"https:\/\/schema.org\",\"@graph\":[{\"@type\":\"Article\",\"@id\":\"https:\/\/kulturonline.tv\/de\/koalitionsvertrag-und-kultur\/#article\",\"isPartOf\":{\"@id\":\"https:\/\/kulturonline.tv\/de\/koalitionsvertrag-und-kultur\/\"},\"author\":{\"name\":\"guenter.wolfgang\",\"@id\":\"https:\/\/kulturonline.tv\/de\/#\/schema\/person\/b0fac729bb9a0c193fb1df23449df4fe\"},\"headline\":\"Koalitionsvertrag und Kultur\",\"datePublished\":\"2021-11-24T16:15:46+00:00\",\"dateModified\":\"2021-11-24T16:15:47+00:00\",\"mainEntityOfPage\":{\"@id\":\"https:\/\/kulturonline.tv\/de\/koalitionsvertrag-und-kultur\/\"},\"wordCount\":549,\"publisher\":{\"@id\":\"https:\/\/kulturonline.tv\/de\/#organization\"},\"image\":{\"@id\":\"https:\/\/kulturonline.tv\/de\/koalitionsvertrag-und-kultur\/#primaryimage\"},\"thumbnailUrl\":\"https:\/\/kulturonline.tv\/wp-content\/uploads\/2021\/11\/Kultur-edited-1.jpg\",\"articleSection\":[\"Newsflash\"],\"inLanguage\":\"de\"},{\"@type\":\"WebPage\",\"@id\":\"https:\/\/kulturonline.tv\/de\/koalitionsvertrag-und-kultur\/\",\"url\":\"https:\/\/kulturonline.tv\/de\/koalitionsvertrag-und-kultur\/\",\"name\":\"Koalitionsvertrag und Kultur - Kultur Online TV &amp; FM\",\"isPartOf\":{\"@id\":\"https:\/\/kulturonline.tv\/de\/#website\"},\"primaryImageOfPage\":{\"@id\":\"https:\/\/kulturonline.tv\/de\/koalitionsvertrag-und-kultur\/#primaryimage\"},\"image\":{\"@id\":\"https:\/\/kulturonline.tv\/de\/koalitionsvertrag-und-kultur\/#primaryimage\"},\"thumbnailUrl\":\"https:\/\/kulturonline.tv\/wp-content\/uploads\/2021\/11\/Kultur-edited-1.jpg\",\"datePublished\":\"2021-11-24T16:15:46+00:00\",\"dateModified\":\"2021-11-24T16:15:47+00:00\",\"description\":\"Kultur sehen und H\u00f6ren\",\"breadcrumb\":{\"@id\":\"https:\/\/kulturonline.tv\/de\/koalitionsvertrag-und-kultur\/#breadcrumb\"},\"inLanguage\":\"de\",\"potentialAction\":[{\"@type\":\"ReadAction\",\"target\":[\"https:\/\/kulturonline.tv\/de\/koalitionsvertrag-und-kultur\/\"]}]},{\"@type\":\"ImageObject\",\"inLanguage\":\"de\",\"@id\":\"https:\/\/kulturonline.tv\/de\/koalitionsvertrag-und-kultur\/#primaryimage\",\"url\":\"https:\/\/kulturonline.tv\/wp-content\/uploads\/2021\/11\/Kultur-edited-1.jpg\",\"contentUrl\":\"https:\/\/kulturonline.tv\/wp-content\/uploads\/2021\/11\/Kultur-edited-1.jpg\",\"width\":1920,\"height\":1080},{\"@type\":\"BreadcrumbList\",\"@id\":\"https:\/\/kulturonline.tv\/de\/koalitionsvertrag-und-kultur\/#breadcrumb\",\"itemListElement\":[{\"@type\":\"ListItem\",\"position\":1,\"name\":\"Startseite\",\"item\":\"https:\/\/kulturonline.tv\/de\/\"},{\"@type\":\"ListItem\",\"position\":2,\"name\":\"Koalitionsvertrag und Kultur\"}]},{\"@type\":\"WebSite\",\"@id\":\"https:\/\/kulturonline.tv\/de\/#website\",\"url\":\"https:\/\/kulturonline.tv\/de\/\",\"name\":\"Kultur Online TV &amp; FM\",\"description\":\"Wir sind Kultur 2.0 zum sehen &amp; h\u00f6ren\",\"publisher\":{\"@id\":\"https:\/\/kulturonline.tv\/de\/#organization\"},\"potentialAction\":[{\"@type\":\"SearchAction\",\"target\":{\"@type\":\"EntryPoint\",\"urlTemplate\":\"https:\/\/kulturonline.tv\/de\/?s={search_term_string}\"},\"query-input\":{\"@type\":\"PropertyValueSpecification\",\"valueRequired\":true,\"valueName\":\"search_term_string\"}}],\"inLanguage\":\"de\"},{\"@type\":\"Organization\",\"@id\":\"https:\/\/kulturonline.tv\/de\/#organization\",\"name\":\"Kultur Online TV\",\"url\":\"https:\/\/kulturonline.tv\/de\/\",\"logo\":{\"@type\":\"ImageObject\",\"inLanguage\":\"de\",\"@id\":\"https:\/\/kulturonline.tv\/de\/#\/schema\/logo\/image\/\",\"url\":\"https:\/\/kulturonline.tv\/wp-content\/uploads\/2021\/08\/Kultur-Online-Tv-Logo-Endversion-neu.png\",\"contentUrl\":\"https:\/\/kulturonline.tv\/wp-content\/uploads\/2021\/08\/Kultur-Online-Tv-Logo-Endversion-neu.png\",\"width\":200,\"height\":200,\"caption\":\"Kultur Online TV\"},\"image\":{\"@id\":\"https:\/\/kulturonline.tv\/de\/#\/schema\/logo\/image\/\"},\"sameAs\":[\"https:\/\/www.facebook.com\/kulturonline.tv\",\"https:\/\/www.instagram.com\/kulturonline.tv\"]},{\"@type\":\"Person\",\"@id\":\"https:\/\/kulturonline.tv\/de\/#\/schema\/person\/b0fac729bb9a0c193fb1df23449df4fe\",\"name\":\"guenter.wolfgang\"}]}<\/script>\n<!-- \/ Yoast SEO plugin. -->","yoast_head_json":{"title":"Koalitionsvertrag und Kultur - Kultur Online TV &amp; FM","description":"Kultur sehen und H\u00f6ren","robots":{"index":"index","follow":"follow","max-snippet":"max-snippet:-1","max-image-preview":"max-image-preview:large","max-video-preview":"max-video-preview:-1"},"canonical":"https:\/\/kulturonline.tv\/de\/koalitionsvertrag-und-kultur\/","og_locale":"de_DE","og_type":"article","og_title":"Koalitionsvertrag und Kultur - Kultur Online TV &amp; FM","og_description":"Kultur sehen und H\u00f6ren","og_url":"https:\/\/kulturonline.tv\/de\/koalitionsvertrag-und-kultur\/","og_site_name":"Kultur Online TV &amp; FM","article_publisher":"https:\/\/www.facebook.com\/kulturonline.tv","article_published_time":"2021-11-24T16:15:46+00:00","article_modified_time":"2021-11-24T16:15:47+00:00","og_image":[{"width":1920,"height":1080,"url":"https:\/\/kulturonline.tv\/wp-content\/uploads\/2021\/11\/Kultur-edited-1.jpg","type":"image\/jpeg"}],"author":"guenter.wolfgang","twitter_card":"summary_large_image","twitter_misc":{"Verfasst von":"guenter.wolfgang","Gesch\u00e4tzte Lesezeit":"3\u00a0Minuten"},"schema":{"@context":"https:\/\/schema.org","@graph":[{"@type":"Article","@id":"https:\/\/kulturonline.tv\/de\/koalitionsvertrag-und-kultur\/#article","isPartOf":{"@id":"https:\/\/kulturonline.tv\/de\/koalitionsvertrag-und-kultur\/"},"author":{"name":"guenter.wolfgang","@id":"https:\/\/kulturonline.tv\/de\/#\/schema\/person\/b0fac729bb9a0c193fb1df23449df4fe"},"headline":"Koalitionsvertrag und Kultur","datePublished":"2021-11-24T16:15:46+00:00","dateModified":"2021-11-24T16:15:47+00:00","mainEntityOfPage":{"@id":"https:\/\/kulturonline.tv\/de\/koalitionsvertrag-und-kultur\/"},"wordCount":549,"publisher":{"@id":"https:\/\/kulturonline.tv\/de\/#organization"},"image":{"@id":"https:\/\/kulturonline.tv\/de\/koalitionsvertrag-und-kultur\/#primaryimage"},"thumbnailUrl":"https:\/\/kulturonline.tv\/wp-content\/uploads\/2021\/11\/Kultur-edited-1.jpg","articleSection":["Newsflash"],"inLanguage":"de"},{"@type":"WebPage","@id":"https:\/\/kulturonline.tv\/de\/koalitionsvertrag-und-kultur\/","url":"https:\/\/kulturonline.tv\/de\/koalitionsvertrag-und-kultur\/","name":"Koalitionsvertrag und Kultur - Kultur Online TV &amp; FM","isPartOf":{"@id":"https:\/\/kulturonline.tv\/de\/#website"},"primaryImageOfPage":{"@id":"https:\/\/kulturonline.tv\/de\/koalitionsvertrag-und-kultur\/#primaryimage"},"image":{"@id":"https:\/\/kulturonline.tv\/de\/koalitionsvertrag-und-kultur\/#primaryimage"},"thumbnailUrl":"https:\/\/kulturonline.tv\/wp-content\/uploads\/2021\/11\/Kultur-edited-1.jpg","datePublished":"2021-11-24T16:15:46+00:00","dateModified":"2021-11-24T16:15:47+00:00","description":"Kultur sehen und H\u00f6ren","breadcrumb":{"@id":"https:\/\/kulturonline.tv\/de\/koalitionsvertrag-und-kultur\/#breadcrumb"},"inLanguage":"de","potentialAction":[{"@type":"ReadAction","target":["https:\/\/kulturonline.tv\/de\/koalitionsvertrag-und-kultur\/"]}]},{"@type":"ImageObject","inLanguage":"de","@id":"https:\/\/kulturonline.tv\/de\/koalitionsvertrag-und-kultur\/#primaryimage","url":"https:\/\/kulturonline.tv\/wp-content\/uploads\/2021\/11\/Kultur-edited-1.jpg","contentUrl":"https:\/\/kulturonline.tv\/wp-content\/uploads\/2021\/11\/Kultur-edited-1.jpg","width":1920,"height":1080},{"@type":"BreadcrumbList","@id":"https:\/\/kulturonline.tv\/de\/koalitionsvertrag-und-kultur\/#breadcrumb","itemListElement":[{"@type":"ListItem","position":1,"name":"Startseite","item":"https:\/\/kulturonline.tv\/de\/"},{"@type":"ListItem","position":2,"name":"Koalitionsvertrag und Kultur"}]},{"@type":"WebSite","@id":"https:\/\/kulturonline.tv\/de\/#website","url":"https:\/\/kulturonline.tv\/de\/","name":"Kultur Online TV &amp; FM","description":"Wir sind Kultur 2.0 zum sehen &amp; h\u00f6ren","publisher":{"@id":"https:\/\/kulturonline.tv\/de\/#organization"},"potentialAction":[{"@type":"SearchAction","target":{"@type":"EntryPoint","urlTemplate":"https:\/\/kulturonline.tv\/de\/?s={search_term_string}"},"query-input":{"@type":"PropertyValueSpecification","valueRequired":true,"valueName":"search_term_string"}}],"inLanguage":"de"},{"@type":"Organization","@id":"https:\/\/kulturonline.tv\/de\/#organization","name":"Kultur Online TV","url":"https:\/\/kulturonline.tv\/de\/","logo":{"@type":"ImageObject","inLanguage":"de","@id":"https:\/\/kulturonline.tv\/de\/#\/schema\/logo\/image\/","url":"https:\/\/kulturonline.tv\/wp-content\/uploads\/2021\/08\/Kultur-Online-Tv-Logo-Endversion-neu.png","contentUrl":"https:\/\/kulturonline.tv\/wp-content\/uploads\/2021\/08\/Kultur-Online-Tv-Logo-Endversion-neu.png","width":200,"height":200,"caption":"Kultur Online TV"},"image":{"@id":"https:\/\/kulturonline.tv\/de\/#\/schema\/logo\/image\/"},"sameAs":["https:\/\/www.facebook.com\/kulturonline.tv","https:\/\/www.instagram.com\/kulturonline.tv"]},{"@type":"Person","@id":"https:\/\/kulturonline.tv\/de\/#\/schema\/person\/b0fac729bb9a0c193fb1df23449df4fe","name":"guenter.wolfgang"}]}},"_links":{"self":[{"href":"https:\/\/kulturonline.tv\/de\/wp-json\/wp\/v2\/posts\/13240","targetHints":{"allow":["GET"]}}],"collection":[{"href":"https:\/\/kulturonline.tv\/de\/wp-json\/wp\/v2\/posts"}],"about":[{"href":"https:\/\/kulturonline.tv\/de\/wp-json\/wp\/v2\/types\/post"}],"author":[{"embeddable":true,"href":"https:\/\/kulturonline.tv\/de\/wp-json\/wp\/v2\/users\/2"}],"replies":[{"embeddable":true,"href":"https:\/\/kulturonline.tv\/de\/wp-json\/wp\/v2\/comments?post=13240"}],"version-history":[{"count":0,"href":"https:\/\/kulturonline.tv\/de\/wp-json\/wp\/v2\/posts\/13240\/revisions"}],"wp:featuredmedia":[{"embeddable":true,"href":"https:\/\/kulturonline.tv\/de\/wp-json\/wp\/v2\/media\/13244"}],"wp:attachment":[{"href":"https:\/\/kulturonline.tv\/de\/wp-json\/wp\/v2\/media?parent=13240"}],"wp:term":[{"taxonomy":"category","embeddable":true,"href":"https:\/\/kulturonline.tv\/de\/wp-json\/wp\/v2\/categories?post=13240"},{"taxonomy":"post_tag","embeddable":true,"href":"https:\/\/kulturonline.tv\/de\/wp-json\/wp\/v2\/tags?post=13240"}],"curies":[{"name":"wp","href":"https:\/\/api.w.org\/{rel}","templated":true}]}}