{"id":13248,"date":"2021-11-25T13:33:44","date_gmt":"2021-11-25T12:33:44","guid":{"rendered":"https:\/\/kulturonline.tv\/?p=13248"},"modified":"2021-11-25T13:33:44","modified_gmt":"2021-11-25T12:33:44","slug":"das-team-vom-kleinen-theater-haar-bleibt-standhaft","status":"publish","type":"post","link":"https:\/\/kulturonline.tv\/de\/das-team-vom-kleinen-theater-haar-bleibt-standhaft\/","title":{"rendered":"Das Team vom Kleinen Theater Haar bleibt standhaft!"},"content":{"rendered":"\n<p>Eine ungewisse Zukunft und neue Herausforderungen f\u00fcr die Kulturszene nach dem neuen Lockdown. Das kleine Theater Haar stellt sich dagegen.<\/p>\n\n\n\n<figure class=\"wp-block-image size-full\"><img fetchpriority=\"high\" decoding=\"async\" width=\"1067\" height=\"600\" src=\"https:\/\/kulturonline.tv\/wp-content\/uploads\/2021\/11\/Titel-Kleines-Theater-Haar-1300x600-1-edited.jpg\" alt=\"\" class=\"wp-image-13252\" srcset=\"https:\/\/kulturonline.tv\/wp-content\/uploads\/2021\/11\/Titel-Kleines-Theater-Haar-1300x600-1-edited.jpg 1067w, https:\/\/kulturonline.tv\/wp-content\/uploads\/2021\/11\/Titel-Kleines-Theater-Haar-1300x600-1-edited-600x337.jpg 600w, https:\/\/kulturonline.tv\/wp-content\/uploads\/2021\/11\/Titel-Kleines-Theater-Haar-1300x600-1-edited-800x450.jpg 800w, https:\/\/kulturonline.tv\/wp-content\/uploads\/2021\/11\/Titel-Kleines-Theater-Haar-1300x600-1-edited-768x432.jpg 768w\" sizes=\"(max-width: 1067px) 100vw, 1067px\" \/><figcaption>\u00a9 Kleine Theater Haar<\/figcaption><\/figure>\n\n\n\n<p>Der neue \u201eKultur-Lockdown\u201c bringt wieder viele Herausforderungen mit sich, gerade weil es auch nicht absehbar ist, was danach geschehen wird. Nat\u00fcrlich ist es einfache L\u00f6sung das Theater bis zum 15.12 zu schlie\u00dfen, f\u00fcr das Team des kleinen Theaters Haars keine. <\/p>\n\n\n\n<p>Das Kleine Theater Haar, das seit mehr als 100 Jahren auf dem Klinikgel\u00e4nde des Isar-Amper-Klinikums steht, wird seit Juli 2013 unter der Regie des&nbsp;kbo&nbsp;Sozialpsychiatrischen Zentrums&nbsp;der Kliniken des Bezirks Oberbayern SPZ&nbsp;betrieben. Mit seinem abwechslungsreichen und hochkar\u00e4tigen Kabarett- und Musikprogramm sowie ausgesuchten Literaturveranstaltungen ist das Jugendstil-Juwel mit bis zu 286 Sitzpl\u00e4tzen regelm\u00e4\u00dfig gut besucht.<\/p>\n\n\n\n<p>Ein Teil der Veranstaltungen muss zwar abgesagt werden, aber einige werden als \u201eHybrid-Veranstaltungen\u201c durchgef\u00fchrt. So k\u00f6nnen G\u00e4ste unter den geltenden Bedingungen von \u201e2G plus\u201c im Haus begr\u00fc\u00dft werden , aber auch gleichzeitig diejenigen an einem kulturellen Ereignis teilhaben, die in dieser Situation nicht kommen k\u00f6nnen, oder wollen.<\/p>\n\n\n\n<p>Matthias R\u00fcppel, Intendant des kleinen Theaters, hofft nach wie vor auf die Unterst\u00fctzung, insbesondere da der Dezember bei ihm im Theater rosig besetzt ist. <\/p>\n\n\n\n<p>Der neue Spielplan f\u00fcr Dezember sieht wie folgt aus:<\/p>\n\n\n\n<p>12.12.2021 Theaterensemble tgsm: Der R\u00e4uber Hotzenplotz und die Mondrakete (nicht im Stream, sondern f\u00fcr Familien unter 2Gplus Bedingungen)<\/p>\n\n\n\n<p>16.12.2021 Christmas-Jazz mit Jasmin Bayer<\/p>\n\n\n\n<p>18.12.2021 Chrismas Delight mit den Musical-Stars aus Deutschland<\/p>\n\n\n\n<p>19.12.2021 T\u00f6lzer Knabenchor (unter Vorbehalt in der Kirche Maria Sieben Schmerzen Haar)<\/p>\n\n\n\n<p>Kultur Online TV<\/p>\n\n\n\n<p>#theater #bayern #corona #lockdown<\/p>\n","protected":false},"excerpt":{"rendered":"<p>Eine ungewisse Zukunft und neue Herausforderungen f\u00fcr die Kulturszene nach dem neuen Lockdown. Das kleine Theater Haar stellt sich dagegen. Der neue \u201eKultur-Lockdown\u201c bringt wieder viele Herausforderungen mit sich, gerade weil es auch nicht absehbar ist, was danach geschehen wird. Nat\u00fcrlich ist es einfache L\u00f6sung das Theater bis zum 15.12 zu schlie\u00dfen, f\u00fcr das Team [&hellip;]<\/p>\n","protected":false},"author":2,"featured_media":13252,"comment_status":"closed","ping_status":"closed","sticky":false,"template":"","format":"standard","meta":{"_acf_changed":false,"footnotes":""},"categories":[105],"tags":[],"class_list":["post-13248","post","type-post","status-publish","format-standard","has-post-thumbnail","hentry","category-theater"],"acf":[],"yoast_head":"<!-- This site is optimized with the Yoast SEO plugin v26.1.1 - https:\/\/yoast.com\/wordpress\/plugins\/seo\/ -->\n<title>Das Team vom Kleinen Theater Haar bleibt standhaft! - Kultur Online TV &amp; FM<\/title>\n<meta name=\"description\" content=\"Kultur sehen und H\u00f6ren\" \/>\n<meta name=\"robots\" content=\"index, follow, max-snippet:-1, max-image-preview:large, max-video-preview:-1\" \/>\n<link rel=\"canonical\" href=\"https:\/\/kulturonline.tv\/de\/das-team-vom-kleinen-theater-haar-bleibt-standhaft\/\" \/>\n<meta property=\"og:locale\" content=\"de_DE\" \/>\n<meta property=\"og:type\" content=\"article\" \/>\n<meta property=\"og:title\" content=\"Das Team vom Kleinen Theater Haar bleibt standhaft! - Kultur Online TV &amp; FM\" \/>\n<meta property=\"og:description\" content=\"Kultur sehen und H\u00f6ren\" \/>\n<meta property=\"og:url\" content=\"https:\/\/kulturonline.tv\/de\/das-team-vom-kleinen-theater-haar-bleibt-standhaft\/\" \/>\n<meta property=\"og:site_name\" content=\"Kultur Online TV &amp; FM\" \/>\n<meta property=\"article:publisher\" content=\"https:\/\/www.facebook.com\/kulturonline.tv\" \/>\n<meta property=\"article:published_time\" content=\"2021-11-25T12:33:44+00:00\" \/>\n<meta property=\"og:image\" content=\"https:\/\/kulturonline.tv\/wp-content\/uploads\/2021\/11\/Titel-Kleines-Theater-Haar-1300x600-1-edited.jpg\" \/>\n\t<meta property=\"og:image:width\" content=\"1067\" \/>\n\t<meta property=\"og:image:height\" content=\"600\" \/>\n\t<meta property=\"og:image:type\" content=\"image\/jpeg\" \/>\n<meta name=\"author\" content=\"guenter.wolfgang\" \/>\n<meta name=\"twitter:card\" content=\"summary_large_image\" \/>\n<meta name=\"twitter:label1\" content=\"Verfasst von\" \/>\n\t<meta name=\"twitter:data1\" content=\"guenter.wolfgang\" \/>\n\t<meta name=\"twitter:label2\" content=\"Gesch\u00e4tzte Lesezeit\" \/>\n\t<meta name=\"twitter:data2\" content=\"2\u00a0Minuten\" \/>\n<script type=\"application\/ld+json\" class=\"yoast-schema-graph\">{\"@context\":\"https:\/\/schema.org\",\"@graph\":[{\"@type\":\"Article\",\"@id\":\"https:\/\/kulturonline.tv\/de\/das-team-vom-kleinen-theater-haar-bleibt-standhaft\/#article\",\"isPartOf\":{\"@id\":\"https:\/\/kulturonline.tv\/de\/das-team-vom-kleinen-theater-haar-bleibt-standhaft\/\"},\"author\":{\"name\":\"guenter.wolfgang\",\"@id\":\"https:\/\/kulturonline.tv\/de\/#\/schema\/person\/b0fac729bb9a0c193fb1df23449df4fe\"},\"headline\":\"Das Team vom Kleinen Theater Haar bleibt standhaft!\",\"datePublished\":\"2021-11-25T12:33:44+00:00\",\"mainEntityOfPage\":{\"@id\":\"https:\/\/kulturonline.tv\/de\/das-team-vom-kleinen-theater-haar-bleibt-standhaft\/\"},\"wordCount\":272,\"publisher\":{\"@id\":\"https:\/\/kulturonline.tv\/de\/#organization\"},\"image\":{\"@id\":\"https:\/\/kulturonline.tv\/de\/das-team-vom-kleinen-theater-haar-bleibt-standhaft\/#primaryimage\"},\"thumbnailUrl\":\"https:\/\/kulturonline.tv\/wp-content\/uploads\/2021\/11\/Titel-Kleines-Theater-Haar-1300x600-1-edited.jpg\",\"articleSection\":[\"Theater\"],\"inLanguage\":\"de\"},{\"@type\":\"WebPage\",\"@id\":\"https:\/\/kulturonline.tv\/de\/das-team-vom-kleinen-theater-haar-bleibt-standhaft\/\",\"url\":\"https:\/\/kulturonline.tv\/de\/das-team-vom-kleinen-theater-haar-bleibt-standhaft\/\",\"name\":\"Das Team vom Kleinen Theater Haar bleibt standhaft! - Kultur Online TV &amp; FM\",\"isPartOf\":{\"@id\":\"https:\/\/kulturonline.tv\/de\/#website\"},\"primaryImageOfPage\":{\"@id\":\"https:\/\/kulturonline.tv\/de\/das-team-vom-kleinen-theater-haar-bleibt-standhaft\/#primaryimage\"},\"image\":{\"@id\":\"https:\/\/kulturonline.tv\/de\/das-team-vom-kleinen-theater-haar-bleibt-standhaft\/#primaryimage\"},\"thumbnailUrl\":\"https:\/\/kulturonline.tv\/wp-content\/uploads\/2021\/11\/Titel-Kleines-Theater-Haar-1300x600-1-edited.jpg\",\"datePublished\":\"2021-11-25T12:33:44+00:00\",\"description\":\"Kultur sehen und H\u00f6ren\",\"breadcrumb\":{\"@id\":\"https:\/\/kulturonline.tv\/de\/das-team-vom-kleinen-theater-haar-bleibt-standhaft\/#breadcrumb\"},\"inLanguage\":\"de\",\"potentialAction\":[{\"@type\":\"ReadAction\",\"target\":[\"https:\/\/kulturonline.tv\/de\/das-team-vom-kleinen-theater-haar-bleibt-standhaft\/\"]}]},{\"@type\":\"ImageObject\",\"inLanguage\":\"de\",\"@id\":\"https:\/\/kulturonline.tv\/de\/das-team-vom-kleinen-theater-haar-bleibt-standhaft\/#primaryimage\",\"url\":\"https:\/\/kulturonline.tv\/wp-content\/uploads\/2021\/11\/Titel-Kleines-Theater-Haar-1300x600-1-edited.jpg\",\"contentUrl\":\"https:\/\/kulturonline.tv\/wp-content\/uploads\/2021\/11\/Titel-Kleines-Theater-Haar-1300x600-1-edited.jpg\",\"width\":1067,\"height\":600},{\"@type\":\"BreadcrumbList\",\"@id\":\"https:\/\/kulturonline.tv\/de\/das-team-vom-kleinen-theater-haar-bleibt-standhaft\/#breadcrumb\",\"itemListElement\":[{\"@type\":\"ListItem\",\"position\":1,\"name\":\"Startseite\",\"item\":\"https:\/\/kulturonline.tv\/de\/\"},{\"@type\":\"ListItem\",\"position\":2,\"name\":\"Das Team vom Kleinen Theater Haar bleibt standhaft!\"}]},{\"@type\":\"WebSite\",\"@id\":\"https:\/\/kulturonline.tv\/de\/#website\",\"url\":\"https:\/\/kulturonline.tv\/de\/\",\"name\":\"Kultur Online TV &amp; FM\",\"description\":\"Wir sind Kultur 2.0 zum sehen &amp; h\u00f6ren\",\"publisher\":{\"@id\":\"https:\/\/kulturonline.tv\/de\/#organization\"},\"potentialAction\":[{\"@type\":\"SearchAction\",\"target\":{\"@type\":\"EntryPoint\",\"urlTemplate\":\"https:\/\/kulturonline.tv\/de\/?s={search_term_string}\"},\"query-input\":{\"@type\":\"PropertyValueSpecification\",\"valueRequired\":true,\"valueName\":\"search_term_string\"}}],\"inLanguage\":\"de\"},{\"@type\":\"Organization\",\"@id\":\"https:\/\/kulturonline.tv\/de\/#organization\",\"name\":\"Kultur Online TV\",\"url\":\"https:\/\/kulturonline.tv\/de\/\",\"logo\":{\"@type\":\"ImageObject\",\"inLanguage\":\"de\",\"@id\":\"https:\/\/kulturonline.tv\/de\/#\/schema\/logo\/image\/\",\"url\":\"https:\/\/kulturonline.tv\/wp-content\/uploads\/2021\/08\/Kultur-Online-Tv-Logo-Endversion-neu.png\",\"contentUrl\":\"https:\/\/kulturonline.tv\/wp-content\/uploads\/2021\/08\/Kultur-Online-Tv-Logo-Endversion-neu.png\",\"width\":200,\"height\":200,\"caption\":\"Kultur Online TV\"},\"image\":{\"@id\":\"https:\/\/kulturonline.tv\/de\/#\/schema\/logo\/image\/\"},\"sameAs\":[\"https:\/\/www.facebook.com\/kulturonline.tv\",\"https:\/\/www.instagram.com\/kulturonline.tv\"]},{\"@type\":\"Person\",\"@id\":\"https:\/\/kulturonline.tv\/de\/#\/schema\/person\/b0fac729bb9a0c193fb1df23449df4fe\",\"name\":\"guenter.wolfgang\"}]}<\/script>\n<!-- \/ Yoast SEO plugin. -->","yoast_head_json":{"title":"Das Team vom Kleinen Theater Haar bleibt standhaft! - Kultur Online TV &amp; FM","description":"Kultur sehen und H\u00f6ren","robots":{"index":"index","follow":"follow","max-snippet":"max-snippet:-1","max-image-preview":"max-image-preview:large","max-video-preview":"max-video-preview:-1"},"canonical":"https:\/\/kulturonline.tv\/de\/das-team-vom-kleinen-theater-haar-bleibt-standhaft\/","og_locale":"de_DE","og_type":"article","og_title":"Das Team vom Kleinen Theater Haar bleibt standhaft! - Kultur Online TV &amp; FM","og_description":"Kultur sehen und H\u00f6ren","og_url":"https:\/\/kulturonline.tv\/de\/das-team-vom-kleinen-theater-haar-bleibt-standhaft\/","og_site_name":"Kultur Online TV &amp; FM","article_publisher":"https:\/\/www.facebook.com\/kulturonline.tv","article_published_time":"2021-11-25T12:33:44+00:00","og_image":[{"width":1067,"height":600,"url":"https:\/\/kulturonline.tv\/wp-content\/uploads\/2021\/11\/Titel-Kleines-Theater-Haar-1300x600-1-edited.jpg","type":"image\/jpeg"}],"author":"guenter.wolfgang","twitter_card":"summary_large_image","twitter_misc":{"Verfasst von":"guenter.wolfgang","Gesch\u00e4tzte Lesezeit":"2\u00a0Minuten"},"schema":{"@context":"https:\/\/schema.org","@graph":[{"@type":"Article","@id":"https:\/\/kulturonline.tv\/de\/das-team-vom-kleinen-theater-haar-bleibt-standhaft\/#article","isPartOf":{"@id":"https:\/\/kulturonline.tv\/de\/das-team-vom-kleinen-theater-haar-bleibt-standhaft\/"},"author":{"name":"guenter.wolfgang","@id":"https:\/\/kulturonline.tv\/de\/#\/schema\/person\/b0fac729bb9a0c193fb1df23449df4fe"},"headline":"Das Team vom Kleinen Theater Haar bleibt standhaft!","datePublished":"2021-11-25T12:33:44+00:00","mainEntityOfPage":{"@id":"https:\/\/kulturonline.tv\/de\/das-team-vom-kleinen-theater-haar-bleibt-standhaft\/"},"wordCount":272,"publisher":{"@id":"https:\/\/kulturonline.tv\/de\/#organization"},"image":{"@id":"https:\/\/kulturonline.tv\/de\/das-team-vom-kleinen-theater-haar-bleibt-standhaft\/#primaryimage"},"thumbnailUrl":"https:\/\/kulturonline.tv\/wp-content\/uploads\/2021\/11\/Titel-Kleines-Theater-Haar-1300x600-1-edited.jpg","articleSection":["Theater"],"inLanguage":"de"},{"@type":"WebPage","@id":"https:\/\/kulturonline.tv\/de\/das-team-vom-kleinen-theater-haar-bleibt-standhaft\/","url":"https:\/\/kulturonline.tv\/de\/das-team-vom-kleinen-theater-haar-bleibt-standhaft\/","name":"Das Team vom Kleinen Theater Haar bleibt standhaft! - Kultur Online TV &amp; FM","isPartOf":{"@id":"https:\/\/kulturonline.tv\/de\/#website"},"primaryImageOfPage":{"@id":"https:\/\/kulturonline.tv\/de\/das-team-vom-kleinen-theater-haar-bleibt-standhaft\/#primaryimage"},"image":{"@id":"https:\/\/kulturonline.tv\/de\/das-team-vom-kleinen-theater-haar-bleibt-standhaft\/#primaryimage"},"thumbnailUrl":"https:\/\/kulturonline.tv\/wp-content\/uploads\/2021\/11\/Titel-Kleines-Theater-Haar-1300x600-1-edited.jpg","datePublished":"2021-11-25T12:33:44+00:00","description":"Kultur sehen und H\u00f6ren","breadcrumb":{"@id":"https:\/\/kulturonline.tv\/de\/das-team-vom-kleinen-theater-haar-bleibt-standhaft\/#breadcrumb"},"inLanguage":"de","potentialAction":[{"@type":"ReadAction","target":["https:\/\/kulturonline.tv\/de\/das-team-vom-kleinen-theater-haar-bleibt-standhaft\/"]}]},{"@type":"ImageObject","inLanguage":"de","@id":"https:\/\/kulturonline.tv\/de\/das-team-vom-kleinen-theater-haar-bleibt-standhaft\/#primaryimage","url":"https:\/\/kulturonline.tv\/wp-content\/uploads\/2021\/11\/Titel-Kleines-Theater-Haar-1300x600-1-edited.jpg","contentUrl":"https:\/\/kulturonline.tv\/wp-content\/uploads\/2021\/11\/Titel-Kleines-Theater-Haar-1300x600-1-edited.jpg","width":1067,"height":600},{"@type":"BreadcrumbList","@id":"https:\/\/kulturonline.tv\/de\/das-team-vom-kleinen-theater-haar-bleibt-standhaft\/#breadcrumb","itemListElement":[{"@type":"ListItem","position":1,"name":"Startseite","item":"https:\/\/kulturonline.tv\/de\/"},{"@type":"ListItem","position":2,"name":"Das Team vom Kleinen Theater Haar bleibt standhaft!"}]},{"@type":"WebSite","@id":"https:\/\/kulturonline.tv\/de\/#website","url":"https:\/\/kulturonline.tv\/de\/","name":"Kultur Online TV &amp; FM","description":"Wir sind Kultur 2.0 zum sehen &amp; h\u00f6ren","publisher":{"@id":"https:\/\/kulturonline.tv\/de\/#organization"},"potentialAction":[{"@type":"SearchAction","target":{"@type":"EntryPoint","urlTemplate":"https:\/\/kulturonline.tv\/de\/?s={search_term_string}"},"query-input":{"@type":"PropertyValueSpecification","valueRequired":true,"valueName":"search_term_string"}}],"inLanguage":"de"},{"@type":"Organization","@id":"https:\/\/kulturonline.tv\/de\/#organization","name":"Kultur Online TV","url":"https:\/\/kulturonline.tv\/de\/","logo":{"@type":"ImageObject","inLanguage":"de","@id":"https:\/\/kulturonline.tv\/de\/#\/schema\/logo\/image\/","url":"https:\/\/kulturonline.tv\/wp-content\/uploads\/2021\/08\/Kultur-Online-Tv-Logo-Endversion-neu.png","contentUrl":"https:\/\/kulturonline.tv\/wp-content\/uploads\/2021\/08\/Kultur-Online-Tv-Logo-Endversion-neu.png","width":200,"height":200,"caption":"Kultur Online TV"},"image":{"@id":"https:\/\/kulturonline.tv\/de\/#\/schema\/logo\/image\/"},"sameAs":["https:\/\/www.facebook.com\/kulturonline.tv","https:\/\/www.instagram.com\/kulturonline.tv"]},{"@type":"Person","@id":"https:\/\/kulturonline.tv\/de\/#\/schema\/person\/b0fac729bb9a0c193fb1df23449df4fe","name":"guenter.wolfgang"}]}},"_links":{"self":[{"href":"https:\/\/kulturonline.tv\/de\/wp-json\/wp\/v2\/posts\/13248","targetHints":{"allow":["GET"]}}],"collection":[{"href":"https:\/\/kulturonline.tv\/de\/wp-json\/wp\/v2\/posts"}],"about":[{"href":"https:\/\/kulturonline.tv\/de\/wp-json\/wp\/v2\/types\/post"}],"author":[{"embeddable":true,"href":"https:\/\/kulturonline.tv\/de\/wp-json\/wp\/v2\/users\/2"}],"replies":[{"embeddable":true,"href":"https:\/\/kulturonline.tv\/de\/wp-json\/wp\/v2\/comments?post=13248"}],"version-history":[{"count":0,"href":"https:\/\/kulturonline.tv\/de\/wp-json\/wp\/v2\/posts\/13248\/revisions"}],"wp:featuredmedia":[{"embeddable":true,"href":"https:\/\/kulturonline.tv\/de\/wp-json\/wp\/v2\/media\/13252"}],"wp:attachment":[{"href":"https:\/\/kulturonline.tv\/de\/wp-json\/wp\/v2\/media?parent=13248"}],"wp:term":[{"taxonomy":"category","embeddable":true,"href":"https:\/\/kulturonline.tv\/de\/wp-json\/wp\/v2\/categories?post=13248"},{"taxonomy":"post_tag","embeddable":true,"href":"https:\/\/kulturonline.tv\/de\/wp-json\/wp\/v2\/tags?post=13248"}],"curies":[{"name":"wp","href":"https:\/\/api.w.org\/{rel}","templated":true}]}}