{"id":132498,"date":"2025-12-03T14:06:05","date_gmt":"2025-12-03T13:06:05","guid":{"rendered":"https:\/\/kulturonline.tv\/?p=132498"},"modified":"2025-12-03T14:06:07","modified_gmt":"2025-12-03T13:06:07","slug":"groesste-umstrukturierung-des-deutschen-oeffentlich-rechtlichen-rundfunks-seit-jahrzehnten","status":"publish","type":"post","link":"https:\/\/kulturonline.tv\/de\/groesste-umstrukturierung-des-deutschen-oeffentlich-rechtlichen-rundfunks-seit-jahrzehnten\/","title":{"rendered":"Gr\u00f6\u00dfte Umstrukturierung des deutschen \u00f6ffentlich-rechtlichen Rundfunks seit Jahrzehnten"},"content":{"rendered":"\n<p>Seit dem 1. Dezember 2025 ist der Reformstaatsvertrag f\u00fcr den \u00f6ffentlich-rechtlichen Rundfunk in Kraft. Mit der Zustimmung aller 16 Bundesl\u00e4nder l\u00e4utet er eine Z\u00e4sur f\u00fcr ARD, ZDF und Deutschlandradio ein und markiert die gr\u00f6\u00dfte Umstrukturierung des Systems seit Jahrzehnten. Die Reform zielt darauf ab, den \u00f6ffentlich-rechtlichen Rundfunk schlanker, digitaler und effizienter zu gestalten und ihn so f\u00fcr die Herausforderungen der modernen Medienwelt zu wappnen.<\/p>\n\n\n\n<figure class=\"wp-block-image size-full\"><img fetchpriority=\"high\" decoding=\"async\" width=\"1280\" height=\"720\" src=\"https:\/\/kulturonline.tv\/wp-content\/uploads\/2025\/12\/architecture-1480483_1280-edited.jpg\" alt=\"\" class=\"wp-image-132501\" srcset=\"https:\/\/kulturonline.tv\/wp-content\/uploads\/2025\/12\/architecture-1480483_1280-edited.jpg 1280w, https:\/\/kulturonline.tv\/wp-content\/uploads\/2025\/12\/architecture-1480483_1280-edited-800x450.jpg 800w, https:\/\/kulturonline.tv\/wp-content\/uploads\/2025\/12\/architecture-1480483_1280-edited-768x432.jpg 768w\" sizes=\"(max-width: 1280px) 100vw, 1280px\" \/><\/figure>\n\n\n\n<h2 class=\"wp-block-heading\"><strong>Eine der deutlichsten und unmittelbar sp\u00fcrbarsten Ver\u00e4nderungen betrifft den H\u00f6rfunk:<\/strong><\/h2>\n\n\n\n<p>Die Zahl der terrestrisch verbreiteten Radiowellen der Landesrundfunkanstalten soll drastisch von 70 auf 53 reduziert werden. Zahlreiche Sender, darunter unter anderem PULS, BR Schlager, MDR Tweens, NDR Schlager, WDR Event und WDR Die Maus, werden entweder komplett eingestellt oder in den digitalen Raum verlagert. Parallel dazu wird die ARD-Audiothek massiv ausgebaut, um die Inhalte digital zu b\u00fcndeln, etwa durch neue digitale Schlagerwelten, erweiterte Klassikangebote und spezialisierte Kinderprofile.<\/p>\n\n\n\n<p><br>Auch im Fernsehbereich sind Zusammenlegungen und Straffungen geplant, um Doppelangebote zu vermeiden und Ressourcen zu b\u00fcndeln. Die vier Spartenkan\u00e4le Tagesschau24, Phoenix, ZDF Info und ARD Alpha sollen auf zwei Programme verschlankt werden. Die jungen Kan\u00e4le ARD One und ZDF Neo sollen zu einem gemeinsamen Sender fusionieren. Bei den internationalen Kan\u00e4len Arte und 3sat sind die Reformen aufgrund internationaler Partner komplexer, wobei langfristig ein europaweites Kulturangebot denkbar ist.<\/p>\n\n\n\n<p><br>Ein zentraler Punkt der Reform ist die Sch\u00e4rfung des Telemedienauftrags. Die Online-Inhalte der Sender unterliegen k\u00fcnftig strengeren Vorgaben, um die Konkurrenz zu Presseverlagen zu reduzieren. Online-Artikel m\u00fcssen sich k\u00fcnftig direkt auf eine ausgestrahlte Sendung beziehen und zwingend einen multimedialen Bestandteil (Audio oder Video) enthalten. Reine Textnachrichten treten in den Hintergrund. Im Gegenzug liegt der Fokus auf dem Ausbau der Mediatheken und Streaming-Netzwerke, um die Inhalte einfacher auffindbar zu machen.<\/p>\n\n\n\n<p><br>ARD und ZDF d\u00fcrfen k\u00fcnftig h\u00f6chstens f\u00fcnf Prozent ihres Gesamtbudgets f\u00fcr den Erwerb von Sportrechten ausgeben. Damit soll der Kostendruck reduziert werden. Gleichzeitig ist die Auflage verbunden, mehr Randsportarten zu zeigen, um die Vielfalt zu f\u00f6rdern.<\/p>\n\n\n\n<p>Der Reformstaatsvertrag ist ein weitreichender Versuch der L\u00e4nder, den \u00f6ffentlich-rechtlichen Rundfunk auf einen schlankeren, st\u00e4rker digital ausgerichteten Kurs zu bringen und das Vertrauen der \u00d6ffentlichkeit durch h\u00f6here Effizienz und Transparenz zu st\u00e4rken. Die Umsetzung der rund 40 abgeleiteten Auftr\u00e4ge wird ARD, ZDF und Deutschlandradio in den kommenden Jahren intensiv besch\u00e4ftigen.<\/p>\n\n\n\n<p>Kultur Online TV-FM<\/p>\n\n\n\n<p>Martin Morawetz<\/p>\n\n\n\n<p>#tv #radio #medien #vertr\u00e4ge<\/p>\n","protected":false},"excerpt":{"rendered":"<p>Seit dem 1. Dezember 2025 ist der Reformstaatsvertrag f\u00fcr den \u00f6ffentlich-rechtlichen Rundfunk in Kraft. Mit der Zustimmung aller 16 Bundesl\u00e4nder l\u00e4utet er eine Z\u00e4sur f\u00fcr ARD, ZDF und Deutschlandradio ein und markiert die gr\u00f6\u00dfte Umstrukturierung des Systems seit Jahrzehnten. Die Reform zielt darauf ab, den \u00f6ffentlich-rechtlichen Rundfunk schlanker, digitaler und effizienter zu gestalten und ihn [&hellip;]<\/p>\n","protected":false},"author":2,"featured_media":132503,"comment_status":"closed","ping_status":"closed","sticky":false,"template":"","format":"standard","meta":{"_acf_changed":false,"footnotes":""},"categories":[193],"tags":[],"class_list":["post-132498","post","type-post","status-publish","format-standard","has-post-thumbnail","hentry","category-medien"],"acf":[],"yoast_head":"<!-- This site is optimized with the Yoast SEO plugin v26.1.1 - https:\/\/yoast.com\/wordpress\/plugins\/seo\/ -->\n<title>Gr\u00f6\u00dfte Umstrukturierung des deutschen \u00f6ffentlich-rechtlichen Rundfunks seit Jahrzehnten - Kultur Online TV &amp; FM<\/title>\n<meta name=\"description\" content=\"Seit dem 1. Dezember 2025 ist der Reformstaatsvertrag f\u00fcr den \u00f6ffentlich-rechtlichen Rundfunk in Kraft. Mit der Zustimmung aller 16 Bundesl\u00e4nder l\u00e4utet er eine Z\u00e4sur f\u00fcr ARD, ZDF und Deutschlandradio ein und markiert die gr\u00f6\u00dfte Umstrukturierung des Systems seit Jahrzehnten.\" \/>\n<meta name=\"robots\" content=\"index, follow, max-snippet:-1, max-image-preview:large, max-video-preview:-1\" \/>\n<link rel=\"canonical\" href=\"https:\/\/kulturonline.tv\/de\/groesste-umstrukturierung-des-deutschen-oeffentlich-rechtlichen-rundfunks-seit-jahrzehnten\/\" \/>\n<meta property=\"og:locale\" content=\"de_DE\" \/>\n<meta property=\"og:type\" content=\"article\" \/>\n<meta property=\"og:title\" content=\"Gr\u00f6\u00dfte Umstrukturierung des deutschen \u00f6ffentlich-rechtlichen Rundfunks seit Jahrzehnten - Kultur Online TV &amp; FM\" \/>\n<meta property=\"og:description\" content=\"Seit dem 1. Dezember 2025 ist der Reformstaatsvertrag f\u00fcr den \u00f6ffentlich-rechtlichen Rundfunk in Kraft. Mit der Zustimmung aller 16 Bundesl\u00e4nder l\u00e4utet er eine Z\u00e4sur f\u00fcr ARD, ZDF und Deutschlandradio ein und markiert die gr\u00f6\u00dfte Umstrukturierung des Systems seit Jahrzehnten.\" \/>\n<meta property=\"og:url\" content=\"https:\/\/kulturonline.tv\/de\/groesste-umstrukturierung-des-deutschen-oeffentlich-rechtlichen-rundfunks-seit-jahrzehnten\/\" \/>\n<meta property=\"og:site_name\" content=\"Kultur Online TV &amp; FM\" \/>\n<meta property=\"article:publisher\" content=\"https:\/\/www.facebook.com\/kulturonline.tv\" \/>\n<meta property=\"article:published_time\" content=\"2025-12-03T13:06:05+00:00\" \/>\n<meta property=\"article:modified_time\" content=\"2025-12-03T13:06:07+00:00\" \/>\n<meta property=\"og:image\" content=\"https:\/\/kulturonline.tv\/wp-content\/uploads\/2025\/12\/architecture-1480483_1280-1.jpg\" \/>\n\t<meta property=\"og:image:width\" content=\"1280\" \/>\n\t<meta property=\"og:image:height\" content=\"824\" \/>\n\t<meta property=\"og:image:type\" content=\"image\/jpeg\" \/>\n<meta name=\"author\" content=\"guenter.wolfgang\" \/>\n<meta name=\"twitter:card\" content=\"summary_large_image\" \/>\n<meta name=\"twitter:label1\" content=\"Verfasst von\" \/>\n\t<meta name=\"twitter:data1\" content=\"guenter.wolfgang\" \/>\n\t<meta name=\"twitter:label2\" content=\"Gesch\u00e4tzte Lesezeit\" \/>\n\t<meta name=\"twitter:data2\" content=\"2\u00a0Minuten\" \/>\n<script type=\"application\/ld+json\" class=\"yoast-schema-graph\">{\"@context\":\"https:\/\/schema.org\",\"@graph\":[{\"@type\":\"Article\",\"@id\":\"https:\/\/kulturonline.tv\/de\/groesste-umstrukturierung-des-deutschen-oeffentlich-rechtlichen-rundfunks-seit-jahrzehnten\/#article\",\"isPartOf\":{\"@id\":\"https:\/\/kulturonline.tv\/de\/groesste-umstrukturierung-des-deutschen-oeffentlich-rechtlichen-rundfunks-seit-jahrzehnten\/\"},\"author\":{\"name\":\"guenter.wolfgang\",\"@id\":\"https:\/\/kulturonline.tv\/de\/#\/schema\/person\/b0fac729bb9a0c193fb1df23449df4fe\"},\"headline\":\"Gr\u00f6\u00dfte Umstrukturierung des deutschen \u00f6ffentlich-rechtlichen Rundfunks seit Jahrzehnten\",\"datePublished\":\"2025-12-03T13:06:05+00:00\",\"dateModified\":\"2025-12-03T13:06:07+00:00\",\"mainEntityOfPage\":{\"@id\":\"https:\/\/kulturonline.tv\/de\/groesste-umstrukturierung-des-deutschen-oeffentlich-rechtlichen-rundfunks-seit-jahrzehnten\/\"},\"wordCount\":407,\"publisher\":{\"@id\":\"https:\/\/kulturonline.tv\/de\/#organization\"},\"image\":{\"@id\":\"https:\/\/kulturonline.tv\/de\/groesste-umstrukturierung-des-deutschen-oeffentlich-rechtlichen-rundfunks-seit-jahrzehnten\/#primaryimage\"},\"thumbnailUrl\":\"https:\/\/kulturonline.tv\/wp-content\/uploads\/2025\/12\/architecture-1480483_1280-1.jpg\",\"articleSection\":[\"Medien\"],\"inLanguage\":\"de\"},{\"@type\":\"WebPage\",\"@id\":\"https:\/\/kulturonline.tv\/de\/groesste-umstrukturierung-des-deutschen-oeffentlich-rechtlichen-rundfunks-seit-jahrzehnten\/\",\"url\":\"https:\/\/kulturonline.tv\/de\/groesste-umstrukturierung-des-deutschen-oeffentlich-rechtlichen-rundfunks-seit-jahrzehnten\/\",\"name\":\"Gr\u00f6\u00dfte Umstrukturierung des deutschen \u00f6ffentlich-rechtlichen Rundfunks seit Jahrzehnten - Kultur Online TV &amp; FM\",\"isPartOf\":{\"@id\":\"https:\/\/kulturonline.tv\/de\/#website\"},\"primaryImageOfPage\":{\"@id\":\"https:\/\/kulturonline.tv\/de\/groesste-umstrukturierung-des-deutschen-oeffentlich-rechtlichen-rundfunks-seit-jahrzehnten\/#primaryimage\"},\"image\":{\"@id\":\"https:\/\/kulturonline.tv\/de\/groesste-umstrukturierung-des-deutschen-oeffentlich-rechtlichen-rundfunks-seit-jahrzehnten\/#primaryimage\"},\"thumbnailUrl\":\"https:\/\/kulturonline.tv\/wp-content\/uploads\/2025\/12\/architecture-1480483_1280-1.jpg\",\"datePublished\":\"2025-12-03T13:06:05+00:00\",\"dateModified\":\"2025-12-03T13:06:07+00:00\",\"description\":\"Seit dem 1. Dezember 2025 ist der Reformstaatsvertrag f\u00fcr den \u00f6ffentlich-rechtlichen Rundfunk in Kraft. Mit der Zustimmung aller 16 Bundesl\u00e4nder l\u00e4utet er eine Z\u00e4sur f\u00fcr ARD, ZDF und Deutschlandradio ein und markiert die gr\u00f6\u00dfte Umstrukturierung des Systems seit Jahrzehnten.\",\"breadcrumb\":{\"@id\":\"https:\/\/kulturonline.tv\/de\/groesste-umstrukturierung-des-deutschen-oeffentlich-rechtlichen-rundfunks-seit-jahrzehnten\/#breadcrumb\"},\"inLanguage\":\"de\",\"potentialAction\":[{\"@type\":\"ReadAction\",\"target\":[\"https:\/\/kulturonline.tv\/de\/groesste-umstrukturierung-des-deutschen-oeffentlich-rechtlichen-rundfunks-seit-jahrzehnten\/\"]}]},{\"@type\":\"ImageObject\",\"inLanguage\":\"de\",\"@id\":\"https:\/\/kulturonline.tv\/de\/groesste-umstrukturierung-des-deutschen-oeffentlich-rechtlichen-rundfunks-seit-jahrzehnten\/#primaryimage\",\"url\":\"https:\/\/kulturonline.tv\/wp-content\/uploads\/2025\/12\/architecture-1480483_1280-1.jpg\",\"contentUrl\":\"https:\/\/kulturonline.tv\/wp-content\/uploads\/2025\/12\/architecture-1480483_1280-1.jpg\",\"width\":1280,\"height\":824},{\"@type\":\"BreadcrumbList\",\"@id\":\"https:\/\/kulturonline.tv\/de\/groesste-umstrukturierung-des-deutschen-oeffentlich-rechtlichen-rundfunks-seit-jahrzehnten\/#breadcrumb\",\"itemListElement\":[{\"@type\":\"ListItem\",\"position\":1,\"name\":\"Startseite\",\"item\":\"https:\/\/kulturonline.tv\/de\/\"},{\"@type\":\"ListItem\",\"position\":2,\"name\":\"Gr\u00f6\u00dfte Umstrukturierung des deutschen \u00f6ffentlich-rechtlichen Rundfunks seit Jahrzehnten\"}]},{\"@type\":\"WebSite\",\"@id\":\"https:\/\/kulturonline.tv\/de\/#website\",\"url\":\"https:\/\/kulturonline.tv\/de\/\",\"name\":\"Kultur Online TV &amp; FM\",\"description\":\"Wir sind Kultur 2.0 zum sehen &amp; h\u00f6ren\",\"publisher\":{\"@id\":\"https:\/\/kulturonline.tv\/de\/#organization\"},\"potentialAction\":[{\"@type\":\"SearchAction\",\"target\":{\"@type\":\"EntryPoint\",\"urlTemplate\":\"https:\/\/kulturonline.tv\/de\/?s={search_term_string}\"},\"query-input\":{\"@type\":\"PropertyValueSpecification\",\"valueRequired\":true,\"valueName\":\"search_term_string\"}}],\"inLanguage\":\"de\"},{\"@type\":\"Organization\",\"@id\":\"https:\/\/kulturonline.tv\/de\/#organization\",\"name\":\"Kultur Online TV\",\"url\":\"https:\/\/kulturonline.tv\/de\/\",\"logo\":{\"@type\":\"ImageObject\",\"inLanguage\":\"de\",\"@id\":\"https:\/\/kulturonline.tv\/de\/#\/schema\/logo\/image\/\",\"url\":\"https:\/\/kulturonline.tv\/wp-content\/uploads\/2021\/08\/Kultur-Online-Tv-Logo-Endversion-neu.png\",\"contentUrl\":\"https:\/\/kulturonline.tv\/wp-content\/uploads\/2021\/08\/Kultur-Online-Tv-Logo-Endversion-neu.png\",\"width\":200,\"height\":200,\"caption\":\"Kultur Online TV\"},\"image\":{\"@id\":\"https:\/\/kulturonline.tv\/de\/#\/schema\/logo\/image\/\"},\"sameAs\":[\"https:\/\/www.facebook.com\/kulturonline.tv\",\"https:\/\/www.instagram.com\/kulturonline.tv\"]},{\"@type\":\"Person\",\"@id\":\"https:\/\/kulturonline.tv\/de\/#\/schema\/person\/b0fac729bb9a0c193fb1df23449df4fe\",\"name\":\"guenter.wolfgang\"}]}<\/script>\n<!-- \/ Yoast SEO plugin. -->","yoast_head_json":{"title":"Gr\u00f6\u00dfte Umstrukturierung des deutschen \u00f6ffentlich-rechtlichen Rundfunks seit Jahrzehnten - Kultur Online TV &amp; FM","description":"Seit dem 1. Dezember 2025 ist der Reformstaatsvertrag f\u00fcr den \u00f6ffentlich-rechtlichen Rundfunk in Kraft. Mit der Zustimmung aller 16 Bundesl\u00e4nder l\u00e4utet er eine Z\u00e4sur f\u00fcr ARD, ZDF und Deutschlandradio ein und markiert die gr\u00f6\u00dfte Umstrukturierung des Systems seit Jahrzehnten.","robots":{"index":"index","follow":"follow","max-snippet":"max-snippet:-1","max-image-preview":"max-image-preview:large","max-video-preview":"max-video-preview:-1"},"canonical":"https:\/\/kulturonline.tv\/de\/groesste-umstrukturierung-des-deutschen-oeffentlich-rechtlichen-rundfunks-seit-jahrzehnten\/","og_locale":"de_DE","og_type":"article","og_title":"Gr\u00f6\u00dfte Umstrukturierung des deutschen \u00f6ffentlich-rechtlichen Rundfunks seit Jahrzehnten - Kultur Online TV &amp; FM","og_description":"Seit dem 1. Dezember 2025 ist der Reformstaatsvertrag f\u00fcr den \u00f6ffentlich-rechtlichen Rundfunk in Kraft. Mit der Zustimmung aller 16 Bundesl\u00e4nder l\u00e4utet er eine Z\u00e4sur f\u00fcr ARD, ZDF und Deutschlandradio ein und markiert die gr\u00f6\u00dfte Umstrukturierung des Systems seit Jahrzehnten.","og_url":"https:\/\/kulturonline.tv\/de\/groesste-umstrukturierung-des-deutschen-oeffentlich-rechtlichen-rundfunks-seit-jahrzehnten\/","og_site_name":"Kultur Online TV &amp; FM","article_publisher":"https:\/\/www.facebook.com\/kulturonline.tv","article_published_time":"2025-12-03T13:06:05+00:00","article_modified_time":"2025-12-03T13:06:07+00:00","og_image":[{"width":1280,"height":824,"url":"https:\/\/kulturonline.tv\/wp-content\/uploads\/2025\/12\/architecture-1480483_1280-1.jpg","type":"image\/jpeg"}],"author":"guenter.wolfgang","twitter_card":"summary_large_image","twitter_misc":{"Verfasst von":"guenter.wolfgang","Gesch\u00e4tzte Lesezeit":"2\u00a0Minuten"},"schema":{"@context":"https:\/\/schema.org","@graph":[{"@type":"Article","@id":"https:\/\/kulturonline.tv\/de\/groesste-umstrukturierung-des-deutschen-oeffentlich-rechtlichen-rundfunks-seit-jahrzehnten\/#article","isPartOf":{"@id":"https:\/\/kulturonline.tv\/de\/groesste-umstrukturierung-des-deutschen-oeffentlich-rechtlichen-rundfunks-seit-jahrzehnten\/"},"author":{"name":"guenter.wolfgang","@id":"https:\/\/kulturonline.tv\/de\/#\/schema\/person\/b0fac729bb9a0c193fb1df23449df4fe"},"headline":"Gr\u00f6\u00dfte Umstrukturierung des deutschen \u00f6ffentlich-rechtlichen Rundfunks seit Jahrzehnten","datePublished":"2025-12-03T13:06:05+00:00","dateModified":"2025-12-03T13:06:07+00:00","mainEntityOfPage":{"@id":"https:\/\/kulturonline.tv\/de\/groesste-umstrukturierung-des-deutschen-oeffentlich-rechtlichen-rundfunks-seit-jahrzehnten\/"},"wordCount":407,"publisher":{"@id":"https:\/\/kulturonline.tv\/de\/#organization"},"image":{"@id":"https:\/\/kulturonline.tv\/de\/groesste-umstrukturierung-des-deutschen-oeffentlich-rechtlichen-rundfunks-seit-jahrzehnten\/#primaryimage"},"thumbnailUrl":"https:\/\/kulturonline.tv\/wp-content\/uploads\/2025\/12\/architecture-1480483_1280-1.jpg","articleSection":["Medien"],"inLanguage":"de"},{"@type":"WebPage","@id":"https:\/\/kulturonline.tv\/de\/groesste-umstrukturierung-des-deutschen-oeffentlich-rechtlichen-rundfunks-seit-jahrzehnten\/","url":"https:\/\/kulturonline.tv\/de\/groesste-umstrukturierung-des-deutschen-oeffentlich-rechtlichen-rundfunks-seit-jahrzehnten\/","name":"Gr\u00f6\u00dfte Umstrukturierung des deutschen \u00f6ffentlich-rechtlichen Rundfunks seit Jahrzehnten - Kultur Online TV &amp; FM","isPartOf":{"@id":"https:\/\/kulturonline.tv\/de\/#website"},"primaryImageOfPage":{"@id":"https:\/\/kulturonline.tv\/de\/groesste-umstrukturierung-des-deutschen-oeffentlich-rechtlichen-rundfunks-seit-jahrzehnten\/#primaryimage"},"image":{"@id":"https:\/\/kulturonline.tv\/de\/groesste-umstrukturierung-des-deutschen-oeffentlich-rechtlichen-rundfunks-seit-jahrzehnten\/#primaryimage"},"thumbnailUrl":"https:\/\/kulturonline.tv\/wp-content\/uploads\/2025\/12\/architecture-1480483_1280-1.jpg","datePublished":"2025-12-03T13:06:05+00:00","dateModified":"2025-12-03T13:06:07+00:00","description":"Seit dem 1. Dezember 2025 ist der Reformstaatsvertrag f\u00fcr den \u00f6ffentlich-rechtlichen Rundfunk in Kraft. Mit der Zustimmung aller 16 Bundesl\u00e4nder l\u00e4utet er eine Z\u00e4sur f\u00fcr ARD, ZDF und Deutschlandradio ein und markiert die gr\u00f6\u00dfte Umstrukturierung des Systems seit Jahrzehnten.","breadcrumb":{"@id":"https:\/\/kulturonline.tv\/de\/groesste-umstrukturierung-des-deutschen-oeffentlich-rechtlichen-rundfunks-seit-jahrzehnten\/#breadcrumb"},"inLanguage":"de","potentialAction":[{"@type":"ReadAction","target":["https:\/\/kulturonline.tv\/de\/groesste-umstrukturierung-des-deutschen-oeffentlich-rechtlichen-rundfunks-seit-jahrzehnten\/"]}]},{"@type":"ImageObject","inLanguage":"de","@id":"https:\/\/kulturonline.tv\/de\/groesste-umstrukturierung-des-deutschen-oeffentlich-rechtlichen-rundfunks-seit-jahrzehnten\/#primaryimage","url":"https:\/\/kulturonline.tv\/wp-content\/uploads\/2025\/12\/architecture-1480483_1280-1.jpg","contentUrl":"https:\/\/kulturonline.tv\/wp-content\/uploads\/2025\/12\/architecture-1480483_1280-1.jpg","width":1280,"height":824},{"@type":"BreadcrumbList","@id":"https:\/\/kulturonline.tv\/de\/groesste-umstrukturierung-des-deutschen-oeffentlich-rechtlichen-rundfunks-seit-jahrzehnten\/#breadcrumb","itemListElement":[{"@type":"ListItem","position":1,"name":"Startseite","item":"https:\/\/kulturonline.tv\/de\/"},{"@type":"ListItem","position":2,"name":"Gr\u00f6\u00dfte Umstrukturierung des deutschen \u00f6ffentlich-rechtlichen Rundfunks seit Jahrzehnten"}]},{"@type":"WebSite","@id":"https:\/\/kulturonline.tv\/de\/#website","url":"https:\/\/kulturonline.tv\/de\/","name":"Kultur Online TV &amp; FM","description":"Wir sind Kultur 2.0 zum sehen &amp; h\u00f6ren","publisher":{"@id":"https:\/\/kulturonline.tv\/de\/#organization"},"potentialAction":[{"@type":"SearchAction","target":{"@type":"EntryPoint","urlTemplate":"https:\/\/kulturonline.tv\/de\/?s={search_term_string}"},"query-input":{"@type":"PropertyValueSpecification","valueRequired":true,"valueName":"search_term_string"}}],"inLanguage":"de"},{"@type":"Organization","@id":"https:\/\/kulturonline.tv\/de\/#organization","name":"Kultur Online TV","url":"https:\/\/kulturonline.tv\/de\/","logo":{"@type":"ImageObject","inLanguage":"de","@id":"https:\/\/kulturonline.tv\/de\/#\/schema\/logo\/image\/","url":"https:\/\/kulturonline.tv\/wp-content\/uploads\/2021\/08\/Kultur-Online-Tv-Logo-Endversion-neu.png","contentUrl":"https:\/\/kulturonline.tv\/wp-content\/uploads\/2021\/08\/Kultur-Online-Tv-Logo-Endversion-neu.png","width":200,"height":200,"caption":"Kultur Online TV"},"image":{"@id":"https:\/\/kulturonline.tv\/de\/#\/schema\/logo\/image\/"},"sameAs":["https:\/\/www.facebook.com\/kulturonline.tv","https:\/\/www.instagram.com\/kulturonline.tv"]},{"@type":"Person","@id":"https:\/\/kulturonline.tv\/de\/#\/schema\/person\/b0fac729bb9a0c193fb1df23449df4fe","name":"guenter.wolfgang"}]}},"_links":{"self":[{"href":"https:\/\/kulturonline.tv\/de\/wp-json\/wp\/v2\/posts\/132498","targetHints":{"allow":["GET"]}}],"collection":[{"href":"https:\/\/kulturonline.tv\/de\/wp-json\/wp\/v2\/posts"}],"about":[{"href":"https:\/\/kulturonline.tv\/de\/wp-json\/wp\/v2\/types\/post"}],"author":[{"embeddable":true,"href":"https:\/\/kulturonline.tv\/de\/wp-json\/wp\/v2\/users\/2"}],"replies":[{"embeddable":true,"href":"https:\/\/kulturonline.tv\/de\/wp-json\/wp\/v2\/comments?post=132498"}],"version-history":[{"count":1,"href":"https:\/\/kulturonline.tv\/de\/wp-json\/wp\/v2\/posts\/132498\/revisions"}],"predecessor-version":[{"id":132505,"href":"https:\/\/kulturonline.tv\/de\/wp-json\/wp\/v2\/posts\/132498\/revisions\/132505"}],"wp:featuredmedia":[{"embeddable":true,"href":"https:\/\/kulturonline.tv\/de\/wp-json\/wp\/v2\/media\/132503"}],"wp:attachment":[{"href":"https:\/\/kulturonline.tv\/de\/wp-json\/wp\/v2\/media?parent=132498"}],"wp:term":[{"taxonomy":"category","embeddable":true,"href":"https:\/\/kulturonline.tv\/de\/wp-json\/wp\/v2\/categories?post=132498"},{"taxonomy":"post_tag","embeddable":true,"href":"https:\/\/kulturonline.tv\/de\/wp-json\/wp\/v2\/tags?post=132498"}],"curies":[{"name":"wp","href":"https:\/\/api.w.org\/{rel}","templated":true}]}}