{"id":132524,"date":"2026-02-05T00:23:00","date_gmt":"2026-02-04T23:23:00","guid":{"rendered":"https:\/\/kulturonline.tv\/?p=132524"},"modified":"2026-02-08T13:53:52","modified_gmt":"2026-02-08T12:53:52","slug":"im-gespraech-mit-autor-leonhard-mueller","status":"publish","type":"post","link":"https:\/\/kulturonline.tv\/de\/im-gespraech-mit-autor-leonhard-mueller\/","title":{"rendered":"Im Gespr\u00e4ch mit Autor Leonhard M\u00fcller"},"content":{"rendered":"\n<p>Wir begleiten den Autor auf seinem Weg seines Romanes mit dem Titel &#8220; Der Lustschritt&#8220;. Am 10. November hatt uns Leonhard M\u00fcller bereits einen ersten exklusiven Einblick in sein noch unfertiges Manuskript gegeben.<\/p>\n\n\n\n<p><em>Die Handlung, Charaktere und Orte dieses Buches sind frei erfunden. Etwaige \u00c4hnlichkeiten mit lebenden oder bereits verstorbenen Personen sowie realen Ereignissen w\u00e4ren rein zuf\u00e4llig.<\/em><\/p>\n\n\n\n<figure class=\"wp-block-image size-large\"><a href=\"https:\/\/kulturonline.tv\/de\/kultur-online-fm\/\"><img fetchpriority=\"high\" decoding=\"async\" width=\"1600\" height=\"383\" src=\"https:\/\/kulturonline.tv\/wp-content\/uploads\/2025\/12\/Kultur-Online-FM-3-1600x383.png\" alt=\"\" class=\"wp-image-132525\" srcset=\"https:\/\/kulturonline.tv\/wp-content\/uploads\/2025\/12\/Kultur-Online-FM-3-1600x383.png 1600w, https:\/\/kulturonline.tv\/wp-content\/uploads\/2025\/12\/Kultur-Online-FM-3-800x192.png 800w, https:\/\/kulturonline.tv\/wp-content\/uploads\/2025\/12\/Kultur-Online-FM-3-768x184.png 768w, https:\/\/kulturonline.tv\/wp-content\/uploads\/2025\/12\/Kultur-Online-FM-3-1536x368.png 1536w, https:\/\/kulturonline.tv\/wp-content\/uploads\/2025\/12\/Kultur-Online-FM-3-2048x491.png 2048w\" sizes=\"(max-width: 1600px) 100vw, 1600px\" \/><\/a><\/figure>\n\n\n\n<figure class=\"wp-block-audio\"><audio controls src=\"https:\/\/kulturonline.tv\/wp-content\/uploads\/2025\/12\/Der-Lustschritt-von-Leohnard-Mueller-im-Gespraech.mp3\"><\/audio><\/figure>\n\n\n\n<hr class=\"wp-block-separator has-alpha-channel-opacity\"\/>\n\n\n\n<div style=\"height:28px\" aria-hidden=\"true\" class=\"wp-block-spacer\"><\/div>\n\n\n\n<p>Nach dem gro\u00dfen Anklang bei unseren H\u00f6rern und Lesern haben wir uns erneut mit Leonhard M\u00fcller getroffen. G\u00fcnter Wolfgang-Kultur Online FM spricht erneut mit dem Autor \u00fcber die Fortschritte der letzten Wochen, wie aus den ersten Skizzen ein komplexer Roman wird. Leonhard M\u00fcller liefert dabei nicht nur Antworten auf die Fragen nach dem Schreib-Flow, sondern pr\u00e4sentiert erneut brandaktuelle, unzensierte Passagen aus seinem Manuskript.<\/p>\n\n\n\n<figure class=\"wp-block-image size-full\"><img decoding=\"async\" width=\"1280\" height=\"720\" src=\"https:\/\/kulturonline.tv\/wp-content\/uploads\/2025\/12\/ktv-2.png\" alt=\"\" class=\"wp-image-132535\" srcset=\"https:\/\/kulturonline.tv\/wp-content\/uploads\/2025\/12\/ktv-2.png 1280w, https:\/\/kulturonline.tv\/wp-content\/uploads\/2025\/12\/ktv-2-800x450.png 800w, https:\/\/kulturonline.tv\/wp-content\/uploads\/2025\/12\/ktv-2-768x432.png 768w\" sizes=\"(max-width: 1280px) 100vw, 1280px\" \/><\/figure>\n\n\n\n<p>Mag. Dr. Leonhard Franz M\u00fcller war langezeit als Gesch\u00e4ftsf\u00fchrer f\u00fcr das Traditions-und Famielenunternhemen dem&nbsp;<strong>Zeughammerwerk Leonhard M\u00fcller &amp; S\u00f6hne GmbH<\/strong>&nbsp;in Frantschach-St. Gertraud, in K\u00e4rnten t\u00e4tig, das f\u00fcr seine Schmiedekunst bekannt ist. Es ist das \u00e4lteste existierende familiengef\u00fchrte Hammerwerk Europas und wird seit \u00fcber 300 Jahren von der Familie M\u00fcller gef\u00fchrt. Die Firma stellt hochwertige Werkzeuge her, bei denen auch in der heutigen Zeit noch handwerkliche Schmiedetechniken angewendet werden.&nbsp;<\/p>\n\n\n\n<p><\/p>\n\n\n\n<p>Kultur Online TV-FM<\/p>\n\n\n\n<p>#radio #podcast #maganz #b\u00fccher #interview #gespr\u00e4che<\/p>\n\n\n\n<p><\/p>\n","protected":false},"excerpt":{"rendered":"<p>Wir begleiten den Autor auf seinem Weg seines Romanes mit dem Titel &#8220; Der Lustschritt&#8220;. Am 10. November hatt uns Leonhard M\u00fcller bereits einen ersten exklusiven Einblick in sein noch unfertiges Manuskript gegeben. Die Handlung, Charaktere und Orte dieses Buches sind frei erfunden. Etwaige \u00c4hnlichkeiten mit lebenden oder bereits verstorbenen Personen sowie realen Ereignissen w\u00e4ren [&hellip;]<\/p>\n","protected":false},"author":2,"featured_media":139094,"comment_status":"closed","ping_status":"closed","sticky":false,"template":"","format":"standard","meta":{"_acf_changed":false,"footnotes":""},"categories":[587,1095,106],"tags":[],"class_list":["post-132524","post","type-post","status-publish","format-standard","has-post-thumbnail","hentry","category-kultur-online-fm-aktuelle-radiobeitraege","category-kultur-online-fm-cover-das-buechermagazin-interviews-gespraeche","category-literatur"],"acf":[],"yoast_head":"<!-- This site is optimized with the Yoast SEO plugin v26.1.1 - https:\/\/yoast.com\/wordpress\/plugins\/seo\/ -->\n<title>Im Gespr\u00e4ch mit Autor Leonhard M\u00fcller - Kultur Online TV &amp; FM<\/title>\n<meta name=\"description\" content=\"Wir begleiten den Autor auf seinem Weg seines Romanes mit dem Titel &quot; Der Lustschritt&quot;. Am 10. November hatt uns Leonhard M\u00fcller bereits einen ersten exklusiven Einblick in sein noch unfertiges Manuskript gegeben.\" \/>\n<meta name=\"robots\" content=\"index, follow, max-snippet:-1, max-image-preview:large, max-video-preview:-1\" \/>\n<link rel=\"canonical\" href=\"https:\/\/kulturonline.tv\/de\/im-gespraech-mit-autor-leonhard-mueller\/\" \/>\n<meta property=\"og:locale\" content=\"de_DE\" \/>\n<meta property=\"og:type\" content=\"article\" \/>\n<meta property=\"og:title\" content=\"Im Gespr\u00e4ch mit Autor Leonhard M\u00fcller - Kultur Online TV &amp; FM\" \/>\n<meta property=\"og:description\" content=\"Wir begleiten den Autor auf seinem Weg seines Romanes mit dem Titel &quot; Der Lustschritt&quot;. Am 10. November hatt uns Leonhard M\u00fcller bereits einen ersten exklusiven Einblick in sein noch unfertiges Manuskript gegeben.\" \/>\n<meta property=\"og:url\" content=\"https:\/\/kulturonline.tv\/de\/im-gespraech-mit-autor-leonhard-mueller\/\" \/>\n<meta property=\"og:site_name\" content=\"Kultur Online TV &amp; FM\" \/>\n<meta property=\"article:publisher\" content=\"https:\/\/www.facebook.com\/kulturonline.tv\" \/>\n<meta property=\"article:published_time\" content=\"2026-02-04T23:23:00+00:00\" \/>\n<meta property=\"article:modified_time\" content=\"2026-02-08T12:53:52+00:00\" \/>\n<meta property=\"og:image\" content=\"https:\/\/kulturonline.tv\/wp-content\/uploads\/2025\/12\/Apple-Podcast-Show-Cover-in-Dark-Red-Black-and-White-True-Crime-Style-1.png\" \/>\n\t<meta property=\"og:image:width\" content=\"1400\" \/>\n\t<meta property=\"og:image:height\" content=\"1400\" \/>\n\t<meta property=\"og:image:type\" content=\"image\/png\" \/>\n<meta name=\"author\" content=\"guenter.wolfgang\" \/>\n<meta name=\"twitter:card\" content=\"summary_large_image\" \/>\n<meta name=\"twitter:label1\" content=\"Verfasst von\" \/>\n\t<meta name=\"twitter:data1\" content=\"guenter.wolfgang\" \/>\n\t<meta name=\"twitter:label2\" content=\"Gesch\u00e4tzte Lesezeit\" \/>\n\t<meta name=\"twitter:data2\" content=\"1\u00a0Minute\" \/>\n<script type=\"application\/ld+json\" class=\"yoast-schema-graph\">{\"@context\":\"https:\/\/schema.org\",\"@graph\":[{\"@type\":\"Article\",\"@id\":\"https:\/\/kulturonline.tv\/de\/im-gespraech-mit-autor-leonhard-mueller\/#article\",\"isPartOf\":{\"@id\":\"https:\/\/kulturonline.tv\/de\/im-gespraech-mit-autor-leonhard-mueller\/\"},\"author\":{\"name\":\"guenter.wolfgang\",\"@id\":\"https:\/\/kulturonline.tv\/de\/#\/schema\/person\/b0fac729bb9a0c193fb1df23449df4fe\"},\"headline\":\"Im Gespr\u00e4ch mit Autor Leonhard M\u00fcller\",\"datePublished\":\"2026-02-04T23:23:00+00:00\",\"dateModified\":\"2026-02-08T12:53:52+00:00\",\"mainEntityOfPage\":{\"@id\":\"https:\/\/kulturonline.tv\/de\/im-gespraech-mit-autor-leonhard-mueller\/\"},\"wordCount\":229,\"publisher\":{\"@id\":\"https:\/\/kulturonline.tv\/de\/#organization\"},\"image\":{\"@id\":\"https:\/\/kulturonline.tv\/de\/im-gespraech-mit-autor-leonhard-mueller\/#primaryimage\"},\"thumbnailUrl\":\"https:\/\/kulturonline.tv\/wp-content\/uploads\/2025\/12\/Apple-Podcast-Show-Cover-in-Dark-Red-Black-and-White-True-Crime-Style-1.png\",\"articleSection\":[\"Kultur Online FM Aktuelle Radiobeitr\u00e4ge\",\"Kultur Online FM Cover das B\u00fcchermagazin Interviews &amp; Gespr\u00e4che\",\"Literatur\"],\"inLanguage\":\"de\"},{\"@type\":\"WebPage\",\"@id\":\"https:\/\/kulturonline.tv\/de\/im-gespraech-mit-autor-leonhard-mueller\/\",\"url\":\"https:\/\/kulturonline.tv\/de\/im-gespraech-mit-autor-leonhard-mueller\/\",\"name\":\"Im Gespr\u00e4ch mit Autor Leonhard M\u00fcller - Kultur Online TV &amp; FM\",\"isPartOf\":{\"@id\":\"https:\/\/kulturonline.tv\/de\/#website\"},\"primaryImageOfPage\":{\"@id\":\"https:\/\/kulturonline.tv\/de\/im-gespraech-mit-autor-leonhard-mueller\/#primaryimage\"},\"image\":{\"@id\":\"https:\/\/kulturonline.tv\/de\/im-gespraech-mit-autor-leonhard-mueller\/#primaryimage\"},\"thumbnailUrl\":\"https:\/\/kulturonline.tv\/wp-content\/uploads\/2025\/12\/Apple-Podcast-Show-Cover-in-Dark-Red-Black-and-White-True-Crime-Style-1.png\",\"datePublished\":\"2026-02-04T23:23:00+00:00\",\"dateModified\":\"2026-02-08T12:53:52+00:00\",\"description\":\"Wir begleiten den Autor auf seinem Weg seines Romanes mit dem Titel \\\" Der Lustschritt\\\". Am 10. November hatt uns Leonhard M\u00fcller bereits einen ersten exklusiven Einblick in sein noch unfertiges Manuskript gegeben.\",\"breadcrumb\":{\"@id\":\"https:\/\/kulturonline.tv\/de\/im-gespraech-mit-autor-leonhard-mueller\/#breadcrumb\"},\"inLanguage\":\"de\",\"potentialAction\":[{\"@type\":\"ReadAction\",\"target\":[\"https:\/\/kulturonline.tv\/de\/im-gespraech-mit-autor-leonhard-mueller\/\"]}]},{\"@type\":\"ImageObject\",\"inLanguage\":\"de\",\"@id\":\"https:\/\/kulturonline.tv\/de\/im-gespraech-mit-autor-leonhard-mueller\/#primaryimage\",\"url\":\"https:\/\/kulturonline.tv\/wp-content\/uploads\/2025\/12\/Apple-Podcast-Show-Cover-in-Dark-Red-Black-and-White-True-Crime-Style-1.png\",\"contentUrl\":\"https:\/\/kulturonline.tv\/wp-content\/uploads\/2025\/12\/Apple-Podcast-Show-Cover-in-Dark-Red-Black-and-White-True-Crime-Style-1.png\",\"width\":1400,\"height\":1400},{\"@type\":\"BreadcrumbList\",\"@id\":\"https:\/\/kulturonline.tv\/de\/im-gespraech-mit-autor-leonhard-mueller\/#breadcrumb\",\"itemListElement\":[{\"@type\":\"ListItem\",\"position\":1,\"name\":\"Startseite\",\"item\":\"https:\/\/kulturonline.tv\/de\/\"},{\"@type\":\"ListItem\",\"position\":2,\"name\":\"Im Gespr\u00e4ch mit Autor Leonhard M\u00fcller\"}]},{\"@type\":\"WebSite\",\"@id\":\"https:\/\/kulturonline.tv\/de\/#website\",\"url\":\"https:\/\/kulturonline.tv\/de\/\",\"name\":\"Kultur Online TV &amp; FM\",\"description\":\"Wir sind Kultur 2.0 zum sehen &amp; h\u00f6ren\",\"publisher\":{\"@id\":\"https:\/\/kulturonline.tv\/de\/#organization\"},\"potentialAction\":[{\"@type\":\"SearchAction\",\"target\":{\"@type\":\"EntryPoint\",\"urlTemplate\":\"https:\/\/kulturonline.tv\/de\/?s={search_term_string}\"},\"query-input\":{\"@type\":\"PropertyValueSpecification\",\"valueRequired\":true,\"valueName\":\"search_term_string\"}}],\"inLanguage\":\"de\"},{\"@type\":\"Organization\",\"@id\":\"https:\/\/kulturonline.tv\/de\/#organization\",\"name\":\"Kultur Online TV\",\"url\":\"https:\/\/kulturonline.tv\/de\/\",\"logo\":{\"@type\":\"ImageObject\",\"inLanguage\":\"de\",\"@id\":\"https:\/\/kulturonline.tv\/de\/#\/schema\/logo\/image\/\",\"url\":\"https:\/\/kulturonline.tv\/wp-content\/uploads\/2021\/08\/Kultur-Online-Tv-Logo-Endversion-neu.png\",\"contentUrl\":\"https:\/\/kulturonline.tv\/wp-content\/uploads\/2021\/08\/Kultur-Online-Tv-Logo-Endversion-neu.png\",\"width\":200,\"height\":200,\"caption\":\"Kultur Online TV\"},\"image\":{\"@id\":\"https:\/\/kulturonline.tv\/de\/#\/schema\/logo\/image\/\"},\"sameAs\":[\"https:\/\/www.facebook.com\/kulturonline.tv\",\"https:\/\/www.instagram.com\/kulturonline.tv\"]},{\"@type\":\"Person\",\"@id\":\"https:\/\/kulturonline.tv\/de\/#\/schema\/person\/b0fac729bb9a0c193fb1df23449df4fe\",\"name\":\"guenter.wolfgang\"}]}<\/script>\n<!-- \/ Yoast SEO plugin. -->","yoast_head_json":{"title":"Im Gespr\u00e4ch mit Autor Leonhard M\u00fcller - Kultur Online TV &amp; FM","description":"Wir begleiten den Autor auf seinem Weg seines Romanes mit dem Titel \" Der Lustschritt\". Am 10. November hatt uns Leonhard M\u00fcller bereits einen ersten exklusiven Einblick in sein noch unfertiges Manuskript gegeben.","robots":{"index":"index","follow":"follow","max-snippet":"max-snippet:-1","max-image-preview":"max-image-preview:large","max-video-preview":"max-video-preview:-1"},"canonical":"https:\/\/kulturonline.tv\/de\/im-gespraech-mit-autor-leonhard-mueller\/","og_locale":"de_DE","og_type":"article","og_title":"Im Gespr\u00e4ch mit Autor Leonhard M\u00fcller - Kultur Online TV &amp; FM","og_description":"Wir begleiten den Autor auf seinem Weg seines Romanes mit dem Titel \" Der Lustschritt\". Am 10. November hatt uns Leonhard M\u00fcller bereits einen ersten exklusiven Einblick in sein noch unfertiges Manuskript gegeben.","og_url":"https:\/\/kulturonline.tv\/de\/im-gespraech-mit-autor-leonhard-mueller\/","og_site_name":"Kultur Online TV &amp; FM","article_publisher":"https:\/\/www.facebook.com\/kulturonline.tv","article_published_time":"2026-02-04T23:23:00+00:00","article_modified_time":"2026-02-08T12:53:52+00:00","og_image":[{"width":1400,"height":1400,"url":"https:\/\/kulturonline.tv\/wp-content\/uploads\/2025\/12\/Apple-Podcast-Show-Cover-in-Dark-Red-Black-and-White-True-Crime-Style-1.png","type":"image\/png"}],"author":"guenter.wolfgang","twitter_card":"summary_large_image","twitter_misc":{"Verfasst von":"guenter.wolfgang","Gesch\u00e4tzte Lesezeit":"1\u00a0Minute"},"schema":{"@context":"https:\/\/schema.org","@graph":[{"@type":"Article","@id":"https:\/\/kulturonline.tv\/de\/im-gespraech-mit-autor-leonhard-mueller\/#article","isPartOf":{"@id":"https:\/\/kulturonline.tv\/de\/im-gespraech-mit-autor-leonhard-mueller\/"},"author":{"name":"guenter.wolfgang","@id":"https:\/\/kulturonline.tv\/de\/#\/schema\/person\/b0fac729bb9a0c193fb1df23449df4fe"},"headline":"Im Gespr\u00e4ch mit Autor Leonhard M\u00fcller","datePublished":"2026-02-04T23:23:00+00:00","dateModified":"2026-02-08T12:53:52+00:00","mainEntityOfPage":{"@id":"https:\/\/kulturonline.tv\/de\/im-gespraech-mit-autor-leonhard-mueller\/"},"wordCount":229,"publisher":{"@id":"https:\/\/kulturonline.tv\/de\/#organization"},"image":{"@id":"https:\/\/kulturonline.tv\/de\/im-gespraech-mit-autor-leonhard-mueller\/#primaryimage"},"thumbnailUrl":"https:\/\/kulturonline.tv\/wp-content\/uploads\/2025\/12\/Apple-Podcast-Show-Cover-in-Dark-Red-Black-and-White-True-Crime-Style-1.png","articleSection":["Kultur Online FM Aktuelle Radiobeitr\u00e4ge","Kultur Online FM Cover das B\u00fcchermagazin Interviews &amp; Gespr\u00e4che","Literatur"],"inLanguage":"de"},{"@type":"WebPage","@id":"https:\/\/kulturonline.tv\/de\/im-gespraech-mit-autor-leonhard-mueller\/","url":"https:\/\/kulturonline.tv\/de\/im-gespraech-mit-autor-leonhard-mueller\/","name":"Im Gespr\u00e4ch mit Autor Leonhard M\u00fcller - Kultur Online TV &amp; FM","isPartOf":{"@id":"https:\/\/kulturonline.tv\/de\/#website"},"primaryImageOfPage":{"@id":"https:\/\/kulturonline.tv\/de\/im-gespraech-mit-autor-leonhard-mueller\/#primaryimage"},"image":{"@id":"https:\/\/kulturonline.tv\/de\/im-gespraech-mit-autor-leonhard-mueller\/#primaryimage"},"thumbnailUrl":"https:\/\/kulturonline.tv\/wp-content\/uploads\/2025\/12\/Apple-Podcast-Show-Cover-in-Dark-Red-Black-and-White-True-Crime-Style-1.png","datePublished":"2026-02-04T23:23:00+00:00","dateModified":"2026-02-08T12:53:52+00:00","description":"Wir begleiten den Autor auf seinem Weg seines Romanes mit dem Titel \" Der Lustschritt\". Am 10. November hatt uns Leonhard M\u00fcller bereits einen ersten exklusiven Einblick in sein noch unfertiges Manuskript gegeben.","breadcrumb":{"@id":"https:\/\/kulturonline.tv\/de\/im-gespraech-mit-autor-leonhard-mueller\/#breadcrumb"},"inLanguage":"de","potentialAction":[{"@type":"ReadAction","target":["https:\/\/kulturonline.tv\/de\/im-gespraech-mit-autor-leonhard-mueller\/"]}]},{"@type":"ImageObject","inLanguage":"de","@id":"https:\/\/kulturonline.tv\/de\/im-gespraech-mit-autor-leonhard-mueller\/#primaryimage","url":"https:\/\/kulturonline.tv\/wp-content\/uploads\/2025\/12\/Apple-Podcast-Show-Cover-in-Dark-Red-Black-and-White-True-Crime-Style-1.png","contentUrl":"https:\/\/kulturonline.tv\/wp-content\/uploads\/2025\/12\/Apple-Podcast-Show-Cover-in-Dark-Red-Black-and-White-True-Crime-Style-1.png","width":1400,"height":1400},{"@type":"BreadcrumbList","@id":"https:\/\/kulturonline.tv\/de\/im-gespraech-mit-autor-leonhard-mueller\/#breadcrumb","itemListElement":[{"@type":"ListItem","position":1,"name":"Startseite","item":"https:\/\/kulturonline.tv\/de\/"},{"@type":"ListItem","position":2,"name":"Im Gespr\u00e4ch mit Autor Leonhard M\u00fcller"}]},{"@type":"WebSite","@id":"https:\/\/kulturonline.tv\/de\/#website","url":"https:\/\/kulturonline.tv\/de\/","name":"Kultur Online TV &amp; FM","description":"Wir sind Kultur 2.0 zum sehen &amp; h\u00f6ren","publisher":{"@id":"https:\/\/kulturonline.tv\/de\/#organization"},"potentialAction":[{"@type":"SearchAction","target":{"@type":"EntryPoint","urlTemplate":"https:\/\/kulturonline.tv\/de\/?s={search_term_string}"},"query-input":{"@type":"PropertyValueSpecification","valueRequired":true,"valueName":"search_term_string"}}],"inLanguage":"de"},{"@type":"Organization","@id":"https:\/\/kulturonline.tv\/de\/#organization","name":"Kultur Online TV","url":"https:\/\/kulturonline.tv\/de\/","logo":{"@type":"ImageObject","inLanguage":"de","@id":"https:\/\/kulturonline.tv\/de\/#\/schema\/logo\/image\/","url":"https:\/\/kulturonline.tv\/wp-content\/uploads\/2021\/08\/Kultur-Online-Tv-Logo-Endversion-neu.png","contentUrl":"https:\/\/kulturonline.tv\/wp-content\/uploads\/2021\/08\/Kultur-Online-Tv-Logo-Endversion-neu.png","width":200,"height":200,"caption":"Kultur Online TV"},"image":{"@id":"https:\/\/kulturonline.tv\/de\/#\/schema\/logo\/image\/"},"sameAs":["https:\/\/www.facebook.com\/kulturonline.tv","https:\/\/www.instagram.com\/kulturonline.tv"]},{"@type":"Person","@id":"https:\/\/kulturonline.tv\/de\/#\/schema\/person\/b0fac729bb9a0c193fb1df23449df4fe","name":"guenter.wolfgang"}]}},"_links":{"self":[{"href":"https:\/\/kulturonline.tv\/de\/wp-json\/wp\/v2\/posts\/132524","targetHints":{"allow":["GET"]}}],"collection":[{"href":"https:\/\/kulturonline.tv\/de\/wp-json\/wp\/v2\/posts"}],"about":[{"href":"https:\/\/kulturonline.tv\/de\/wp-json\/wp\/v2\/types\/post"}],"author":[{"embeddable":true,"href":"https:\/\/kulturonline.tv\/de\/wp-json\/wp\/v2\/users\/2"}],"replies":[{"embeddable":true,"href":"https:\/\/kulturonline.tv\/de\/wp-json\/wp\/v2\/comments?post=132524"}],"version-history":[{"count":7,"href":"https:\/\/kulturonline.tv\/de\/wp-json\/wp\/v2\/posts\/132524\/revisions"}],"predecessor-version":[{"id":132565,"href":"https:\/\/kulturonline.tv\/de\/wp-json\/wp\/v2\/posts\/132524\/revisions\/132565"}],"wp:featuredmedia":[{"embeddable":true,"href":"https:\/\/kulturonline.tv\/de\/wp-json\/wp\/v2\/media\/139094"}],"wp:attachment":[{"href":"https:\/\/kulturonline.tv\/de\/wp-json\/wp\/v2\/media?parent=132524"}],"wp:term":[{"taxonomy":"category","embeddable":true,"href":"https:\/\/kulturonline.tv\/de\/wp-json\/wp\/v2\/categories?post=132524"},{"taxonomy":"post_tag","embeddable":true,"href":"https:\/\/kulturonline.tv\/de\/wp-json\/wp\/v2\/tags?post=132524"}],"curies":[{"name":"wp","href":"https:\/\/api.w.org\/{rel}","templated":true}]}}