{"id":13377,"date":"2021-11-29T15:57:45","date_gmt":"2021-11-29T14:57:45","guid":{"rendered":"https:\/\/kulturonline.tv\/?p=13377"},"modified":"2021-12-04T16:07:24","modified_gmt":"2021-12-04T15:07:24","slug":"festival-fuer-impro-theater-zum-18-mal-in-halle","status":"publish","type":"post","link":"https:\/\/kulturonline.tv\/de\/festival-fuer-impro-theater-zum-18-mal-in-halle\/","title":{"rendered":"Festival f\u00fcr Impro-Theater zum 18. Mal in Halle"},"content":{"rendered":"\n<p>Die Saalestadt begr\u00fc\u00dft zum 18. Impro-Theaterfestival &#8222;Impronale&#8220; K\u00fcnstlerinnen und K\u00fcnstler aus Deutschland, Kanada und Frankreich<\/p>\n\n\n\n<figure class=\"wp-block-image size-full\"><img fetchpriority=\"high\" decoding=\"async\" width=\"1280\" height=\"720\" src=\"https:\/\/kulturonline.tv\/wp-content\/uploads\/2021\/11\/saal_bu\u0308hne_theater_kino_vorstellung_kunst_\u00a9_pixabay-edited-1.jpg\" alt=\"\" class=\"wp-image-13386\" srcset=\"https:\/\/kulturonline.tv\/wp-content\/uploads\/2021\/11\/saal_bu\u0308hne_theater_kino_vorstellung_kunst_\u00a9_pixabay-edited-1.jpg 1280w, https:\/\/kulturonline.tv\/wp-content\/uploads\/2021\/11\/saal_bu\u0308hne_theater_kino_vorstellung_kunst_\u00a9_pixabay-edited-1-600x338.jpg 600w, https:\/\/kulturonline.tv\/wp-content\/uploads\/2021\/11\/saal_bu\u0308hne_theater_kino_vorstellung_kunst_\u00a9_pixabay-edited-1-800x450.jpg 800w, https:\/\/kulturonline.tv\/wp-content\/uploads\/2021\/11\/saal_bu\u0308hne_theater_kino_vorstellung_kunst_\u00a9_pixabay-edited-1-768x432.jpg 768w\" sizes=\"(max-width: 1280px) 100vw, 1280px\" \/><\/figure>\n\n\n\n<p>Veranstaltet wird die &#8222;Impronale&#8220; vom Theaterverein &#8222;Kaltstart&#8220; in Halle, der auch ein Rahmenprogramm mit Theaterworkshops anbietet. Die dabei entstandenen Ideen werden zum Abschluss des Festivals in einer \u00f6ffentlichen Werkschau gezeigt.<\/p>\n\n\n\n<p>Nach der Er\u00f6ffnung am Donnerstagabend mit dem St\u00fcck &#8222;Quersumme 9&#8220; stehen bis Sonntag, 26.11, in der Freien Spielst\u00e4tte sechs weitere Kunstst\u00fccke des Improvisationstheaters auf dem Programm.<\/p>\n\n\n\n<p>F\u00fcr die Akteure geht es auch um den Publikumspreis &#8222;Improkal&#8220;. Improvisationstheater lebt von der Interaktion der B\u00fchnenk\u00fcnstler mit den Zuschauerinnen und Zuschauern.<\/p>\n\n\n\n<p>Improvisationstheater ist eine lebendige B\u00fchnenform, bei der in Zusammenarbeit mit dem Publikum spontane Geschichten gespielt werden. Die Schauspieler kommen auf die B\u00fchne und wissen, ebenso wie die Zuschauer, nicht, was passieren wird. So wird z.B. nach einem Ort, einer Beziehung, einem Beruf, einer brenzligen Situation, nach einem Gef\u00fchl oder \u00e4hnlichem gefragt. Diese Vorschl\u00e4ge sind dann Ausl\u00f6ser und Leitfaden f\u00fcr die daraufhin spontan entstehenden Szenen. Dabei werden die Schauspieler h\u00e4ufig durch einen ebenfalls improvisierenden Musiker begleitet. Live vor den Augen des Publikums entstehen so Szenen voll Spontaneit\u00e4t, Komik, Phantasie, mit \u00fcberraschenden Wendungen und skurrilen Figuren.<\/p>\n\n\n\n<p>Eine Theaterkultur, die Aktivit\u00e4t erzeugt und die die Phantasie anregt.&nbsp;<\/p>\n\n\n\n<p>Kultur Online TV<\/p>\n\n\n\n<p>#theater #improvisation #kultur <\/p>\n","protected":false},"excerpt":{"rendered":"<p>Die Saalestadt begr\u00fc\u00dft zum 18. Impro-Theaterfestival &#8222;Impronale&#8220; K\u00fcnstlerinnen und K\u00fcnstler aus Deutschland, Kanada und Frankreich Veranstaltet wird die &#8222;Impronale&#8220; vom Theaterverein &#8222;Kaltstart&#8220; in Halle, der auch ein Rahmenprogramm mit Theaterworkshops anbietet. Die dabei entstandenen Ideen werden zum Abschluss des Festivals in einer \u00f6ffentlichen Werkschau gezeigt. Nach der Er\u00f6ffnung am Donnerstagabend mit dem St\u00fcck &#8222;Quersumme 9&#8220; [&hellip;]<\/p>\n","protected":false},"author":2,"featured_media":13386,"comment_status":"closed","ping_status":"closed","sticky":false,"template":"","format":"standard","meta":{"_acf_changed":false,"footnotes":""},"categories":[105],"tags":[],"class_list":["post-13377","post","type-post","status-publish","format-standard","has-post-thumbnail","hentry","category-theater"],"acf":[],"yoast_head":"<!-- This site is optimized with the Yoast SEO plugin v26.1.1 - https:\/\/yoast.com\/wordpress\/plugins\/seo\/ -->\n<title>Festival f\u00fcr Impro-Theater zum 18. Mal in Halle - Kultur Online TV &amp; FM<\/title>\n<meta name=\"description\" content=\"Kultur sehen und H\u00f6ren\" \/>\n<meta name=\"robots\" content=\"index, follow, max-snippet:-1, max-image-preview:large, max-video-preview:-1\" \/>\n<link rel=\"canonical\" href=\"https:\/\/kulturonline.tv\/de\/festival-fuer-impro-theater-zum-18-mal-in-halle\/\" \/>\n<meta property=\"og:locale\" content=\"de_DE\" \/>\n<meta property=\"og:type\" content=\"article\" \/>\n<meta property=\"og:title\" content=\"Festival f\u00fcr Impro-Theater zum 18. Mal in Halle - Kultur Online TV &amp; FM\" \/>\n<meta property=\"og:description\" content=\"Kultur sehen und H\u00f6ren\" \/>\n<meta property=\"og:url\" content=\"https:\/\/kulturonline.tv\/de\/festival-fuer-impro-theater-zum-18-mal-in-halle\/\" \/>\n<meta property=\"og:site_name\" content=\"Kultur Online TV &amp; FM\" \/>\n<meta property=\"article:publisher\" content=\"https:\/\/www.facebook.com\/kulturonline.tv\" \/>\n<meta property=\"article:published_time\" content=\"2021-11-29T14:57:45+00:00\" \/>\n<meta property=\"article:modified_time\" content=\"2021-12-04T15:07:24+00:00\" \/>\n<meta property=\"og:image\" content=\"https:\/\/kulturonline.tv\/wp-content\/uploads\/2021\/11\/saal_bu\u0308hne_theater_kino_vorstellung_kunst_\u00a9_pixabay-edited-1.jpg\" \/>\n\t<meta property=\"og:image:width\" content=\"1280\" \/>\n\t<meta property=\"og:image:height\" content=\"720\" \/>\n\t<meta property=\"og:image:type\" content=\"image\/jpeg\" \/>\n<meta name=\"author\" content=\"guenter.wolfgang\" \/>\n<meta name=\"twitter:card\" content=\"summary_large_image\" \/>\n<meta name=\"twitter:label1\" content=\"Verfasst von\" \/>\n\t<meta name=\"twitter:data1\" content=\"guenter.wolfgang\" \/>\n\t<meta name=\"twitter:label2\" content=\"Gesch\u00e4tzte Lesezeit\" \/>\n\t<meta name=\"twitter:data2\" content=\"2\u00a0Minuten\" \/>\n<script type=\"application\/ld+json\" class=\"yoast-schema-graph\">{\"@context\":\"https:\/\/schema.org\",\"@graph\":[{\"@type\":\"Article\",\"@id\":\"https:\/\/kulturonline.tv\/de\/festival-fuer-impro-theater-zum-18-mal-in-halle\/#article\",\"isPartOf\":{\"@id\":\"https:\/\/kulturonline.tv\/de\/festival-fuer-impro-theater-zum-18-mal-in-halle\/\"},\"author\":{\"name\":\"guenter.wolfgang\",\"@id\":\"https:\/\/kulturonline.tv\/de\/#\/schema\/person\/b0fac729bb9a0c193fb1df23449df4fe\"},\"headline\":\"Festival f\u00fcr Impro-Theater zum 18. Mal in Halle\",\"datePublished\":\"2021-11-29T14:57:45+00:00\",\"dateModified\":\"2021-12-04T15:07:24+00:00\",\"mainEntityOfPage\":{\"@id\":\"https:\/\/kulturonline.tv\/de\/festival-fuer-impro-theater-zum-18-mal-in-halle\/\"},\"wordCount\":229,\"publisher\":{\"@id\":\"https:\/\/kulturonline.tv\/de\/#organization\"},\"image\":{\"@id\":\"https:\/\/kulturonline.tv\/de\/festival-fuer-impro-theater-zum-18-mal-in-halle\/#primaryimage\"},\"thumbnailUrl\":\"https:\/\/kulturonline.tv\/wp-content\/uploads\/2021\/11\/saal_bu\u0308hne_theater_kino_vorstellung_kunst_\u00a9_pixabay-edited-1.jpg\",\"articleSection\":[\"Theater\"],\"inLanguage\":\"de\"},{\"@type\":\"WebPage\",\"@id\":\"https:\/\/kulturonline.tv\/de\/festival-fuer-impro-theater-zum-18-mal-in-halle\/\",\"url\":\"https:\/\/kulturonline.tv\/de\/festival-fuer-impro-theater-zum-18-mal-in-halle\/\",\"name\":\"Festival f\u00fcr Impro-Theater zum 18. Mal in Halle - Kultur Online TV &amp; FM\",\"isPartOf\":{\"@id\":\"https:\/\/kulturonline.tv\/de\/#website\"},\"primaryImageOfPage\":{\"@id\":\"https:\/\/kulturonline.tv\/de\/festival-fuer-impro-theater-zum-18-mal-in-halle\/#primaryimage\"},\"image\":{\"@id\":\"https:\/\/kulturonline.tv\/de\/festival-fuer-impro-theater-zum-18-mal-in-halle\/#primaryimage\"},\"thumbnailUrl\":\"https:\/\/kulturonline.tv\/wp-content\/uploads\/2021\/11\/saal_bu\u0308hne_theater_kino_vorstellung_kunst_\u00a9_pixabay-edited-1.jpg\",\"datePublished\":\"2021-11-29T14:57:45+00:00\",\"dateModified\":\"2021-12-04T15:07:24+00:00\",\"description\":\"Kultur sehen und H\u00f6ren\",\"breadcrumb\":{\"@id\":\"https:\/\/kulturonline.tv\/de\/festival-fuer-impro-theater-zum-18-mal-in-halle\/#breadcrumb\"},\"inLanguage\":\"de\",\"potentialAction\":[{\"@type\":\"ReadAction\",\"target\":[\"https:\/\/kulturonline.tv\/de\/festival-fuer-impro-theater-zum-18-mal-in-halle\/\"]}]},{\"@type\":\"ImageObject\",\"inLanguage\":\"de\",\"@id\":\"https:\/\/kulturonline.tv\/de\/festival-fuer-impro-theater-zum-18-mal-in-halle\/#primaryimage\",\"url\":\"https:\/\/kulturonline.tv\/wp-content\/uploads\/2021\/11\/saal_bu\u0308hne_theater_kino_vorstellung_kunst_\u00a9_pixabay-edited-1.jpg\",\"contentUrl\":\"https:\/\/kulturonline.tv\/wp-content\/uploads\/2021\/11\/saal_bu\u0308hne_theater_kino_vorstellung_kunst_\u00a9_pixabay-edited-1.jpg\",\"width\":1280,\"height\":720},{\"@type\":\"BreadcrumbList\",\"@id\":\"https:\/\/kulturonline.tv\/de\/festival-fuer-impro-theater-zum-18-mal-in-halle\/#breadcrumb\",\"itemListElement\":[{\"@type\":\"ListItem\",\"position\":1,\"name\":\"Startseite\",\"item\":\"https:\/\/kulturonline.tv\/de\/\"},{\"@type\":\"ListItem\",\"position\":2,\"name\":\"Festival f\u00fcr Impro-Theater zum 18. Mal in Halle\"}]},{\"@type\":\"WebSite\",\"@id\":\"https:\/\/kulturonline.tv\/de\/#website\",\"url\":\"https:\/\/kulturonline.tv\/de\/\",\"name\":\"Kultur Online TV &amp; FM\",\"description\":\"Wir sind Kultur 2.0 zum sehen &amp; h\u00f6ren\",\"publisher\":{\"@id\":\"https:\/\/kulturonline.tv\/de\/#organization\"},\"potentialAction\":[{\"@type\":\"SearchAction\",\"target\":{\"@type\":\"EntryPoint\",\"urlTemplate\":\"https:\/\/kulturonline.tv\/de\/?s={search_term_string}\"},\"query-input\":{\"@type\":\"PropertyValueSpecification\",\"valueRequired\":true,\"valueName\":\"search_term_string\"}}],\"inLanguage\":\"de\"},{\"@type\":\"Organization\",\"@id\":\"https:\/\/kulturonline.tv\/de\/#organization\",\"name\":\"Kultur Online TV\",\"url\":\"https:\/\/kulturonline.tv\/de\/\",\"logo\":{\"@type\":\"ImageObject\",\"inLanguage\":\"de\",\"@id\":\"https:\/\/kulturonline.tv\/de\/#\/schema\/logo\/image\/\",\"url\":\"https:\/\/kulturonline.tv\/wp-content\/uploads\/2021\/08\/Kultur-Online-Tv-Logo-Endversion-neu.png\",\"contentUrl\":\"https:\/\/kulturonline.tv\/wp-content\/uploads\/2021\/08\/Kultur-Online-Tv-Logo-Endversion-neu.png\",\"width\":200,\"height\":200,\"caption\":\"Kultur Online TV\"},\"image\":{\"@id\":\"https:\/\/kulturonline.tv\/de\/#\/schema\/logo\/image\/\"},\"sameAs\":[\"https:\/\/www.facebook.com\/kulturonline.tv\",\"https:\/\/www.instagram.com\/kulturonline.tv\"]},{\"@type\":\"Person\",\"@id\":\"https:\/\/kulturonline.tv\/de\/#\/schema\/person\/b0fac729bb9a0c193fb1df23449df4fe\",\"name\":\"guenter.wolfgang\"}]}<\/script>\n<!-- \/ Yoast SEO plugin. -->","yoast_head_json":{"title":"Festival f\u00fcr Impro-Theater zum 18. Mal in Halle - Kultur Online TV &amp; FM","description":"Kultur sehen und H\u00f6ren","robots":{"index":"index","follow":"follow","max-snippet":"max-snippet:-1","max-image-preview":"max-image-preview:large","max-video-preview":"max-video-preview:-1"},"canonical":"https:\/\/kulturonline.tv\/de\/festival-fuer-impro-theater-zum-18-mal-in-halle\/","og_locale":"de_DE","og_type":"article","og_title":"Festival f\u00fcr Impro-Theater zum 18. Mal in Halle - Kultur Online TV &amp; FM","og_description":"Kultur sehen und H\u00f6ren","og_url":"https:\/\/kulturonline.tv\/de\/festival-fuer-impro-theater-zum-18-mal-in-halle\/","og_site_name":"Kultur Online TV &amp; FM","article_publisher":"https:\/\/www.facebook.com\/kulturonline.tv","article_published_time":"2021-11-29T14:57:45+00:00","article_modified_time":"2021-12-04T15:07:24+00:00","og_image":[{"width":1280,"height":720,"url":"https:\/\/kulturonline.tv\/wp-content\/uploads\/2021\/11\/saal_bu\u0308hne_theater_kino_vorstellung_kunst_\u00a9_pixabay-edited-1.jpg","type":"image\/jpeg"}],"author":"guenter.wolfgang","twitter_card":"summary_large_image","twitter_misc":{"Verfasst von":"guenter.wolfgang","Gesch\u00e4tzte Lesezeit":"2\u00a0Minuten"},"schema":{"@context":"https:\/\/schema.org","@graph":[{"@type":"Article","@id":"https:\/\/kulturonline.tv\/de\/festival-fuer-impro-theater-zum-18-mal-in-halle\/#article","isPartOf":{"@id":"https:\/\/kulturonline.tv\/de\/festival-fuer-impro-theater-zum-18-mal-in-halle\/"},"author":{"name":"guenter.wolfgang","@id":"https:\/\/kulturonline.tv\/de\/#\/schema\/person\/b0fac729bb9a0c193fb1df23449df4fe"},"headline":"Festival f\u00fcr Impro-Theater zum 18. Mal in Halle","datePublished":"2021-11-29T14:57:45+00:00","dateModified":"2021-12-04T15:07:24+00:00","mainEntityOfPage":{"@id":"https:\/\/kulturonline.tv\/de\/festival-fuer-impro-theater-zum-18-mal-in-halle\/"},"wordCount":229,"publisher":{"@id":"https:\/\/kulturonline.tv\/de\/#organization"},"image":{"@id":"https:\/\/kulturonline.tv\/de\/festival-fuer-impro-theater-zum-18-mal-in-halle\/#primaryimage"},"thumbnailUrl":"https:\/\/kulturonline.tv\/wp-content\/uploads\/2021\/11\/saal_bu\u0308hne_theater_kino_vorstellung_kunst_\u00a9_pixabay-edited-1.jpg","articleSection":["Theater"],"inLanguage":"de"},{"@type":"WebPage","@id":"https:\/\/kulturonline.tv\/de\/festival-fuer-impro-theater-zum-18-mal-in-halle\/","url":"https:\/\/kulturonline.tv\/de\/festival-fuer-impro-theater-zum-18-mal-in-halle\/","name":"Festival f\u00fcr Impro-Theater zum 18. Mal in Halle - Kultur Online TV &amp; FM","isPartOf":{"@id":"https:\/\/kulturonline.tv\/de\/#website"},"primaryImageOfPage":{"@id":"https:\/\/kulturonline.tv\/de\/festival-fuer-impro-theater-zum-18-mal-in-halle\/#primaryimage"},"image":{"@id":"https:\/\/kulturonline.tv\/de\/festival-fuer-impro-theater-zum-18-mal-in-halle\/#primaryimage"},"thumbnailUrl":"https:\/\/kulturonline.tv\/wp-content\/uploads\/2021\/11\/saal_bu\u0308hne_theater_kino_vorstellung_kunst_\u00a9_pixabay-edited-1.jpg","datePublished":"2021-11-29T14:57:45+00:00","dateModified":"2021-12-04T15:07:24+00:00","description":"Kultur sehen und H\u00f6ren","breadcrumb":{"@id":"https:\/\/kulturonline.tv\/de\/festival-fuer-impro-theater-zum-18-mal-in-halle\/#breadcrumb"},"inLanguage":"de","potentialAction":[{"@type":"ReadAction","target":["https:\/\/kulturonline.tv\/de\/festival-fuer-impro-theater-zum-18-mal-in-halle\/"]}]},{"@type":"ImageObject","inLanguage":"de","@id":"https:\/\/kulturonline.tv\/de\/festival-fuer-impro-theater-zum-18-mal-in-halle\/#primaryimage","url":"https:\/\/kulturonline.tv\/wp-content\/uploads\/2021\/11\/saal_bu\u0308hne_theater_kino_vorstellung_kunst_\u00a9_pixabay-edited-1.jpg","contentUrl":"https:\/\/kulturonline.tv\/wp-content\/uploads\/2021\/11\/saal_bu\u0308hne_theater_kino_vorstellung_kunst_\u00a9_pixabay-edited-1.jpg","width":1280,"height":720},{"@type":"BreadcrumbList","@id":"https:\/\/kulturonline.tv\/de\/festival-fuer-impro-theater-zum-18-mal-in-halle\/#breadcrumb","itemListElement":[{"@type":"ListItem","position":1,"name":"Startseite","item":"https:\/\/kulturonline.tv\/de\/"},{"@type":"ListItem","position":2,"name":"Festival f\u00fcr Impro-Theater zum 18. Mal in Halle"}]},{"@type":"WebSite","@id":"https:\/\/kulturonline.tv\/de\/#website","url":"https:\/\/kulturonline.tv\/de\/","name":"Kultur Online TV &amp; FM","description":"Wir sind Kultur 2.0 zum sehen &amp; h\u00f6ren","publisher":{"@id":"https:\/\/kulturonline.tv\/de\/#organization"},"potentialAction":[{"@type":"SearchAction","target":{"@type":"EntryPoint","urlTemplate":"https:\/\/kulturonline.tv\/de\/?s={search_term_string}"},"query-input":{"@type":"PropertyValueSpecification","valueRequired":true,"valueName":"search_term_string"}}],"inLanguage":"de"},{"@type":"Organization","@id":"https:\/\/kulturonline.tv\/de\/#organization","name":"Kultur Online TV","url":"https:\/\/kulturonline.tv\/de\/","logo":{"@type":"ImageObject","inLanguage":"de","@id":"https:\/\/kulturonline.tv\/de\/#\/schema\/logo\/image\/","url":"https:\/\/kulturonline.tv\/wp-content\/uploads\/2021\/08\/Kultur-Online-Tv-Logo-Endversion-neu.png","contentUrl":"https:\/\/kulturonline.tv\/wp-content\/uploads\/2021\/08\/Kultur-Online-Tv-Logo-Endversion-neu.png","width":200,"height":200,"caption":"Kultur Online TV"},"image":{"@id":"https:\/\/kulturonline.tv\/de\/#\/schema\/logo\/image\/"},"sameAs":["https:\/\/www.facebook.com\/kulturonline.tv","https:\/\/www.instagram.com\/kulturonline.tv"]},{"@type":"Person","@id":"https:\/\/kulturonline.tv\/de\/#\/schema\/person\/b0fac729bb9a0c193fb1df23449df4fe","name":"guenter.wolfgang"}]}},"_links":{"self":[{"href":"https:\/\/kulturonline.tv\/de\/wp-json\/wp\/v2\/posts\/13377","targetHints":{"allow":["GET"]}}],"collection":[{"href":"https:\/\/kulturonline.tv\/de\/wp-json\/wp\/v2\/posts"}],"about":[{"href":"https:\/\/kulturonline.tv\/de\/wp-json\/wp\/v2\/types\/post"}],"author":[{"embeddable":true,"href":"https:\/\/kulturonline.tv\/de\/wp-json\/wp\/v2\/users\/2"}],"replies":[{"embeddable":true,"href":"https:\/\/kulturonline.tv\/de\/wp-json\/wp\/v2\/comments?post=13377"}],"version-history":[{"count":0,"href":"https:\/\/kulturonline.tv\/de\/wp-json\/wp\/v2\/posts\/13377\/revisions"}],"wp:featuredmedia":[{"embeddable":true,"href":"https:\/\/kulturonline.tv\/de\/wp-json\/wp\/v2\/media\/13386"}],"wp:attachment":[{"href":"https:\/\/kulturonline.tv\/de\/wp-json\/wp\/v2\/media?parent=13377"}],"wp:term":[{"taxonomy":"category","embeddable":true,"href":"https:\/\/kulturonline.tv\/de\/wp-json\/wp\/v2\/categories?post=13377"},{"taxonomy":"post_tag","embeddable":true,"href":"https:\/\/kulturonline.tv\/de\/wp-json\/wp\/v2\/tags?post=13377"}],"curies":[{"name":"wp","href":"https:\/\/api.w.org\/{rel}","templated":true}]}}