{"id":137340,"date":"2026-01-30T19:22:20","date_gmt":"2026-01-30T18:22:20","guid":{"rendered":"https:\/\/kulturonline.tv\/?p=137340"},"modified":"2026-01-30T19:22:21","modified_gmt":"2026-01-30T18:22:21","slug":"ein-starkes-zeichen-fuer-die-journalistische-qualitaet-beim-westdeutschen-rundfunk-wdr","status":"publish","type":"post","link":"https:\/\/kulturonline.tv\/de\/ein-starkes-zeichen-fuer-die-journalistische-qualitaet-beim-westdeutschen-rundfunk-wdr\/","title":{"rendered":"Ein starkes Zeichen f\u00fcr die journalistische Qualit\u00e4t beim Westdeutschen Rundfunk (WDR)"},"content":{"rendered":"\n<p>Der Journalist <strong>Borhan Akid<\/strong> wurde mit dem renommierten <strong>Hanns-Joachim-Friedrichs-F\u00f6rderpreis<\/strong> geehrt. Die Jury w\u00fcrdigt damit seine au\u00dfergew\u00f6hnliche Arbeit, die Br\u00fccken schl\u00e4gt und komplexe Themen mit Mut und Pr\u00e4zision beleuchtet. Akid hat sich insbesondere durch seine authentische Berichterstattung und seinen klaren Blick auf gesellschaftspolitische Zusammenh\u00e4nge einen Namen gemacht. Die Auszeichnung unterstreicht.<\/p>\n\n\n\n<figure class=\"wp-block-image size-full\"><img fetchpriority=\"high\" decoding=\"async\" width=\"1280\" height=\"720\" src=\"https:\/\/kulturonline.tv\/wp-content\/uploads\/2026\/01\/Hanns-Joachim-Friedrichs-Foerderpreis.webp\" alt=\"\" class=\"wp-image-137341\" srcset=\"https:\/\/kulturonline.tv\/wp-content\/uploads\/2026\/01\/Hanns-Joachim-Friedrichs-Foerderpreis.webp 1280w, https:\/\/kulturonline.tv\/wp-content\/uploads\/2026\/01\/Hanns-Joachim-Friedrichs-Foerderpreis-800x450.webp 800w, https:\/\/kulturonline.tv\/wp-content\/uploads\/2026\/01\/Hanns-Joachim-Friedrichs-Foerderpreis-768x432.webp 768w\" sizes=\"(max-width: 1280px) 100vw, 1280px\" \/><\/figure>\n\n\n\n<h2 class=\"wp-block-heading\"><strong>Tiefe statt Oberfl\u00e4chlichkeit<\/strong><\/h2>\n\n\n\n<p>Sein Engagement f\u00fcr gr\u00fcndliche Recherche. * Perspektivwechsel: Seine F\u00e4higkeit, Stimmen Geh\u00f6r zu verschaffen, die im medialen Mainstream oft fehlen. * Haltung: Ein Journalismus, der den Werten von Hanns Joachim Friedrichs \u2013 Unabh\u00e4ngigkeit und Sachlichkeit \u2013 alle Ehre macht.<\/p>\n\n\n\n<p>Der Hanns-Joachim-Friedrichs-Preis z\u00e4hlt zu den bedeutendsten Auszeichnungen f\u00fcr Fernsehjournalismus in Deutschland. Der F\u00f6rderpreis ist speziell darauf ausgerichtet, <strong>Nachwuchstalente<\/strong> zu unterst\u00fctzen, die durch besondere Leistungen auf sich aufmerksam gemacht haben. Journalismus hei\u00dft, etwas zu machen, was andere nicht wollen, dass man es macht. Alles andere ist Public Relations.<\/p>\n\n\n\n<h2 class=\"wp-block-heading\">Zur Person<\/h2>\n\n\n\n<p>Borhan Akid arbeitete vor dem Krieg in Syrien als Journalist. 2015 fl\u00fcchtete er von Damaskus \u00fcber die Balkanroute nach Deutschland und kam in die Eifel. 2018 machte er ein Praktikum bei WDRforyou, dem Online-Format, das Inhalte f\u00fcr Gefl\u00fcchtete in drei Sprachen anbietet. Dann folgte 2020 ein Ressortvolontariat. Seitdem arbeitet Borhan Akid f\u00fcr den WDR und gestaltete und moderierte u. a. den Podcast \u201eCUT \u2013 das Silvester, das uns verfolgt\u201c, in dem die Ereignisse der Silvesternacht 2015 aufgearbeitet wurden.<\/p>\n\n\n\n<p>(Textquelle: WDR)<\/p>\n\n\n\n<p>Wir gratulieren Borhan Akid herzlich zu diesem verdienten Erfolg und freuen uns auf viele weitere inspirierende Beitr\u00e4ge im WDR!<\/p>\n\n\n\n<p>Kultur Online TV-FM<\/p>\n\n\n\n<p>BorhanAkid #HannsJoachimFriedrichsPreis #WDR #Journalismus #Auszeichnung #Medienpreis #Journalist #EhreWemEhreGeb\u00fchrt #Nachwuchsf\u00f6rderung #TeamWDR <\/p>\n","protected":false},"excerpt":{"rendered":"<p>Der Journalist Borhan Akid wurde mit dem renommierten Hanns-Joachim-Friedrichs-F\u00f6rderpreis geehrt. Die Jury w\u00fcrdigt damit seine au\u00dfergew\u00f6hnliche Arbeit, die Br\u00fccken schl\u00e4gt und komplexe Themen mit Mut und Pr\u00e4zision beleuchtet. Akid hat sich insbesondere durch seine authentische Berichterstattung und seinen klaren Blick auf gesellschaftspolitische Zusammenh\u00e4nge einen Namen gemacht. Die Auszeichnung unterstreicht. Tiefe statt Oberfl\u00e4chlichkeit Sein Engagement f\u00fcr [&hellip;]<\/p>\n","protected":false},"author":2,"featured_media":137341,"comment_status":"closed","ping_status":"closed","sticky":false,"template":"","format":"standard","meta":{"_acf_changed":false,"footnotes":""},"categories":[761],"tags":[],"class_list":["post-137340","post","type-post","status-publish","format-standard","has-post-thumbnail","hentry","category-newsflash-fm"],"acf":[],"yoast_head":"<!-- This site is optimized with the Yoast SEO plugin v26.1.1 - https:\/\/yoast.com\/wordpress\/plugins\/seo\/ -->\n<title>Ein starkes Zeichen f\u00fcr die journalistische Qualit\u00e4t beim Westdeutschen Rundfunk (WDR) - Kultur Online TV &amp; FM<\/title>\n<meta name=\"description\" content=\"Der Journalist Borhan Akid wurde mit dem renommierten Hanns-Joachim-Friedrichs-F\u00f6rderpreis geehrt. Die Jury w\u00fcrdigt damit seine au\u00dfergew\u00f6hnliche Arbeit, die Br\u00fccken schl\u00e4gt und komplexe Themen mit Mut und Pr\u00e4zision beleuchtet.\" \/>\n<meta name=\"robots\" content=\"index, follow, max-snippet:-1, max-image-preview:large, max-video-preview:-1\" \/>\n<link rel=\"canonical\" href=\"https:\/\/kulturonline.tv\/de\/ein-starkes-zeichen-fuer-die-journalistische-qualitaet-beim-westdeutschen-rundfunk-wdr\/\" \/>\n<meta property=\"og:locale\" content=\"de_DE\" \/>\n<meta property=\"og:type\" content=\"article\" \/>\n<meta property=\"og:title\" content=\"Ein starkes Zeichen f\u00fcr die journalistische Qualit\u00e4t beim Westdeutschen Rundfunk (WDR) - Kultur Online TV &amp; FM\" \/>\n<meta property=\"og:description\" content=\"Der Journalist Borhan Akid wurde mit dem renommierten Hanns-Joachim-Friedrichs-F\u00f6rderpreis geehrt. Die Jury w\u00fcrdigt damit seine au\u00dfergew\u00f6hnliche Arbeit, die Br\u00fccken schl\u00e4gt und komplexe Themen mit Mut und Pr\u00e4zision beleuchtet.\" \/>\n<meta property=\"og:url\" content=\"https:\/\/kulturonline.tv\/de\/ein-starkes-zeichen-fuer-die-journalistische-qualitaet-beim-westdeutschen-rundfunk-wdr\/\" \/>\n<meta property=\"og:site_name\" content=\"Kultur Online TV &amp; FM\" \/>\n<meta property=\"article:publisher\" content=\"https:\/\/www.facebook.com\/kulturonline.tv\" \/>\n<meta property=\"article:published_time\" content=\"2026-01-30T18:22:20+00:00\" \/>\n<meta property=\"article:modified_time\" content=\"2026-01-30T18:22:21+00:00\" \/>\n<meta property=\"og:image\" content=\"https:\/\/kulturonline.tv\/wp-content\/uploads\/2026\/01\/Hanns-Joachim-Friedrichs-Foerderpreis.webp\" \/>\n\t<meta property=\"og:image:width\" content=\"1280\" \/>\n\t<meta property=\"og:image:height\" content=\"720\" \/>\n\t<meta property=\"og:image:type\" content=\"image\/webp\" \/>\n<meta name=\"author\" content=\"guenter.wolfgang\" \/>\n<meta name=\"twitter:card\" content=\"summary_large_image\" \/>\n<meta name=\"twitter:label1\" content=\"Verfasst von\" \/>\n\t<meta name=\"twitter:data1\" content=\"guenter.wolfgang\" \/>\n\t<meta name=\"twitter:label2\" content=\"Gesch\u00e4tzte Lesezeit\" \/>\n\t<meta name=\"twitter:data2\" content=\"1\u00a0Minute\" \/>\n<script type=\"application\/ld+json\" class=\"yoast-schema-graph\">{\"@context\":\"https:\/\/schema.org\",\"@graph\":[{\"@type\":\"Article\",\"@id\":\"https:\/\/kulturonline.tv\/de\/ein-starkes-zeichen-fuer-die-journalistische-qualitaet-beim-westdeutschen-rundfunk-wdr\/#article\",\"isPartOf\":{\"@id\":\"https:\/\/kulturonline.tv\/de\/ein-starkes-zeichen-fuer-die-journalistische-qualitaet-beim-westdeutschen-rundfunk-wdr\/\"},\"author\":{\"name\":\"guenter.wolfgang\",\"@id\":\"https:\/\/kulturonline.tv\/de\/#\/schema\/person\/b0fac729bb9a0c193fb1df23449df4fe\"},\"headline\":\"Ein starkes Zeichen f\u00fcr die journalistische Qualit\u00e4t beim Westdeutschen Rundfunk (WDR)\",\"datePublished\":\"2026-01-30T18:22:20+00:00\",\"dateModified\":\"2026-01-30T18:22:21+00:00\",\"mainEntityOfPage\":{\"@id\":\"https:\/\/kulturonline.tv\/de\/ein-starkes-zeichen-fuer-die-journalistische-qualitaet-beim-westdeutschen-rundfunk-wdr\/\"},\"wordCount\":281,\"publisher\":{\"@id\":\"https:\/\/kulturonline.tv\/de\/#organization\"},\"image\":{\"@id\":\"https:\/\/kulturonline.tv\/de\/ein-starkes-zeichen-fuer-die-journalistische-qualitaet-beim-westdeutschen-rundfunk-wdr\/#primaryimage\"},\"thumbnailUrl\":\"https:\/\/kulturonline.tv\/wp-content\/uploads\/2026\/01\/Hanns-Joachim-Friedrichs-Foerderpreis.webp\",\"articleSection\":[\"Newsflash FM\"],\"inLanguage\":\"de\"},{\"@type\":\"WebPage\",\"@id\":\"https:\/\/kulturonline.tv\/de\/ein-starkes-zeichen-fuer-die-journalistische-qualitaet-beim-westdeutschen-rundfunk-wdr\/\",\"url\":\"https:\/\/kulturonline.tv\/de\/ein-starkes-zeichen-fuer-die-journalistische-qualitaet-beim-westdeutschen-rundfunk-wdr\/\",\"name\":\"Ein starkes Zeichen f\u00fcr die journalistische Qualit\u00e4t beim Westdeutschen Rundfunk (WDR) - Kultur Online TV &amp; FM\",\"isPartOf\":{\"@id\":\"https:\/\/kulturonline.tv\/de\/#website\"},\"primaryImageOfPage\":{\"@id\":\"https:\/\/kulturonline.tv\/de\/ein-starkes-zeichen-fuer-die-journalistische-qualitaet-beim-westdeutschen-rundfunk-wdr\/#primaryimage\"},\"image\":{\"@id\":\"https:\/\/kulturonline.tv\/de\/ein-starkes-zeichen-fuer-die-journalistische-qualitaet-beim-westdeutschen-rundfunk-wdr\/#primaryimage\"},\"thumbnailUrl\":\"https:\/\/kulturonline.tv\/wp-content\/uploads\/2026\/01\/Hanns-Joachim-Friedrichs-Foerderpreis.webp\",\"datePublished\":\"2026-01-30T18:22:20+00:00\",\"dateModified\":\"2026-01-30T18:22:21+00:00\",\"description\":\"Der Journalist Borhan Akid wurde mit dem renommierten Hanns-Joachim-Friedrichs-F\u00f6rderpreis geehrt. Die Jury w\u00fcrdigt damit seine au\u00dfergew\u00f6hnliche Arbeit, die Br\u00fccken schl\u00e4gt und komplexe Themen mit Mut und Pr\u00e4zision beleuchtet.\",\"breadcrumb\":{\"@id\":\"https:\/\/kulturonline.tv\/de\/ein-starkes-zeichen-fuer-die-journalistische-qualitaet-beim-westdeutschen-rundfunk-wdr\/#breadcrumb\"},\"inLanguage\":\"de\",\"potentialAction\":[{\"@type\":\"ReadAction\",\"target\":[\"https:\/\/kulturonline.tv\/de\/ein-starkes-zeichen-fuer-die-journalistische-qualitaet-beim-westdeutschen-rundfunk-wdr\/\"]}]},{\"@type\":\"ImageObject\",\"inLanguage\":\"de\",\"@id\":\"https:\/\/kulturonline.tv\/de\/ein-starkes-zeichen-fuer-die-journalistische-qualitaet-beim-westdeutschen-rundfunk-wdr\/#primaryimage\",\"url\":\"https:\/\/kulturonline.tv\/wp-content\/uploads\/2026\/01\/Hanns-Joachim-Friedrichs-Foerderpreis.webp\",\"contentUrl\":\"https:\/\/kulturonline.tv\/wp-content\/uploads\/2026\/01\/Hanns-Joachim-Friedrichs-Foerderpreis.webp\",\"width\":1280,\"height\":720},{\"@type\":\"BreadcrumbList\",\"@id\":\"https:\/\/kulturonline.tv\/de\/ein-starkes-zeichen-fuer-die-journalistische-qualitaet-beim-westdeutschen-rundfunk-wdr\/#breadcrumb\",\"itemListElement\":[{\"@type\":\"ListItem\",\"position\":1,\"name\":\"Startseite\",\"item\":\"https:\/\/kulturonline.tv\/de\/\"},{\"@type\":\"ListItem\",\"position\":2,\"name\":\"Ein starkes Zeichen f\u00fcr die journalistische Qualit\u00e4t beim Westdeutschen Rundfunk (WDR)\"}]},{\"@type\":\"WebSite\",\"@id\":\"https:\/\/kulturonline.tv\/de\/#website\",\"url\":\"https:\/\/kulturonline.tv\/de\/\",\"name\":\"Kultur Online TV &amp; FM\",\"description\":\"Wir sind Kultur 2.0 zum sehen &amp; h\u00f6ren\",\"publisher\":{\"@id\":\"https:\/\/kulturonline.tv\/de\/#organization\"},\"potentialAction\":[{\"@type\":\"SearchAction\",\"target\":{\"@type\":\"EntryPoint\",\"urlTemplate\":\"https:\/\/kulturonline.tv\/de\/?s={search_term_string}\"},\"query-input\":{\"@type\":\"PropertyValueSpecification\",\"valueRequired\":true,\"valueName\":\"search_term_string\"}}],\"inLanguage\":\"de\"},{\"@type\":\"Organization\",\"@id\":\"https:\/\/kulturonline.tv\/de\/#organization\",\"name\":\"Kultur Online TV\",\"url\":\"https:\/\/kulturonline.tv\/de\/\",\"logo\":{\"@type\":\"ImageObject\",\"inLanguage\":\"de\",\"@id\":\"https:\/\/kulturonline.tv\/de\/#\/schema\/logo\/image\/\",\"url\":\"https:\/\/kulturonline.tv\/wp-content\/uploads\/2021\/08\/Kultur-Online-Tv-Logo-Endversion-neu.png\",\"contentUrl\":\"https:\/\/kulturonline.tv\/wp-content\/uploads\/2021\/08\/Kultur-Online-Tv-Logo-Endversion-neu.png\",\"width\":200,\"height\":200,\"caption\":\"Kultur Online TV\"},\"image\":{\"@id\":\"https:\/\/kulturonline.tv\/de\/#\/schema\/logo\/image\/\"},\"sameAs\":[\"https:\/\/www.facebook.com\/kulturonline.tv\",\"https:\/\/www.instagram.com\/kulturonline.tv\"]},{\"@type\":\"Person\",\"@id\":\"https:\/\/kulturonline.tv\/de\/#\/schema\/person\/b0fac729bb9a0c193fb1df23449df4fe\",\"name\":\"guenter.wolfgang\"}]}<\/script>\n<!-- \/ Yoast SEO plugin. -->","yoast_head_json":{"title":"Ein starkes Zeichen f\u00fcr die journalistische Qualit\u00e4t beim Westdeutschen Rundfunk (WDR) - Kultur Online TV &amp; FM","description":"Der Journalist Borhan Akid wurde mit dem renommierten Hanns-Joachim-Friedrichs-F\u00f6rderpreis geehrt. Die Jury w\u00fcrdigt damit seine au\u00dfergew\u00f6hnliche Arbeit, die Br\u00fccken schl\u00e4gt und komplexe Themen mit Mut und Pr\u00e4zision beleuchtet.","robots":{"index":"index","follow":"follow","max-snippet":"max-snippet:-1","max-image-preview":"max-image-preview:large","max-video-preview":"max-video-preview:-1"},"canonical":"https:\/\/kulturonline.tv\/de\/ein-starkes-zeichen-fuer-die-journalistische-qualitaet-beim-westdeutschen-rundfunk-wdr\/","og_locale":"de_DE","og_type":"article","og_title":"Ein starkes Zeichen f\u00fcr die journalistische Qualit\u00e4t beim Westdeutschen Rundfunk (WDR) - Kultur Online TV &amp; FM","og_description":"Der Journalist Borhan Akid wurde mit dem renommierten Hanns-Joachim-Friedrichs-F\u00f6rderpreis geehrt. Die Jury w\u00fcrdigt damit seine au\u00dfergew\u00f6hnliche Arbeit, die Br\u00fccken schl\u00e4gt und komplexe Themen mit Mut und Pr\u00e4zision beleuchtet.","og_url":"https:\/\/kulturonline.tv\/de\/ein-starkes-zeichen-fuer-die-journalistische-qualitaet-beim-westdeutschen-rundfunk-wdr\/","og_site_name":"Kultur Online TV &amp; FM","article_publisher":"https:\/\/www.facebook.com\/kulturonline.tv","article_published_time":"2026-01-30T18:22:20+00:00","article_modified_time":"2026-01-30T18:22:21+00:00","og_image":[{"width":1280,"height":720,"url":"https:\/\/kulturonline.tv\/wp-content\/uploads\/2026\/01\/Hanns-Joachim-Friedrichs-Foerderpreis.webp","type":"image\/webp"}],"author":"guenter.wolfgang","twitter_card":"summary_large_image","twitter_misc":{"Verfasst von":"guenter.wolfgang","Gesch\u00e4tzte Lesezeit":"1\u00a0Minute"},"schema":{"@context":"https:\/\/schema.org","@graph":[{"@type":"Article","@id":"https:\/\/kulturonline.tv\/de\/ein-starkes-zeichen-fuer-die-journalistische-qualitaet-beim-westdeutschen-rundfunk-wdr\/#article","isPartOf":{"@id":"https:\/\/kulturonline.tv\/de\/ein-starkes-zeichen-fuer-die-journalistische-qualitaet-beim-westdeutschen-rundfunk-wdr\/"},"author":{"name":"guenter.wolfgang","@id":"https:\/\/kulturonline.tv\/de\/#\/schema\/person\/b0fac729bb9a0c193fb1df23449df4fe"},"headline":"Ein starkes Zeichen f\u00fcr die journalistische Qualit\u00e4t beim Westdeutschen Rundfunk (WDR)","datePublished":"2026-01-30T18:22:20+00:00","dateModified":"2026-01-30T18:22:21+00:00","mainEntityOfPage":{"@id":"https:\/\/kulturonline.tv\/de\/ein-starkes-zeichen-fuer-die-journalistische-qualitaet-beim-westdeutschen-rundfunk-wdr\/"},"wordCount":281,"publisher":{"@id":"https:\/\/kulturonline.tv\/de\/#organization"},"image":{"@id":"https:\/\/kulturonline.tv\/de\/ein-starkes-zeichen-fuer-die-journalistische-qualitaet-beim-westdeutschen-rundfunk-wdr\/#primaryimage"},"thumbnailUrl":"https:\/\/kulturonline.tv\/wp-content\/uploads\/2026\/01\/Hanns-Joachim-Friedrichs-Foerderpreis.webp","articleSection":["Newsflash FM"],"inLanguage":"de"},{"@type":"WebPage","@id":"https:\/\/kulturonline.tv\/de\/ein-starkes-zeichen-fuer-die-journalistische-qualitaet-beim-westdeutschen-rundfunk-wdr\/","url":"https:\/\/kulturonline.tv\/de\/ein-starkes-zeichen-fuer-die-journalistische-qualitaet-beim-westdeutschen-rundfunk-wdr\/","name":"Ein starkes Zeichen f\u00fcr die journalistische Qualit\u00e4t beim Westdeutschen Rundfunk (WDR) - Kultur Online TV &amp; FM","isPartOf":{"@id":"https:\/\/kulturonline.tv\/de\/#website"},"primaryImageOfPage":{"@id":"https:\/\/kulturonline.tv\/de\/ein-starkes-zeichen-fuer-die-journalistische-qualitaet-beim-westdeutschen-rundfunk-wdr\/#primaryimage"},"image":{"@id":"https:\/\/kulturonline.tv\/de\/ein-starkes-zeichen-fuer-die-journalistische-qualitaet-beim-westdeutschen-rundfunk-wdr\/#primaryimage"},"thumbnailUrl":"https:\/\/kulturonline.tv\/wp-content\/uploads\/2026\/01\/Hanns-Joachim-Friedrichs-Foerderpreis.webp","datePublished":"2026-01-30T18:22:20+00:00","dateModified":"2026-01-30T18:22:21+00:00","description":"Der Journalist Borhan Akid wurde mit dem renommierten Hanns-Joachim-Friedrichs-F\u00f6rderpreis geehrt. Die Jury w\u00fcrdigt damit seine au\u00dfergew\u00f6hnliche Arbeit, die Br\u00fccken schl\u00e4gt und komplexe Themen mit Mut und Pr\u00e4zision beleuchtet.","breadcrumb":{"@id":"https:\/\/kulturonline.tv\/de\/ein-starkes-zeichen-fuer-die-journalistische-qualitaet-beim-westdeutschen-rundfunk-wdr\/#breadcrumb"},"inLanguage":"de","potentialAction":[{"@type":"ReadAction","target":["https:\/\/kulturonline.tv\/de\/ein-starkes-zeichen-fuer-die-journalistische-qualitaet-beim-westdeutschen-rundfunk-wdr\/"]}]},{"@type":"ImageObject","inLanguage":"de","@id":"https:\/\/kulturonline.tv\/de\/ein-starkes-zeichen-fuer-die-journalistische-qualitaet-beim-westdeutschen-rundfunk-wdr\/#primaryimage","url":"https:\/\/kulturonline.tv\/wp-content\/uploads\/2026\/01\/Hanns-Joachim-Friedrichs-Foerderpreis.webp","contentUrl":"https:\/\/kulturonline.tv\/wp-content\/uploads\/2026\/01\/Hanns-Joachim-Friedrichs-Foerderpreis.webp","width":1280,"height":720},{"@type":"BreadcrumbList","@id":"https:\/\/kulturonline.tv\/de\/ein-starkes-zeichen-fuer-die-journalistische-qualitaet-beim-westdeutschen-rundfunk-wdr\/#breadcrumb","itemListElement":[{"@type":"ListItem","position":1,"name":"Startseite","item":"https:\/\/kulturonline.tv\/de\/"},{"@type":"ListItem","position":2,"name":"Ein starkes Zeichen f\u00fcr die journalistische Qualit\u00e4t beim Westdeutschen Rundfunk (WDR)"}]},{"@type":"WebSite","@id":"https:\/\/kulturonline.tv\/de\/#website","url":"https:\/\/kulturonline.tv\/de\/","name":"Kultur Online TV &amp; FM","description":"Wir sind Kultur 2.0 zum sehen &amp; h\u00f6ren","publisher":{"@id":"https:\/\/kulturonline.tv\/de\/#organization"},"potentialAction":[{"@type":"SearchAction","target":{"@type":"EntryPoint","urlTemplate":"https:\/\/kulturonline.tv\/de\/?s={search_term_string}"},"query-input":{"@type":"PropertyValueSpecification","valueRequired":true,"valueName":"search_term_string"}}],"inLanguage":"de"},{"@type":"Organization","@id":"https:\/\/kulturonline.tv\/de\/#organization","name":"Kultur Online TV","url":"https:\/\/kulturonline.tv\/de\/","logo":{"@type":"ImageObject","inLanguage":"de","@id":"https:\/\/kulturonline.tv\/de\/#\/schema\/logo\/image\/","url":"https:\/\/kulturonline.tv\/wp-content\/uploads\/2021\/08\/Kultur-Online-Tv-Logo-Endversion-neu.png","contentUrl":"https:\/\/kulturonline.tv\/wp-content\/uploads\/2021\/08\/Kultur-Online-Tv-Logo-Endversion-neu.png","width":200,"height":200,"caption":"Kultur Online TV"},"image":{"@id":"https:\/\/kulturonline.tv\/de\/#\/schema\/logo\/image\/"},"sameAs":["https:\/\/www.facebook.com\/kulturonline.tv","https:\/\/www.instagram.com\/kulturonline.tv"]},{"@type":"Person","@id":"https:\/\/kulturonline.tv\/de\/#\/schema\/person\/b0fac729bb9a0c193fb1df23449df4fe","name":"guenter.wolfgang"}]}},"_links":{"self":[{"href":"https:\/\/kulturonline.tv\/de\/wp-json\/wp\/v2\/posts\/137340","targetHints":{"allow":["GET"]}}],"collection":[{"href":"https:\/\/kulturonline.tv\/de\/wp-json\/wp\/v2\/posts"}],"about":[{"href":"https:\/\/kulturonline.tv\/de\/wp-json\/wp\/v2\/types\/post"}],"author":[{"embeddable":true,"href":"https:\/\/kulturonline.tv\/de\/wp-json\/wp\/v2\/users\/2"}],"replies":[{"embeddable":true,"href":"https:\/\/kulturonline.tv\/de\/wp-json\/wp\/v2\/comments?post=137340"}],"version-history":[{"count":1,"href":"https:\/\/kulturonline.tv\/de\/wp-json\/wp\/v2\/posts\/137340\/revisions"}],"predecessor-version":[{"id":137343,"href":"https:\/\/kulturonline.tv\/de\/wp-json\/wp\/v2\/posts\/137340\/revisions\/137343"}],"wp:featuredmedia":[{"embeddable":true,"href":"https:\/\/kulturonline.tv\/de\/wp-json\/wp\/v2\/media\/137341"}],"wp:attachment":[{"href":"https:\/\/kulturonline.tv\/de\/wp-json\/wp\/v2\/media?parent=137340"}],"wp:term":[{"taxonomy":"category","embeddable":true,"href":"https:\/\/kulturonline.tv\/de\/wp-json\/wp\/v2\/categories?post=137340"},{"taxonomy":"post_tag","embeddable":true,"href":"https:\/\/kulturonline.tv\/de\/wp-json\/wp\/v2\/tags?post=137340"}],"curies":[{"name":"wp","href":"https:\/\/api.w.org\/{rel}","templated":true}]}}