{"id":13856,"date":"2021-11-30T13:27:06","date_gmt":"2021-11-30T12:27:06","guid":{"rendered":"https:\/\/kulturonline.tv\/?p=13856"},"modified":"2021-11-30T13:28:37","modified_gmt":"2021-11-30T12:28:37","slug":"ausstellung-ueber-amy-winehouse-in-london","status":"publish","type":"post","link":"https:\/\/kulturonline.tv\/de\/ausstellung-ueber-amy-winehouse-in-london\/","title":{"rendered":"Ausstellung \u00fcber Amy Winehouse in London"},"content":{"rendered":"\n<p><strong>Etwas mehr als zehn Jahre nach dem Tod von Amy Winehouse er\u00f6ffnet im Londoner Design Museum eine Ausstellung \u00fcber die britische Ausnahmes\u00e4ngerin<\/strong>.<\/p>\n\n\n\n<figure class=\"wp-block-image size-full\"><img fetchpriority=\"high\" decoding=\"async\" width=\"1440\" height=\"810\" src=\"https:\/\/kulturonline.tv\/wp-content\/uploads\/2021\/11\/amy-winehouse-kultur-online-tv.jpg\" alt=\"\" class=\"wp-image-13858\" srcset=\"https:\/\/kulturonline.tv\/wp-content\/uploads\/2021\/11\/amy-winehouse-kultur-online-tv.jpg 1440w, https:\/\/kulturonline.tv\/wp-content\/uploads\/2021\/11\/amy-winehouse-kultur-online-tv-600x338.jpg 600w, https:\/\/kulturonline.tv\/wp-content\/uploads\/2021\/11\/amy-winehouse-kultur-online-tv-800x450.jpg 800w, https:\/\/kulturonline.tv\/wp-content\/uploads\/2021\/11\/amy-winehouse-kultur-online-tv-768x432.jpg 768w\" sizes=\"(max-width: 1440px) 100vw, 1440px\" \/><\/figure>\n\n\n\n<p><strong>Unter dem Titel &#8222;Amy: Beyond the Stage&#8220; sind ab Freitag neben einer Kunstinstallation viele pers\u00f6nliche Gegenst\u00e4nde und Fotos von Winehouse zu sehen, die einen Einblick in Privatleben und Karriere der Londonerin geben.<\/strong><\/p>\n\n\n\n<p>Das Design Museum zeigt zahlreiche Kleider und B\u00fchnenoutfits von Winehouse, die mit ihrem Retrolook auch als Modeikone galt. Die fr\u00fchere Stylistin der S\u00e4ngerin, Naomi Parry, wirkte als Beraterin an der Ausstellung mit. Private Fotos, die von Winehouses Eltern zur Verf\u00fcgung gestellt wurden, zeigen sie mit ihrer Familie, im Urlaub und bei fr\u00fchen Auftritten, bevor sie ein Weltstar wurde.<\/p>\n\n\n\n<p>Ihr zweites Studioalbum &#8222;Back To Black&#8220; machte Winehouse 2006 schlagartig weltber\u00fchmt. Bis heute verkaufte es sich \u00fcber 20 Millionen mal. Winehouse wurde der Ruhm jedoch schnell zu viel. Sie hatte mit Alkohol- und Drogenproblemen zu k\u00e4mpfen. Eine Collage von Zeitungsausschnitten auf der Ausstellung in London dokumentiert, wie die britische Boulevardpresse sie bis zu ihrem fr\u00fchen Tod mit 27 Jahren am 23. Juli 2011 auf Schritt und Tritt verfolgte.<\/p>\n\n\n\n<figure class=\"wp-block-embed is-type-video is-provider-youtube wp-block-embed-youtube wp-embed-aspect-16-9 wp-has-aspect-ratio\"><div class=\"wp-block-embed__wrapper\">\n<iframe title=\"Amy Winehouse - Back To Black\" width=\"800\" height=\"450\" src=\"https:\/\/www.youtube.com\/embed\/TJAfLE39ZZ8?feature=oembed\" frameborder=\"0\" allow=\"accelerometer; autoplay; clipboard-write; encrypted-media; gyroscope; picture-in-picture; web-share\" referrerpolicy=\"strict-origin-when-cross-origin\" allowfullscreen><\/iframe>\n<\/div><\/figure>\n\n\n\n<p>Der Fokus von &#8222;Amy: Beyond the Stage&#8220; liegt auf ihrer Musik und ihrer Bedeutung als S\u00e4ngerin. Auch Notizb\u00fccher mit handgeschriebenen Texten und Zeichnungen sowie ihre ber\u00fchmte blaue Gitarre, eine Daphne Fender Stratocaster, werden ausgestellt. Die Kunstinstallation basiert auf einem Liveauftritt von Amy Winehouse im Jahr 2007, bei dem sie einen ihrer beliebtesten Songs sang: &#8222;Tears Dry On Their Own&#8220;. Die Ausstellung dauert bis zum 10. April 2022.<\/p>\n\n\n\n<p>Kultur Online TV<\/p>\n\n\n\n<p>#tipp #musik #ausstellung<\/p>\n","protected":false},"excerpt":{"rendered":"<p>Etwas mehr als zehn Jahre nach dem Tod von Amy Winehouse er\u00f6ffnet im Londoner Design Museum eine Ausstellung \u00fcber die britische Ausnahmes\u00e4ngerin. Unter dem Titel &#8222;Amy: Beyond the Stage&#8220; sind ab Freitag neben einer Kunstinstallation viele pers\u00f6nliche Gegenst\u00e4nde und Fotos von Winehouse zu sehen, die einen Einblick in Privatleben und Karriere der Londonerin geben. Das [&hellip;]<\/p>\n","protected":false},"author":2,"featured_media":13858,"comment_status":"closed","ping_status":"closed","sticky":false,"template":"","format":"standard","meta":{"_acf_changed":false,"footnotes":""},"categories":[3,123],"tags":[],"class_list":["post-13856","post","type-post","status-publish","format-standard","has-post-thumbnail","hentry","category-newsflash"],"acf":[],"yoast_head":"<!-- This site is optimized with the Yoast SEO plugin v26.1.1 - https:\/\/yoast.com\/wordpress\/plugins\/seo\/ -->\n<title>Ausstellung \u00fcber Amy Winehouse in London - Kultur Online TV &amp; FM<\/title>\n<meta name=\"description\" content=\"Kultur sehen und H\u00f6ren\" \/>\n<meta name=\"robots\" content=\"index, follow, max-snippet:-1, max-image-preview:large, max-video-preview:-1\" \/>\n<link rel=\"canonical\" href=\"https:\/\/kulturonline.tv\/de\/ausstellung-ueber-amy-winehouse-in-london\/\" \/>\n<meta property=\"og:locale\" content=\"de_DE\" \/>\n<meta property=\"og:type\" content=\"article\" \/>\n<meta property=\"og:title\" content=\"Ausstellung \u00fcber Amy Winehouse in London - Kultur Online TV &amp; FM\" \/>\n<meta property=\"og:description\" content=\"Kultur sehen und H\u00f6ren\" \/>\n<meta property=\"og:url\" content=\"https:\/\/kulturonline.tv\/de\/ausstellung-ueber-amy-winehouse-in-london\/\" \/>\n<meta property=\"og:site_name\" content=\"Kultur Online TV &amp; FM\" \/>\n<meta property=\"article:publisher\" content=\"https:\/\/www.facebook.com\/kulturonline.tv\" \/>\n<meta property=\"article:published_time\" content=\"2021-11-30T12:27:06+00:00\" \/>\n<meta property=\"article:modified_time\" content=\"2021-11-30T12:28:37+00:00\" \/>\n<meta property=\"og:image\" content=\"https:\/\/kulturonline.tv\/wp-content\/uploads\/2021\/11\/amy-winehouse-kultur-online-tv.jpg\" \/>\n\t<meta property=\"og:image:width\" content=\"1440\" \/>\n\t<meta property=\"og:image:height\" content=\"810\" \/>\n\t<meta property=\"og:image:type\" content=\"image\/jpeg\" \/>\n<meta name=\"author\" content=\"guenter.wolfgang\" \/>\n<meta name=\"twitter:card\" content=\"summary_large_image\" \/>\n<meta name=\"twitter:label1\" content=\"Verfasst von\" \/>\n\t<meta name=\"twitter:data1\" content=\"guenter.wolfgang\" \/>\n\t<meta name=\"twitter:label2\" content=\"Gesch\u00e4tzte Lesezeit\" \/>\n\t<meta name=\"twitter:data2\" content=\"2\u00a0Minuten\" \/>\n<script type=\"application\/ld+json\" class=\"yoast-schema-graph\">{\"@context\":\"https:\/\/schema.org\",\"@graph\":[{\"@type\":\"Article\",\"@id\":\"https:\/\/kulturonline.tv\/de\/ausstellung-ueber-amy-winehouse-in-london\/#article\",\"isPartOf\":{\"@id\":\"https:\/\/kulturonline.tv\/de\/ausstellung-ueber-amy-winehouse-in-london\/\"},\"author\":{\"name\":\"guenter.wolfgang\",\"@id\":\"https:\/\/kulturonline.tv\/de\/#\/schema\/person\/b0fac729bb9a0c193fb1df23449df4fe\"},\"headline\":\"Ausstellung \u00fcber Amy Winehouse in London\",\"datePublished\":\"2021-11-30T12:27:06+00:00\",\"dateModified\":\"2021-11-30T12:28:37+00:00\",\"mainEntityOfPage\":{\"@id\":\"https:\/\/kulturonline.tv\/de\/ausstellung-ueber-amy-winehouse-in-london\/\"},\"wordCount\":274,\"publisher\":{\"@id\":\"https:\/\/kulturonline.tv\/de\/#organization\"},\"image\":{\"@id\":\"https:\/\/kulturonline.tv\/de\/ausstellung-ueber-amy-winehouse-in-london\/#primaryimage\"},\"thumbnailUrl\":\"https:\/\/kulturonline.tv\/wp-content\/uploads\/2021\/11\/amy-winehouse-kultur-online-tv.jpg\",\"articleSection\":[\"Newsflash\",\"Newsflash\"],\"inLanguage\":\"de\"},{\"@type\":\"WebPage\",\"@id\":\"https:\/\/kulturonline.tv\/de\/ausstellung-ueber-amy-winehouse-in-london\/\",\"url\":\"https:\/\/kulturonline.tv\/de\/ausstellung-ueber-amy-winehouse-in-london\/\",\"name\":\"Ausstellung \u00fcber Amy Winehouse in London - Kultur Online TV &amp; FM\",\"isPartOf\":{\"@id\":\"https:\/\/kulturonline.tv\/de\/#website\"},\"primaryImageOfPage\":{\"@id\":\"https:\/\/kulturonline.tv\/de\/ausstellung-ueber-amy-winehouse-in-london\/#primaryimage\"},\"image\":{\"@id\":\"https:\/\/kulturonline.tv\/de\/ausstellung-ueber-amy-winehouse-in-london\/#primaryimage\"},\"thumbnailUrl\":\"https:\/\/kulturonline.tv\/wp-content\/uploads\/2021\/11\/amy-winehouse-kultur-online-tv.jpg\",\"datePublished\":\"2021-11-30T12:27:06+00:00\",\"dateModified\":\"2021-11-30T12:28:37+00:00\",\"description\":\"Kultur sehen und H\u00f6ren\",\"breadcrumb\":{\"@id\":\"https:\/\/kulturonline.tv\/de\/ausstellung-ueber-amy-winehouse-in-london\/#breadcrumb\"},\"inLanguage\":\"de\",\"potentialAction\":[{\"@type\":\"ReadAction\",\"target\":[\"https:\/\/kulturonline.tv\/de\/ausstellung-ueber-amy-winehouse-in-london\/\"]}]},{\"@type\":\"ImageObject\",\"inLanguage\":\"de\",\"@id\":\"https:\/\/kulturonline.tv\/de\/ausstellung-ueber-amy-winehouse-in-london\/#primaryimage\",\"url\":\"https:\/\/kulturonline.tv\/wp-content\/uploads\/2021\/11\/amy-winehouse-kultur-online-tv.jpg\",\"contentUrl\":\"https:\/\/kulturonline.tv\/wp-content\/uploads\/2021\/11\/amy-winehouse-kultur-online-tv.jpg\",\"width\":1440,\"height\":810},{\"@type\":\"BreadcrumbList\",\"@id\":\"https:\/\/kulturonline.tv\/de\/ausstellung-ueber-amy-winehouse-in-london\/#breadcrumb\",\"itemListElement\":[{\"@type\":\"ListItem\",\"position\":1,\"name\":\"Startseite\",\"item\":\"https:\/\/kulturonline.tv\/de\/\"},{\"@type\":\"ListItem\",\"position\":2,\"name\":\"Ausstellung \u00fcber Amy Winehouse in London\"}]},{\"@type\":\"WebSite\",\"@id\":\"https:\/\/kulturonline.tv\/de\/#website\",\"url\":\"https:\/\/kulturonline.tv\/de\/\",\"name\":\"Kultur Online TV &amp; FM\",\"description\":\"Wir sind Kultur 2.0 zum sehen &amp; h\u00f6ren\",\"publisher\":{\"@id\":\"https:\/\/kulturonline.tv\/de\/#organization\"},\"potentialAction\":[{\"@type\":\"SearchAction\",\"target\":{\"@type\":\"EntryPoint\",\"urlTemplate\":\"https:\/\/kulturonline.tv\/de\/?s={search_term_string}\"},\"query-input\":{\"@type\":\"PropertyValueSpecification\",\"valueRequired\":true,\"valueName\":\"search_term_string\"}}],\"inLanguage\":\"de\"},{\"@type\":\"Organization\",\"@id\":\"https:\/\/kulturonline.tv\/de\/#organization\",\"name\":\"Kultur Online TV\",\"url\":\"https:\/\/kulturonline.tv\/de\/\",\"logo\":{\"@type\":\"ImageObject\",\"inLanguage\":\"de\",\"@id\":\"https:\/\/kulturonline.tv\/de\/#\/schema\/logo\/image\/\",\"url\":\"https:\/\/kulturonline.tv\/wp-content\/uploads\/2021\/08\/Kultur-Online-Tv-Logo-Endversion-neu.png\",\"contentUrl\":\"https:\/\/kulturonline.tv\/wp-content\/uploads\/2021\/08\/Kultur-Online-Tv-Logo-Endversion-neu.png\",\"width\":200,\"height\":200,\"caption\":\"Kultur Online TV\"},\"image\":{\"@id\":\"https:\/\/kulturonline.tv\/de\/#\/schema\/logo\/image\/\"},\"sameAs\":[\"https:\/\/www.facebook.com\/kulturonline.tv\",\"https:\/\/www.instagram.com\/kulturonline.tv\"]},{\"@type\":\"Person\",\"@id\":\"https:\/\/kulturonline.tv\/de\/#\/schema\/person\/b0fac729bb9a0c193fb1df23449df4fe\",\"name\":\"guenter.wolfgang\"}]}<\/script>\n<!-- \/ Yoast SEO plugin. -->","yoast_head_json":{"title":"Ausstellung \u00fcber Amy Winehouse in London - Kultur Online TV &amp; FM","description":"Kultur sehen und H\u00f6ren","robots":{"index":"index","follow":"follow","max-snippet":"max-snippet:-1","max-image-preview":"max-image-preview:large","max-video-preview":"max-video-preview:-1"},"canonical":"https:\/\/kulturonline.tv\/de\/ausstellung-ueber-amy-winehouse-in-london\/","og_locale":"de_DE","og_type":"article","og_title":"Ausstellung \u00fcber Amy Winehouse in London - Kultur Online TV &amp; FM","og_description":"Kultur sehen und H\u00f6ren","og_url":"https:\/\/kulturonline.tv\/de\/ausstellung-ueber-amy-winehouse-in-london\/","og_site_name":"Kultur Online TV &amp; FM","article_publisher":"https:\/\/www.facebook.com\/kulturonline.tv","article_published_time":"2021-11-30T12:27:06+00:00","article_modified_time":"2021-11-30T12:28:37+00:00","og_image":[{"width":1440,"height":810,"url":"https:\/\/kulturonline.tv\/wp-content\/uploads\/2021\/11\/amy-winehouse-kultur-online-tv.jpg","type":"image\/jpeg"}],"author":"guenter.wolfgang","twitter_card":"summary_large_image","twitter_misc":{"Verfasst von":"guenter.wolfgang","Gesch\u00e4tzte Lesezeit":"2\u00a0Minuten"},"schema":{"@context":"https:\/\/schema.org","@graph":[{"@type":"Article","@id":"https:\/\/kulturonline.tv\/de\/ausstellung-ueber-amy-winehouse-in-london\/#article","isPartOf":{"@id":"https:\/\/kulturonline.tv\/de\/ausstellung-ueber-amy-winehouse-in-london\/"},"author":{"name":"guenter.wolfgang","@id":"https:\/\/kulturonline.tv\/de\/#\/schema\/person\/b0fac729bb9a0c193fb1df23449df4fe"},"headline":"Ausstellung \u00fcber Amy Winehouse in London","datePublished":"2021-11-30T12:27:06+00:00","dateModified":"2021-11-30T12:28:37+00:00","mainEntityOfPage":{"@id":"https:\/\/kulturonline.tv\/de\/ausstellung-ueber-amy-winehouse-in-london\/"},"wordCount":274,"publisher":{"@id":"https:\/\/kulturonline.tv\/de\/#organization"},"image":{"@id":"https:\/\/kulturonline.tv\/de\/ausstellung-ueber-amy-winehouse-in-london\/#primaryimage"},"thumbnailUrl":"https:\/\/kulturonline.tv\/wp-content\/uploads\/2021\/11\/amy-winehouse-kultur-online-tv.jpg","articleSection":["Newsflash","Newsflash"],"inLanguage":"de"},{"@type":"WebPage","@id":"https:\/\/kulturonline.tv\/de\/ausstellung-ueber-amy-winehouse-in-london\/","url":"https:\/\/kulturonline.tv\/de\/ausstellung-ueber-amy-winehouse-in-london\/","name":"Ausstellung \u00fcber Amy Winehouse in London - Kultur Online TV &amp; FM","isPartOf":{"@id":"https:\/\/kulturonline.tv\/de\/#website"},"primaryImageOfPage":{"@id":"https:\/\/kulturonline.tv\/de\/ausstellung-ueber-amy-winehouse-in-london\/#primaryimage"},"image":{"@id":"https:\/\/kulturonline.tv\/de\/ausstellung-ueber-amy-winehouse-in-london\/#primaryimage"},"thumbnailUrl":"https:\/\/kulturonline.tv\/wp-content\/uploads\/2021\/11\/amy-winehouse-kultur-online-tv.jpg","datePublished":"2021-11-30T12:27:06+00:00","dateModified":"2021-11-30T12:28:37+00:00","description":"Kultur sehen und H\u00f6ren","breadcrumb":{"@id":"https:\/\/kulturonline.tv\/de\/ausstellung-ueber-amy-winehouse-in-london\/#breadcrumb"},"inLanguage":"de","potentialAction":[{"@type":"ReadAction","target":["https:\/\/kulturonline.tv\/de\/ausstellung-ueber-amy-winehouse-in-london\/"]}]},{"@type":"ImageObject","inLanguage":"de","@id":"https:\/\/kulturonline.tv\/de\/ausstellung-ueber-amy-winehouse-in-london\/#primaryimage","url":"https:\/\/kulturonline.tv\/wp-content\/uploads\/2021\/11\/amy-winehouse-kultur-online-tv.jpg","contentUrl":"https:\/\/kulturonline.tv\/wp-content\/uploads\/2021\/11\/amy-winehouse-kultur-online-tv.jpg","width":1440,"height":810},{"@type":"BreadcrumbList","@id":"https:\/\/kulturonline.tv\/de\/ausstellung-ueber-amy-winehouse-in-london\/#breadcrumb","itemListElement":[{"@type":"ListItem","position":1,"name":"Startseite","item":"https:\/\/kulturonline.tv\/de\/"},{"@type":"ListItem","position":2,"name":"Ausstellung \u00fcber Amy Winehouse in London"}]},{"@type":"WebSite","@id":"https:\/\/kulturonline.tv\/de\/#website","url":"https:\/\/kulturonline.tv\/de\/","name":"Kultur Online TV &amp; FM","description":"Wir sind Kultur 2.0 zum sehen &amp; h\u00f6ren","publisher":{"@id":"https:\/\/kulturonline.tv\/de\/#organization"},"potentialAction":[{"@type":"SearchAction","target":{"@type":"EntryPoint","urlTemplate":"https:\/\/kulturonline.tv\/de\/?s={search_term_string}"},"query-input":{"@type":"PropertyValueSpecification","valueRequired":true,"valueName":"search_term_string"}}],"inLanguage":"de"},{"@type":"Organization","@id":"https:\/\/kulturonline.tv\/de\/#organization","name":"Kultur Online TV","url":"https:\/\/kulturonline.tv\/de\/","logo":{"@type":"ImageObject","inLanguage":"de","@id":"https:\/\/kulturonline.tv\/de\/#\/schema\/logo\/image\/","url":"https:\/\/kulturonline.tv\/wp-content\/uploads\/2021\/08\/Kultur-Online-Tv-Logo-Endversion-neu.png","contentUrl":"https:\/\/kulturonline.tv\/wp-content\/uploads\/2021\/08\/Kultur-Online-Tv-Logo-Endversion-neu.png","width":200,"height":200,"caption":"Kultur Online TV"},"image":{"@id":"https:\/\/kulturonline.tv\/de\/#\/schema\/logo\/image\/"},"sameAs":["https:\/\/www.facebook.com\/kulturonline.tv","https:\/\/www.instagram.com\/kulturonline.tv"]},{"@type":"Person","@id":"https:\/\/kulturonline.tv\/de\/#\/schema\/person\/b0fac729bb9a0c193fb1df23449df4fe","name":"guenter.wolfgang"}]}},"_links":{"self":[{"href":"https:\/\/kulturonline.tv\/de\/wp-json\/wp\/v2\/posts\/13856","targetHints":{"allow":["GET"]}}],"collection":[{"href":"https:\/\/kulturonline.tv\/de\/wp-json\/wp\/v2\/posts"}],"about":[{"href":"https:\/\/kulturonline.tv\/de\/wp-json\/wp\/v2\/types\/post"}],"author":[{"embeddable":true,"href":"https:\/\/kulturonline.tv\/de\/wp-json\/wp\/v2\/users\/2"}],"replies":[{"embeddable":true,"href":"https:\/\/kulturonline.tv\/de\/wp-json\/wp\/v2\/comments?post=13856"}],"version-history":[{"count":0,"href":"https:\/\/kulturonline.tv\/de\/wp-json\/wp\/v2\/posts\/13856\/revisions"}],"wp:featuredmedia":[{"embeddable":true,"href":"https:\/\/kulturonline.tv\/de\/wp-json\/wp\/v2\/media\/13858"}],"wp:attachment":[{"href":"https:\/\/kulturonline.tv\/de\/wp-json\/wp\/v2\/media?parent=13856"}],"wp:term":[{"taxonomy":"category","embeddable":true,"href":"https:\/\/kulturonline.tv\/de\/wp-json\/wp\/v2\/categories?post=13856"},{"taxonomy":"post_tag","embeddable":true,"href":"https:\/\/kulturonline.tv\/de\/wp-json\/wp\/v2\/tags?post=13856"}],"curies":[{"name":"wp","href":"https:\/\/api.w.org\/{rel}","templated":true}]}}