{"id":13949,"date":"2021-12-01T10:19:36","date_gmt":"2021-12-01T09:19:36","guid":{"rendered":"https:\/\/kulturonline.tv\/?p=13949"},"modified":"2021-12-01T10:21:05","modified_gmt":"2021-12-01T09:21:05","slug":"kommt-morgen-wieder-das-aus-fuer-die-kultur","status":"publish","type":"post","link":"https:\/\/kulturonline.tv\/de\/kommt-morgen-wieder-das-aus-fuer-die-kultur\/","title":{"rendered":"Kommt morgen wieder das Aus f\u00fcr die Kultur?"},"content":{"rendered":"\n<p>Die Ministerpr\u00e4sidentinnen und Ministerpr\u00e4sidenten, die gesch\u00e4ftsf\u00fchrende <strong>Bundeskanzlerin Angela Merkel<\/strong> und der designierte Bundeskanzler <strong>Bundesfinanzminister Olaf Scholz<\/strong>, MdB vereinbarten gestern, dass das Infektionsschutzgesetz gesch\u00e4rft werden soll, um der aktuellen pandemischen Lage Rechnung zu tragen.<\/p>\n\n\n\n<figure class=\"wp-block-image size-large\"><img fetchpriority=\"high\" decoding=\"async\" width=\"1920\" height=\"1080\" src=\"https:\/\/kulturonline.tv\/wp-content\/uploads\/2021\/12\/Corona-Kultur-Online-TV-edited.jpg\" alt=\"\" class=\"wp-image-13953\" srcset=\"https:\/\/kulturonline.tv\/wp-content\/uploads\/2021\/12\/Corona-Kultur-Online-TV-edited.jpg 1920w, https:\/\/kulturonline.tv\/wp-content\/uploads\/2021\/12\/Corona-Kultur-Online-TV-edited-600x338.jpg 600w, https:\/\/kulturonline.tv\/wp-content\/uploads\/2021\/12\/Corona-Kultur-Online-TV-edited-800x450.jpg 800w, https:\/\/kulturonline.tv\/wp-content\/uploads\/2021\/12\/Corona-Kultur-Online-TV-edited-1600x900.jpg 1600w, https:\/\/kulturonline.tv\/wp-content\/uploads\/2021\/12\/Corona-Kultur-Online-TV-edited-768x432.jpg 768w, https:\/\/kulturonline.tv\/wp-content\/uploads\/2021\/12\/Corona-Kultur-Online-TV-edited-1536x864.jpg 1536w\" sizes=\"(max-width: 1920px) 100vw, 1920px\" \/><\/figure>\n\n\n\n<p>Morgen wollen Bund und L\u00e4nder \u00fcber eine Ausweitung der 2G-Regel und die Einschr\u00e4nkungen zum Beispiel bei Gro\u00dfveranstaltungen entscheiden. Der Kulturbereich ist unmittelbar betroffen.<br><br>Der Deutsche Kulturrat, der Spitzenverband der Bundeskulturverb\u00e4nde, teilt die Einsch\u00e4tzung, dass es jetzt darum gehen muss, die Coronapandemie energisch einzud\u00e4mmen, um weiteren Schaden zu vermeiden. Schon jetzt leidet der gesamte Kulturbereich unter den Auswirkungen der Pandemie extrem stark. Das gilt f\u00fcr alle k\u00fcnstlerischen Sparten, f\u00fcr professionellen wie den Amateurbereich. Kultureinrichtungen und -unternehmen haben in den vergangenen Monaten erhebliche Anstrengungen zur Sicherheit f\u00fcr die Mitarbeiterinnen und Mitarbeiter sowie die Nutzerinnen und Nutzer unternommen. Hierzu z\u00e4hlen Hygienekonzepte inklusive der Einlasskontrollen bei Kulturveranstaltungen unter Bedingungen von 2G oder 2G+.<br>&nbsp;<br>Der Deutsche Kulturrat erinnert die Ministerpr\u00e4sidenten und die Vertreter der alten und der wahrscheinlichen neuen Bundesregierung daran, dass es bei der Reform des Infektionsschutzgesetzes im letzten Jahr in der Begr\u00fcndung zum \u00a7 28a Ziffer 7 hei\u00dft: \u201e<em>Die Untersagung und Beschr\u00e4nkung des Betriebs von Kultureinrichtungen oder von Kulturveranstaltungen sind insbesondere grundrechtsrelevant mit Blick auf die Kunstfreiheit nach Artikel 5 Absatz 3 des Grundgesetzes, der die k\u00fcnstlerische Bet\u00e4tigung selbst (\u201eWerkbereich\u201c), aber auch die Darbietung und Verbreitung des Kunstwerks (\u201eWirkbereich\u201c) umfasst und damit auf Seiten der Veranstalter wie auch der K\u00fcnstlerinnen und K\u00fcnstler selbst wirksam wird. Bei Untersagungen oder Beschr\u00e4nkungen im Bereich der Kultur muss der Bedeutung der Kunstfreiheit ausreichend Rechnung getragen werden.<\/em>\u201c<br><br>Der Gesch\u00e4ftsf\u00fchrer des Deutschen Kulturrates, <strong>Olaf Zimmermann<\/strong>, sagte: \u201eBei Untersagungen oder Beschr\u00e4nkungen im Bereich der Kultur muss der Bedeutung der Kunstfreiheit ausreichend Rechnung getragen werden. Diese Voraussetzung muss von der Politik beachtet werden, wenn morgen neue Einschr\u00e4nkungen beschlossen werden. Der Kulturbereich tr\u00e4gt seit eineinhalb Jahren alle angemessenen Ma\u00dfnahmen zum Schutz vor Corona mit. Auch jetzt \u00f6ffnen wir unsere Einrichtungen selbstverst\u00e4ndlich nur unter strengen Hygienebedingungen. Absolut inakzeptabel w\u00e4re es, wenn Kulturveranstaltungen schlechter als Sportveranstaltungen gestellt w\u00fcrden.&#8220;<\/p>\n\n\n\n<p>Kultur Online TV<\/p>\n\n\n\n<p>#kunst kultur #museum #corona<\/p>\n","protected":false},"excerpt":{"rendered":"<p>Die Ministerpr\u00e4sidentinnen und Ministerpr\u00e4sidenten, die gesch\u00e4ftsf\u00fchrende Bundeskanzlerin Angela Merkel und der designierte Bundeskanzler Bundesfinanzminister Olaf Scholz, MdB vereinbarten gestern, dass das Infektionsschutzgesetz gesch\u00e4rft werden soll, um der aktuellen pandemischen Lage Rechnung zu tragen. Morgen wollen Bund und L\u00e4nder \u00fcber eine Ausweitung der 2G-Regel und die Einschr\u00e4nkungen zum Beispiel bei Gro\u00dfveranstaltungen entscheiden. Der Kulturbereich ist unmittelbar [&hellip;]<\/p>\n","protected":false},"author":2,"featured_media":13953,"comment_status":"closed","ping_status":"closed","sticky":false,"template":"","format":"standard","meta":{"_acf_changed":false,"footnotes":""},"categories":[3,123,118],"tags":[],"class_list":{"0":"post-13949","1":"post","2":"type-post","3":"status-publish","4":"format-standard","5":"has-post-thumbnail","6":"hentry","7":"category-newsflash","9":"category-uncategorized"},"acf":[],"yoast_head":"<!-- This site is optimized with the Yoast SEO plugin v26.1.1 - https:\/\/yoast.com\/wordpress\/plugins\/seo\/ -->\n<title>Kommt morgen wieder das Aus f\u00fcr die Kultur? - Kultur Online TV &amp; FM<\/title>\n<meta name=\"description\" content=\"Kultur sehen und H\u00f6ren\" \/>\n<meta name=\"robots\" content=\"index, follow, max-snippet:-1, max-image-preview:large, max-video-preview:-1\" \/>\n<link rel=\"canonical\" href=\"https:\/\/kulturonline.tv\/de\/kommt-morgen-wieder-das-aus-fuer-die-kultur\/\" \/>\n<meta property=\"og:locale\" content=\"de_DE\" \/>\n<meta property=\"og:type\" content=\"article\" \/>\n<meta property=\"og:title\" content=\"Kommt morgen wieder das Aus f\u00fcr die Kultur? - Kultur Online TV &amp; FM\" \/>\n<meta property=\"og:description\" content=\"Kultur sehen und H\u00f6ren\" \/>\n<meta property=\"og:url\" content=\"https:\/\/kulturonline.tv\/de\/kommt-morgen-wieder-das-aus-fuer-die-kultur\/\" \/>\n<meta property=\"og:site_name\" content=\"Kultur Online TV &amp; FM\" \/>\n<meta property=\"article:publisher\" content=\"https:\/\/www.facebook.com\/kulturonline.tv\" \/>\n<meta property=\"article:published_time\" content=\"2021-12-01T09:19:36+00:00\" \/>\n<meta property=\"article:modified_time\" content=\"2021-12-01T09:21:05+00:00\" \/>\n<meta property=\"og:image\" content=\"https:\/\/kulturonline.tv\/wp-content\/uploads\/2021\/12\/Corona-Kultur-Online-TV-edited.jpg\" \/>\n\t<meta property=\"og:image:width\" content=\"1920\" \/>\n\t<meta property=\"og:image:height\" content=\"1080\" \/>\n\t<meta property=\"og:image:type\" content=\"image\/jpeg\" \/>\n<meta name=\"author\" content=\"guenter.wolfgang\" \/>\n<meta name=\"twitter:card\" content=\"summary_large_image\" \/>\n<meta name=\"twitter:label1\" content=\"Verfasst von\" \/>\n\t<meta name=\"twitter:data1\" content=\"guenter.wolfgang\" \/>\n\t<meta name=\"twitter:label2\" content=\"Gesch\u00e4tzte Lesezeit\" \/>\n\t<meta name=\"twitter:data2\" content=\"2\u00a0Minuten\" \/>\n<script type=\"application\/ld+json\" class=\"yoast-schema-graph\">{\"@context\":\"https:\/\/schema.org\",\"@graph\":[{\"@type\":\"Article\",\"@id\":\"https:\/\/kulturonline.tv\/de\/kommt-morgen-wieder-das-aus-fuer-die-kultur\/#article\",\"isPartOf\":{\"@id\":\"https:\/\/kulturonline.tv\/de\/kommt-morgen-wieder-das-aus-fuer-die-kultur\/\"},\"author\":{\"name\":\"guenter.wolfgang\",\"@id\":\"https:\/\/kulturonline.tv\/de\/#\/schema\/person\/b0fac729bb9a0c193fb1df23449df4fe\"},\"headline\":\"Kommt morgen wieder das Aus f\u00fcr die Kultur?\",\"datePublished\":\"2021-12-01T09:19:36+00:00\",\"dateModified\":\"2021-12-01T09:21:05+00:00\",\"mainEntityOfPage\":{\"@id\":\"https:\/\/kulturonline.tv\/de\/kommt-morgen-wieder-das-aus-fuer-die-kultur\/\"},\"wordCount\":374,\"publisher\":{\"@id\":\"https:\/\/kulturonline.tv\/de\/#organization\"},\"image\":{\"@id\":\"https:\/\/kulturonline.tv\/de\/kommt-morgen-wieder-das-aus-fuer-die-kultur\/#primaryimage\"},\"thumbnailUrl\":\"https:\/\/kulturonline.tv\/wp-content\/uploads\/2021\/12\/Corona-Kultur-Online-TV-edited.jpg\",\"articleSection\":[\"Newsflash\",\"Newsflash\",\"Uncategorized @at\"],\"inLanguage\":\"de\"},{\"@type\":\"WebPage\",\"@id\":\"https:\/\/kulturonline.tv\/de\/kommt-morgen-wieder-das-aus-fuer-die-kultur\/\",\"url\":\"https:\/\/kulturonline.tv\/de\/kommt-morgen-wieder-das-aus-fuer-die-kultur\/\",\"name\":\"Kommt morgen wieder das Aus f\u00fcr die Kultur? - Kultur Online TV &amp; FM\",\"isPartOf\":{\"@id\":\"https:\/\/kulturonline.tv\/de\/#website\"},\"primaryImageOfPage\":{\"@id\":\"https:\/\/kulturonline.tv\/de\/kommt-morgen-wieder-das-aus-fuer-die-kultur\/#primaryimage\"},\"image\":{\"@id\":\"https:\/\/kulturonline.tv\/de\/kommt-morgen-wieder-das-aus-fuer-die-kultur\/#primaryimage\"},\"thumbnailUrl\":\"https:\/\/kulturonline.tv\/wp-content\/uploads\/2021\/12\/Corona-Kultur-Online-TV-edited.jpg\",\"datePublished\":\"2021-12-01T09:19:36+00:00\",\"dateModified\":\"2021-12-01T09:21:05+00:00\",\"description\":\"Kultur sehen und H\u00f6ren\",\"breadcrumb\":{\"@id\":\"https:\/\/kulturonline.tv\/de\/kommt-morgen-wieder-das-aus-fuer-die-kultur\/#breadcrumb\"},\"inLanguage\":\"de\",\"potentialAction\":[{\"@type\":\"ReadAction\",\"target\":[\"https:\/\/kulturonline.tv\/de\/kommt-morgen-wieder-das-aus-fuer-die-kultur\/\"]}]},{\"@type\":\"ImageObject\",\"inLanguage\":\"de\",\"@id\":\"https:\/\/kulturonline.tv\/de\/kommt-morgen-wieder-das-aus-fuer-die-kultur\/#primaryimage\",\"url\":\"https:\/\/kulturonline.tv\/wp-content\/uploads\/2021\/12\/Corona-Kultur-Online-TV-edited.jpg\",\"contentUrl\":\"https:\/\/kulturonline.tv\/wp-content\/uploads\/2021\/12\/Corona-Kultur-Online-TV-edited.jpg\",\"width\":1920,\"height\":1080},{\"@type\":\"BreadcrumbList\",\"@id\":\"https:\/\/kulturonline.tv\/de\/kommt-morgen-wieder-das-aus-fuer-die-kultur\/#breadcrumb\",\"itemListElement\":[{\"@type\":\"ListItem\",\"position\":1,\"name\":\"Startseite\",\"item\":\"https:\/\/kulturonline.tv\/de\/\"},{\"@type\":\"ListItem\",\"position\":2,\"name\":\"Kommt morgen wieder das Aus f\u00fcr die Kultur?\"}]},{\"@type\":\"WebSite\",\"@id\":\"https:\/\/kulturonline.tv\/de\/#website\",\"url\":\"https:\/\/kulturonline.tv\/de\/\",\"name\":\"Kultur Online TV &amp; FM\",\"description\":\"Wir sind Kultur 2.0 zum sehen &amp; h\u00f6ren\",\"publisher\":{\"@id\":\"https:\/\/kulturonline.tv\/de\/#organization\"},\"potentialAction\":[{\"@type\":\"SearchAction\",\"target\":{\"@type\":\"EntryPoint\",\"urlTemplate\":\"https:\/\/kulturonline.tv\/de\/?s={search_term_string}\"},\"query-input\":{\"@type\":\"PropertyValueSpecification\",\"valueRequired\":true,\"valueName\":\"search_term_string\"}}],\"inLanguage\":\"de\"},{\"@type\":\"Organization\",\"@id\":\"https:\/\/kulturonline.tv\/de\/#organization\",\"name\":\"Kultur Online TV\",\"url\":\"https:\/\/kulturonline.tv\/de\/\",\"logo\":{\"@type\":\"ImageObject\",\"inLanguage\":\"de\",\"@id\":\"https:\/\/kulturonline.tv\/de\/#\/schema\/logo\/image\/\",\"url\":\"https:\/\/kulturonline.tv\/wp-content\/uploads\/2021\/08\/Kultur-Online-Tv-Logo-Endversion-neu.png\",\"contentUrl\":\"https:\/\/kulturonline.tv\/wp-content\/uploads\/2021\/08\/Kultur-Online-Tv-Logo-Endversion-neu.png\",\"width\":200,\"height\":200,\"caption\":\"Kultur Online TV\"},\"image\":{\"@id\":\"https:\/\/kulturonline.tv\/de\/#\/schema\/logo\/image\/\"},\"sameAs\":[\"https:\/\/www.facebook.com\/kulturonline.tv\",\"https:\/\/www.instagram.com\/kulturonline.tv\"]},{\"@type\":\"Person\",\"@id\":\"https:\/\/kulturonline.tv\/de\/#\/schema\/person\/b0fac729bb9a0c193fb1df23449df4fe\",\"name\":\"guenter.wolfgang\"}]}<\/script>\n<!-- \/ Yoast SEO plugin. -->","yoast_head_json":{"title":"Kommt morgen wieder das Aus f\u00fcr die Kultur? - Kultur Online TV &amp; FM","description":"Kultur sehen und H\u00f6ren","robots":{"index":"index","follow":"follow","max-snippet":"max-snippet:-1","max-image-preview":"max-image-preview:large","max-video-preview":"max-video-preview:-1"},"canonical":"https:\/\/kulturonline.tv\/de\/kommt-morgen-wieder-das-aus-fuer-die-kultur\/","og_locale":"de_DE","og_type":"article","og_title":"Kommt morgen wieder das Aus f\u00fcr die Kultur? - Kultur Online TV &amp; FM","og_description":"Kultur sehen und H\u00f6ren","og_url":"https:\/\/kulturonline.tv\/de\/kommt-morgen-wieder-das-aus-fuer-die-kultur\/","og_site_name":"Kultur Online TV &amp; FM","article_publisher":"https:\/\/www.facebook.com\/kulturonline.tv","article_published_time":"2021-12-01T09:19:36+00:00","article_modified_time":"2021-12-01T09:21:05+00:00","og_image":[{"width":1920,"height":1080,"url":"https:\/\/kulturonline.tv\/wp-content\/uploads\/2021\/12\/Corona-Kultur-Online-TV-edited.jpg","type":"image\/jpeg"}],"author":"guenter.wolfgang","twitter_card":"summary_large_image","twitter_misc":{"Verfasst von":"guenter.wolfgang","Gesch\u00e4tzte Lesezeit":"2\u00a0Minuten"},"schema":{"@context":"https:\/\/schema.org","@graph":[{"@type":"Article","@id":"https:\/\/kulturonline.tv\/de\/kommt-morgen-wieder-das-aus-fuer-die-kultur\/#article","isPartOf":{"@id":"https:\/\/kulturonline.tv\/de\/kommt-morgen-wieder-das-aus-fuer-die-kultur\/"},"author":{"name":"guenter.wolfgang","@id":"https:\/\/kulturonline.tv\/de\/#\/schema\/person\/b0fac729bb9a0c193fb1df23449df4fe"},"headline":"Kommt morgen wieder das Aus f\u00fcr die Kultur?","datePublished":"2021-12-01T09:19:36+00:00","dateModified":"2021-12-01T09:21:05+00:00","mainEntityOfPage":{"@id":"https:\/\/kulturonline.tv\/de\/kommt-morgen-wieder-das-aus-fuer-die-kultur\/"},"wordCount":374,"publisher":{"@id":"https:\/\/kulturonline.tv\/de\/#organization"},"image":{"@id":"https:\/\/kulturonline.tv\/de\/kommt-morgen-wieder-das-aus-fuer-die-kultur\/#primaryimage"},"thumbnailUrl":"https:\/\/kulturonline.tv\/wp-content\/uploads\/2021\/12\/Corona-Kultur-Online-TV-edited.jpg","articleSection":["Newsflash","Newsflash","Uncategorized @at"],"inLanguage":"de"},{"@type":"WebPage","@id":"https:\/\/kulturonline.tv\/de\/kommt-morgen-wieder-das-aus-fuer-die-kultur\/","url":"https:\/\/kulturonline.tv\/de\/kommt-morgen-wieder-das-aus-fuer-die-kultur\/","name":"Kommt morgen wieder das Aus f\u00fcr die Kultur? - Kultur Online TV &amp; FM","isPartOf":{"@id":"https:\/\/kulturonline.tv\/de\/#website"},"primaryImageOfPage":{"@id":"https:\/\/kulturonline.tv\/de\/kommt-morgen-wieder-das-aus-fuer-die-kultur\/#primaryimage"},"image":{"@id":"https:\/\/kulturonline.tv\/de\/kommt-morgen-wieder-das-aus-fuer-die-kultur\/#primaryimage"},"thumbnailUrl":"https:\/\/kulturonline.tv\/wp-content\/uploads\/2021\/12\/Corona-Kultur-Online-TV-edited.jpg","datePublished":"2021-12-01T09:19:36+00:00","dateModified":"2021-12-01T09:21:05+00:00","description":"Kultur sehen und H\u00f6ren","breadcrumb":{"@id":"https:\/\/kulturonline.tv\/de\/kommt-morgen-wieder-das-aus-fuer-die-kultur\/#breadcrumb"},"inLanguage":"de","potentialAction":[{"@type":"ReadAction","target":["https:\/\/kulturonline.tv\/de\/kommt-morgen-wieder-das-aus-fuer-die-kultur\/"]}]},{"@type":"ImageObject","inLanguage":"de","@id":"https:\/\/kulturonline.tv\/de\/kommt-morgen-wieder-das-aus-fuer-die-kultur\/#primaryimage","url":"https:\/\/kulturonline.tv\/wp-content\/uploads\/2021\/12\/Corona-Kultur-Online-TV-edited.jpg","contentUrl":"https:\/\/kulturonline.tv\/wp-content\/uploads\/2021\/12\/Corona-Kultur-Online-TV-edited.jpg","width":1920,"height":1080},{"@type":"BreadcrumbList","@id":"https:\/\/kulturonline.tv\/de\/kommt-morgen-wieder-das-aus-fuer-die-kultur\/#breadcrumb","itemListElement":[{"@type":"ListItem","position":1,"name":"Startseite","item":"https:\/\/kulturonline.tv\/de\/"},{"@type":"ListItem","position":2,"name":"Kommt morgen wieder das Aus f\u00fcr die Kultur?"}]},{"@type":"WebSite","@id":"https:\/\/kulturonline.tv\/de\/#website","url":"https:\/\/kulturonline.tv\/de\/","name":"Kultur Online TV &amp; FM","description":"Wir sind Kultur 2.0 zum sehen &amp; h\u00f6ren","publisher":{"@id":"https:\/\/kulturonline.tv\/de\/#organization"},"potentialAction":[{"@type":"SearchAction","target":{"@type":"EntryPoint","urlTemplate":"https:\/\/kulturonline.tv\/de\/?s={search_term_string}"},"query-input":{"@type":"PropertyValueSpecification","valueRequired":true,"valueName":"search_term_string"}}],"inLanguage":"de"},{"@type":"Organization","@id":"https:\/\/kulturonline.tv\/de\/#organization","name":"Kultur Online TV","url":"https:\/\/kulturonline.tv\/de\/","logo":{"@type":"ImageObject","inLanguage":"de","@id":"https:\/\/kulturonline.tv\/de\/#\/schema\/logo\/image\/","url":"https:\/\/kulturonline.tv\/wp-content\/uploads\/2021\/08\/Kultur-Online-Tv-Logo-Endversion-neu.png","contentUrl":"https:\/\/kulturonline.tv\/wp-content\/uploads\/2021\/08\/Kultur-Online-Tv-Logo-Endversion-neu.png","width":200,"height":200,"caption":"Kultur Online TV"},"image":{"@id":"https:\/\/kulturonline.tv\/de\/#\/schema\/logo\/image\/"},"sameAs":["https:\/\/www.facebook.com\/kulturonline.tv","https:\/\/www.instagram.com\/kulturonline.tv"]},{"@type":"Person","@id":"https:\/\/kulturonline.tv\/de\/#\/schema\/person\/b0fac729bb9a0c193fb1df23449df4fe","name":"guenter.wolfgang"}]}},"_links":{"self":[{"href":"https:\/\/kulturonline.tv\/de\/wp-json\/wp\/v2\/posts\/13949","targetHints":{"allow":["GET"]}}],"collection":[{"href":"https:\/\/kulturonline.tv\/de\/wp-json\/wp\/v2\/posts"}],"about":[{"href":"https:\/\/kulturonline.tv\/de\/wp-json\/wp\/v2\/types\/post"}],"author":[{"embeddable":true,"href":"https:\/\/kulturonline.tv\/de\/wp-json\/wp\/v2\/users\/2"}],"replies":[{"embeddable":true,"href":"https:\/\/kulturonline.tv\/de\/wp-json\/wp\/v2\/comments?post=13949"}],"version-history":[{"count":0,"href":"https:\/\/kulturonline.tv\/de\/wp-json\/wp\/v2\/posts\/13949\/revisions"}],"wp:featuredmedia":[{"embeddable":true,"href":"https:\/\/kulturonline.tv\/de\/wp-json\/wp\/v2\/media\/13953"}],"wp:attachment":[{"href":"https:\/\/kulturonline.tv\/de\/wp-json\/wp\/v2\/media?parent=13949"}],"wp:term":[{"taxonomy":"category","embeddable":true,"href":"https:\/\/kulturonline.tv\/de\/wp-json\/wp\/v2\/categories?post=13949"},{"taxonomy":"post_tag","embeddable":true,"href":"https:\/\/kulturonline.tv\/de\/wp-json\/wp\/v2\/tags?post=13949"}],"curies":[{"name":"wp","href":"https:\/\/api.w.org\/{rel}","templated":true}]}}