{"id":13972,"date":"2021-12-02T08:30:18","date_gmt":"2021-12-02T07:30:18","guid":{"rendered":"https:\/\/kulturonline.tv\/?p=13972"},"modified":"2021-12-02T11:03:21","modified_gmt":"2021-12-02T10:03:21","slug":"kunst-ausstellung-im-osthaus-museum-haagen-von-sylvester-stallone","status":"publish","type":"post","link":"https:\/\/kulturonline.tv\/de\/kunst-ausstellung-im-osthaus-museum-haagen-von-sylvester-stallone\/","title":{"rendered":"Kunst Ausstellung im Osthaus Museum Haagen von Sylvester Stallone"},"content":{"rendered":"\n<p>Was viele nicht wissen: Stallone hat, neben der Schauspielerei und seinen Regiearbeiten, eine riesige Affinit\u00e4t zur Kunst.<\/p>\n\n\n\n<p>Nach verschiedenen Museumsausstellungen in Europa zeigt das Osthaus Museum Hagen, anl\u00e4sslich des 75. Geburtstags von Sylvester Stallone, eine umfassende Retrospektive seiner Werke. Beleuchtet wird das Gesamtwerk von den sp\u00e4ten sechziger Jahren bis heute sowie die verschiedenen k\u00fcnstlerischen Phasen des Actionstars. Zu sehen sind mehr als 50 Bilder, darunter Selbstportr\u00e4ts und noch nie zuvor gezeigte fr\u00fche Arbeiten.<\/p>\n\n\n\n<figure class=\"wp-block-image size-full is-resized\"><img decoding=\"async\" src=\"https:\/\/kulturonline.tv\/wp-content\/uploads\/2021\/12\/Sivlester-Styllone-edited.jpg\" alt=\"\" class=\"wp-image-13976\" width=\"849\" srcset=\"https:\/\/kulturonline.tv\/wp-content\/uploads\/2021\/12\/Sivlester-Styllone-edited.jpg 619w, https:\/\/kulturonline.tv\/wp-content\/uploads\/2021\/12\/Sivlester-Styllone-edited-600x337.jpg 600w\" sizes=\"(max-width: 619px) 100vw, 619px\" \/><figcaption>Hollywood-Star Sylvester Stallone bei der Arbeit: Seine Werke pr\u00e4sentiert er bald im Osthaus-Museum in Hagen.\u00a0<br>Foto: \u00a9 Galerie Gmurzynska\/ Art work Sylvester Stallone<\/figcaption><\/figure>\n\n\n\n<h2 class=\"wp-block-heading\">Sylvester Stallone kommt zur Er\u00f6ffnung:<\/h2>\n\n\n\n<p>Hierzu wird kein Geringerer als Sylvester Stallone zur Er\u00f6ffnung seiner Ausstellung nach Deutschland kommen, um seine Werke h\u00f6chstpers\u00f6nlich zu pr\u00e4sentieren. So wird Stallone am Freitag, den 3. Dezember 2021 seinen gro\u00dfen Auftritt im Museum haben. <\/p>\n\n\n\n<p>Wir haben mit dem Museumsdirektor Dr. Tayfun Belgin \u00fcber diese bevorstehende Ausstellung gesprochen.<\/p>\n\n\n\n<div class=\"wp-block-media-text alignwide is-stacked-on-mobile\" style=\"grid-template-columns:52% auto\"><figure class=\"wp-block-media-text__media\"><img fetchpriority=\"high\" decoding=\"async\" width=\"1080\" height=\"1080\" src=\"https:\/\/kulturonline.tv\/wp-content\/uploads\/2021\/12\/Audio-Podcast-mit-Dr.-Tayfun-Belgin-Kultur-Online-TV-FM.png\" alt=\"\" class=\"wp-image-14044 size-full\" srcset=\"https:\/\/kulturonline.tv\/wp-content\/uploads\/2021\/12\/Audio-Podcast-mit-Dr.-Tayfun-Belgin-Kultur-Online-TV-FM.png 1080w, https:\/\/kulturonline.tv\/wp-content\/uploads\/2021\/12\/Audio-Podcast-mit-Dr.-Tayfun-Belgin-Kultur-Online-TV-FM-300x300.png 300w, https:\/\/kulturonline.tv\/wp-content\/uploads\/2021\/12\/Audio-Podcast-mit-Dr.-Tayfun-Belgin-Kultur-Online-TV-FM-100x100.png 100w, https:\/\/kulturonline.tv\/wp-content\/uploads\/2021\/12\/Audio-Podcast-mit-Dr.-Tayfun-Belgin-Kultur-Online-TV-FM-600x600.png 600w, https:\/\/kulturonline.tv\/wp-content\/uploads\/2021\/12\/Audio-Podcast-mit-Dr.-Tayfun-Belgin-Kultur-Online-TV-FM-800x800.png 800w, https:\/\/kulturonline.tv\/wp-content\/uploads\/2021\/12\/Audio-Podcast-mit-Dr.-Tayfun-Belgin-Kultur-Online-TV-FM-500x500.png 500w, https:\/\/kulturonline.tv\/wp-content\/uploads\/2021\/12\/Audio-Podcast-mit-Dr.-Tayfun-Belgin-Kultur-Online-TV-FM-768x768.png 768w\" sizes=\"(max-width: 1080px) 100vw, 1080px\" \/><\/figure><div class=\"wp-block-media-text__content\">\n<p class=\"has-large-font-size\"><\/p>\n<\/div><\/div>\n\n\n\n<figure class=\"wp-block-audio\"><audio controls src=\"https:\/\/kulturonline.tv\/wp-content\/uploads\/2021\/12\/Stallone.mp3\"><\/audio><figcaption>\u00a9 Kultur Online TV I FM<\/figcaption><\/figure>\n\n\n\n<p><em><strong>Kultur Online FM G\u00fcnter Wolfgang im Gespr\u00e4ch mit Museumsdirektor Dr. Tayfun Belgin <\/strong><\/em><\/p>\n\n\n\n<p><\/p>\n\n\n\n<p>Stallones Bilder sind einerseits \u201eaction-geladen\u201c und ausdrucksstark wie seine Filme und andererseits feinnervig und vielschichtig in ihren Aussagen. Der kunstaffine Hollywoodstar nutzt kenntnisreich verschiedene Kunstformen wie Surrealismus, Expressionismus und Abstraktion als Ausdrucksformen. Die Malerei ist seit 55 Jahren ein enger und konstanter Bestandteil der kreativen Ausdrucksformen von Sylvester Stallone, wobei sein k\u00fcnstlerisches Schaffen sein filmisches Schaffen befruchtet und umgekehrt.<\/p>\n\n\n\n<p>Bereits in jungen Jahren entdeckte Stallone die Liebe zur Malerei. Seine fr\u00fchen Werke, die er mit Mike Stallone signierte, waren sehr experimentell. Aus finanziellen Gr\u00fcnden arbeitete er jedoch als Autor und begann seine Schauspielkarriere. In den siebziger Jahren und bis Ende der Achtziger Jahre schuf er d\u00fcstere, ausdrucksstarke Werke, in denen er unter anderem den Tod seiner Managerin und weitere Schicksalsschl\u00e4ge verarbeitete. Zu dieser Zeit arbeitete Stallone vor allem mit illustrativen graphischen Linien und grellen Farben.<\/p>\n\n\n\n<p>1989\/90 zeichnete sich ein Wandel ab: Sylvester Stallone besch\u00e4ftigte sich intensiv mit zeitgen\u00f6ssischer Kunst und studierte K\u00fcnstler wie Picasso, Gerhard Richter oder Anselm Kiefer. Er setzte sich mit den abstrakten Werken von Mark Rothko auseinander und entwickelte seinen ganz eigenen Stil. Es entstanden zahlreiche expressionistische Werke, teils als verfremdete Selbst-Portr\u00e4ts, teils auch mit Sprache spielend.<\/p>\n\n\n\n<h2 class=\"wp-block-heading\">Mehr als 50 Bilder werden ausgestellt<\/h2>\n\n\n\n<p>Ausgestellt wird eine Retrospektive von Stallones Gesamtwerk, das von den sp\u00e4ten 60er Jahren bis heute reicht. Somit sind auch die verschiedenen k\u00fcnstlerischen Phasen der Filmikone zu sehen. Die Ausstellung von Stallones Werken umfasst mehr als 50 Bilder.<\/p>\n\n\n\n<p>Stallone sagte einst \u00fcber seine Kunst, dass sie sein filmisches Schaffen befruchtet und umgekehrt:<em>&nbsp;\u201eDas ist es, was ich an der Malerei liebe, sie ist die einzig wahre Kommunikation, die man haben kann. Schreiben kann man manipulieren, Malen ist der schnellste und reinste \u00dcbersetzer des Unterbewusstseins. [\u2026] Wenn etwas in einem vorgeht und man auf die Leinwand trifft, ist es schwer, es zu f\u00e4lschen. Der K\u00fcnstler auf der Leinwand ist f\u00fcr mich die Nummer eins, wenn es darum geht, seine Gef\u00fchle zu vermitteln.\u201c<\/em><\/p>\n\n\n\n<h2 class=\"wp-block-heading\">Sylvester Stallone entwarf seine ber\u00fchmteste Figur \u201eRocky\u201c auf Leinwand<\/h2>\n\n\n\n<p>Stallones ber\u00fchmteste Filmfigur \u201eRocky\u201c entstand lange vor dem Film-Script zuerst auf der Leinwand und ist als&nbsp;<strong>\u201eFinding Rocky\u201c<\/strong>&nbsp;von 1975 in der Ausstellung zu sehen. Bereits in jungen Jahren entdeckte Stallone die Liebe zur Malerei. Seine fr\u00fchen Werke, die er mit Mike Stallone signierte, waren sehr experimentell. Aus finanziellen Gr\u00fcnden arbeitete er jedoch als Autor und begann seine Schauspielkarriere. In den 70er-Jahren und bis Ende der 80er-Jahre schuf er d\u00fcstere, ausdrucksstarke Werke, in denen er unter anderem den Tod seiner Managerin und weitere Schicksalsschl\u00e4ge verarbeitete. Zu dieser Zeit arbeitete Stallone vor allem mit illustrativen grafischen Linien und grellen Farben.<\/p>\n\n\n\n<figure class=\"wp-block-image size-full is-resized\"><img decoding=\"async\" src=\"https:\/\/kulturonline.tv\/wp-content\/uploads\/2021\/12\/rocky.jpg\" alt=\"\" class=\"wp-image-13978\" width=\"845\" height=\"1268\"\/><figcaption>Das Motiv \u201eFinding Rocky\u201c (1975) entwarf Sylvester Stallone bereits vor der Film-Figur auf Leinwand. <br>Foto: \u00a9 Galerie Gmurzynska\/ Art work Sylvester Stallone<\/figcaption><\/figure>\n\n\n\n<p>Kultur Online TV<\/p>\n\n\n\n<p>#kunst #bilder #ausstellung <\/p>\n","protected":false},"excerpt":{"rendered":"<p>Was viele nicht wissen: Stallone hat, neben der Schauspielerei und seinen Regiearbeiten, eine riesige Affinit\u00e4t zur Kunst. Nach verschiedenen Museumsausstellungen in Europa zeigt das Osthaus Museum Hagen, anl\u00e4sslich des 75. Geburtstags von Sylvester Stallone, eine umfassende Retrospektive seiner Werke. Beleuchtet wird das Gesamtwerk von den sp\u00e4ten sechziger Jahren bis heute sowie die verschiedenen k\u00fcnstlerischen Phasen [&hellip;]<\/p>\n","protected":false},"author":2,"featured_media":13976,"comment_status":"closed","ping_status":"closed","sticky":false,"template":"","format":"standard","meta":{"_acf_changed":false,"footnotes":""},"categories":[3],"tags":[],"class_list":["post-13972","post","type-post","status-publish","format-standard","has-post-thumbnail","hentry","category-newsflash"],"acf":[],"yoast_head":"<!-- This site is optimized with the Yoast SEO plugin v26.1.1 - https:\/\/yoast.com\/wordpress\/plugins\/seo\/ -->\n<title>Kunst Ausstellung im Osthaus Museum Haagen von Sylvester Stallone - Kultur Online TV &amp; FM<\/title>\n<meta name=\"description\" content=\"Kultur sehen und H\u00f6ren\" \/>\n<meta name=\"robots\" content=\"index, follow, max-snippet:-1, max-image-preview:large, max-video-preview:-1\" \/>\n<link rel=\"canonical\" href=\"https:\/\/kulturonline.tv\/de\/kunst-ausstellung-im-osthaus-museum-haagen-von-sylvester-stallone\/\" \/>\n<meta property=\"og:locale\" content=\"de_DE\" \/>\n<meta property=\"og:type\" content=\"article\" \/>\n<meta property=\"og:title\" content=\"Kunst Ausstellung im Osthaus Museum Haagen von Sylvester Stallone - Kultur Online TV &amp; FM\" \/>\n<meta property=\"og:description\" content=\"Kultur sehen und H\u00f6ren\" \/>\n<meta property=\"og:url\" content=\"https:\/\/kulturonline.tv\/de\/kunst-ausstellung-im-osthaus-museum-haagen-von-sylvester-stallone\/\" \/>\n<meta property=\"og:site_name\" content=\"Kultur Online TV &amp; FM\" \/>\n<meta property=\"article:publisher\" content=\"https:\/\/www.facebook.com\/kulturonline.tv\" \/>\n<meta property=\"article:published_time\" content=\"2021-12-02T07:30:18+00:00\" \/>\n<meta property=\"article:modified_time\" content=\"2021-12-02T10:03:21+00:00\" \/>\n<meta property=\"og:image\" content=\"https:\/\/kulturonline.tv\/wp-content\/uploads\/2021\/12\/Sivlester-Styllone-edited.jpg\" \/>\n\t<meta property=\"og:image:width\" content=\"619\" \/>\n\t<meta property=\"og:image:height\" content=\"348\" \/>\n\t<meta property=\"og:image:type\" content=\"image\/jpeg\" \/>\n<meta name=\"author\" content=\"guenter.wolfgang\" \/>\n<meta name=\"twitter:card\" content=\"summary_large_image\" \/>\n<meta name=\"twitter:label1\" content=\"Verfasst von\" \/>\n\t<meta name=\"twitter:data1\" content=\"guenter.wolfgang\" \/>\n\t<meta name=\"twitter:label2\" content=\"Gesch\u00e4tzte Lesezeit\" \/>\n\t<meta name=\"twitter:data2\" content=\"4\u00a0Minuten\" \/>\n<script type=\"application\/ld+json\" class=\"yoast-schema-graph\">{\"@context\":\"https:\/\/schema.org\",\"@graph\":[{\"@type\":\"Article\",\"@id\":\"https:\/\/kulturonline.tv\/de\/kunst-ausstellung-im-osthaus-museum-haagen-von-sylvester-stallone\/#article\",\"isPartOf\":{\"@id\":\"https:\/\/kulturonline.tv\/de\/kunst-ausstellung-im-osthaus-museum-haagen-von-sylvester-stallone\/\"},\"author\":{\"name\":\"guenter.wolfgang\",\"@id\":\"https:\/\/kulturonline.tv\/de\/#\/schema\/person\/b0fac729bb9a0c193fb1df23449df4fe\"},\"headline\":\"Kunst Ausstellung im Osthaus Museum Haagen von Sylvester Stallone\",\"datePublished\":\"2021-12-02T07:30:18+00:00\",\"dateModified\":\"2021-12-02T10:03:21+00:00\",\"mainEntityOfPage\":{\"@id\":\"https:\/\/kulturonline.tv\/de\/kunst-ausstellung-im-osthaus-museum-haagen-von-sylvester-stallone\/\"},\"wordCount\":653,\"publisher\":{\"@id\":\"https:\/\/kulturonline.tv\/de\/#organization\"},\"image\":{\"@id\":\"https:\/\/kulturonline.tv\/de\/kunst-ausstellung-im-osthaus-museum-haagen-von-sylvester-stallone\/#primaryimage\"},\"thumbnailUrl\":\"https:\/\/kulturonline.tv\/wp-content\/uploads\/2021\/12\/Sivlester-Styllone-edited.jpg\",\"articleSection\":[\"Newsflash\"],\"inLanguage\":\"de\"},{\"@type\":\"WebPage\",\"@id\":\"https:\/\/kulturonline.tv\/de\/kunst-ausstellung-im-osthaus-museum-haagen-von-sylvester-stallone\/\",\"url\":\"https:\/\/kulturonline.tv\/de\/kunst-ausstellung-im-osthaus-museum-haagen-von-sylvester-stallone\/\",\"name\":\"Kunst Ausstellung im Osthaus Museum Haagen von Sylvester Stallone - Kultur Online TV &amp; FM\",\"isPartOf\":{\"@id\":\"https:\/\/kulturonline.tv\/de\/#website\"},\"primaryImageOfPage\":{\"@id\":\"https:\/\/kulturonline.tv\/de\/kunst-ausstellung-im-osthaus-museum-haagen-von-sylvester-stallone\/#primaryimage\"},\"image\":{\"@id\":\"https:\/\/kulturonline.tv\/de\/kunst-ausstellung-im-osthaus-museum-haagen-von-sylvester-stallone\/#primaryimage\"},\"thumbnailUrl\":\"https:\/\/kulturonline.tv\/wp-content\/uploads\/2021\/12\/Sivlester-Styllone-edited.jpg\",\"datePublished\":\"2021-12-02T07:30:18+00:00\",\"dateModified\":\"2021-12-02T10:03:21+00:00\",\"description\":\"Kultur sehen und H\u00f6ren\",\"breadcrumb\":{\"@id\":\"https:\/\/kulturonline.tv\/de\/kunst-ausstellung-im-osthaus-museum-haagen-von-sylvester-stallone\/#breadcrumb\"},\"inLanguage\":\"de\",\"potentialAction\":[{\"@type\":\"ReadAction\",\"target\":[\"https:\/\/kulturonline.tv\/de\/kunst-ausstellung-im-osthaus-museum-haagen-von-sylvester-stallone\/\"]}]},{\"@type\":\"ImageObject\",\"inLanguage\":\"de\",\"@id\":\"https:\/\/kulturonline.tv\/de\/kunst-ausstellung-im-osthaus-museum-haagen-von-sylvester-stallone\/#primaryimage\",\"url\":\"https:\/\/kulturonline.tv\/wp-content\/uploads\/2021\/12\/Sivlester-Styllone-edited.jpg\",\"contentUrl\":\"https:\/\/kulturonline.tv\/wp-content\/uploads\/2021\/12\/Sivlester-Styllone-edited.jpg\",\"width\":619,\"height\":348},{\"@type\":\"BreadcrumbList\",\"@id\":\"https:\/\/kulturonline.tv\/de\/kunst-ausstellung-im-osthaus-museum-haagen-von-sylvester-stallone\/#breadcrumb\",\"itemListElement\":[{\"@type\":\"ListItem\",\"position\":1,\"name\":\"Startseite\",\"item\":\"https:\/\/kulturonline.tv\/de\/\"},{\"@type\":\"ListItem\",\"position\":2,\"name\":\"Kunst Ausstellung im Osthaus Museum Haagen von Sylvester Stallone\"}]},{\"@type\":\"WebSite\",\"@id\":\"https:\/\/kulturonline.tv\/de\/#website\",\"url\":\"https:\/\/kulturonline.tv\/de\/\",\"name\":\"Kultur Online TV &amp; FM\",\"description\":\"Wir sind Kultur 2.0 zum sehen &amp; h\u00f6ren\",\"publisher\":{\"@id\":\"https:\/\/kulturonline.tv\/de\/#organization\"},\"potentialAction\":[{\"@type\":\"SearchAction\",\"target\":{\"@type\":\"EntryPoint\",\"urlTemplate\":\"https:\/\/kulturonline.tv\/de\/?s={search_term_string}\"},\"query-input\":{\"@type\":\"PropertyValueSpecification\",\"valueRequired\":true,\"valueName\":\"search_term_string\"}}],\"inLanguage\":\"de\"},{\"@type\":\"Organization\",\"@id\":\"https:\/\/kulturonline.tv\/de\/#organization\",\"name\":\"Kultur Online TV\",\"url\":\"https:\/\/kulturonline.tv\/de\/\",\"logo\":{\"@type\":\"ImageObject\",\"inLanguage\":\"de\",\"@id\":\"https:\/\/kulturonline.tv\/de\/#\/schema\/logo\/image\/\",\"url\":\"https:\/\/kulturonline.tv\/wp-content\/uploads\/2021\/08\/Kultur-Online-Tv-Logo-Endversion-neu.png\",\"contentUrl\":\"https:\/\/kulturonline.tv\/wp-content\/uploads\/2021\/08\/Kultur-Online-Tv-Logo-Endversion-neu.png\",\"width\":200,\"height\":200,\"caption\":\"Kultur Online TV\"},\"image\":{\"@id\":\"https:\/\/kulturonline.tv\/de\/#\/schema\/logo\/image\/\"},\"sameAs\":[\"https:\/\/www.facebook.com\/kulturonline.tv\",\"https:\/\/www.instagram.com\/kulturonline.tv\"]},{\"@type\":\"Person\",\"@id\":\"https:\/\/kulturonline.tv\/de\/#\/schema\/person\/b0fac729bb9a0c193fb1df23449df4fe\",\"name\":\"guenter.wolfgang\"}]}<\/script>\n<!-- \/ Yoast SEO plugin. -->","yoast_head_json":{"title":"Kunst Ausstellung im Osthaus Museum Haagen von Sylvester Stallone - Kultur Online TV &amp; FM","description":"Kultur sehen und H\u00f6ren","robots":{"index":"index","follow":"follow","max-snippet":"max-snippet:-1","max-image-preview":"max-image-preview:large","max-video-preview":"max-video-preview:-1"},"canonical":"https:\/\/kulturonline.tv\/de\/kunst-ausstellung-im-osthaus-museum-haagen-von-sylvester-stallone\/","og_locale":"de_DE","og_type":"article","og_title":"Kunst Ausstellung im Osthaus Museum Haagen von Sylvester Stallone - Kultur Online TV &amp; FM","og_description":"Kultur sehen und H\u00f6ren","og_url":"https:\/\/kulturonline.tv\/de\/kunst-ausstellung-im-osthaus-museum-haagen-von-sylvester-stallone\/","og_site_name":"Kultur Online TV &amp; FM","article_publisher":"https:\/\/www.facebook.com\/kulturonline.tv","article_published_time":"2021-12-02T07:30:18+00:00","article_modified_time":"2021-12-02T10:03:21+00:00","og_image":[{"width":619,"height":348,"url":"https:\/\/kulturonline.tv\/wp-content\/uploads\/2021\/12\/Sivlester-Styllone-edited.jpg","type":"image\/jpeg"}],"author":"guenter.wolfgang","twitter_card":"summary_large_image","twitter_misc":{"Verfasst von":"guenter.wolfgang","Gesch\u00e4tzte Lesezeit":"4\u00a0Minuten"},"schema":{"@context":"https:\/\/schema.org","@graph":[{"@type":"Article","@id":"https:\/\/kulturonline.tv\/de\/kunst-ausstellung-im-osthaus-museum-haagen-von-sylvester-stallone\/#article","isPartOf":{"@id":"https:\/\/kulturonline.tv\/de\/kunst-ausstellung-im-osthaus-museum-haagen-von-sylvester-stallone\/"},"author":{"name":"guenter.wolfgang","@id":"https:\/\/kulturonline.tv\/de\/#\/schema\/person\/b0fac729bb9a0c193fb1df23449df4fe"},"headline":"Kunst Ausstellung im Osthaus Museum Haagen von Sylvester Stallone","datePublished":"2021-12-02T07:30:18+00:00","dateModified":"2021-12-02T10:03:21+00:00","mainEntityOfPage":{"@id":"https:\/\/kulturonline.tv\/de\/kunst-ausstellung-im-osthaus-museum-haagen-von-sylvester-stallone\/"},"wordCount":653,"publisher":{"@id":"https:\/\/kulturonline.tv\/de\/#organization"},"image":{"@id":"https:\/\/kulturonline.tv\/de\/kunst-ausstellung-im-osthaus-museum-haagen-von-sylvester-stallone\/#primaryimage"},"thumbnailUrl":"https:\/\/kulturonline.tv\/wp-content\/uploads\/2021\/12\/Sivlester-Styllone-edited.jpg","articleSection":["Newsflash"],"inLanguage":"de"},{"@type":"WebPage","@id":"https:\/\/kulturonline.tv\/de\/kunst-ausstellung-im-osthaus-museum-haagen-von-sylvester-stallone\/","url":"https:\/\/kulturonline.tv\/de\/kunst-ausstellung-im-osthaus-museum-haagen-von-sylvester-stallone\/","name":"Kunst Ausstellung im Osthaus Museum Haagen von Sylvester Stallone - Kultur Online TV &amp; FM","isPartOf":{"@id":"https:\/\/kulturonline.tv\/de\/#website"},"primaryImageOfPage":{"@id":"https:\/\/kulturonline.tv\/de\/kunst-ausstellung-im-osthaus-museum-haagen-von-sylvester-stallone\/#primaryimage"},"image":{"@id":"https:\/\/kulturonline.tv\/de\/kunst-ausstellung-im-osthaus-museum-haagen-von-sylvester-stallone\/#primaryimage"},"thumbnailUrl":"https:\/\/kulturonline.tv\/wp-content\/uploads\/2021\/12\/Sivlester-Styllone-edited.jpg","datePublished":"2021-12-02T07:30:18+00:00","dateModified":"2021-12-02T10:03:21+00:00","description":"Kultur sehen und H\u00f6ren","breadcrumb":{"@id":"https:\/\/kulturonline.tv\/de\/kunst-ausstellung-im-osthaus-museum-haagen-von-sylvester-stallone\/#breadcrumb"},"inLanguage":"de","potentialAction":[{"@type":"ReadAction","target":["https:\/\/kulturonline.tv\/de\/kunst-ausstellung-im-osthaus-museum-haagen-von-sylvester-stallone\/"]}]},{"@type":"ImageObject","inLanguage":"de","@id":"https:\/\/kulturonline.tv\/de\/kunst-ausstellung-im-osthaus-museum-haagen-von-sylvester-stallone\/#primaryimage","url":"https:\/\/kulturonline.tv\/wp-content\/uploads\/2021\/12\/Sivlester-Styllone-edited.jpg","contentUrl":"https:\/\/kulturonline.tv\/wp-content\/uploads\/2021\/12\/Sivlester-Styllone-edited.jpg","width":619,"height":348},{"@type":"BreadcrumbList","@id":"https:\/\/kulturonline.tv\/de\/kunst-ausstellung-im-osthaus-museum-haagen-von-sylvester-stallone\/#breadcrumb","itemListElement":[{"@type":"ListItem","position":1,"name":"Startseite","item":"https:\/\/kulturonline.tv\/de\/"},{"@type":"ListItem","position":2,"name":"Kunst Ausstellung im Osthaus Museum Haagen von Sylvester Stallone"}]},{"@type":"WebSite","@id":"https:\/\/kulturonline.tv\/de\/#website","url":"https:\/\/kulturonline.tv\/de\/","name":"Kultur Online TV &amp; FM","description":"Wir sind Kultur 2.0 zum sehen &amp; h\u00f6ren","publisher":{"@id":"https:\/\/kulturonline.tv\/de\/#organization"},"potentialAction":[{"@type":"SearchAction","target":{"@type":"EntryPoint","urlTemplate":"https:\/\/kulturonline.tv\/de\/?s={search_term_string}"},"query-input":{"@type":"PropertyValueSpecification","valueRequired":true,"valueName":"search_term_string"}}],"inLanguage":"de"},{"@type":"Organization","@id":"https:\/\/kulturonline.tv\/de\/#organization","name":"Kultur Online TV","url":"https:\/\/kulturonline.tv\/de\/","logo":{"@type":"ImageObject","inLanguage":"de","@id":"https:\/\/kulturonline.tv\/de\/#\/schema\/logo\/image\/","url":"https:\/\/kulturonline.tv\/wp-content\/uploads\/2021\/08\/Kultur-Online-Tv-Logo-Endversion-neu.png","contentUrl":"https:\/\/kulturonline.tv\/wp-content\/uploads\/2021\/08\/Kultur-Online-Tv-Logo-Endversion-neu.png","width":200,"height":200,"caption":"Kultur Online TV"},"image":{"@id":"https:\/\/kulturonline.tv\/de\/#\/schema\/logo\/image\/"},"sameAs":["https:\/\/www.facebook.com\/kulturonline.tv","https:\/\/www.instagram.com\/kulturonline.tv"]},{"@type":"Person","@id":"https:\/\/kulturonline.tv\/de\/#\/schema\/person\/b0fac729bb9a0c193fb1df23449df4fe","name":"guenter.wolfgang"}]}},"_links":{"self":[{"href":"https:\/\/kulturonline.tv\/de\/wp-json\/wp\/v2\/posts\/13972","targetHints":{"allow":["GET"]}}],"collection":[{"href":"https:\/\/kulturonline.tv\/de\/wp-json\/wp\/v2\/posts"}],"about":[{"href":"https:\/\/kulturonline.tv\/de\/wp-json\/wp\/v2\/types\/post"}],"author":[{"embeddable":true,"href":"https:\/\/kulturonline.tv\/de\/wp-json\/wp\/v2\/users\/2"}],"replies":[{"embeddable":true,"href":"https:\/\/kulturonline.tv\/de\/wp-json\/wp\/v2\/comments?post=13972"}],"version-history":[{"count":0,"href":"https:\/\/kulturonline.tv\/de\/wp-json\/wp\/v2\/posts\/13972\/revisions"}],"wp:featuredmedia":[{"embeddable":true,"href":"https:\/\/kulturonline.tv\/de\/wp-json\/wp\/v2\/media\/13976"}],"wp:attachment":[{"href":"https:\/\/kulturonline.tv\/de\/wp-json\/wp\/v2\/media?parent=13972"}],"wp:term":[{"taxonomy":"category","embeddable":true,"href":"https:\/\/kulturonline.tv\/de\/wp-json\/wp\/v2\/categories?post=13972"},{"taxonomy":"post_tag","embeddable":true,"href":"https:\/\/kulturonline.tv\/de\/wp-json\/wp\/v2\/tags?post=13972"}],"curies":[{"name":"wp","href":"https:\/\/api.w.org\/{rel}","templated":true}]}}