{"id":14019,"date":"2021-12-02T13:41:31","date_gmt":"2021-12-02T12:41:31","guid":{"rendered":"https:\/\/kulturonline.tv\/?p=14019"},"modified":"2021-12-02T13:41:32","modified_gmt":"2021-12-02T12:41:32","slug":"die-vergessene-not-auf-hoher-see","status":"publish","type":"post","link":"https:\/\/kulturonline.tv\/de\/die-vergessene-not-auf-hoher-see\/","title":{"rendered":"Die vergessene Not auf hoher See"},"content":{"rendered":"\n<p>Die Theaterproduktion &#8222;See not Rescue&#8220; macht im Stuttgarter Theaterhaus wieder aufmerksam auf t\u00e4glich ertrinkenden Fl\u00fcchtlinge im Mittelmeer. <\/p>\n\n\n\n<figure class=\"wp-block-image size-large\"><img fetchpriority=\"high\" decoding=\"async\" width=\"1600\" height=\"900\" src=\"https:\/\/kulturonline.tv\/wp-content\/uploads\/2021\/12\/1920x1080-1600x900.jpg\" alt=\"\" class=\"wp-image-14021\" srcset=\"https:\/\/kulturonline.tv\/wp-content\/uploads\/2021\/12\/1920x1080-1600x900.jpg 1600w, https:\/\/kulturonline.tv\/wp-content\/uploads\/2021\/12\/1920x1080-600x338.jpg 600w, https:\/\/kulturonline.tv\/wp-content\/uploads\/2021\/12\/1920x1080-800x450.jpg 800w, https:\/\/kulturonline.tv\/wp-content\/uploads\/2021\/12\/1920x1080-768x432.jpg 768w, https:\/\/kulturonline.tv\/wp-content\/uploads\/2021\/12\/1920x1080-1536x864.jpg 1536w, https:\/\/kulturonline.tv\/wp-content\/uploads\/2021\/12\/1920x1080.jpg 1920w\" sizes=\"(max-width: 1600px) 100vw, 1600px\" \/><figcaption>\u00a9 ITALIAN NAVY<\/figcaption><\/figure>\n\n\n\n<p>Wer interessiert sich eigentlich noch f\u00fcr Fl\u00fcchtlingsdramen? Die deutsche Politik, die Medien und die \u00d6ffentlichkeit sind gerade wieder derart umfassend vom Coronavirus absorbiert, dass andere Probleme des Weltgeschehens kaum noch Chancen auf Aufmerksamkeit haben. <\/p>\n\n\n\n<p>Die Lage der Gefl\u00fcchteten an der Grenze zwischen Belarus und Polen taucht nur noch am Rand in der \u201eTagesschau\u201c auf. Auch die Aufregung \u00fcber ein gekentertes Schlauchboot, dessen 27 Insassen in der vergangenen Woche im \u00c4rmelkanal zwischen Frankreich und England ertrunken sind, war hierzulande sehr begrenzt.<\/p>\n\n\n\n<p>Der gemeinn\u00fctzige Verein Theaterhaus Stuttgart e.&nbsp;V. wurde 1984 von Werner und Gudrun Schretzmeier sowie&nbsp;Peter Grohmann&nbsp;im Stadtteil&nbsp;Wangen&nbsp;in den R\u00e4umen einer leer stehenden Glasfabrik gegr\u00fcndet. Der Spielbetrieb begann am 29. M\u00e4rz 1985. <\/p>\n\n\n\n<p>Dem stetig wachsenden Angebot an kulturellen Veranstaltungen und dem damit verbundenen Anstieg der Zuschauerzahlen wurde 2003 durch den Umzug in die Rheinstahlhallen nahe dem Stuttgarter&nbsp;Pragsattel&nbsp;Rechnung getragen. Dazu wurde das denkmalgesch\u00fctzte Geb\u00e4ude zu einem Kultur- und Sportzentrum umgebaut.&nbsp;<\/p>\n\n\n\n<p>Das Theaterst\u00fcck &#8222;See not Rescue&#8220; zeigt die unfassbaren Zust\u00e4nde, die Menschen auf offener See erleben, bei dem Versuch, Zuflucht in Europa zu finden. <\/p>\n\n\n\n<p>Kultur Online TV<\/p>\n\n\n\n<p>#fl\u00fcchtlinge #theater #kultur #pandemie <\/p>\n","protected":false},"excerpt":{"rendered":"<p>Die Theaterproduktion &#8222;See not Rescue&#8220; macht im Stuttgarter Theaterhaus wieder aufmerksam auf t\u00e4glich ertrinkenden Fl\u00fcchtlinge im Mittelmeer. Wer interessiert sich eigentlich noch f\u00fcr Fl\u00fcchtlingsdramen? Die deutsche Politik, die Medien und die \u00d6ffentlichkeit sind gerade wieder derart umfassend vom Coronavirus absorbiert, dass andere Probleme des Weltgeschehens kaum noch Chancen auf Aufmerksamkeit haben. Die Lage der Gefl\u00fcchteten [&hellip;]<\/p>\n","protected":false},"author":2,"featured_media":14021,"comment_status":"closed","ping_status":"closed","sticky":false,"template":"","format":"standard","meta":{"_acf_changed":false,"footnotes":""},"categories":[105],"tags":[],"class_list":["post-14019","post","type-post","status-publish","format-standard","has-post-thumbnail","hentry","category-theater"],"acf":[],"yoast_head":"<!-- This site is optimized with the Yoast SEO plugin v26.1.1 - https:\/\/yoast.com\/wordpress\/plugins\/seo\/ -->\n<title>Die vergessene Not auf hoher See - Kultur Online TV &amp; FM<\/title>\n<meta name=\"description\" content=\"Kultur sehen und H\u00f6ren\" \/>\n<meta name=\"robots\" content=\"index, follow, max-snippet:-1, max-image-preview:large, max-video-preview:-1\" \/>\n<link rel=\"canonical\" href=\"https:\/\/kulturonline.tv\/de\/die-vergessene-not-auf-hoher-see\/\" \/>\n<meta property=\"og:locale\" content=\"de_DE\" \/>\n<meta property=\"og:type\" content=\"article\" \/>\n<meta property=\"og:title\" content=\"Die vergessene Not auf hoher See - Kultur Online TV &amp; FM\" \/>\n<meta property=\"og:description\" content=\"Kultur sehen und H\u00f6ren\" \/>\n<meta property=\"og:url\" content=\"https:\/\/kulturonline.tv\/de\/die-vergessene-not-auf-hoher-see\/\" \/>\n<meta property=\"og:site_name\" content=\"Kultur Online TV &amp; FM\" \/>\n<meta property=\"article:publisher\" content=\"https:\/\/www.facebook.com\/kulturonline.tv\" \/>\n<meta property=\"article:published_time\" content=\"2021-12-02T12:41:31+00:00\" \/>\n<meta property=\"article:modified_time\" content=\"2021-12-02T12:41:32+00:00\" \/>\n<meta property=\"og:image\" content=\"https:\/\/kulturonline.tv\/wp-content\/uploads\/2021\/12\/1920x1080.jpg\" \/>\n\t<meta property=\"og:image:width\" content=\"1920\" \/>\n\t<meta property=\"og:image:height\" content=\"1080\" \/>\n\t<meta property=\"og:image:type\" content=\"image\/jpeg\" \/>\n<meta name=\"author\" content=\"guenter.wolfgang\" \/>\n<meta name=\"twitter:card\" content=\"summary_large_image\" \/>\n<meta name=\"twitter:label1\" content=\"Verfasst von\" \/>\n\t<meta name=\"twitter:data1\" content=\"guenter.wolfgang\" \/>\n\t<meta name=\"twitter:label2\" content=\"Gesch\u00e4tzte Lesezeit\" \/>\n\t<meta name=\"twitter:data2\" content=\"2\u00a0Minuten\" \/>\n<script type=\"application\/ld+json\" class=\"yoast-schema-graph\">{\"@context\":\"https:\/\/schema.org\",\"@graph\":[{\"@type\":\"Article\",\"@id\":\"https:\/\/kulturonline.tv\/de\/die-vergessene-not-auf-hoher-see\/#article\",\"isPartOf\":{\"@id\":\"https:\/\/kulturonline.tv\/de\/die-vergessene-not-auf-hoher-see\/\"},\"author\":{\"name\":\"guenter.wolfgang\",\"@id\":\"https:\/\/kulturonline.tv\/de\/#\/schema\/person\/b0fac729bb9a0c193fb1df23449df4fe\"},\"headline\":\"Die vergessene Not auf hoher See\",\"datePublished\":\"2021-12-02T12:41:31+00:00\",\"dateModified\":\"2021-12-02T12:41:32+00:00\",\"mainEntityOfPage\":{\"@id\":\"https:\/\/kulturonline.tv\/de\/die-vergessene-not-auf-hoher-see\/\"},\"wordCount\":226,\"publisher\":{\"@id\":\"https:\/\/kulturonline.tv\/de\/#organization\"},\"image\":{\"@id\":\"https:\/\/kulturonline.tv\/de\/die-vergessene-not-auf-hoher-see\/#primaryimage\"},\"thumbnailUrl\":\"https:\/\/kulturonline.tv\/wp-content\/uploads\/2021\/12\/1920x1080.jpg\",\"articleSection\":[\"Theater\"],\"inLanguage\":\"de\"},{\"@type\":\"WebPage\",\"@id\":\"https:\/\/kulturonline.tv\/de\/die-vergessene-not-auf-hoher-see\/\",\"url\":\"https:\/\/kulturonline.tv\/de\/die-vergessene-not-auf-hoher-see\/\",\"name\":\"Die vergessene Not auf hoher See - Kultur Online TV &amp; FM\",\"isPartOf\":{\"@id\":\"https:\/\/kulturonline.tv\/de\/#website\"},\"primaryImageOfPage\":{\"@id\":\"https:\/\/kulturonline.tv\/de\/die-vergessene-not-auf-hoher-see\/#primaryimage\"},\"image\":{\"@id\":\"https:\/\/kulturonline.tv\/de\/die-vergessene-not-auf-hoher-see\/#primaryimage\"},\"thumbnailUrl\":\"https:\/\/kulturonline.tv\/wp-content\/uploads\/2021\/12\/1920x1080.jpg\",\"datePublished\":\"2021-12-02T12:41:31+00:00\",\"dateModified\":\"2021-12-02T12:41:32+00:00\",\"description\":\"Kultur sehen und H\u00f6ren\",\"breadcrumb\":{\"@id\":\"https:\/\/kulturonline.tv\/de\/die-vergessene-not-auf-hoher-see\/#breadcrumb\"},\"inLanguage\":\"de\",\"potentialAction\":[{\"@type\":\"ReadAction\",\"target\":[\"https:\/\/kulturonline.tv\/de\/die-vergessene-not-auf-hoher-see\/\"]}]},{\"@type\":\"ImageObject\",\"inLanguage\":\"de\",\"@id\":\"https:\/\/kulturonline.tv\/de\/die-vergessene-not-auf-hoher-see\/#primaryimage\",\"url\":\"https:\/\/kulturonline.tv\/wp-content\/uploads\/2021\/12\/1920x1080.jpg\",\"contentUrl\":\"https:\/\/kulturonline.tv\/wp-content\/uploads\/2021\/12\/1920x1080.jpg\",\"width\":1920,\"height\":1080},{\"@type\":\"BreadcrumbList\",\"@id\":\"https:\/\/kulturonline.tv\/de\/die-vergessene-not-auf-hoher-see\/#breadcrumb\",\"itemListElement\":[{\"@type\":\"ListItem\",\"position\":1,\"name\":\"Startseite\",\"item\":\"https:\/\/kulturonline.tv\/de\/\"},{\"@type\":\"ListItem\",\"position\":2,\"name\":\"Die vergessene Not auf hoher See\"}]},{\"@type\":\"WebSite\",\"@id\":\"https:\/\/kulturonline.tv\/de\/#website\",\"url\":\"https:\/\/kulturonline.tv\/de\/\",\"name\":\"Kultur Online TV &amp; FM\",\"description\":\"Wir sind Kultur 2.0 zum sehen &amp; h\u00f6ren\",\"publisher\":{\"@id\":\"https:\/\/kulturonline.tv\/de\/#organization\"},\"potentialAction\":[{\"@type\":\"SearchAction\",\"target\":{\"@type\":\"EntryPoint\",\"urlTemplate\":\"https:\/\/kulturonline.tv\/de\/?s={search_term_string}\"},\"query-input\":{\"@type\":\"PropertyValueSpecification\",\"valueRequired\":true,\"valueName\":\"search_term_string\"}}],\"inLanguage\":\"de\"},{\"@type\":\"Organization\",\"@id\":\"https:\/\/kulturonline.tv\/de\/#organization\",\"name\":\"Kultur Online TV\",\"url\":\"https:\/\/kulturonline.tv\/de\/\",\"logo\":{\"@type\":\"ImageObject\",\"inLanguage\":\"de\",\"@id\":\"https:\/\/kulturonline.tv\/de\/#\/schema\/logo\/image\/\",\"url\":\"https:\/\/kulturonline.tv\/wp-content\/uploads\/2021\/08\/Kultur-Online-Tv-Logo-Endversion-neu.png\",\"contentUrl\":\"https:\/\/kulturonline.tv\/wp-content\/uploads\/2021\/08\/Kultur-Online-Tv-Logo-Endversion-neu.png\",\"width\":200,\"height\":200,\"caption\":\"Kultur Online TV\"},\"image\":{\"@id\":\"https:\/\/kulturonline.tv\/de\/#\/schema\/logo\/image\/\"},\"sameAs\":[\"https:\/\/www.facebook.com\/kulturonline.tv\",\"https:\/\/www.instagram.com\/kulturonline.tv\"]},{\"@type\":\"Person\",\"@id\":\"https:\/\/kulturonline.tv\/de\/#\/schema\/person\/b0fac729bb9a0c193fb1df23449df4fe\",\"name\":\"guenter.wolfgang\"}]}<\/script>\n<!-- \/ Yoast SEO plugin. -->","yoast_head_json":{"title":"Die vergessene Not auf hoher See - Kultur Online TV &amp; FM","description":"Kultur sehen und H\u00f6ren","robots":{"index":"index","follow":"follow","max-snippet":"max-snippet:-1","max-image-preview":"max-image-preview:large","max-video-preview":"max-video-preview:-1"},"canonical":"https:\/\/kulturonline.tv\/de\/die-vergessene-not-auf-hoher-see\/","og_locale":"de_DE","og_type":"article","og_title":"Die vergessene Not auf hoher See - Kultur Online TV &amp; FM","og_description":"Kultur sehen und H\u00f6ren","og_url":"https:\/\/kulturonline.tv\/de\/die-vergessene-not-auf-hoher-see\/","og_site_name":"Kultur Online TV &amp; FM","article_publisher":"https:\/\/www.facebook.com\/kulturonline.tv","article_published_time":"2021-12-02T12:41:31+00:00","article_modified_time":"2021-12-02T12:41:32+00:00","og_image":[{"width":1920,"height":1080,"url":"https:\/\/kulturonline.tv\/wp-content\/uploads\/2021\/12\/1920x1080.jpg","type":"image\/jpeg"}],"author":"guenter.wolfgang","twitter_card":"summary_large_image","twitter_misc":{"Verfasst von":"guenter.wolfgang","Gesch\u00e4tzte Lesezeit":"2\u00a0Minuten"},"schema":{"@context":"https:\/\/schema.org","@graph":[{"@type":"Article","@id":"https:\/\/kulturonline.tv\/de\/die-vergessene-not-auf-hoher-see\/#article","isPartOf":{"@id":"https:\/\/kulturonline.tv\/de\/die-vergessene-not-auf-hoher-see\/"},"author":{"name":"guenter.wolfgang","@id":"https:\/\/kulturonline.tv\/de\/#\/schema\/person\/b0fac729bb9a0c193fb1df23449df4fe"},"headline":"Die vergessene Not auf hoher See","datePublished":"2021-12-02T12:41:31+00:00","dateModified":"2021-12-02T12:41:32+00:00","mainEntityOfPage":{"@id":"https:\/\/kulturonline.tv\/de\/die-vergessene-not-auf-hoher-see\/"},"wordCount":226,"publisher":{"@id":"https:\/\/kulturonline.tv\/de\/#organization"},"image":{"@id":"https:\/\/kulturonline.tv\/de\/die-vergessene-not-auf-hoher-see\/#primaryimage"},"thumbnailUrl":"https:\/\/kulturonline.tv\/wp-content\/uploads\/2021\/12\/1920x1080.jpg","articleSection":["Theater"],"inLanguage":"de"},{"@type":"WebPage","@id":"https:\/\/kulturonline.tv\/de\/die-vergessene-not-auf-hoher-see\/","url":"https:\/\/kulturonline.tv\/de\/die-vergessene-not-auf-hoher-see\/","name":"Die vergessene Not auf hoher See - Kultur Online TV &amp; FM","isPartOf":{"@id":"https:\/\/kulturonline.tv\/de\/#website"},"primaryImageOfPage":{"@id":"https:\/\/kulturonline.tv\/de\/die-vergessene-not-auf-hoher-see\/#primaryimage"},"image":{"@id":"https:\/\/kulturonline.tv\/de\/die-vergessene-not-auf-hoher-see\/#primaryimage"},"thumbnailUrl":"https:\/\/kulturonline.tv\/wp-content\/uploads\/2021\/12\/1920x1080.jpg","datePublished":"2021-12-02T12:41:31+00:00","dateModified":"2021-12-02T12:41:32+00:00","description":"Kultur sehen und H\u00f6ren","breadcrumb":{"@id":"https:\/\/kulturonline.tv\/de\/die-vergessene-not-auf-hoher-see\/#breadcrumb"},"inLanguage":"de","potentialAction":[{"@type":"ReadAction","target":["https:\/\/kulturonline.tv\/de\/die-vergessene-not-auf-hoher-see\/"]}]},{"@type":"ImageObject","inLanguage":"de","@id":"https:\/\/kulturonline.tv\/de\/die-vergessene-not-auf-hoher-see\/#primaryimage","url":"https:\/\/kulturonline.tv\/wp-content\/uploads\/2021\/12\/1920x1080.jpg","contentUrl":"https:\/\/kulturonline.tv\/wp-content\/uploads\/2021\/12\/1920x1080.jpg","width":1920,"height":1080},{"@type":"BreadcrumbList","@id":"https:\/\/kulturonline.tv\/de\/die-vergessene-not-auf-hoher-see\/#breadcrumb","itemListElement":[{"@type":"ListItem","position":1,"name":"Startseite","item":"https:\/\/kulturonline.tv\/de\/"},{"@type":"ListItem","position":2,"name":"Die vergessene Not auf hoher See"}]},{"@type":"WebSite","@id":"https:\/\/kulturonline.tv\/de\/#website","url":"https:\/\/kulturonline.tv\/de\/","name":"Kultur Online TV &amp; FM","description":"Wir sind Kultur 2.0 zum sehen &amp; h\u00f6ren","publisher":{"@id":"https:\/\/kulturonline.tv\/de\/#organization"},"potentialAction":[{"@type":"SearchAction","target":{"@type":"EntryPoint","urlTemplate":"https:\/\/kulturonline.tv\/de\/?s={search_term_string}"},"query-input":{"@type":"PropertyValueSpecification","valueRequired":true,"valueName":"search_term_string"}}],"inLanguage":"de"},{"@type":"Organization","@id":"https:\/\/kulturonline.tv\/de\/#organization","name":"Kultur Online TV","url":"https:\/\/kulturonline.tv\/de\/","logo":{"@type":"ImageObject","inLanguage":"de","@id":"https:\/\/kulturonline.tv\/de\/#\/schema\/logo\/image\/","url":"https:\/\/kulturonline.tv\/wp-content\/uploads\/2021\/08\/Kultur-Online-Tv-Logo-Endversion-neu.png","contentUrl":"https:\/\/kulturonline.tv\/wp-content\/uploads\/2021\/08\/Kultur-Online-Tv-Logo-Endversion-neu.png","width":200,"height":200,"caption":"Kultur Online TV"},"image":{"@id":"https:\/\/kulturonline.tv\/de\/#\/schema\/logo\/image\/"},"sameAs":["https:\/\/www.facebook.com\/kulturonline.tv","https:\/\/www.instagram.com\/kulturonline.tv"]},{"@type":"Person","@id":"https:\/\/kulturonline.tv\/de\/#\/schema\/person\/b0fac729bb9a0c193fb1df23449df4fe","name":"guenter.wolfgang"}]}},"_links":{"self":[{"href":"https:\/\/kulturonline.tv\/de\/wp-json\/wp\/v2\/posts\/14019","targetHints":{"allow":["GET"]}}],"collection":[{"href":"https:\/\/kulturonline.tv\/de\/wp-json\/wp\/v2\/posts"}],"about":[{"href":"https:\/\/kulturonline.tv\/de\/wp-json\/wp\/v2\/types\/post"}],"author":[{"embeddable":true,"href":"https:\/\/kulturonline.tv\/de\/wp-json\/wp\/v2\/users\/2"}],"replies":[{"embeddable":true,"href":"https:\/\/kulturonline.tv\/de\/wp-json\/wp\/v2\/comments?post=14019"}],"version-history":[{"count":0,"href":"https:\/\/kulturonline.tv\/de\/wp-json\/wp\/v2\/posts\/14019\/revisions"}],"wp:featuredmedia":[{"embeddable":true,"href":"https:\/\/kulturonline.tv\/de\/wp-json\/wp\/v2\/media\/14021"}],"wp:attachment":[{"href":"https:\/\/kulturonline.tv\/de\/wp-json\/wp\/v2\/media?parent=14019"}],"wp:term":[{"taxonomy":"category","embeddable":true,"href":"https:\/\/kulturonline.tv\/de\/wp-json\/wp\/v2\/categories?post=14019"},{"taxonomy":"post_tag","embeddable":true,"href":"https:\/\/kulturonline.tv\/de\/wp-json\/wp\/v2\/tags?post=14019"}],"curies":[{"name":"wp","href":"https:\/\/api.w.org\/{rel}","templated":true}]}}